{"id":12278,"date":"2023-08-15T12:19:52","date_gmt":"2023-08-15T10:19:52","guid":{"rendered":"https:\/\/transparency.mk\/?p=12278"},"modified":"2023-08-29T12:25:39","modified_gmt":"2023-08-29T10:25:39","slug":"ndryshim-te-ligjit-per-avokatin-e-popullit-transparency-international-maqedoni-me-kritika-dhe-rekomandime","status":"publish","type":"post","link":"https:\/\/transparency.mk\/sq\/2023\/08\/15\/ndryshim-te-ligjit-per-avokatin-e-popullit-transparency-international-maqedoni-me-kritika-dhe-rekomandime\/","title":{"rendered":"Ndryshim t\u00eb Ligjit p\u00ebr Avokatin e Popullit, Transparency International Maqedoni me kritika dhe rekomandime"},"content":{"rendered":"<p><strong>Ndryshimi i Ligjit p\u00ebr Avokatin e Popullit, burime m\u00eb t\u00eb m\u00ebdha njer\u00ebzore dhe financiare p\u00ebr zyr\u00ebn e Avokatit t\u00eb Popullit, dispozit\u00eb ligjore nga Qeveria dhe Kuvendi p\u00ebr ndjekjen e rekomandimeve t\u00eb Avokatit t\u00eb Popullit dhe sanksione p\u00ebr mosp\u00ebrcjelljen e rasteve. K\u00ebto jan\u00eb tre rekomandimet q\u00eb Transparency International Maqedoni ka n\u00eb lidhje me pun\u00ebn dhe funksionimin e Avokatit t\u00eb Popullit n\u00eb RVM, transmeton\u00a0<a href=\"https:\/\/portalb.mk\/ndryshim-te-ligjit-per-avokatin-e-popullit-transparency-international-maqedoni-me-kritika-dhe-rekomandime\/\" target=\"_blank\" rel=\"noopener\">Portalb.mk<\/a>.<\/strong><\/p>\n<p>Transparency International Maqedoni, k\u00ebto tre rekomandime i kumtoi pasi \u00ebsht\u00eb duke p\u00ebrgatitur nj\u00eb raport t\u00eb ri i cili do t\u00eb publikohet gjat\u00eb tetorit t\u00eb k\u00ebtij viti, i cili pason raportin e vitit 2016 \u201c<strong>Sistemi i integritetit komb\u00ebtar i Maqedonis\u00eb<\/strong>\u201d ku n\u00eb kuad\u00ebr t\u00eb k\u00ebtij raporti ishte analizuar edhe puna e Avokatit t\u00eb Popullit, ku m\u00eb pas \u00ebsht\u00eb analizuar edhe p\u00ebrmbushja e rekomandimeve.<\/p>\n<p>Nga atje thon\u00eb se k\u00ebrkohen ndryshime shtes\u00eb n\u00eb rregulloren ligjore dhe p\u00ebrputhshm\u00ebri me parimet e Parisit p\u00ebr t\u00eb Drejtat e Njeriut q\u00eb Avokati i Popullit t\u00eb merr statusin e Institucionit Komb\u00ebtar p\u00ebr Mbrojtjen e t\u00eb Drejtave t\u00eb Njeriut.<\/p>\n<p>\u201cBuxheti n\u00eb vitet e kaluara \u00ebsht\u00eb rritur n\u00eb m\u00ebnyr\u00eb t\u00eb par\u00ebnd\u00ebsishme dhe nuk pasqyron nevojat reale t\u00eb Zyr\u00ebs s\u00eb Avokatit t\u00eb Popullit. Nevojiten fonde shtes\u00eb p\u00ebr ngritjen e kapaciteteve t\u00eb punonj\u00ebsve, por do t\u00eb angazhohej edhe staf njer\u00ebzor shtes\u00eb. Deri n\u00eb vitin 2022, jan\u00eb plot\u00ebsuar vet\u00ebm 83 vende pune nga gjithsej 183 t\u00eb planifikuara\u201d, informuan nga\u00a0<strong>Transparency International Maqedoni.<\/strong><\/p>\n<p>Nga atje p\u00ebrfunduan se nevojitet angazhim dhe komunikim shtes\u00eb nd\u00ebrmjet institucioneve p\u00ebr t\u00eb p\u00ebrmir\u00ebsuar zbatimin e rekomandimeve t\u00eb Avokatit t\u00eb Popullit.<\/p>\n<p>Burimi: <a href=\"https:\/\/portalb.mk\/\">Portalb<\/a>.<\/p>\n<p>&nbsp;<\/p>\n<p>&nbsp;<\/p>\n","protected":false},"excerpt":{"rendered":"<p>Ndryshimi i Ligjit p\u00ebr Avokatin e Popullit, burime m\u00eb t\u00eb m\u00ebdha njer\u00ebzore dhe financiare p\u00ebr zyr\u00ebn e Avokatit t\u00eb Popullit, dispozit\u00eb ligjore nga Qeveria dhe Kuvendi p\u00ebr ndjekjen e rekomandimeve t\u00eb Avokatit t\u00eb Popullit dhe sanksione p\u00ebr mosp\u00ebrcjelljen e rasteve. K\u00ebto jan\u00eb tre rekomandimet q\u00eb Transparency International Maqedoni ka n\u00eb lidhje me pun\u00ebn dhe funksionimin&hellip;<\/p>\n","protected":false},"author":3,"featured_media":10888,"comment_status":"closed","ping_status":"open","sticky":false,"template":"","format":"standard","meta":{"_monsterinsights_skip_tracking":false,"_monsterinsights_sitenote_active":false,"_monsterinsights_sitenote_note":"","_monsterinsights_sitenote_category":0,"footnotes":""},"categories":[90],"tags":[],"class_list":["post-12278","post","type-post","status-publish","format-standard","has-post-thumbnail","hentry","category-lajme","category-90","description-off"],"yoast_head":"<!-- This site is optimized with the Yoast SEO plugin v25.8 - https:\/\/yoast.com\/wordpress\/plugins\/seo\/ -->\n<title>Ndryshim t\u00eb Ligjit p\u00ebr Avokatin e Popullit, Transparency International Maqedoni me kritika dhe rekomandime - Transparency International<\/title>\n<meta name=\"robots\" content=\"index, follow, max-snippet:-1, max-image-preview:large, max-video-preview:-1\" \/>\n<link rel=\"canonical\" href=\"https:\/\/transparency.mk\/sq\/2023\/08\/15\/ndryshim-te-ligjit-per-avokatin-e-popullit-transparency-international-maqedoni-me-kritika-dhe-rekomandime\/\" \/>\n<meta property=\"og:locale\" content=\"sq_AL\" \/>\n<meta property=\"og:type\" content=\"article\" \/>\n<meta property=\"og:title\" content=\"Ndryshim t\u00eb Ligjit p\u00ebr Avokatin e Popullit, Transparency International Maqedoni me kritika dhe rekomandime - Transparency International\" \/>\n<meta property=\"og:description\" content=\"Ndryshimi i Ligjit p\u00ebr Avokatin e Popullit, burime m\u00eb t\u00eb m\u00ebdha njer\u00ebzore dhe financiare p\u00ebr zyr\u00ebn e Avokatit t\u00eb Popullit, dispozit\u00eb ligjore nga Qeveria dhe Kuvendi p\u00ebr ndjekjen e rekomandimeve t\u00eb Avokatit t\u00eb Popullit dhe sanksione p\u00ebr mosp\u00ebrcjelljen e rasteve. K\u00ebto jan\u00eb tre rekomandimet q\u00eb Transparency International Maqedoni ka n\u00eb lidhje me pun\u00ebn dhe funksionimin&hellip;\" \/>\n<meta property=\"og:url\" content=\"https:\/\/transparency.mk\/sq\/2023\/08\/15\/ndryshim-te-ligjit-per-avokatin-e-popullit-transparency-international-maqedoni-me-kritika-dhe-rekomandime\/\" \/>\n<meta property=\"og:site_name\" content=\"Transparency International\" \/>\n<meta property=\"article:publisher\" content=\"https:\/\/www.facebook.com\/TransparencyMK\/\" \/>\n<meta property=\"article:published_time\" content=\"2023-08-15T10:19:52+00:00\" \/>\n<meta property=\"article:modified_time\" content=\"2023-08-29T10:25:39+00:00\" \/>\n<meta property=\"og:image\" content=\"https:\/\/transparency.mk\/wp-content\/uploads\/2021\/08\/judiciary_prosecution.jpg\" \/>\n\t<meta property=\"og:image:width\" content=\"600\" \/>\n\t<meta property=\"og:image:height\" content=\"500\" \/>\n\t<meta property=\"og:image:type\" content=\"image\/jpeg\" \/>\n<meta name=\"author\" content=\"Meto\" \/>\n<meta name=\"twitter:card\" content=\"summary_large_image\" \/>\n<meta name=\"twitter:creator\" content=\"@ti_macedonia\" \/>\n<meta name=\"twitter:site\" content=\"@ti_macedonia\" \/>\n<meta name=\"twitter:label1\" content=\"Written by\" \/>\n\t<meta name=\"twitter:data1\" content=\"Meto\" \/>\n\t<meta name=\"twitter:label2\" content=\"Est. reading time\" \/>\n\t<meta name=\"twitter:data2\" content=\"2 minutes\" \/>\n<script type=\"application\/ld+json\" class=\"yoast-schema-graph\">{\"@context\":\"https:\/\/schema.org\",\"@graph\":[{\"@type\":\"Article\",\"@id\":\"https:\/\/transparency.mk\/sq\/2023\/08\/15\/ndryshim-te-ligjit-per-avokatin-e-popullit-transparency-international-maqedoni-me-kritika-dhe-rekomandime\/#article\",\"isPartOf\":{\"@id\":\"https:\/\/transparency.mk\/sq\/2023\/08\/15\/ndryshim-te-ligjit-per-avokatin-e-popullit-transparency-international-maqedoni-me-kritika-dhe-rekomandime\/\"},\"author\":{\"name\":\"Meto\",\"@id\":\"https:\/\/transparency.mk\/#\/schema\/person\/441f90f705251dd361acf90fb32e6e7f\"},\"headline\":\"Ndryshim t\u00eb Ligjit p\u00ebr Avokatin e Popullit, Transparency International Maqedoni me kritika dhe rekomandime\",\"datePublished\":\"2023-08-15T10:19:52+00:00\",\"dateModified\":\"2023-08-29T10:25:39+00:00\",\"mainEntityOfPage\":{\"@id\":\"https:\/\/transparency.mk\/sq\/2023\/08\/15\/ndryshim-te-ligjit-per-avokatin-e-popullit-transparency-international-maqedoni-me-kritika-dhe-rekomandime\/\"},\"wordCount\":296,\"publisher\":{\"@id\":\"https:\/\/transparency.mk\/#organization\"},\"image\":{\"@id\":\"https:\/\/transparency.mk\/sq\/2023\/08\/15\/ndryshim-te-ligjit-per-avokatin-e-popullit-transparency-international-maqedoni-me-kritika-dhe-rekomandime\/#primaryimage\"},\"thumbnailUrl\":\"https:\/\/transparency.mk\/wp-content\/uploads\/2021\/08\/judiciary_prosecution.jpg\",\"articleSection\":[\"Lajme\"],\"inLanguage\":\"sq-AL\"},{\"@type\":\"WebPage\",\"@id\":\"https:\/\/transparency.mk\/sq\/2023\/08\/15\/ndryshim-te-ligjit-per-avokatin-e-popullit-transparency-international-maqedoni-me-kritika-dhe-rekomandime\/\",\"url\":\"https:\/\/transparency.mk\/sq\/2023\/08\/15\/ndryshim-te-ligjit-per-avokatin-e-popullit-transparency-international-maqedoni-me-kritika-dhe-rekomandime\/\",\"name\":\"Ndryshim t\u00eb Ligjit p\u00ebr Avokatin e Popullit, Transparency International Maqedoni me kritika dhe rekomandime - Transparency International\",\"isPartOf\":{\"@id\":\"https:\/\/transparency.mk\/#website\"},\"primaryImageOfPage\":{\"@id\":\"https:\/\/transparency.mk\/sq\/2023\/08\/15\/ndryshim-te-ligjit-per-avokatin-e-popullit-transparency-international-maqedoni-me-kritika-dhe-rekomandime\/#primaryimage\"},\"image\":{\"@id\":\"https:\/\/transparency.mk\/sq\/2023\/08\/15\/ndryshim-te-ligjit-per-avokatin-e-popullit-transparency-international-maqedoni-me-kritika-dhe-rekomandime\/#primaryimage\"},\"thumbnailUrl\":\"https:\/\/transparency.mk\/wp-content\/uploads\/2021\/08\/judiciary_prosecution.jpg\",\"datePublished\":\"2023-08-15T10:19:52+00:00\",\"dateModified\":\"2023-08-29T10:25:39+00:00\",\"breadcrumb\":{\"@id\":\"https:\/\/transparency.mk\/sq\/2023\/08\/15\/ndryshim-te-ligjit-per-avokatin-e-popullit-transparency-international-maqedoni-me-kritika-dhe-rekomandime\/#breadcrumb\"},\"inLanguage\":\"sq-AL\",\"potentialAction\":[{\"@type\":\"ReadAction\",\"target\":[\"https:\/\/transparency.mk\/sq\/2023\/08\/15\/ndryshim-te-ligjit-per-avokatin-e-popullit-transparency-international-maqedoni-me-kritika-dhe-rekomandime\/\"]}]},{\"@type\":\"ImageObject\",\"inLanguage\":\"sq-AL\",\"@id\":\"https:\/\/transparency.mk\/sq\/2023\/08\/15\/ndryshim-te-ligjit-per-avokatin-e-popullit-transparency-international-maqedoni-me-kritika-dhe-rekomandime\/#primaryimage\",\"url\":\"https:\/\/transparency.mk\/wp-content\/uploads\/2021\/08\/judiciary_prosecution.jpg\",\"contentUrl\":\"https:\/\/transparency.mk\/wp-content\/uploads\/2021\/08\/judiciary_prosecution.jpg\",\"width\":600,\"height\":500},{\"@type\":\"BreadcrumbList\",\"@id\":\"https:\/\/transparency.mk\/sq\/2023\/08\/15\/ndryshim-te-ligjit-per-avokatin-e-popullit-transparency-international-maqedoni-me-kritika-dhe-rekomandime\/#breadcrumb\",\"itemListElement\":[{\"@type\":\"ListItem\",\"position\":1,\"name\":\"Home\",\"item\":\"https:\/\/transparency.mk\/sq\/\"},{\"@type\":\"ListItem\",\"position\":2,\"name\":\"Ndryshim t\u00eb Ligjit p\u00ebr Avokatin e Popullit, Transparency International Maqedoni me kritika dhe rekomandime\"}]},{\"@type\":\"WebSite\",\"@id\":\"https:\/\/transparency.mk\/#website\",\"url\":\"https:\/\/transparency.mk\/\",\"name\":\"Transparency International\",\"description\":\"Maqedoni\",\"publisher\":{\"@id\":\"https:\/\/transparency.mk\/#organization\"},\"potentialAction\":[{\"@type\":\"SearchAction\",\"target\":{\"@type\":\"EntryPoint\",\"urlTemplate\":\"https:\/\/transparency.mk\/?s={search_term_string}\"},\"query-input\":{\"@type\":\"PropertyValueSpecification\",\"valueRequired\":true,\"valueName\":\"search_term_string\"}}],\"inLanguage\":\"sq-AL\"},{\"@type\":\"Organization\",\"@id\":\"https:\/\/transparency.mk\/#organization\",\"name\":\"\u0422\u0440\u0430\u043d\u0441\u043f\u0430\u0440\u0435\u043d\u0441\u0438 \u0418\u043d\u0442\u0435\u0440\u043d\u0435\u0448\u043d\u043b - \u041c\u0430\u043a\u0435\u0434\u043e\u043d\u0438\u0458\u0430\",\"url\":\"https:\/\/transparency.mk\/\",\"logo\":{\"@type\":\"ImageObject\",\"inLanguage\":\"sq-AL\",\"@id\":\"https:\/\/transparency.mk\/#\/schema\/logo\/image\/\",\"url\":\"https:\/\/transparency.mk\/wp-content\/uploads\/2020\/10\/transparency-mk-logo.png\",\"contentUrl\":\"https:\/\/transparency.mk\/wp-content\/uploads\/2020\/10\/transparency-mk-logo.png\",\"width\":250,\"height\":75,\"caption\":\"\u0422\u0440\u0430\u043d\u0441\u043f\u0430\u0440\u0435\u043d\u0441\u0438 \u0418\u043d\u0442\u0435\u0440\u043d\u0435\u0448\u043d\u043b - \u041c\u0430\u043a\u0435\u0434\u043e\u043d\u0438\u0458\u0430\"},\"image\":{\"@id\":\"https:\/\/transparency.mk\/#\/schema\/logo\/image\/\"},\"sameAs\":[\"https:\/\/www.facebook.com\/TransparencyMK\/\",\"https:\/\/x.com\/ti_macedonia\",\"https:\/\/www.instagram.com\/timacedonia\/\",\"https:\/\/youtube.com\/user\/tzcmacedonia\/\"]},{\"@type\":\"Person\",\"@id\":\"https:\/\/transparency.mk\/#\/schema\/person\/441f90f705251dd361acf90fb32e6e7f\",\"name\":\"Meto\"}]}<\/script>\n<!-- \/ Yoast SEO plugin. -->","yoast_head_json":{"title":"Ndryshim t\u00eb Ligjit p\u00ebr Avokatin e Popullit, Transparency International Maqedoni me kritika dhe rekomandime - Transparency International","robots":{"index":"index","follow":"follow","max-snippet":"max-snippet:-1","max-image-preview":"max-image-preview:large","max-video-preview":"max-video-preview:-1"},"canonical":"https:\/\/transparency.mk\/sq\/2023\/08\/15\/ndryshim-te-ligjit-per-avokatin-e-popullit-transparency-international-maqedoni-me-kritika-dhe-rekomandime\/","og_locale":"sq_AL","og_type":"article","og_title":"Ndryshim t\u00eb Ligjit p\u00ebr Avokatin e Popullit, Transparency International Maqedoni me kritika dhe rekomandime - Transparency International","og_description":"Ndryshimi i Ligjit p\u00ebr Avokatin e Popullit, burime m\u00eb t\u00eb m\u00ebdha njer\u00ebzore dhe financiare p\u00ebr zyr\u00ebn e Avokatit t\u00eb Popullit, dispozit\u00eb ligjore nga Qeveria dhe Kuvendi p\u00ebr ndjekjen e rekomandimeve t\u00eb Avokatit t\u00eb Popullit dhe sanksione p\u00ebr mosp\u00ebrcjelljen e rasteve. K\u00ebto jan\u00eb tre rekomandimet q\u00eb Transparency International Maqedoni ka n\u00eb lidhje me pun\u00ebn dhe funksionimin&hellip;","og_url":"https:\/\/transparency.mk\/sq\/2023\/08\/15\/ndryshim-te-ligjit-per-avokatin-e-popullit-transparency-international-maqedoni-me-kritika-dhe-rekomandime\/","og_site_name":"Transparency International","article_publisher":"https:\/\/www.facebook.com\/TransparencyMK\/","article_published_time":"2023-08-15T10:19:52+00:00","article_modified_time":"2023-08-29T10:25:39+00:00","og_image":[{"width":600,"height":500,"url":"https:\/\/transparency.mk\/wp-content\/uploads\/2021\/08\/judiciary_prosecution.jpg","type":"image\/jpeg"}],"author":"Meto","twitter_card":"summary_large_image","twitter_creator":"@ti_macedonia","twitter_site":"@ti_macedonia","twitter_misc":{"Written by":"Meto","Est. reading time":"2 minutes"},"schema":{"@context":"https:\/\/schema.org","@graph":[{"@type":"Article","@id":"https:\/\/transparency.mk\/sq\/2023\/08\/15\/ndryshim-te-ligjit-per-avokatin-e-popullit-transparency-international-maqedoni-me-kritika-dhe-rekomandime\/#article","isPartOf":{"@id":"https:\/\/transparency.mk\/sq\/2023\/08\/15\/ndryshim-te-ligjit-per-avokatin-e-popullit-transparency-international-maqedoni-me-kritika-dhe-rekomandime\/"},"author":{"name":"Meto","@id":"https:\/\/transparency.mk\/#\/schema\/person\/441f90f705251dd361acf90fb32e6e7f"},"headline":"Ndryshim t\u00eb Ligjit p\u00ebr Avokatin e Popullit, Transparency International Maqedoni me kritika dhe rekomandime","datePublished":"2023-08-15T10:19:52+00:00","dateModified":"2023-08-29T10:25:39+00:00","mainEntityOfPage":{"@id":"https:\/\/transparency.mk\/sq\/2023\/08\/15\/ndryshim-te-ligjit-per-avokatin-e-popullit-transparency-international-maqedoni-me-kritika-dhe-rekomandime\/"},"wordCount":296,"publisher":{"@id":"https:\/\/transparency.mk\/#organization"},"image":{"@id":"https:\/\/transparency.mk\/sq\/2023\/08\/15\/ndryshim-te-ligjit-per-avokatin-e-popullit-transparency-international-maqedoni-me-kritika-dhe-rekomandime\/#primaryimage"},"thumbnailUrl":"https:\/\/transparency.mk\/wp-content\/uploads\/2021\/08\/judiciary_prosecution.jpg","articleSection":["Lajme"],"inLanguage":"sq-AL"},{"@type":"WebPage","@id":"https:\/\/transparency.mk\/sq\/2023\/08\/15\/ndryshim-te-ligjit-per-avokatin-e-popullit-transparency-international-maqedoni-me-kritika-dhe-rekomandime\/","url":"https:\/\/transparency.mk\/sq\/2023\/08\/15\/ndryshim-te-ligjit-per-avokatin-e-popullit-transparency-international-maqedoni-me-kritika-dhe-rekomandime\/","name":"Ndryshim t\u00eb Ligjit p\u00ebr Avokatin e Popullit, Transparency International Maqedoni me kritika dhe rekomandime - Transparency International","isPartOf":{"@id":"https:\/\/transparency.mk\/#website"},"primaryImageOfPage":{"@id":"https:\/\/transparency.mk\/sq\/2023\/08\/15\/ndryshim-te-ligjit-per-avokatin-e-popullit-transparency-international-maqedoni-me-kritika-dhe-rekomandime\/#primaryimage"},"image":{"@id":"https:\/\/transparency.mk\/sq\/2023\/08\/15\/ndryshim-te-ligjit-per-avokatin-e-popullit-transparency-international-maqedoni-me-kritika-dhe-rekomandime\/#primaryimage"},"thumbnailUrl":"https:\/\/transparency.mk\/wp-content\/uploads\/2021\/08\/judiciary_prosecution.jpg","datePublished":"2023-08-15T10:19:52+00:00","dateModified":"2023-08-29T10:25:39+00:00","breadcrumb":{"@id":"https:\/\/transparency.mk\/sq\/2023\/08\/15\/ndryshim-te-ligjit-per-avokatin-e-popullit-transparency-international-maqedoni-me-kritika-dhe-rekomandime\/#breadcrumb"},"inLanguage":"sq-AL","potentialAction":[{"@type":"ReadAction","target":["https:\/\/transparency.mk\/sq\/2023\/08\/15\/ndryshim-te-ligjit-per-avokatin-e-popullit-transparency-international-maqedoni-me-kritika-dhe-rekomandime\/"]}]},{"@type":"ImageObject","inLanguage":"sq-AL","@id":"https:\/\/transparency.mk\/sq\/2023\/08\/15\/ndryshim-te-ligjit-per-avokatin-e-popullit-transparency-international-maqedoni-me-kritika-dhe-rekomandime\/#primaryimage","url":"https:\/\/transparency.mk\/wp-content\/uploads\/2021\/08\/judiciary_prosecution.jpg","contentUrl":"https:\/\/transparency.mk\/wp-content\/uploads\/2021\/08\/judiciary_prosecution.jpg","width":600,"height":500},{"@type":"BreadcrumbList","@id":"https:\/\/transparency.mk\/sq\/2023\/08\/15\/ndryshim-te-ligjit-per-avokatin-e-popullit-transparency-international-maqedoni-me-kritika-dhe-rekomandime\/#breadcrumb","itemListElement":[{"@type":"ListItem","position":1,"name":"Home","item":"https:\/\/transparency.mk\/sq\/"},{"@type":"ListItem","position":2,"name":"Ndryshim t\u00eb Ligjit p\u00ebr Avokatin e Popullit, Transparency International Maqedoni me kritika dhe rekomandime"}]},{"@type":"WebSite","@id":"https:\/\/transparency.mk\/#website","url":"https:\/\/transparency.mk\/","name":"Transparency International","description":"Maqedoni","publisher":{"@id":"https:\/\/transparency.mk\/#organization"},"potentialAction":[{"@type":"SearchAction","target":{"@type":"EntryPoint","urlTemplate":"https:\/\/transparency.mk\/?s={search_term_string}"},"query-input":{"@type":"PropertyValueSpecification","valueRequired":true,"valueName":"search_term_string"}}],"inLanguage":"sq-AL"},{"@type":"Organization","@id":"https:\/\/transparency.mk\/#organization","name":"\u0422\u0440\u0430\u043d\u0441\u043f\u0430\u0440\u0435\u043d\u0441\u0438 \u0418\u043d\u0442\u0435\u0440\u043d\u0435\u0448\u043d\u043b - \u041c\u0430\u043a\u0435\u0434\u043e\u043d\u0438\u0458\u0430","url":"https:\/\/transparency.mk\/","logo":{"@type":"ImageObject","inLanguage":"sq-AL","@id":"https:\/\/transparency.mk\/#\/schema\/logo\/image\/","url":"https:\/\/transparency.mk\/wp-content\/uploads\/2020\/10\/transparency-mk-logo.png","contentUrl":"https:\/\/transparency.mk\/wp-content\/uploads\/2020\/10\/transparency-mk-logo.png","width":250,"height":75,"caption":"\u0422\u0440\u0430\u043d\u0441\u043f\u0430\u0440\u0435\u043d\u0441\u0438 \u0418\u043d\u0442\u0435\u0440\u043d\u0435\u0448\u043d\u043b - \u041c\u0430\u043a\u0435\u0434\u043e\u043d\u0438\u0458\u0430"},"image":{"@id":"https:\/\/transparency.mk\/#\/schema\/logo\/image\/"},"sameAs":["https:\/\/www.facebook.com\/TransparencyMK\/","https:\/\/x.com\/ti_macedonia","https:\/\/www.instagram.com\/timacedonia\/","https:\/\/youtube.com\/user\/tzcmacedonia\/"]},{"@type":"Person","@id":"https:\/\/transparency.mk\/#\/schema\/person\/441f90f705251dd361acf90fb32e6e7f","name":"Meto"}]}},"_links":{"self":[{"href":"https:\/\/transparency.mk\/sq\/wp-json\/wp\/v2\/posts\/12278","targetHints":{"allow":["GET"]}}],"collection":[{"href":"https:\/\/transparency.mk\/sq\/wp-json\/wp\/v2\/posts"}],"about":[{"href":"https:\/\/transparency.mk\/sq\/wp-json\/wp\/v2\/types\/post"}],"author":[{"embeddable":true,"href":"https:\/\/transparency.mk\/sq\/wp-json\/wp\/v2\/users\/3"}],"replies":[{"embeddable":true,"href":"https:\/\/transparency.mk\/sq\/wp-json\/wp\/v2\/comments?post=12278"}],"version-history":[{"count":1,"href":"https:\/\/transparency.mk\/sq\/wp-json\/wp\/v2\/posts\/12278\/revisions"}],"predecessor-version":[{"id":12279,"href":"https:\/\/transparency.mk\/sq\/wp-json\/wp\/v2\/posts\/12278\/revisions\/12279"}],"wp:featuredmedia":[{"embeddable":true,"href":"https:\/\/transparency.mk\/sq\/wp-json\/wp\/v2\/media\/10888"}],"wp:attachment":[{"href":"https:\/\/transparency.mk\/sq\/wp-json\/wp\/v2\/media?parent=12278"}],"wp:term":[{"taxonomy":"category","embeddable":true,"href":"https:\/\/transparency.mk\/sq\/wp-json\/wp\/v2\/categories?post=12278"},{"taxonomy":"post_tag","embeddable":true,"href":"https:\/\/transparency.mk\/sq\/wp-json\/wp\/v2\/tags?post=12278"}],"curies":[{"name":"wp","href":"https:\/\/api.w.org\/{rel}","templated":true}]}}