{"id":12287,"date":"2023-08-17T13:45:53","date_gmt":"2023-08-17T11:45:53","guid":{"rendered":"https:\/\/transparency.mk\/?p=12287"},"modified":"2023-08-29T13:53:28","modified_gmt":"2023-08-29T11:53:28","slug":"platforma-per-lufte-kunder-korrupsionit-kerkon-doreheqjen-e-prokurorit-publik-lubomir-joveski","status":"publish","type":"post","link":"https:\/\/transparency.mk\/sq\/2023\/08\/17\/platforma-per-lufte-kunder-korrupsionit-kerkon-doreheqjen-e-prokurorit-publik-lubomir-joveski\/","title":{"rendered":"Platforma p\u00ebr luft\u00eb kund\u00ebr korrupsionit k\u00ebrkon dor\u00ebheqjen e prokurorit publik Lubomir Joveski"},"content":{"rendered":"<p>Platforma e organizatave civile p\u00ebr luft\u00eb kund\u00ebr korrupsionit k\u00ebrkon dor\u00ebheqjen e prokurorit Lubomir Joveski nga pozita e prokurorit publik t\u00eb Republik\u00ebs s\u00eb Maqedonis\u00eb s\u00eb Veriut.<\/p>\n<p>Sipas deklarat\u00ebs s\u00eb sotme t\u00eb Platform\u00ebs para Prokuroris\u00eb Publike t\u00eb Republik\u00ebs s\u00eb Maqedonis\u00eb s\u00eb Veriut, nga dokumentari \u201cVrasja n\u00eb Tetov\u00eb\u201d, hetimi i prokurorit publik p\u00ebr zjarrin n\u00eb spitalin modular n\u00eb Tetov\u00eb nuk \u00ebsht\u00eb i plot\u00eb dhe nuk vler\u00ebson sa duhet konkluzionet e paraqitura n\u00eb Ekspertiz\u00ebn Zyrtare t\u00eb ekspert\u00ebve gjerman\u00eb.<\/p>\n<p>\u201cSi rrjedhoj\u00eb, n\u00eb opinion po ngrihen dyshime p\u00ebr veprimet m\u00eb profesionale t\u00eb prokuroris\u00eb dhe neglizhenc\u00eb t\u00eb rrethanave q\u00eb mund t\u00eb zgjerojn\u00eb akuzat dhe t\u00eb inkriminojn\u00eb persona t\u00eb tjer\u00eb\u201d, thon\u00eb nga platforma.<\/p>\n<p>Plot\u00ebsojn\u00eb se kjo pasohet nga fakti se Prokuroria Themelore Publike p\u00ebr Ndjekjen e Krimit t\u00eb Organizuar dhe Korrupsionit ende po heton pretendimet p\u00ebr korrupsion n\u00eb zbatimin e prokurimit publik n\u00eb k\u00ebt\u00eb rast, p\u00ebrkund\u00ebr faktit se afati nga neni 301 i LPK-s\u00eb tashm\u00eb \u00ebsht\u00eb tejkaluar.<\/p>\n<p>\u201cMegjithat\u00eb nuk i jan\u00eb ofruar shpjegime publikut se pse \u00ebsht\u00eb shtyr\u00eb afati n\u00eb p\u00ebrputhje me paragraf\u00ebt 2 dhe 3 t\u00eb t\u00eb nj\u00ebjtit nen, ose pse p\u00ebrkund\u00ebr k\u00ebsaj zgjatjeje, hetimi nuk rezulton n\u00eb p\u00ebrfundim\u201d, shtojn\u00eb prej atje.<\/p>\n<p>N\u00eb zjarrin n\u00eb spitalin modular t\u00eb Tetov\u00ebs n\u00eb vitin 2021 jet\u00ebn e humb\u00ebn 14 persona. Lidhur me rastin Gjykata e Tetov\u00ebs ka shqiptuar d\u00ebnim me kusht p\u00ebr drejtor\u00ebt e akuzuar Florin Besimi dhe Artan Etemi dhe personin juridik Spitali Klinik p\u00ebr vepr\u00ebn penale \u201cvepra t\u00eb r\u00ebnda kund\u00ebr siguris\u00eb s\u00eb p\u00ebrgjithshme\u201d. Aktgjykimi i pafajsh\u00ebm u dha p\u00ebr mjekun Boban Vu\u00e7evski, i cili akuzohej p\u00ebr vepr\u00ebn penale \u201cmosrespektim i dispozitave sh\u00ebndet\u00ebsore\u201d.<\/p>\n<p>Burimi: <a href=\"https:\/\/www.zhurnal.mk\/platforma-per-lufte-kunder-korrupsionit-kerkon-doreheqjen-e-prokurorit-publik-lubomir-joveski\/\">Zhurnal<\/a>.<\/p>\n<p>&nbsp;<\/p>\n","protected":false},"excerpt":{"rendered":"<p>Platforma e organizatave civile p\u00ebr luft\u00eb kund\u00ebr korrupsionit k\u00ebrkon dor\u00ebheqjen e prokurorit Lubomir Joveski nga pozita e prokurorit publik t\u00eb Republik\u00ebs s\u00eb Maqedonis\u00eb s\u00eb Veriut. Sipas deklarat\u00ebs s\u00eb sotme t\u00eb Platform\u00ebs para Prokuroris\u00eb Publike t\u00eb Republik\u00ebs s\u00eb Maqedonis\u00eb s\u00eb Veriut, nga dokumentari \u201cVrasja n\u00eb Tetov\u00eb\u201d, hetimi i prokurorit publik p\u00ebr zjarrin n\u00eb spitalin modular n\u00eb&hellip;<\/p>\n","protected":false},"author":3,"featured_media":12103,"comment_status":"closed","ping_status":"open","sticky":false,"template":"","format":"standard","meta":{"_monsterinsights_skip_tracking":false,"_monsterinsights_sitenote_active":false,"_monsterinsights_sitenote_note":"","_monsterinsights_sitenote_category":0,"footnotes":""},"categories":[90],"tags":[],"class_list":["post-12287","post","type-post","status-publish","format-standard","has-post-thumbnail","hentry","category-lajme","category-90","description-off"],"yoast_head":"<!-- This site is optimized with the Yoast SEO plugin v25.8 - https:\/\/yoast.com\/wordpress\/plugins\/seo\/ -->\n<title>Platforma p\u00ebr luft\u00eb kund\u00ebr korrupsionit k\u00ebrkon dor\u00ebheqjen e prokurorit publik Lubomir Joveski - Transparency International<\/title>\n<meta name=\"robots\" content=\"index, follow, max-snippet:-1, max-image-preview:large, max-video-preview:-1\" \/>\n<link rel=\"canonical\" href=\"https:\/\/transparency.mk\/sq\/2023\/08\/17\/platforma-per-lufte-kunder-korrupsionit-kerkon-doreheqjen-e-prokurorit-publik-lubomir-joveski\/\" \/>\n<meta property=\"og:locale\" content=\"sq_AL\" \/>\n<meta property=\"og:type\" content=\"article\" \/>\n<meta property=\"og:title\" content=\"Platforma p\u00ebr luft\u00eb kund\u00ebr korrupsionit k\u00ebrkon dor\u00ebheqjen e prokurorit publik Lubomir Joveski - Transparency International\" \/>\n<meta property=\"og:description\" content=\"Platforma e organizatave civile p\u00ebr luft\u00eb kund\u00ebr korrupsionit k\u00ebrkon dor\u00ebheqjen e prokurorit Lubomir Joveski nga pozita e prokurorit publik t\u00eb Republik\u00ebs s\u00eb Maqedonis\u00eb s\u00eb Veriut. Sipas deklarat\u00ebs s\u00eb sotme t\u00eb Platform\u00ebs para Prokuroris\u00eb Publike t\u00eb Republik\u00ebs s\u00eb Maqedonis\u00eb s\u00eb Veriut, nga dokumentari \u201cVrasja n\u00eb Tetov\u00eb\u201d, hetimi i prokurorit publik p\u00ebr zjarrin n\u00eb spitalin modular n\u00eb&hellip;\" \/>\n<meta property=\"og:url\" content=\"https:\/\/transparency.mk\/sq\/2023\/08\/17\/platforma-per-lufte-kunder-korrupsionit-kerkon-doreheqjen-e-prokurorit-publik-lubomir-joveski\/\" \/>\n<meta property=\"og:site_name\" content=\"Transparency International\" \/>\n<meta property=\"article:publisher\" content=\"https:\/\/www.facebook.com\/TransparencyMK\/\" \/>\n<meta property=\"article:published_time\" content=\"2023-08-17T11:45:53+00:00\" \/>\n<meta property=\"article:modified_time\" content=\"2023-08-29T11:53:28+00:00\" \/>\n<meta property=\"og:image\" content=\"https:\/\/transparency.mk\/wp-content\/uploads\/2023\/06\/343736323_545705121065726_9029258171994092427_n.jpg\" \/>\n\t<meta property=\"og:image:width\" content=\"810\" \/>\n\t<meta property=\"og:image:height\" content=\"540\" \/>\n\t<meta property=\"og:image:type\" content=\"image\/jpeg\" \/>\n<meta name=\"author\" content=\"Meto\" \/>\n<meta name=\"twitter:card\" content=\"summary_large_image\" \/>\n<meta name=\"twitter:creator\" content=\"@ti_macedonia\" \/>\n<meta name=\"twitter:site\" content=\"@ti_macedonia\" \/>\n<meta name=\"twitter:label1\" content=\"Written by\" \/>\n\t<meta name=\"twitter:data1\" content=\"Meto\" \/>\n\t<meta name=\"twitter:label2\" content=\"Est. reading time\" \/>\n\t<meta name=\"twitter:data2\" content=\"2 minutes\" \/>\n<script type=\"application\/ld+json\" class=\"yoast-schema-graph\">{\"@context\":\"https:\/\/schema.org\",\"@graph\":[{\"@type\":\"Article\",\"@id\":\"https:\/\/transparency.mk\/sq\/2023\/08\/17\/platforma-per-lufte-kunder-korrupsionit-kerkon-doreheqjen-e-prokurorit-publik-lubomir-joveski\/#article\",\"isPartOf\":{\"@id\":\"https:\/\/transparency.mk\/sq\/2023\/08\/17\/platforma-per-lufte-kunder-korrupsionit-kerkon-doreheqjen-e-prokurorit-publik-lubomir-joveski\/\"},\"author\":{\"name\":\"Meto\",\"@id\":\"https:\/\/transparency.mk\/#\/schema\/person\/441f90f705251dd361acf90fb32e6e7f\"},\"headline\":\"Platforma p\u00ebr luft\u00eb kund\u00ebr korrupsionit k\u00ebrkon dor\u00ebheqjen e prokurorit publik Lubomir Joveski\",\"datePublished\":\"2023-08-17T11:45:53+00:00\",\"dateModified\":\"2023-08-29T11:53:28+00:00\",\"mainEntityOfPage\":{\"@id\":\"https:\/\/transparency.mk\/sq\/2023\/08\/17\/platforma-per-lufte-kunder-korrupsionit-kerkon-doreheqjen-e-prokurorit-publik-lubomir-joveski\/\"},\"wordCount\":313,\"publisher\":{\"@id\":\"https:\/\/transparency.mk\/#organization\"},\"image\":{\"@id\":\"https:\/\/transparency.mk\/sq\/2023\/08\/17\/platforma-per-lufte-kunder-korrupsionit-kerkon-doreheqjen-e-prokurorit-publik-lubomir-joveski\/#primaryimage\"},\"thumbnailUrl\":\"https:\/\/transparency.mk\/wp-content\/uploads\/2023\/06\/343736323_545705121065726_9029258171994092427_n.jpg\",\"articleSection\":[\"Lajme\"],\"inLanguage\":\"sq-AL\"},{\"@type\":\"WebPage\",\"@id\":\"https:\/\/transparency.mk\/sq\/2023\/08\/17\/platforma-per-lufte-kunder-korrupsionit-kerkon-doreheqjen-e-prokurorit-publik-lubomir-joveski\/\",\"url\":\"https:\/\/transparency.mk\/sq\/2023\/08\/17\/platforma-per-lufte-kunder-korrupsionit-kerkon-doreheqjen-e-prokurorit-publik-lubomir-joveski\/\",\"name\":\"Platforma p\u00ebr luft\u00eb kund\u00ebr korrupsionit k\u00ebrkon dor\u00ebheqjen e prokurorit publik Lubomir Joveski - Transparency International\",\"isPartOf\":{\"@id\":\"https:\/\/transparency.mk\/#website\"},\"primaryImageOfPage\":{\"@id\":\"https:\/\/transparency.mk\/sq\/2023\/08\/17\/platforma-per-lufte-kunder-korrupsionit-kerkon-doreheqjen-e-prokurorit-publik-lubomir-joveski\/#primaryimage\"},\"image\":{\"@id\":\"https:\/\/transparency.mk\/sq\/2023\/08\/17\/platforma-per-lufte-kunder-korrupsionit-kerkon-doreheqjen-e-prokurorit-publik-lubomir-joveski\/#primaryimage\"},\"thumbnailUrl\":\"https:\/\/transparency.mk\/wp-content\/uploads\/2023\/06\/343736323_545705121065726_9029258171994092427_n.jpg\",\"datePublished\":\"2023-08-17T11:45:53+00:00\",\"dateModified\":\"2023-08-29T11:53:28+00:00\",\"breadcrumb\":{\"@id\":\"https:\/\/transparency.mk\/sq\/2023\/08\/17\/platforma-per-lufte-kunder-korrupsionit-kerkon-doreheqjen-e-prokurorit-publik-lubomir-joveski\/#breadcrumb\"},\"inLanguage\":\"sq-AL\",\"potentialAction\":[{\"@type\":\"ReadAction\",\"target\":[\"https:\/\/transparency.mk\/sq\/2023\/08\/17\/platforma-per-lufte-kunder-korrupsionit-kerkon-doreheqjen-e-prokurorit-publik-lubomir-joveski\/\"]}]},{\"@type\":\"ImageObject\",\"inLanguage\":\"sq-AL\",\"@id\":\"https:\/\/transparency.mk\/sq\/2023\/08\/17\/platforma-per-lufte-kunder-korrupsionit-kerkon-doreheqjen-e-prokurorit-publik-lubomir-joveski\/#primaryimage\",\"url\":\"https:\/\/transparency.mk\/wp-content\/uploads\/2023\/06\/343736323_545705121065726_9029258171994092427_n.jpg\",\"contentUrl\":\"https:\/\/transparency.mk\/wp-content\/uploads\/2023\/06\/343736323_545705121065726_9029258171994092427_n.jpg\",\"width\":810,\"height\":540},{\"@type\":\"BreadcrumbList\",\"@id\":\"https:\/\/transparency.mk\/sq\/2023\/08\/17\/platforma-per-lufte-kunder-korrupsionit-kerkon-doreheqjen-e-prokurorit-publik-lubomir-joveski\/#breadcrumb\",\"itemListElement\":[{\"@type\":\"ListItem\",\"position\":1,\"name\":\"Home\",\"item\":\"https:\/\/transparency.mk\/sq\/\"},{\"@type\":\"ListItem\",\"position\":2,\"name\":\"Platforma p\u00ebr luft\u00eb kund\u00ebr korrupsionit k\u00ebrkon dor\u00ebheqjen e prokurorit publik Lubomir Joveski\"}]},{\"@type\":\"WebSite\",\"@id\":\"https:\/\/transparency.mk\/#website\",\"url\":\"https:\/\/transparency.mk\/\",\"name\":\"Transparency International\",\"description\":\"Maqedoni\",\"publisher\":{\"@id\":\"https:\/\/transparency.mk\/#organization\"},\"potentialAction\":[{\"@type\":\"SearchAction\",\"target\":{\"@type\":\"EntryPoint\",\"urlTemplate\":\"https:\/\/transparency.mk\/?s={search_term_string}\"},\"query-input\":{\"@type\":\"PropertyValueSpecification\",\"valueRequired\":true,\"valueName\":\"search_term_string\"}}],\"inLanguage\":\"sq-AL\"},{\"@type\":\"Organization\",\"@id\":\"https:\/\/transparency.mk\/#organization\",\"name\":\"\u0422\u0440\u0430\u043d\u0441\u043f\u0430\u0440\u0435\u043d\u0441\u0438 \u0418\u043d\u0442\u0435\u0440\u043d\u0435\u0448\u043d\u043b - \u041c\u0430\u043a\u0435\u0434\u043e\u043d\u0438\u0458\u0430\",\"url\":\"https:\/\/transparency.mk\/\",\"logo\":{\"@type\":\"ImageObject\",\"inLanguage\":\"sq-AL\",\"@id\":\"https:\/\/transparency.mk\/#\/schema\/logo\/image\/\",\"url\":\"https:\/\/transparency.mk\/wp-content\/uploads\/2020\/10\/transparency-mk-logo.png\",\"contentUrl\":\"https:\/\/transparency.mk\/wp-content\/uploads\/2020\/10\/transparency-mk-logo.png\",\"width\":250,\"height\":75,\"caption\":\"\u0422\u0440\u0430\u043d\u0441\u043f\u0430\u0440\u0435\u043d\u0441\u0438 \u0418\u043d\u0442\u0435\u0440\u043d\u0435\u0448\u043d\u043b - \u041c\u0430\u043a\u0435\u0434\u043e\u043d\u0438\u0458\u0430\"},\"image\":{\"@id\":\"https:\/\/transparency.mk\/#\/schema\/logo\/image\/\"},\"sameAs\":[\"https:\/\/www.facebook.com\/TransparencyMK\/\",\"https:\/\/x.com\/ti_macedonia\",\"https:\/\/www.instagram.com\/timacedonia\/\",\"https:\/\/youtube.com\/user\/tzcmacedonia\/\"]},{\"@type\":\"Person\",\"@id\":\"https:\/\/transparency.mk\/#\/schema\/person\/441f90f705251dd361acf90fb32e6e7f\",\"name\":\"Meto\"}]}<\/script>\n<!-- \/ Yoast SEO plugin. -->","yoast_head_json":{"title":"Platforma p\u00ebr luft\u00eb kund\u00ebr korrupsionit k\u00ebrkon dor\u00ebheqjen e prokurorit publik Lubomir Joveski - Transparency International","robots":{"index":"index","follow":"follow","max-snippet":"max-snippet:-1","max-image-preview":"max-image-preview:large","max-video-preview":"max-video-preview:-1"},"canonical":"https:\/\/transparency.mk\/sq\/2023\/08\/17\/platforma-per-lufte-kunder-korrupsionit-kerkon-doreheqjen-e-prokurorit-publik-lubomir-joveski\/","og_locale":"sq_AL","og_type":"article","og_title":"Platforma p\u00ebr luft\u00eb kund\u00ebr korrupsionit k\u00ebrkon dor\u00ebheqjen e prokurorit publik Lubomir Joveski - Transparency International","og_description":"Platforma e organizatave civile p\u00ebr luft\u00eb kund\u00ebr korrupsionit k\u00ebrkon dor\u00ebheqjen e prokurorit Lubomir Joveski nga pozita e prokurorit publik t\u00eb Republik\u00ebs s\u00eb Maqedonis\u00eb s\u00eb Veriut. Sipas deklarat\u00ebs s\u00eb sotme t\u00eb Platform\u00ebs para Prokuroris\u00eb Publike t\u00eb Republik\u00ebs s\u00eb Maqedonis\u00eb s\u00eb Veriut, nga dokumentari \u201cVrasja n\u00eb Tetov\u00eb\u201d, hetimi i prokurorit publik p\u00ebr zjarrin n\u00eb spitalin modular n\u00eb&hellip;","og_url":"https:\/\/transparency.mk\/sq\/2023\/08\/17\/platforma-per-lufte-kunder-korrupsionit-kerkon-doreheqjen-e-prokurorit-publik-lubomir-joveski\/","og_site_name":"Transparency International","article_publisher":"https:\/\/www.facebook.com\/TransparencyMK\/","article_published_time":"2023-08-17T11:45:53+00:00","article_modified_time":"2023-08-29T11:53:28+00:00","og_image":[{"width":810,"height":540,"url":"https:\/\/transparency.mk\/wp-content\/uploads\/2023\/06\/343736323_545705121065726_9029258171994092427_n.jpg","type":"image\/jpeg"}],"author":"Meto","twitter_card":"summary_large_image","twitter_creator":"@ti_macedonia","twitter_site":"@ti_macedonia","twitter_misc":{"Written by":"Meto","Est. reading time":"2 minutes"},"schema":{"@context":"https:\/\/schema.org","@graph":[{"@type":"Article","@id":"https:\/\/transparency.mk\/sq\/2023\/08\/17\/platforma-per-lufte-kunder-korrupsionit-kerkon-doreheqjen-e-prokurorit-publik-lubomir-joveski\/#article","isPartOf":{"@id":"https:\/\/transparency.mk\/sq\/2023\/08\/17\/platforma-per-lufte-kunder-korrupsionit-kerkon-doreheqjen-e-prokurorit-publik-lubomir-joveski\/"},"author":{"name":"Meto","@id":"https:\/\/transparency.mk\/#\/schema\/person\/441f90f705251dd361acf90fb32e6e7f"},"headline":"Platforma p\u00ebr luft\u00eb kund\u00ebr korrupsionit k\u00ebrkon dor\u00ebheqjen e prokurorit publik Lubomir Joveski","datePublished":"2023-08-17T11:45:53+00:00","dateModified":"2023-08-29T11:53:28+00:00","mainEntityOfPage":{"@id":"https:\/\/transparency.mk\/sq\/2023\/08\/17\/platforma-per-lufte-kunder-korrupsionit-kerkon-doreheqjen-e-prokurorit-publik-lubomir-joveski\/"},"wordCount":313,"publisher":{"@id":"https:\/\/transparency.mk\/#organization"},"image":{"@id":"https:\/\/transparency.mk\/sq\/2023\/08\/17\/platforma-per-lufte-kunder-korrupsionit-kerkon-doreheqjen-e-prokurorit-publik-lubomir-joveski\/#primaryimage"},"thumbnailUrl":"https:\/\/transparency.mk\/wp-content\/uploads\/2023\/06\/343736323_545705121065726_9029258171994092427_n.jpg","articleSection":["Lajme"],"inLanguage":"sq-AL"},{"@type":"WebPage","@id":"https:\/\/transparency.mk\/sq\/2023\/08\/17\/platforma-per-lufte-kunder-korrupsionit-kerkon-doreheqjen-e-prokurorit-publik-lubomir-joveski\/","url":"https:\/\/transparency.mk\/sq\/2023\/08\/17\/platforma-per-lufte-kunder-korrupsionit-kerkon-doreheqjen-e-prokurorit-publik-lubomir-joveski\/","name":"Platforma p\u00ebr luft\u00eb kund\u00ebr korrupsionit k\u00ebrkon dor\u00ebheqjen e prokurorit publik Lubomir Joveski - Transparency International","isPartOf":{"@id":"https:\/\/transparency.mk\/#website"},"primaryImageOfPage":{"@id":"https:\/\/transparency.mk\/sq\/2023\/08\/17\/platforma-per-lufte-kunder-korrupsionit-kerkon-doreheqjen-e-prokurorit-publik-lubomir-joveski\/#primaryimage"},"image":{"@id":"https:\/\/transparency.mk\/sq\/2023\/08\/17\/platforma-per-lufte-kunder-korrupsionit-kerkon-doreheqjen-e-prokurorit-publik-lubomir-joveski\/#primaryimage"},"thumbnailUrl":"https:\/\/transparency.mk\/wp-content\/uploads\/2023\/06\/343736323_545705121065726_9029258171994092427_n.jpg","datePublished":"2023-08-17T11:45:53+00:00","dateModified":"2023-08-29T11:53:28+00:00","breadcrumb":{"@id":"https:\/\/transparency.mk\/sq\/2023\/08\/17\/platforma-per-lufte-kunder-korrupsionit-kerkon-doreheqjen-e-prokurorit-publik-lubomir-joveski\/#breadcrumb"},"inLanguage":"sq-AL","potentialAction":[{"@type":"ReadAction","target":["https:\/\/transparency.mk\/sq\/2023\/08\/17\/platforma-per-lufte-kunder-korrupsionit-kerkon-doreheqjen-e-prokurorit-publik-lubomir-joveski\/"]}]},{"@type":"ImageObject","inLanguage":"sq-AL","@id":"https:\/\/transparency.mk\/sq\/2023\/08\/17\/platforma-per-lufte-kunder-korrupsionit-kerkon-doreheqjen-e-prokurorit-publik-lubomir-joveski\/#primaryimage","url":"https:\/\/transparency.mk\/wp-content\/uploads\/2023\/06\/343736323_545705121065726_9029258171994092427_n.jpg","contentUrl":"https:\/\/transparency.mk\/wp-content\/uploads\/2023\/06\/343736323_545705121065726_9029258171994092427_n.jpg","width":810,"height":540},{"@type":"BreadcrumbList","@id":"https:\/\/transparency.mk\/sq\/2023\/08\/17\/platforma-per-lufte-kunder-korrupsionit-kerkon-doreheqjen-e-prokurorit-publik-lubomir-joveski\/#breadcrumb","itemListElement":[{"@type":"ListItem","position":1,"name":"Home","item":"https:\/\/transparency.mk\/sq\/"},{"@type":"ListItem","position":2,"name":"Platforma p\u00ebr luft\u00eb kund\u00ebr korrupsionit k\u00ebrkon dor\u00ebheqjen e prokurorit publik Lubomir Joveski"}]},{"@type":"WebSite","@id":"https:\/\/transparency.mk\/#website","url":"https:\/\/transparency.mk\/","name":"Transparency International","description":"Maqedoni","publisher":{"@id":"https:\/\/transparency.mk\/#organization"},"potentialAction":[{"@type":"SearchAction","target":{"@type":"EntryPoint","urlTemplate":"https:\/\/transparency.mk\/?s={search_term_string}"},"query-input":{"@type":"PropertyValueSpecification","valueRequired":true,"valueName":"search_term_string"}}],"inLanguage":"sq-AL"},{"@type":"Organization","@id":"https:\/\/transparency.mk\/#organization","name":"\u0422\u0440\u0430\u043d\u0441\u043f\u0430\u0440\u0435\u043d\u0441\u0438 \u0418\u043d\u0442\u0435\u0440\u043d\u0435\u0448\u043d\u043b - \u041c\u0430\u043a\u0435\u0434\u043e\u043d\u0438\u0458\u0430","url":"https:\/\/transparency.mk\/","logo":{"@type":"ImageObject","inLanguage":"sq-AL","@id":"https:\/\/transparency.mk\/#\/schema\/logo\/image\/","url":"https:\/\/transparency.mk\/wp-content\/uploads\/2020\/10\/transparency-mk-logo.png","contentUrl":"https:\/\/transparency.mk\/wp-content\/uploads\/2020\/10\/transparency-mk-logo.png","width":250,"height":75,"caption":"\u0422\u0440\u0430\u043d\u0441\u043f\u0430\u0440\u0435\u043d\u0441\u0438 \u0418\u043d\u0442\u0435\u0440\u043d\u0435\u0448\u043d\u043b - \u041c\u0430\u043a\u0435\u0434\u043e\u043d\u0438\u0458\u0430"},"image":{"@id":"https:\/\/transparency.mk\/#\/schema\/logo\/image\/"},"sameAs":["https:\/\/www.facebook.com\/TransparencyMK\/","https:\/\/x.com\/ti_macedonia","https:\/\/www.instagram.com\/timacedonia\/","https:\/\/youtube.com\/user\/tzcmacedonia\/"]},{"@type":"Person","@id":"https:\/\/transparency.mk\/#\/schema\/person\/441f90f705251dd361acf90fb32e6e7f","name":"Meto"}]}},"_links":{"self":[{"href":"https:\/\/transparency.mk\/sq\/wp-json\/wp\/v2\/posts\/12287","targetHints":{"allow":["GET"]}}],"collection":[{"href":"https:\/\/transparency.mk\/sq\/wp-json\/wp\/v2\/posts"}],"about":[{"href":"https:\/\/transparency.mk\/sq\/wp-json\/wp\/v2\/types\/post"}],"author":[{"embeddable":true,"href":"https:\/\/transparency.mk\/sq\/wp-json\/wp\/v2\/users\/3"}],"replies":[{"embeddable":true,"href":"https:\/\/transparency.mk\/sq\/wp-json\/wp\/v2\/comments?post=12287"}],"version-history":[{"count":1,"href":"https:\/\/transparency.mk\/sq\/wp-json\/wp\/v2\/posts\/12287\/revisions"}],"predecessor-version":[{"id":12294,"href":"https:\/\/transparency.mk\/sq\/wp-json\/wp\/v2\/posts\/12287\/revisions\/12294"}],"wp:featuredmedia":[{"embeddable":true,"href":"https:\/\/transparency.mk\/sq\/wp-json\/wp\/v2\/media\/12103"}],"wp:attachment":[{"href":"https:\/\/transparency.mk\/sq\/wp-json\/wp\/v2\/media?parent=12287"}],"wp:term":[{"taxonomy":"category","embeddable":true,"href":"https:\/\/transparency.mk\/sq\/wp-json\/wp\/v2\/categories?post=12287"},{"taxonomy":"post_tag","embeddable":true,"href":"https:\/\/transparency.mk\/sq\/wp-json\/wp\/v2\/tags?post=12287"}],"curies":[{"name":"wp","href":"https:\/\/api.w.org\/{rel}","templated":true}]}}