{"id":12295,"date":"2023-08-17T13:55:25","date_gmt":"2023-08-17T11:55:25","guid":{"rendered":"https:\/\/transparency.mk\/?p=12295"},"modified":"2023-08-29T13:58:44","modified_gmt":"2023-08-29T11:58:44","slug":"platforma-e-organizatave-te-shoqerise-civile-per-lufte-kunder-korrupsionit-kerkoi-doreheqjen-e-ljubomir-joveskit","status":"publish","type":"post","link":"https:\/\/transparency.mk\/sq\/2023\/08\/17\/platforma-e-organizatave-te-shoqerise-civile-per-lufte-kunder-korrupsionit-kerkoi-doreheqjen-e-ljubomir-joveskit\/","title":{"rendered":"Platforma e Organizatave t\u00eb Shoq\u00ebris\u00eb Civile p\u00ebr Luft\u00eb Kund\u00ebr Korrupsionit k\u00ebrkoi dor\u00ebheqjen e Ljubomir Joveskit"},"content":{"rendered":"<p>Platforma e Organizatave t\u00eb Shoq\u00ebris\u00eb Civile p\u00ebr Luft\u00eb Kund\u00ebr Korrupsionit sot n\u00eb konferenc\u00eb p\u00ebr shtyp reagoi p\u00ebr rastin e zjarrit n\u00eb spitalin modular, duke i b\u00ebr\u00eb k\u00ebrkes\u00eb zyrtare Ljubomir Joveski t\u00eb jap\u00eb dor\u00ebheqje nga funksioni Prokuror Publik i Republik\u00ebs s\u00eb Maqedonis\u00eb s\u00eb Veriut, raporton <a href=\"https:\/\/portalb.mk\/\">Portalb.mk<\/a>.<\/p>\n<p>\u201cDuke marr\u00eb parasysh veprimin e Prokuroris\u00eb Publike n\u00eb lidhje me zjarrin n\u00eb Spitalin Modular t\u00eb Tetov\u00ebs n\u00eb t\u00eb cilin humb\u00ebn jet\u00ebn 14 persona, Platforma e Organizatave t\u00eb Shoq\u00ebris\u00eb Civile p\u00ebr Luft\u00eb Kund\u00ebr Korrupsionit ju paraqet k\u00ebt\u00eb shkres\u00eb, me k\u00ebrkes\u00eb p\u00ebr dor\u00ebheqjen Tuaj nga pozita e Prokurorit Publik t\u00eb Republik\u00ebs s\u00eb Maqedonis\u00eb s\u00eb Veriut\u201d than\u00eb nga Platforma, e cila ka vler\u00ebsuar se hetimi p\u00ebr rastin e spitalit modular, ku humb\u00ebn jet\u00eb 14 persona, nuk \u00ebsht\u00eb i plot\u00eb dhe ka dyshime p\u00ebr realizim joprofesional t\u00eb procesit gjyq\u00ebsor nga ana e prokuroris\u00eb publike.<\/p>\n<p>\u201cNga filmi dokumentar \u201cVrasja n\u00eb Tetov\u00eb\u201d, hetimi i prokuroris\u00eb publike p\u00ebr rastin nuk \u00ebsht\u00eb i plot\u00eb dhe nuk vler\u00ebson mjaftuesh\u00ebm konkluzionet e paraqitura n\u00eb Ekspertiz\u00ebn Zyrtare t\u00eb ekspert\u00ebve gjerman\u00eb, si rezultat i s\u00eb cil\u00ebs n\u00eb publik bisedohet p\u00ebr dyshime n\u00eb lidhje me procedimin joprofesional t\u00eb prokuroris\u00eb dhe neglizhimin e rrethanave q\u00eb mund t\u00eb zgjerojn\u00eb akuzat dhe t\u00eb inkriminojn\u00eb personat e tjer\u00eb publik\u201d, deklaruan nga Platforma.<\/p>\n<p>Darko Aramovski, nj\u00eb nga p\u00ebrfaq\u00ebsuesit e Platform\u00ebs shtoi se Prokuroria Themelore Publike p\u00ebr Antikorrupsion duhet t\u00eb hetoj\u00eb edhe raportet e dyshimta p\u00ebr nd\u00ebrtimin e spitalit dhe se akoma nuk dihet \u00e7far\u00eb n\u00eb fakt po ndodh me hetimin e tyre.<\/p>\n<p>\u201cKjo pasohet nga fakti se Prokuroria Themelore Publike p\u00ebr Ndjekjen e Krimit t\u00eb Organizuar dhe Korrupsionit ende po heton pretendimet p\u00ebr korrupsion n\u00eb zbatimin e prokurimit publik n\u00eb k\u00ebt\u00eb rast, p\u00ebrkund\u00ebr faktit se afati nga neni 301 i LPP-s\u00eb tashm\u00eb \u00ebsht\u00eb tejkaluar, dhe nuk i jan\u00eb ofruar shpjegime publikut se pse \u00ebsht\u00eb shtyr\u00eb afati n\u00eb p\u00ebrputhje me paragraf\u00ebt 2 dhe 3 t\u00eb t\u00eb nj\u00ebjtit nen, ose pse p\u00ebrkund\u00ebr k\u00ebsaj zgjatjeje, hetimi nuk rezulton n\u00eb p\u00ebrfundim\u201c, thot\u00eb Snezhana Kamilovska Trpovska, nj\u00eb nga p\u00ebrfaq\u00ebsuesit e Platform\u00ebs.<\/p>\n<p>Misha Popoviq nga Platforma, tha se ka mjaftuesh\u00ebm material p\u00ebr t\u2019u p\u00ebrdorur si akuz\u00eb dhe kjo \u00ebsht\u00eb qart\u00eb e dukshme, sepse \u201cSipas dokumenteve t\u00eb IRL duket se shumica e pun\u00ebve jan\u00eb t\u00eb qarta vet\u00ebm se nuk jan\u00eb marr\u00eb parasysh gjat\u00eb ngritjes s\u00eb akuz\u00ebs. K\u00ebrkes\u00eb e Platform\u00ebs \u00ebsht\u00eb t\u00eb merren parasysh p\u00ebrfundimet e dh\u00ebna nga ekzaminimi i ekipit gjerman, t\u00eb cilat tregojn\u00eb se duhet t\u00eb zgjerohet lista e t\u00eb pandehurve\u201c.<\/p>\n<p>S\u00eb fundmi, tre p\u00ebrfaq\u00ebsuesit e Platform\u00ebs, i b\u00ebn\u00eb thirrje prokurorit Ljubomir Joveski t\u00eb jap\u00eb dor\u00ebheqje.<\/p>\n<p>\u201cDuke pasur parasysh t\u00eb gjitha sa m\u00eb sip\u00ebr, dhe duke marr\u00eb parasysh parimet e hierarkis\u00eb dhe var\u00ebsis\u00eb, si dhe faktin se Prokuroria Publike \u00ebsht\u00eb organi i vet\u00ebm, konsiderojm\u00eb se Ju (Joveski) duhet t\u00eb jepni dor\u00ebheqje si Prokuror Publik i Republik\u00ebs s\u00eb Maqedonis\u00eb s\u00eb Veriut\u201d, than\u00eb ata.<\/p>\n<p>Ndryshe, n\u00eb dokumentarin e publikuar nga Laboratori i Gazetaris\u00eb Hulumtuese (IRL) n\u00eb lidhje me zjarrin n\u00eb spitalin modular t\u00eb Tetov\u00ebs ku jet\u00ebn e humb\u00ebn 14 persona, n\u00eb thelb edhe nj\u00eb her\u00eb tregon se fajtor\u00ebt e v\u00ebrtet\u00eb p\u00ebr shkaktimin e zjarrit nuk jan\u00eb prapa grilave. Sipas informatave t\u00eb zbuluara, veprimet e prokuror\u00ebve hapin dyshime se hetimi \u00ebsht\u00eb sabotuar q\u00ebllimisht p\u00ebr t\u00eb mbrojtur fajtor\u00ebt nga ndjekja penale dhe at\u00eb ish ministri Venko Filip\u00e7e, Ko\u00e7o dhe Todor Angjushev nga Kompania \u201cBrako\u201d e cila nd\u00ebrtoi modularin, Vanja Andonova, si dhe t\u00eb tjer\u00ebt t\u00eb p\u00ebrfshir\u00eb n\u00eb proces. Dokumentari hetues zbulon korrupsion, keqp\u00ebrdorim tenderi, nd\u00ebrtim t\u00eb modularit pa standarde dhe materiale jo t\u00eb duhura dhe jo n\u00eb p\u00ebrputhje me rregulloret ligjore, instalim jo i duhur i energjis\u00eb elektrike n\u00eb modular, hetime jo t\u00eb plota dhe zvarritje e rastit nga ana e Prokuroris\u00eb duke mos thirrur n\u00eb p\u00ebrgjegj\u00ebsi ask\u00ebnd p\u00ebr shkaqet e zjarrit, por p\u00ebr vepra t\u00eb tjera penale.<\/p>\n<p>Pas shfaqjes s\u00eb dokumentarit, u organizua protest\u00eb para Gjykat\u00ebs Themelore t\u00eb Tetov\u00ebs.<\/p>\n<p>Rikujtojm\u00eb q\u00eb pati nj\u00eb proces gjyq\u00ebsor p\u00ebr k\u00ebt\u00eb rast, t\u00eb akuzuarit nuk u gjykuan p\u00ebr shkaqet e zjarrit, por p\u00ebr vepra tjera penale, me d\u00ebnimet e shqiptuara ishin me kusht. Florin Besimi, Artan Etemi, Boban Vu\u00e7evski dhe Spitali i Tetov\u00ebs u akuzuan p\u00ebr vepra t\u00eb tjera penale t\u00eb cilat lidheshin me sigurin\u00eb n\u00eb spital si dhe mosveprimin n\u00eb baz\u00eb t\u00eb rekomandimeve mjek\u00ebsore n\u00eb koh\u00eb t\u00eb pandemis\u00eb.<\/p>\n<p>Burimi: <a href=\"https:\/\/portalb.mk\/platforma-e-organizatave-te-shoqerise-civile-per-lufte-kunder-korrupsionit-kerkoi-doreheqjen-e-ljubomir-joveskit\/\">Portalb<\/a>.<\/p>\n<p>&nbsp;<\/p>\n<p>&nbsp;<\/p>\n","protected":false},"excerpt":{"rendered":"<p>Platforma e Organizatave t\u00eb Shoq\u00ebris\u00eb Civile p\u00ebr Luft\u00eb Kund\u00ebr Korrupsionit sot n\u00eb konferenc\u00eb p\u00ebr shtyp reagoi p\u00ebr rastin e zjarrit n\u00eb spitalin modular, duke i b\u00ebr\u00eb k\u00ebrkes\u00eb zyrtare Ljubomir Joveski t\u00eb jap\u00eb dor\u00ebheqje nga funksioni Prokuror Publik i Republik\u00ebs s\u00eb Maqedonis\u00eb s\u00eb Veriut, raporton Portalb.mk. \u201cDuke marr\u00eb parasysh veprimin e Prokuroris\u00eb Publike n\u00eb lidhje me&hellip;<\/p>\n","protected":false},"author":3,"featured_media":12291,"comment_status":"closed","ping_status":"open","sticky":false,"template":"","format":"standard","meta":{"_monsterinsights_skip_tracking":false,"_monsterinsights_sitenote_active":false,"_monsterinsights_sitenote_note":"","_monsterinsights_sitenote_category":0,"footnotes":""},"categories":[90],"tags":[],"class_list":["post-12295","post","type-post","status-publish","format-standard","has-post-thumbnail","hentry","category-lajme","category-90","description-off"],"yoast_head":"<!-- This site is optimized with the Yoast SEO plugin v25.8 - https:\/\/yoast.com\/wordpress\/plugins\/seo\/ -->\n<title>Platforma e Organizatave t\u00eb Shoq\u00ebris\u00eb Civile p\u00ebr Luft\u00eb Kund\u00ebr Korrupsionit k\u00ebrkoi dor\u00ebheqjen e Ljubomir Joveskit - Transparency International<\/title>\n<meta name=\"robots\" content=\"index, follow, max-snippet:-1, max-image-preview:large, max-video-preview:-1\" \/>\n<link rel=\"canonical\" href=\"https:\/\/transparency.mk\/sq\/2023\/08\/17\/platforma-e-organizatave-te-shoqerise-civile-per-lufte-kunder-korrupsionit-kerkoi-doreheqjen-e-ljubomir-joveskit\/\" \/>\n<meta property=\"og:locale\" content=\"sq_AL\" \/>\n<meta property=\"og:type\" content=\"article\" \/>\n<meta property=\"og:title\" content=\"Platforma e Organizatave t\u00eb Shoq\u00ebris\u00eb Civile p\u00ebr Luft\u00eb Kund\u00ebr Korrupsionit k\u00ebrkoi dor\u00ebheqjen e Ljubomir Joveskit - Transparency International\" \/>\n<meta property=\"og:description\" content=\"Platforma e Organizatave t\u00eb Shoq\u00ebris\u00eb Civile p\u00ebr Luft\u00eb Kund\u00ebr Korrupsionit sot n\u00eb konferenc\u00eb p\u00ebr shtyp reagoi p\u00ebr rastin e zjarrit n\u00eb spitalin modular, duke i b\u00ebr\u00eb k\u00ebrkes\u00eb zyrtare Ljubomir Joveski t\u00eb jap\u00eb dor\u00ebheqje nga funksioni Prokuror Publik i Republik\u00ebs s\u00eb Maqedonis\u00eb s\u00eb Veriut, raporton Portalb.mk. \u201cDuke marr\u00eb parasysh veprimin e Prokuroris\u00eb Publike n\u00eb lidhje me&hellip;\" \/>\n<meta property=\"og:url\" content=\"https:\/\/transparency.mk\/sq\/2023\/08\/17\/platforma-e-organizatave-te-shoqerise-civile-per-lufte-kunder-korrupsionit-kerkoi-doreheqjen-e-ljubomir-joveskit\/\" \/>\n<meta property=\"og:site_name\" content=\"Transparency International\" \/>\n<meta property=\"article:publisher\" content=\"https:\/\/www.facebook.com\/TransparencyMK\/\" \/>\n<meta property=\"article:published_time\" content=\"2023-08-17T11:55:25+00:00\" \/>\n<meta property=\"article:modified_time\" content=\"2023-08-29T11:58:44+00:00\" \/>\n<meta property=\"og:image\" content=\"https:\/\/transparency.mk\/wp-content\/uploads\/2023\/08\/justice-6570152_1920.png\" \/>\n\t<meta property=\"og:image:width\" content=\"1920\" \/>\n\t<meta property=\"og:image:height\" content=\"1551\" \/>\n\t<meta property=\"og:image:type\" content=\"image\/png\" \/>\n<meta name=\"author\" content=\"Meto\" \/>\n<meta name=\"twitter:card\" content=\"summary_large_image\" \/>\n<meta name=\"twitter:creator\" content=\"@ti_macedonia\" \/>\n<meta name=\"twitter:site\" content=\"@ti_macedonia\" \/>\n<meta name=\"twitter:label1\" content=\"Written by\" \/>\n\t<meta name=\"twitter:data1\" content=\"Meto\" \/>\n\t<meta name=\"twitter:label2\" content=\"Est. reading time\" \/>\n\t<meta name=\"twitter:data2\" content=\"4 minutes\" \/>\n<script type=\"application\/ld+json\" class=\"yoast-schema-graph\">{\"@context\":\"https:\/\/schema.org\",\"@graph\":[{\"@type\":\"Article\",\"@id\":\"https:\/\/transparency.mk\/sq\/2023\/08\/17\/platforma-e-organizatave-te-shoqerise-civile-per-lufte-kunder-korrupsionit-kerkoi-doreheqjen-e-ljubomir-joveskit\/#article\",\"isPartOf\":{\"@id\":\"https:\/\/transparency.mk\/sq\/2023\/08\/17\/platforma-e-organizatave-te-shoqerise-civile-per-lufte-kunder-korrupsionit-kerkoi-doreheqjen-e-ljubomir-joveskit\/\"},\"author\":{\"name\":\"Meto\",\"@id\":\"https:\/\/transparency.mk\/#\/schema\/person\/441f90f705251dd361acf90fb32e6e7f\"},\"headline\":\"Platforma e Organizatave t\u00eb Shoq\u00ebris\u00eb Civile p\u00ebr Luft\u00eb Kund\u00ebr Korrupsionit k\u00ebrkoi dor\u00ebheqjen e Ljubomir Joveskit\",\"datePublished\":\"2023-08-17T11:55:25+00:00\",\"dateModified\":\"2023-08-29T11:58:44+00:00\",\"mainEntityOfPage\":{\"@id\":\"https:\/\/transparency.mk\/sq\/2023\/08\/17\/platforma-e-organizatave-te-shoqerise-civile-per-lufte-kunder-korrupsionit-kerkoi-doreheqjen-e-ljubomir-joveskit\/\"},\"wordCount\":811,\"publisher\":{\"@id\":\"https:\/\/transparency.mk\/#organization\"},\"image\":{\"@id\":\"https:\/\/transparency.mk\/sq\/2023\/08\/17\/platforma-e-organizatave-te-shoqerise-civile-per-lufte-kunder-korrupsionit-kerkoi-doreheqjen-e-ljubomir-joveskit\/#primaryimage\"},\"thumbnailUrl\":\"https:\/\/transparency.mk\/wp-content\/uploads\/2023\/08\/justice-6570152_1920.png\",\"articleSection\":[\"Lajme\"],\"inLanguage\":\"sq-AL\"},{\"@type\":\"WebPage\",\"@id\":\"https:\/\/transparency.mk\/sq\/2023\/08\/17\/platforma-e-organizatave-te-shoqerise-civile-per-lufte-kunder-korrupsionit-kerkoi-doreheqjen-e-ljubomir-joveskit\/\",\"url\":\"https:\/\/transparency.mk\/sq\/2023\/08\/17\/platforma-e-organizatave-te-shoqerise-civile-per-lufte-kunder-korrupsionit-kerkoi-doreheqjen-e-ljubomir-joveskit\/\",\"name\":\"Platforma e Organizatave t\u00eb Shoq\u00ebris\u00eb Civile p\u00ebr Luft\u00eb Kund\u00ebr Korrupsionit k\u00ebrkoi dor\u00ebheqjen e Ljubomir Joveskit - Transparency International\",\"isPartOf\":{\"@id\":\"https:\/\/transparency.mk\/#website\"},\"primaryImageOfPage\":{\"@id\":\"https:\/\/transparency.mk\/sq\/2023\/08\/17\/platforma-e-organizatave-te-shoqerise-civile-per-lufte-kunder-korrupsionit-kerkoi-doreheqjen-e-ljubomir-joveskit\/#primaryimage\"},\"image\":{\"@id\":\"https:\/\/transparency.mk\/sq\/2023\/08\/17\/platforma-e-organizatave-te-shoqerise-civile-per-lufte-kunder-korrupsionit-kerkoi-doreheqjen-e-ljubomir-joveskit\/#primaryimage\"},\"thumbnailUrl\":\"https:\/\/transparency.mk\/wp-content\/uploads\/2023\/08\/justice-6570152_1920.png\",\"datePublished\":\"2023-08-17T11:55:25+00:00\",\"dateModified\":\"2023-08-29T11:58:44+00:00\",\"breadcrumb\":{\"@id\":\"https:\/\/transparency.mk\/sq\/2023\/08\/17\/platforma-e-organizatave-te-shoqerise-civile-per-lufte-kunder-korrupsionit-kerkoi-doreheqjen-e-ljubomir-joveskit\/#breadcrumb\"},\"inLanguage\":\"sq-AL\",\"potentialAction\":[{\"@type\":\"ReadAction\",\"target\":[\"https:\/\/transparency.mk\/sq\/2023\/08\/17\/platforma-e-organizatave-te-shoqerise-civile-per-lufte-kunder-korrupsionit-kerkoi-doreheqjen-e-ljubomir-joveskit\/\"]}]},{\"@type\":\"ImageObject\",\"inLanguage\":\"sq-AL\",\"@id\":\"https:\/\/transparency.mk\/sq\/2023\/08\/17\/platforma-e-organizatave-te-shoqerise-civile-per-lufte-kunder-korrupsionit-kerkoi-doreheqjen-e-ljubomir-joveskit\/#primaryimage\",\"url\":\"https:\/\/transparency.mk\/wp-content\/uploads\/2023\/08\/justice-6570152_1920.png\",\"contentUrl\":\"https:\/\/transparency.mk\/wp-content\/uploads\/2023\/08\/justice-6570152_1920.png\",\"width\":1920,\"height\":1551},{\"@type\":\"BreadcrumbList\",\"@id\":\"https:\/\/transparency.mk\/sq\/2023\/08\/17\/platforma-e-organizatave-te-shoqerise-civile-per-lufte-kunder-korrupsionit-kerkoi-doreheqjen-e-ljubomir-joveskit\/#breadcrumb\",\"itemListElement\":[{\"@type\":\"ListItem\",\"position\":1,\"name\":\"Home\",\"item\":\"https:\/\/transparency.mk\/sq\/\"},{\"@type\":\"ListItem\",\"position\":2,\"name\":\"Platforma e Organizatave t\u00eb Shoq\u00ebris\u00eb Civile p\u00ebr Luft\u00eb Kund\u00ebr Korrupsionit k\u00ebrkoi dor\u00ebheqjen e Ljubomir Joveskit\"}]},{\"@type\":\"WebSite\",\"@id\":\"https:\/\/transparency.mk\/#website\",\"url\":\"https:\/\/transparency.mk\/\",\"name\":\"Transparency International\",\"description\":\"Maqedoni\",\"publisher\":{\"@id\":\"https:\/\/transparency.mk\/#organization\"},\"potentialAction\":[{\"@type\":\"SearchAction\",\"target\":{\"@type\":\"EntryPoint\",\"urlTemplate\":\"https:\/\/transparency.mk\/?s={search_term_string}\"},\"query-input\":{\"@type\":\"PropertyValueSpecification\",\"valueRequired\":true,\"valueName\":\"search_term_string\"}}],\"inLanguage\":\"sq-AL\"},{\"@type\":\"Organization\",\"@id\":\"https:\/\/transparency.mk\/#organization\",\"name\":\"\u0422\u0440\u0430\u043d\u0441\u043f\u0430\u0440\u0435\u043d\u0441\u0438 \u0418\u043d\u0442\u0435\u0440\u043d\u0435\u0448\u043d\u043b - \u041c\u0430\u043a\u0435\u0434\u043e\u043d\u0438\u0458\u0430\",\"url\":\"https:\/\/transparency.mk\/\",\"logo\":{\"@type\":\"ImageObject\",\"inLanguage\":\"sq-AL\",\"@id\":\"https:\/\/transparency.mk\/#\/schema\/logo\/image\/\",\"url\":\"https:\/\/transparency.mk\/wp-content\/uploads\/2020\/10\/transparency-mk-logo.png\",\"contentUrl\":\"https:\/\/transparency.mk\/wp-content\/uploads\/2020\/10\/transparency-mk-logo.png\",\"width\":250,\"height\":75,\"caption\":\"\u0422\u0440\u0430\u043d\u0441\u043f\u0430\u0440\u0435\u043d\u0441\u0438 \u0418\u043d\u0442\u0435\u0440\u043d\u0435\u0448\u043d\u043b - \u041c\u0430\u043a\u0435\u0434\u043e\u043d\u0438\u0458\u0430\"},\"image\":{\"@id\":\"https:\/\/transparency.mk\/#\/schema\/logo\/image\/\"},\"sameAs\":[\"https:\/\/www.facebook.com\/TransparencyMK\/\",\"https:\/\/x.com\/ti_macedonia\",\"https:\/\/www.instagram.com\/timacedonia\/\",\"https:\/\/youtube.com\/user\/tzcmacedonia\/\"]},{\"@type\":\"Person\",\"@id\":\"https:\/\/transparency.mk\/#\/schema\/person\/441f90f705251dd361acf90fb32e6e7f\",\"name\":\"Meto\"}]}<\/script>\n<!-- \/ Yoast SEO plugin. -->","yoast_head_json":{"title":"Platforma e Organizatave t\u00eb Shoq\u00ebris\u00eb Civile p\u00ebr Luft\u00eb Kund\u00ebr Korrupsionit k\u00ebrkoi dor\u00ebheqjen e Ljubomir Joveskit - Transparency International","robots":{"index":"index","follow":"follow","max-snippet":"max-snippet:-1","max-image-preview":"max-image-preview:large","max-video-preview":"max-video-preview:-1"},"canonical":"https:\/\/transparency.mk\/sq\/2023\/08\/17\/platforma-e-organizatave-te-shoqerise-civile-per-lufte-kunder-korrupsionit-kerkoi-doreheqjen-e-ljubomir-joveskit\/","og_locale":"sq_AL","og_type":"article","og_title":"Platforma e Organizatave t\u00eb Shoq\u00ebris\u00eb Civile p\u00ebr Luft\u00eb Kund\u00ebr Korrupsionit k\u00ebrkoi dor\u00ebheqjen e Ljubomir Joveskit - Transparency International","og_description":"Platforma e Organizatave t\u00eb Shoq\u00ebris\u00eb Civile p\u00ebr Luft\u00eb Kund\u00ebr Korrupsionit sot n\u00eb konferenc\u00eb p\u00ebr shtyp reagoi p\u00ebr rastin e zjarrit n\u00eb spitalin modular, duke i b\u00ebr\u00eb k\u00ebrkes\u00eb zyrtare Ljubomir Joveski t\u00eb jap\u00eb dor\u00ebheqje nga funksioni Prokuror Publik i Republik\u00ebs s\u00eb Maqedonis\u00eb s\u00eb Veriut, raporton Portalb.mk. \u201cDuke marr\u00eb parasysh veprimin e Prokuroris\u00eb Publike n\u00eb lidhje me&hellip;","og_url":"https:\/\/transparency.mk\/sq\/2023\/08\/17\/platforma-e-organizatave-te-shoqerise-civile-per-lufte-kunder-korrupsionit-kerkoi-doreheqjen-e-ljubomir-joveskit\/","og_site_name":"Transparency International","article_publisher":"https:\/\/www.facebook.com\/TransparencyMK\/","article_published_time":"2023-08-17T11:55:25+00:00","article_modified_time":"2023-08-29T11:58:44+00:00","og_image":[{"width":1920,"height":1551,"url":"https:\/\/transparency.mk\/wp-content\/uploads\/2023\/08\/justice-6570152_1920.png","type":"image\/png"}],"author":"Meto","twitter_card":"summary_large_image","twitter_creator":"@ti_macedonia","twitter_site":"@ti_macedonia","twitter_misc":{"Written by":"Meto","Est. reading time":"4 minutes"},"schema":{"@context":"https:\/\/schema.org","@graph":[{"@type":"Article","@id":"https:\/\/transparency.mk\/sq\/2023\/08\/17\/platforma-e-organizatave-te-shoqerise-civile-per-lufte-kunder-korrupsionit-kerkoi-doreheqjen-e-ljubomir-joveskit\/#article","isPartOf":{"@id":"https:\/\/transparency.mk\/sq\/2023\/08\/17\/platforma-e-organizatave-te-shoqerise-civile-per-lufte-kunder-korrupsionit-kerkoi-doreheqjen-e-ljubomir-joveskit\/"},"author":{"name":"Meto","@id":"https:\/\/transparency.mk\/#\/schema\/person\/441f90f705251dd361acf90fb32e6e7f"},"headline":"Platforma e Organizatave t\u00eb Shoq\u00ebris\u00eb Civile p\u00ebr Luft\u00eb Kund\u00ebr Korrupsionit k\u00ebrkoi dor\u00ebheqjen e Ljubomir Joveskit","datePublished":"2023-08-17T11:55:25+00:00","dateModified":"2023-08-29T11:58:44+00:00","mainEntityOfPage":{"@id":"https:\/\/transparency.mk\/sq\/2023\/08\/17\/platforma-e-organizatave-te-shoqerise-civile-per-lufte-kunder-korrupsionit-kerkoi-doreheqjen-e-ljubomir-joveskit\/"},"wordCount":811,"publisher":{"@id":"https:\/\/transparency.mk\/#organization"},"image":{"@id":"https:\/\/transparency.mk\/sq\/2023\/08\/17\/platforma-e-organizatave-te-shoqerise-civile-per-lufte-kunder-korrupsionit-kerkoi-doreheqjen-e-ljubomir-joveskit\/#primaryimage"},"thumbnailUrl":"https:\/\/transparency.mk\/wp-content\/uploads\/2023\/08\/justice-6570152_1920.png","articleSection":["Lajme"],"inLanguage":"sq-AL"},{"@type":"WebPage","@id":"https:\/\/transparency.mk\/sq\/2023\/08\/17\/platforma-e-organizatave-te-shoqerise-civile-per-lufte-kunder-korrupsionit-kerkoi-doreheqjen-e-ljubomir-joveskit\/","url":"https:\/\/transparency.mk\/sq\/2023\/08\/17\/platforma-e-organizatave-te-shoqerise-civile-per-lufte-kunder-korrupsionit-kerkoi-doreheqjen-e-ljubomir-joveskit\/","name":"Platforma e Organizatave t\u00eb Shoq\u00ebris\u00eb Civile p\u00ebr Luft\u00eb Kund\u00ebr Korrupsionit k\u00ebrkoi dor\u00ebheqjen e Ljubomir Joveskit - Transparency International","isPartOf":{"@id":"https:\/\/transparency.mk\/#website"},"primaryImageOfPage":{"@id":"https:\/\/transparency.mk\/sq\/2023\/08\/17\/platforma-e-organizatave-te-shoqerise-civile-per-lufte-kunder-korrupsionit-kerkoi-doreheqjen-e-ljubomir-joveskit\/#primaryimage"},"image":{"@id":"https:\/\/transparency.mk\/sq\/2023\/08\/17\/platforma-e-organizatave-te-shoqerise-civile-per-lufte-kunder-korrupsionit-kerkoi-doreheqjen-e-ljubomir-joveskit\/#primaryimage"},"thumbnailUrl":"https:\/\/transparency.mk\/wp-content\/uploads\/2023\/08\/justice-6570152_1920.png","datePublished":"2023-08-17T11:55:25+00:00","dateModified":"2023-08-29T11:58:44+00:00","breadcrumb":{"@id":"https:\/\/transparency.mk\/sq\/2023\/08\/17\/platforma-e-organizatave-te-shoqerise-civile-per-lufte-kunder-korrupsionit-kerkoi-doreheqjen-e-ljubomir-joveskit\/#breadcrumb"},"inLanguage":"sq-AL","potentialAction":[{"@type":"ReadAction","target":["https:\/\/transparency.mk\/sq\/2023\/08\/17\/platforma-e-organizatave-te-shoqerise-civile-per-lufte-kunder-korrupsionit-kerkoi-doreheqjen-e-ljubomir-joveskit\/"]}]},{"@type":"ImageObject","inLanguage":"sq-AL","@id":"https:\/\/transparency.mk\/sq\/2023\/08\/17\/platforma-e-organizatave-te-shoqerise-civile-per-lufte-kunder-korrupsionit-kerkoi-doreheqjen-e-ljubomir-joveskit\/#primaryimage","url":"https:\/\/transparency.mk\/wp-content\/uploads\/2023\/08\/justice-6570152_1920.png","contentUrl":"https:\/\/transparency.mk\/wp-content\/uploads\/2023\/08\/justice-6570152_1920.png","width":1920,"height":1551},{"@type":"BreadcrumbList","@id":"https:\/\/transparency.mk\/sq\/2023\/08\/17\/platforma-e-organizatave-te-shoqerise-civile-per-lufte-kunder-korrupsionit-kerkoi-doreheqjen-e-ljubomir-joveskit\/#breadcrumb","itemListElement":[{"@type":"ListItem","position":1,"name":"Home","item":"https:\/\/transparency.mk\/sq\/"},{"@type":"ListItem","position":2,"name":"Platforma e Organizatave t\u00eb Shoq\u00ebris\u00eb Civile p\u00ebr Luft\u00eb Kund\u00ebr Korrupsionit k\u00ebrkoi dor\u00ebheqjen e Ljubomir Joveskit"}]},{"@type":"WebSite","@id":"https:\/\/transparency.mk\/#website","url":"https:\/\/transparency.mk\/","name":"Transparency International","description":"Maqedoni","publisher":{"@id":"https:\/\/transparency.mk\/#organization"},"potentialAction":[{"@type":"SearchAction","target":{"@type":"EntryPoint","urlTemplate":"https:\/\/transparency.mk\/?s={search_term_string}"},"query-input":{"@type":"PropertyValueSpecification","valueRequired":true,"valueName":"search_term_string"}}],"inLanguage":"sq-AL"},{"@type":"Organization","@id":"https:\/\/transparency.mk\/#organization","name":"\u0422\u0440\u0430\u043d\u0441\u043f\u0430\u0440\u0435\u043d\u0441\u0438 \u0418\u043d\u0442\u0435\u0440\u043d\u0435\u0448\u043d\u043b - \u041c\u0430\u043a\u0435\u0434\u043e\u043d\u0438\u0458\u0430","url":"https:\/\/transparency.mk\/","logo":{"@type":"ImageObject","inLanguage":"sq-AL","@id":"https:\/\/transparency.mk\/#\/schema\/logo\/image\/","url":"https:\/\/transparency.mk\/wp-content\/uploads\/2020\/10\/transparency-mk-logo.png","contentUrl":"https:\/\/transparency.mk\/wp-content\/uploads\/2020\/10\/transparency-mk-logo.png","width":250,"height":75,"caption":"\u0422\u0440\u0430\u043d\u0441\u043f\u0430\u0440\u0435\u043d\u0441\u0438 \u0418\u043d\u0442\u0435\u0440\u043d\u0435\u0448\u043d\u043b - \u041c\u0430\u043a\u0435\u0434\u043e\u043d\u0438\u0458\u0430"},"image":{"@id":"https:\/\/transparency.mk\/#\/schema\/logo\/image\/"},"sameAs":["https:\/\/www.facebook.com\/TransparencyMK\/","https:\/\/x.com\/ti_macedonia","https:\/\/www.instagram.com\/timacedonia\/","https:\/\/youtube.com\/user\/tzcmacedonia\/"]},{"@type":"Person","@id":"https:\/\/transparency.mk\/#\/schema\/person\/441f90f705251dd361acf90fb32e6e7f","name":"Meto"}]}},"_links":{"self":[{"href":"https:\/\/transparency.mk\/sq\/wp-json\/wp\/v2\/posts\/12295","targetHints":{"allow":["GET"]}}],"collection":[{"href":"https:\/\/transparency.mk\/sq\/wp-json\/wp\/v2\/posts"}],"about":[{"href":"https:\/\/transparency.mk\/sq\/wp-json\/wp\/v2\/types\/post"}],"author":[{"embeddable":true,"href":"https:\/\/transparency.mk\/sq\/wp-json\/wp\/v2\/users\/3"}],"replies":[{"embeddable":true,"href":"https:\/\/transparency.mk\/sq\/wp-json\/wp\/v2\/comments?post=12295"}],"version-history":[{"count":2,"href":"https:\/\/transparency.mk\/sq\/wp-json\/wp\/v2\/posts\/12295\/revisions"}],"predecessor-version":[{"id":12297,"href":"https:\/\/transparency.mk\/sq\/wp-json\/wp\/v2\/posts\/12295\/revisions\/12297"}],"wp:featuredmedia":[{"embeddable":true,"href":"https:\/\/transparency.mk\/sq\/wp-json\/wp\/v2\/media\/12291"}],"wp:attachment":[{"href":"https:\/\/transparency.mk\/sq\/wp-json\/wp\/v2\/media?parent=12295"}],"wp:term":[{"taxonomy":"category","embeddable":true,"href":"https:\/\/transparency.mk\/sq\/wp-json\/wp\/v2\/categories?post=12295"},{"taxonomy":"post_tag","embeddable":true,"href":"https:\/\/transparency.mk\/sq\/wp-json\/wp\/v2\/tags?post=12295"}],"curies":[{"name":"wp","href":"https:\/\/api.w.org\/{rel}","templated":true}]}}