{"id":12304,"date":"2023-08-17T14:05:29","date_gmt":"2023-08-17T12:05:29","guid":{"rendered":"https:\/\/transparency.mk\/?p=12304"},"modified":"2023-08-29T14:06:52","modified_gmt":"2023-08-29T12:06:52","slug":"joveskit-i-kerkohet-doreheqja-kovacevski-beson-se-kryeprokurori-eshte-profesionist","status":"publish","type":"post","link":"https:\/\/transparency.mk\/sq\/2023\/08\/17\/joveskit-i-kerkohet-doreheqja-kovacevski-beson-se-kryeprokurori-eshte-profesionist\/","title":{"rendered":"Joveskit i k\u00ebrkohet dor\u00ebheqja, Kova\u00e7evski beson se kryeprokurori \u00ebsht\u00eb profesionist"},"content":{"rendered":"<p>Ljubomir Joveskit po i k\u00ebrkohet dor\u00ebheqja nga pozita e kryeprokurorit publik t\u00eb Republik\u00ebs s\u00eb Maqedonis\u00eb s\u00eb Veriut. K\u00ebt\u00eb sot e ka theksuar Platforma e organizatave civile p\u00ebr luft\u00eb kund\u00ebr korrupsionit, t\u00eb cil\u00ebt theksojn\u00eb se hetimi i prokurorit publik p\u00ebr zjarrin n\u00eb spitalin modular n\u00eb Tetov\u00eb nuk \u00ebsht\u00eb i plot\u00eb dhe nuk vler\u00ebson sa duhet konkluzionet e paraqitura n\u00eb Ekspertiz\u00ebn Zyrtare t\u00eb ekspert\u00ebve gjerman\u00eb.<\/p>\n<p><strong>PLATFORMA E ORGANIZATAVE CIVILE P\u00cbR LUFT\u00cbN KUND\u00cbR KORRUPSIONIT<\/strong><\/p>\n<p><strong>\u201cNga dokumentari \u201cVrasja n\u00eb Tetov\u00eb\u201d, hetimi i prokurorit publik p\u00ebr zjarrin n\u00eb spitalin modular n\u00eb Tetov\u00eb nuk \u00ebsht\u00eb i plot\u00eb dhe nuk vler\u00ebson sa duhet konkluzionet e paraqitura n\u00eb Ekspertiz\u00ebn Zyrtare t\u00eb ekspert\u00ebve gjerman\u00eb. Si rrjedhoj\u00eb, n\u00eb opinion po ngrihen dyshime p\u00ebr veprimet\u00a0 profesionale t\u00eb prokuroris\u00eb dhe neglizhenc\u00eb t\u00eb rrethanave q\u00eb mund t\u00eb zgjerojn\u00eb akuzat dhe t\u00eb inkriminojn\u00eb persona t\u00eb tjer\u00eb\u201d.<\/strong><\/p>\n<p>Nd\u00ebrkaq, kryeministri i vendit, Dimitar Kova\u00e7evski, i beson prokuroit Ljubomir Joveski, sipas tij, ai \u00ebsht\u00eb profesionist dhe \u00ebsht\u00eb n\u00eb dispozicion t\u00eb Kuvendit p\u00ebr t\u00eb ofruar t\u00eb gjitha informatat p\u00ebr t\u00eb gjitha rastet, si dhe p\u00ebr spitalin modular. Ai shtoi se t\u00eb gjith\u00eb duhet ta din\u00eb t\u00eb v\u00ebrtet\u00ebn.<\/p>\n<p>Burimi: <a href=\"https:\/\/almakos.com\/joveskit-i-kerkohet-doreheqja-kovacevski-beson-se-kryeprokurori-eshte-profesionist\/\">Almakos<\/a>.<\/p>\n<p>&nbsp;<\/p>\n","protected":false},"excerpt":{"rendered":"<p>Ljubomir Joveskit po i k\u00ebrkohet dor\u00ebheqja nga pozita e kryeprokurorit publik t\u00eb Republik\u00ebs s\u00eb Maqedonis\u00eb s\u00eb Veriut. K\u00ebt\u00eb sot e ka theksuar Platforma e organizatave civile p\u00ebr luft\u00eb kund\u00ebr korrupsionit, t\u00eb cil\u00ebt theksojn\u00eb se hetimi i prokurorit publik p\u00ebr zjarrin n\u00eb spitalin modular n\u00eb Tetov\u00eb nuk \u00ebsht\u00eb i plot\u00eb dhe nuk vler\u00ebson sa duhet konkluzionet&hellip;<\/p>\n","protected":false},"author":3,"featured_media":12301,"comment_status":"closed","ping_status":"open","sticky":false,"template":"","format":"standard","meta":{"_monsterinsights_skip_tracking":false,"_monsterinsights_sitenote_active":false,"_monsterinsights_sitenote_note":"","_monsterinsights_sitenote_category":0,"footnotes":""},"categories":[90],"tags":[],"class_list":["post-12304","post","type-post","status-publish","format-standard","has-post-thumbnail","hentry","category-lajme","category-90","description-off"],"yoast_head":"<!-- This site is optimized with the Yoast SEO plugin v25.8 - https:\/\/yoast.com\/wordpress\/plugins\/seo\/ -->\n<title>Joveskit i k\u00ebrkohet dor\u00ebheqja, Kova\u00e7evski beson se kryeprokurori \u00ebsht\u00eb profesionist - Transparency International<\/title>\n<meta name=\"robots\" content=\"index, follow, max-snippet:-1, max-image-preview:large, max-video-preview:-1\" \/>\n<link rel=\"canonical\" href=\"https:\/\/transparency.mk\/sq\/2023\/08\/17\/joveskit-i-kerkohet-doreheqja-kovacevski-beson-se-kryeprokurori-eshte-profesionist\/\" \/>\n<meta property=\"og:locale\" content=\"sq_AL\" \/>\n<meta property=\"og:type\" content=\"article\" \/>\n<meta property=\"og:title\" content=\"Joveskit i k\u00ebrkohet dor\u00ebheqja, Kova\u00e7evski beson se kryeprokurori \u00ebsht\u00eb profesionist - Transparency International\" \/>\n<meta property=\"og:description\" content=\"Ljubomir Joveskit po i k\u00ebrkohet dor\u00ebheqja nga pozita e kryeprokurorit publik t\u00eb Republik\u00ebs s\u00eb Maqedonis\u00eb s\u00eb Veriut. K\u00ebt\u00eb sot e ka theksuar Platforma e organizatave civile p\u00ebr luft\u00eb kund\u00ebr korrupsionit, t\u00eb cil\u00ebt theksojn\u00eb se hetimi i prokurorit publik p\u00ebr zjarrin n\u00eb spitalin modular n\u00eb Tetov\u00eb nuk \u00ebsht\u00eb i plot\u00eb dhe nuk vler\u00ebson sa duhet konkluzionet&hellip;\" \/>\n<meta property=\"og:url\" content=\"https:\/\/transparency.mk\/sq\/2023\/08\/17\/joveskit-i-kerkohet-doreheqja-kovacevski-beson-se-kryeprokurori-eshte-profesionist\/\" \/>\n<meta property=\"og:site_name\" content=\"Transparency International\" \/>\n<meta property=\"article:publisher\" content=\"https:\/\/www.facebook.com\/TransparencyMK\/\" \/>\n<meta property=\"article:published_time\" content=\"2023-08-17T12:05:29+00:00\" \/>\n<meta property=\"article:modified_time\" content=\"2023-08-29T12:06:52+00:00\" \/>\n<meta property=\"og:image\" content=\"https:\/\/transparency.mk\/wp-content\/uploads\/2023\/08\/law-and-order-6311493_1920.jpg\" \/>\n\t<meta property=\"og:image:width\" content=\"1920\" \/>\n\t<meta property=\"og:image:height\" content=\"1233\" \/>\n\t<meta property=\"og:image:type\" content=\"image\/jpeg\" \/>\n<meta name=\"author\" content=\"Meto\" \/>\n<meta name=\"twitter:card\" content=\"summary_large_image\" \/>\n<meta name=\"twitter:creator\" content=\"@ti_macedonia\" \/>\n<meta name=\"twitter:site\" content=\"@ti_macedonia\" \/>\n<meta name=\"twitter:label1\" content=\"Written by\" \/>\n\t<meta name=\"twitter:data1\" content=\"Meto\" \/>\n\t<meta name=\"twitter:label2\" content=\"Est. reading time\" \/>\n\t<meta name=\"twitter:data2\" content=\"1 minute\" \/>\n<script type=\"application\/ld+json\" class=\"yoast-schema-graph\">{\"@context\":\"https:\/\/schema.org\",\"@graph\":[{\"@type\":\"Article\",\"@id\":\"https:\/\/transparency.mk\/sq\/2023\/08\/17\/joveskit-i-kerkohet-doreheqja-kovacevski-beson-se-kryeprokurori-eshte-profesionist\/#article\",\"isPartOf\":{\"@id\":\"https:\/\/transparency.mk\/sq\/2023\/08\/17\/joveskit-i-kerkohet-doreheqja-kovacevski-beson-se-kryeprokurori-eshte-profesionist\/\"},\"author\":{\"name\":\"Meto\",\"@id\":\"https:\/\/transparency.mk\/#\/schema\/person\/441f90f705251dd361acf90fb32e6e7f\"},\"headline\":\"Joveskit i k\u00ebrkohet dor\u00ebheqja, Kova\u00e7evski beson se kryeprokurori \u00ebsht\u00eb profesionist\",\"datePublished\":\"2023-08-17T12:05:29+00:00\",\"dateModified\":\"2023-08-29T12:06:52+00:00\",\"mainEntityOfPage\":{\"@id\":\"https:\/\/transparency.mk\/sq\/2023\/08\/17\/joveskit-i-kerkohet-doreheqja-kovacevski-beson-se-kryeprokurori-eshte-profesionist\/\"},\"wordCount\":221,\"publisher\":{\"@id\":\"https:\/\/transparency.mk\/#organization\"},\"image\":{\"@id\":\"https:\/\/transparency.mk\/sq\/2023\/08\/17\/joveskit-i-kerkohet-doreheqja-kovacevski-beson-se-kryeprokurori-eshte-profesionist\/#primaryimage\"},\"thumbnailUrl\":\"https:\/\/transparency.mk\/wp-content\/uploads\/2023\/08\/law-and-order-6311493_1920.jpg\",\"articleSection\":[\"Lajme\"],\"inLanguage\":\"sq-AL\"},{\"@type\":\"WebPage\",\"@id\":\"https:\/\/transparency.mk\/sq\/2023\/08\/17\/joveskit-i-kerkohet-doreheqja-kovacevski-beson-se-kryeprokurori-eshte-profesionist\/\",\"url\":\"https:\/\/transparency.mk\/sq\/2023\/08\/17\/joveskit-i-kerkohet-doreheqja-kovacevski-beson-se-kryeprokurori-eshte-profesionist\/\",\"name\":\"Joveskit i k\u00ebrkohet dor\u00ebheqja, Kova\u00e7evski beson se kryeprokurori \u00ebsht\u00eb profesionist - Transparency International\",\"isPartOf\":{\"@id\":\"https:\/\/transparency.mk\/#website\"},\"primaryImageOfPage\":{\"@id\":\"https:\/\/transparency.mk\/sq\/2023\/08\/17\/joveskit-i-kerkohet-doreheqja-kovacevski-beson-se-kryeprokurori-eshte-profesionist\/#primaryimage\"},\"image\":{\"@id\":\"https:\/\/transparency.mk\/sq\/2023\/08\/17\/joveskit-i-kerkohet-doreheqja-kovacevski-beson-se-kryeprokurori-eshte-profesionist\/#primaryimage\"},\"thumbnailUrl\":\"https:\/\/transparency.mk\/wp-content\/uploads\/2023\/08\/law-and-order-6311493_1920.jpg\",\"datePublished\":\"2023-08-17T12:05:29+00:00\",\"dateModified\":\"2023-08-29T12:06:52+00:00\",\"breadcrumb\":{\"@id\":\"https:\/\/transparency.mk\/sq\/2023\/08\/17\/joveskit-i-kerkohet-doreheqja-kovacevski-beson-se-kryeprokurori-eshte-profesionist\/#breadcrumb\"},\"inLanguage\":\"sq-AL\",\"potentialAction\":[{\"@type\":\"ReadAction\",\"target\":[\"https:\/\/transparency.mk\/sq\/2023\/08\/17\/joveskit-i-kerkohet-doreheqja-kovacevski-beson-se-kryeprokurori-eshte-profesionist\/\"]}]},{\"@type\":\"ImageObject\",\"inLanguage\":\"sq-AL\",\"@id\":\"https:\/\/transparency.mk\/sq\/2023\/08\/17\/joveskit-i-kerkohet-doreheqja-kovacevski-beson-se-kryeprokurori-eshte-profesionist\/#primaryimage\",\"url\":\"https:\/\/transparency.mk\/wp-content\/uploads\/2023\/08\/law-and-order-6311493_1920.jpg\",\"contentUrl\":\"https:\/\/transparency.mk\/wp-content\/uploads\/2023\/08\/law-and-order-6311493_1920.jpg\",\"width\":1920,\"height\":1233},{\"@type\":\"BreadcrumbList\",\"@id\":\"https:\/\/transparency.mk\/sq\/2023\/08\/17\/joveskit-i-kerkohet-doreheqja-kovacevski-beson-se-kryeprokurori-eshte-profesionist\/#breadcrumb\",\"itemListElement\":[{\"@type\":\"ListItem\",\"position\":1,\"name\":\"Home\",\"item\":\"https:\/\/transparency.mk\/sq\/\"},{\"@type\":\"ListItem\",\"position\":2,\"name\":\"Joveskit i k\u00ebrkohet dor\u00ebheqja, Kova\u00e7evski beson se kryeprokurori \u00ebsht\u00eb profesionist\"}]},{\"@type\":\"WebSite\",\"@id\":\"https:\/\/transparency.mk\/#website\",\"url\":\"https:\/\/transparency.mk\/\",\"name\":\"Transparency International\",\"description\":\"Maqedoni\",\"publisher\":{\"@id\":\"https:\/\/transparency.mk\/#organization\"},\"potentialAction\":[{\"@type\":\"SearchAction\",\"target\":{\"@type\":\"EntryPoint\",\"urlTemplate\":\"https:\/\/transparency.mk\/?s={search_term_string}\"},\"query-input\":{\"@type\":\"PropertyValueSpecification\",\"valueRequired\":true,\"valueName\":\"search_term_string\"}}],\"inLanguage\":\"sq-AL\"},{\"@type\":\"Organization\",\"@id\":\"https:\/\/transparency.mk\/#organization\",\"name\":\"\u0422\u0440\u0430\u043d\u0441\u043f\u0430\u0440\u0435\u043d\u0441\u0438 \u0418\u043d\u0442\u0435\u0440\u043d\u0435\u0448\u043d\u043b - \u041c\u0430\u043a\u0435\u0434\u043e\u043d\u0438\u0458\u0430\",\"url\":\"https:\/\/transparency.mk\/\",\"logo\":{\"@type\":\"ImageObject\",\"inLanguage\":\"sq-AL\",\"@id\":\"https:\/\/transparency.mk\/#\/schema\/logo\/image\/\",\"url\":\"https:\/\/transparency.mk\/wp-content\/uploads\/2020\/10\/transparency-mk-logo.png\",\"contentUrl\":\"https:\/\/transparency.mk\/wp-content\/uploads\/2020\/10\/transparency-mk-logo.png\",\"width\":250,\"height\":75,\"caption\":\"\u0422\u0440\u0430\u043d\u0441\u043f\u0430\u0440\u0435\u043d\u0441\u0438 \u0418\u043d\u0442\u0435\u0440\u043d\u0435\u0448\u043d\u043b - \u041c\u0430\u043a\u0435\u0434\u043e\u043d\u0438\u0458\u0430\"},\"image\":{\"@id\":\"https:\/\/transparency.mk\/#\/schema\/logo\/image\/\"},\"sameAs\":[\"https:\/\/www.facebook.com\/TransparencyMK\/\",\"https:\/\/x.com\/ti_macedonia\",\"https:\/\/www.instagram.com\/timacedonia\/\",\"https:\/\/youtube.com\/user\/tzcmacedonia\/\"]},{\"@type\":\"Person\",\"@id\":\"https:\/\/transparency.mk\/#\/schema\/person\/441f90f705251dd361acf90fb32e6e7f\",\"name\":\"Meto\"}]}<\/script>\n<!-- \/ Yoast SEO plugin. -->","yoast_head_json":{"title":"Joveskit i k\u00ebrkohet dor\u00ebheqja, Kova\u00e7evski beson se kryeprokurori \u00ebsht\u00eb profesionist - Transparency International","robots":{"index":"index","follow":"follow","max-snippet":"max-snippet:-1","max-image-preview":"max-image-preview:large","max-video-preview":"max-video-preview:-1"},"canonical":"https:\/\/transparency.mk\/sq\/2023\/08\/17\/joveskit-i-kerkohet-doreheqja-kovacevski-beson-se-kryeprokurori-eshte-profesionist\/","og_locale":"sq_AL","og_type":"article","og_title":"Joveskit i k\u00ebrkohet dor\u00ebheqja, Kova\u00e7evski beson se kryeprokurori \u00ebsht\u00eb profesionist - Transparency International","og_description":"Ljubomir Joveskit po i k\u00ebrkohet dor\u00ebheqja nga pozita e kryeprokurorit publik t\u00eb Republik\u00ebs s\u00eb Maqedonis\u00eb s\u00eb Veriut. K\u00ebt\u00eb sot e ka theksuar Platforma e organizatave civile p\u00ebr luft\u00eb kund\u00ebr korrupsionit, t\u00eb cil\u00ebt theksojn\u00eb se hetimi i prokurorit publik p\u00ebr zjarrin n\u00eb spitalin modular n\u00eb Tetov\u00eb nuk \u00ebsht\u00eb i plot\u00eb dhe nuk vler\u00ebson sa duhet konkluzionet&hellip;","og_url":"https:\/\/transparency.mk\/sq\/2023\/08\/17\/joveskit-i-kerkohet-doreheqja-kovacevski-beson-se-kryeprokurori-eshte-profesionist\/","og_site_name":"Transparency International","article_publisher":"https:\/\/www.facebook.com\/TransparencyMK\/","article_published_time":"2023-08-17T12:05:29+00:00","article_modified_time":"2023-08-29T12:06:52+00:00","og_image":[{"width":1920,"height":1233,"url":"https:\/\/transparency.mk\/wp-content\/uploads\/2023\/08\/law-and-order-6311493_1920.jpg","type":"image\/jpeg"}],"author":"Meto","twitter_card":"summary_large_image","twitter_creator":"@ti_macedonia","twitter_site":"@ti_macedonia","twitter_misc":{"Written by":"Meto","Est. reading time":"1 minute"},"schema":{"@context":"https:\/\/schema.org","@graph":[{"@type":"Article","@id":"https:\/\/transparency.mk\/sq\/2023\/08\/17\/joveskit-i-kerkohet-doreheqja-kovacevski-beson-se-kryeprokurori-eshte-profesionist\/#article","isPartOf":{"@id":"https:\/\/transparency.mk\/sq\/2023\/08\/17\/joveskit-i-kerkohet-doreheqja-kovacevski-beson-se-kryeprokurori-eshte-profesionist\/"},"author":{"name":"Meto","@id":"https:\/\/transparency.mk\/#\/schema\/person\/441f90f705251dd361acf90fb32e6e7f"},"headline":"Joveskit i k\u00ebrkohet dor\u00ebheqja, Kova\u00e7evski beson se kryeprokurori \u00ebsht\u00eb profesionist","datePublished":"2023-08-17T12:05:29+00:00","dateModified":"2023-08-29T12:06:52+00:00","mainEntityOfPage":{"@id":"https:\/\/transparency.mk\/sq\/2023\/08\/17\/joveskit-i-kerkohet-doreheqja-kovacevski-beson-se-kryeprokurori-eshte-profesionist\/"},"wordCount":221,"publisher":{"@id":"https:\/\/transparency.mk\/#organization"},"image":{"@id":"https:\/\/transparency.mk\/sq\/2023\/08\/17\/joveskit-i-kerkohet-doreheqja-kovacevski-beson-se-kryeprokurori-eshte-profesionist\/#primaryimage"},"thumbnailUrl":"https:\/\/transparency.mk\/wp-content\/uploads\/2023\/08\/law-and-order-6311493_1920.jpg","articleSection":["Lajme"],"inLanguage":"sq-AL"},{"@type":"WebPage","@id":"https:\/\/transparency.mk\/sq\/2023\/08\/17\/joveskit-i-kerkohet-doreheqja-kovacevski-beson-se-kryeprokurori-eshte-profesionist\/","url":"https:\/\/transparency.mk\/sq\/2023\/08\/17\/joveskit-i-kerkohet-doreheqja-kovacevski-beson-se-kryeprokurori-eshte-profesionist\/","name":"Joveskit i k\u00ebrkohet dor\u00ebheqja, Kova\u00e7evski beson se kryeprokurori \u00ebsht\u00eb profesionist - Transparency International","isPartOf":{"@id":"https:\/\/transparency.mk\/#website"},"primaryImageOfPage":{"@id":"https:\/\/transparency.mk\/sq\/2023\/08\/17\/joveskit-i-kerkohet-doreheqja-kovacevski-beson-se-kryeprokurori-eshte-profesionist\/#primaryimage"},"image":{"@id":"https:\/\/transparency.mk\/sq\/2023\/08\/17\/joveskit-i-kerkohet-doreheqja-kovacevski-beson-se-kryeprokurori-eshte-profesionist\/#primaryimage"},"thumbnailUrl":"https:\/\/transparency.mk\/wp-content\/uploads\/2023\/08\/law-and-order-6311493_1920.jpg","datePublished":"2023-08-17T12:05:29+00:00","dateModified":"2023-08-29T12:06:52+00:00","breadcrumb":{"@id":"https:\/\/transparency.mk\/sq\/2023\/08\/17\/joveskit-i-kerkohet-doreheqja-kovacevski-beson-se-kryeprokurori-eshte-profesionist\/#breadcrumb"},"inLanguage":"sq-AL","potentialAction":[{"@type":"ReadAction","target":["https:\/\/transparency.mk\/sq\/2023\/08\/17\/joveskit-i-kerkohet-doreheqja-kovacevski-beson-se-kryeprokurori-eshte-profesionist\/"]}]},{"@type":"ImageObject","inLanguage":"sq-AL","@id":"https:\/\/transparency.mk\/sq\/2023\/08\/17\/joveskit-i-kerkohet-doreheqja-kovacevski-beson-se-kryeprokurori-eshte-profesionist\/#primaryimage","url":"https:\/\/transparency.mk\/wp-content\/uploads\/2023\/08\/law-and-order-6311493_1920.jpg","contentUrl":"https:\/\/transparency.mk\/wp-content\/uploads\/2023\/08\/law-and-order-6311493_1920.jpg","width":1920,"height":1233},{"@type":"BreadcrumbList","@id":"https:\/\/transparency.mk\/sq\/2023\/08\/17\/joveskit-i-kerkohet-doreheqja-kovacevski-beson-se-kryeprokurori-eshte-profesionist\/#breadcrumb","itemListElement":[{"@type":"ListItem","position":1,"name":"Home","item":"https:\/\/transparency.mk\/sq\/"},{"@type":"ListItem","position":2,"name":"Joveskit i k\u00ebrkohet dor\u00ebheqja, Kova\u00e7evski beson se kryeprokurori \u00ebsht\u00eb profesionist"}]},{"@type":"WebSite","@id":"https:\/\/transparency.mk\/#website","url":"https:\/\/transparency.mk\/","name":"Transparency International","description":"Maqedoni","publisher":{"@id":"https:\/\/transparency.mk\/#organization"},"potentialAction":[{"@type":"SearchAction","target":{"@type":"EntryPoint","urlTemplate":"https:\/\/transparency.mk\/?s={search_term_string}"},"query-input":{"@type":"PropertyValueSpecification","valueRequired":true,"valueName":"search_term_string"}}],"inLanguage":"sq-AL"},{"@type":"Organization","@id":"https:\/\/transparency.mk\/#organization","name":"\u0422\u0440\u0430\u043d\u0441\u043f\u0430\u0440\u0435\u043d\u0441\u0438 \u0418\u043d\u0442\u0435\u0440\u043d\u0435\u0448\u043d\u043b - \u041c\u0430\u043a\u0435\u0434\u043e\u043d\u0438\u0458\u0430","url":"https:\/\/transparency.mk\/","logo":{"@type":"ImageObject","inLanguage":"sq-AL","@id":"https:\/\/transparency.mk\/#\/schema\/logo\/image\/","url":"https:\/\/transparency.mk\/wp-content\/uploads\/2020\/10\/transparency-mk-logo.png","contentUrl":"https:\/\/transparency.mk\/wp-content\/uploads\/2020\/10\/transparency-mk-logo.png","width":250,"height":75,"caption":"\u0422\u0440\u0430\u043d\u0441\u043f\u0430\u0440\u0435\u043d\u0441\u0438 \u0418\u043d\u0442\u0435\u0440\u043d\u0435\u0448\u043d\u043b - \u041c\u0430\u043a\u0435\u0434\u043e\u043d\u0438\u0458\u0430"},"image":{"@id":"https:\/\/transparency.mk\/#\/schema\/logo\/image\/"},"sameAs":["https:\/\/www.facebook.com\/TransparencyMK\/","https:\/\/x.com\/ti_macedonia","https:\/\/www.instagram.com\/timacedonia\/","https:\/\/youtube.com\/user\/tzcmacedonia\/"]},{"@type":"Person","@id":"https:\/\/transparency.mk\/#\/schema\/person\/441f90f705251dd361acf90fb32e6e7f","name":"Meto"}]}},"_links":{"self":[{"href":"https:\/\/transparency.mk\/sq\/wp-json\/wp\/v2\/posts\/12304","targetHints":{"allow":["GET"]}}],"collection":[{"href":"https:\/\/transparency.mk\/sq\/wp-json\/wp\/v2\/posts"}],"about":[{"href":"https:\/\/transparency.mk\/sq\/wp-json\/wp\/v2\/types\/post"}],"author":[{"embeddable":true,"href":"https:\/\/transparency.mk\/sq\/wp-json\/wp\/v2\/users\/3"}],"replies":[{"embeddable":true,"href":"https:\/\/transparency.mk\/sq\/wp-json\/wp\/v2\/comments?post=12304"}],"version-history":[{"count":1,"href":"https:\/\/transparency.mk\/sq\/wp-json\/wp\/v2\/posts\/12304\/revisions"}],"predecessor-version":[{"id":12305,"href":"https:\/\/transparency.mk\/sq\/wp-json\/wp\/v2\/posts\/12304\/revisions\/12305"}],"wp:featuredmedia":[{"embeddable":true,"href":"https:\/\/transparency.mk\/sq\/wp-json\/wp\/v2\/media\/12301"}],"wp:attachment":[{"href":"https:\/\/transparency.mk\/sq\/wp-json\/wp\/v2\/media?parent=12304"}],"wp:term":[{"taxonomy":"category","embeddable":true,"href":"https:\/\/transparency.mk\/sq\/wp-json\/wp\/v2\/categories?post=12304"},{"taxonomy":"post_tag","embeddable":true,"href":"https:\/\/transparency.mk\/sq\/wp-json\/wp\/v2\/tags?post=12304"}],"curies":[{"name":"wp","href":"https:\/\/api.w.org\/{rel}","templated":true}]}}