{"id":13287,"date":"2024-01-30T14:44:28","date_gmt":"2024-01-30T13:44:28","guid":{"rendered":"https:\/\/transparency.mk\/?p=13287"},"modified":"2024-02-06T14:46:43","modified_gmt":"2024-02-06T13:46:43","slug":"13287","status":"publish","type":"post","link":"https:\/\/transparency.mk\/sq\/2024\/01\/30\/13287\/","title":{"rendered":"Maqedonia e Veriut n\u00eb t\u00eb nj\u00ebjt\u00ebn pozit\u00eb me Moldavin\u00eb dhe Kub\u00ebn p\u00ebr korrupsionin"},"content":{"rendered":"<p>N\u00eb Maqedonin\u00eb e Veriut korrupsioni \u00ebsht\u00eb ende n\u00eb nivel shum\u00eb t\u00eb lart\u00eb dhe nuk ka p\u00ebrmir\u00ebsim real n\u00eb pun\u00ebn e shumic\u00ebs s\u00eb institucioneve q\u00eb duhet t\u00eb jen\u00eb n\u00eb krye t\u00eb luft\u00ebs kund\u00ebr korrupsionit, deklaroi kryetari i organizat\u00ebs \u201cTransparency International Macedonia\u201d Bllagoja Pandovski gjat\u00eb prezentimit t\u00eb rezultateve t\u00eb indeksit t\u00eb Perceptimeve t\u00eb Korrupsionit p\u00ebr vitin 2023.\u00a0 Ai sqaroi se analiza p\u00ebrfshin 180 shtete t\u00eb bot\u00ebs, ku RMV radhitet e 76 me 42 pik\u00eb t\u00eb realizuara nga gjithsej 100. Ai theksoi se \u00e7do rezultat n\u00ebn 50 pik\u00eb tregon p\u00ebr probleme serioze t\u00eb korrupsionit n\u00eb sektorin publik.<\/p>\n<p><strong>BLLAGOJA PANDOVSKI, KRYETAR I ORGANIZAT\u00cbS \u201cTRANSPARENCY INTRNATIONAL MACEDONIA\u201c<\/strong><\/p>\n<p><em>\u201cIndeksi i Perceptimit t\u00eb Korrupsionit p\u00ebr vitin 2023 e rendit Maqedonin\u00eb e Veriut n\u00eb pozit\u00ebn e 76-t\u00eb me 42 pik\u00eb, q\u00eb \u00ebsht\u00eb vet\u00ebm 2 pik\u00eb m\u00eb shum\u00eb se rezultatet e paraqitura n\u00eb lidhje me Indeksin e Korrupsionit p\u00ebr vitin 2022 kur RMV kishte 40 pik\u00eb. Megjithat\u00eb, k\u00ebto 2 pik\u00eb rezultuan me nj\u00eb k\u00ebrcim n\u00eb pozit\u00ebn e RMV-s\u00eb\u00a0 p\u00ebr 9 vende m\u00eb lart n\u00eb tabel\u00eb, k\u00ebshtu q\u00eb p\u00ebr dallim nga viti i kaluar kur \u00a0ishim n\u00eb vendin e 85, k\u00ebt\u00eb vit jemi n\u00eb pozit\u00ebn e 76. Sa i p\u00ebrket rezultateve t\u00eb marra p\u00ebr Indeksin e fundit t\u00eb Perceptimit t\u00eb Korrupsionit, mendimi yn\u00eb \u00ebsht\u00eb se n\u00eb Maqedoni korrupsioni \u00ebsht\u00eb ende n\u00eb nivel shum\u00eb t\u00eb lart\u00eb\u201d.<\/em><\/p>\n<p><iframe loading=\"lazy\" title=\"Maqedonia e Veriut n\u00eb t\u00eb nj\u00ebjt\u00ebn pozit\u00eb me Moldavin\u00eb dhe Kub\u00ebn p\u00ebr korrupsionin\" width=\"1200\" height=\"675\" src=\"https:\/\/www.youtube.com\/embed\/3COo8HanKBU?feature=oembed\" frameborder=\"0\" allow=\"accelerometer; autoplay; clipboard-write; encrypted-media; gyroscope; picture-in-picture; web-share\" allowfullscreen><\/iframe><\/p>\n<p>Pandovski tha se ndryshimi i kodit penal i cili solli uljen e d\u00ebnimit me burg dhe shkurtimin e afatit p\u00ebr vjet\u00ebrsimin e veprave p\u00ebr keqp\u00ebrdorim t\u00eb detyr\u00ebs zyrtare i cili sipas tij u soll n\u00eb m\u00ebnyr\u00eb jotransparente dhe me procedure t\u00eb shpejt\u00eb , presioni mbi gjyq\u00ebsorin si\u00e7 kishte deklaruar kryetarja e Gjykat\u00ebs s\u00eb Lart\u00eb, Besa Ademi , skandalet me pun\u00ebsimet partiake, zgjedhjet e ardhshme parlamentare dhe rasti i sulmit ndaj punonj\u00ebsve t\u00eb M-NAV-s\u00eb, i cili shkaktoi nj\u00eb num\u00ebr t\u00eb madh komentesh negative si nga opinioni profesional vendas ashtu edhe nga aktor\u00ebt nd\u00ebrkomb\u00ebtar\u00eb n\u00eb vend, jan\u00eb l\u00ebnd\u00eb t\u00eb pafavorshme n\u00eb seksionin e sanksionimit dhe luft\u00ebs kund\u00ebr korrupsionit. \u201cInstitucionet e sistemit mbeten t\u00eb shurdh\u00ebr ndaj kritikave dhe rekomandimeve p\u00ebr luft\u00ebn kund\u00ebr korrupsionit, gj\u00eb q\u00eb v\u00ebrehet n\u00eb faktin se shpesh n\u00eb opinion shpaloset nga nj\u00eb skandal korruptiv\u201d tha Pandovski.<\/p>\n<p>Burimi: <a href=\"https:\/\/shenja.tv\/video-maqedonia-e-veriut-ne-te-njejten-pozite-me-moldavine-dhe-kuben-per-korrupsionin\/\">Tv Shenja<\/a><\/p>\n<p>&nbsp;<\/p>\n","protected":false},"excerpt":{"rendered":"<p>N\u00eb Maqedonin\u00eb e Veriut korrupsioni \u00ebsht\u00eb ende n\u00eb nivel shum\u00eb t\u00eb lart\u00eb dhe nuk ka p\u00ebrmir\u00ebsim real n\u00eb pun\u00ebn e shumic\u00ebs s\u00eb institucioneve q\u00eb duhet t\u00eb jen\u00eb n\u00eb krye t\u00eb luft\u00ebs kund\u00ebr korrupsionit, deklaroi kryetari i organizat\u00ebs \u201cTransparency International Macedonia\u201d Bllagoja Pandovski gjat\u00eb prezentimit t\u00eb rezultateve t\u00eb indeksit t\u00eb Perceptimeve t\u00eb Korrupsionit p\u00ebr vitin 2023.\u00a0&hellip;<\/p>\n","protected":false},"author":3,"featured_media":13243,"comment_status":"closed","ping_status":"open","sticky":false,"template":"","format":"standard","meta":{"_monsterinsights_skip_tracking":false,"_monsterinsights_sitenote_active":false,"_monsterinsights_sitenote_note":"","_monsterinsights_sitenote_category":0,"footnotes":""},"categories":[90],"tags":[],"class_list":["post-13287","post","type-post","status-publish","format-standard","has-post-thumbnail","hentry","category-lajme","category-90","description-off"],"yoast_head":"<!-- This site is optimized with the Yoast SEO plugin v25.8 - https:\/\/yoast.com\/wordpress\/plugins\/seo\/ -->\n<title>Maqedonia e Veriut n\u00eb t\u00eb nj\u00ebjt\u00ebn pozit\u00eb me Moldavin\u00eb dhe Kub\u00ebn p\u00ebr korrupsionin - Transparency International<\/title>\n<meta name=\"robots\" content=\"index, follow, max-snippet:-1, max-image-preview:large, max-video-preview:-1\" \/>\n<link rel=\"canonical\" href=\"https:\/\/transparency.mk\/sq\/2024\/01\/30\/13287\/\" \/>\n<meta property=\"og:locale\" content=\"sq_AL\" \/>\n<meta property=\"og:type\" content=\"article\" \/>\n<meta property=\"og:title\" content=\"Maqedonia e Veriut n\u00eb t\u00eb nj\u00ebjt\u00ebn pozit\u00eb me Moldavin\u00eb dhe Kub\u00ebn p\u00ebr korrupsionin - Transparency International\" \/>\n<meta property=\"og:description\" content=\"N\u00eb Maqedonin\u00eb e Veriut korrupsioni \u00ebsht\u00eb ende n\u00eb nivel shum\u00eb t\u00eb lart\u00eb dhe nuk ka p\u00ebrmir\u00ebsim real n\u00eb pun\u00ebn e shumic\u00ebs s\u00eb institucioneve q\u00eb duhet t\u00eb jen\u00eb n\u00eb krye t\u00eb luft\u00ebs kund\u00ebr korrupsionit, deklaroi kryetari i organizat\u00ebs \u201cTransparency International Macedonia\u201d Bllagoja Pandovski gjat\u00eb prezentimit t\u00eb rezultateve t\u00eb indeksit t\u00eb Perceptimeve t\u00eb Korrupsionit p\u00ebr vitin 2023.\u00a0&hellip;\" \/>\n<meta property=\"og:url\" content=\"https:\/\/transparency.mk\/sq\/2024\/01\/30\/13287\/\" \/>\n<meta property=\"og:site_name\" content=\"Transparency International\" \/>\n<meta property=\"article:publisher\" content=\"https:\/\/www.facebook.com\/TransparencyMK\/\" \/>\n<meta property=\"article:published_time\" content=\"2024-01-30T13:44:28+00:00\" \/>\n<meta property=\"article:modified_time\" content=\"2024-02-06T13:46:43+00:00\" \/>\n<meta property=\"og:image\" content=\"https:\/\/transparency.mk\/wp-content\/uploads\/2024\/01\/1infografik-cpi-2023-2.png\" \/>\n\t<meta property=\"og:image:width\" content=\"905\" \/>\n\t<meta property=\"og:image:height\" content=\"537\" \/>\n\t<meta property=\"og:image:type\" content=\"image\/png\" \/>\n<meta name=\"author\" content=\"Meto\" \/>\n<meta name=\"twitter:card\" content=\"summary_large_image\" \/>\n<meta name=\"twitter:creator\" content=\"@ti_macedonia\" \/>\n<meta name=\"twitter:site\" content=\"@ti_macedonia\" \/>\n<meta name=\"twitter:label1\" content=\"Written by\" \/>\n\t<meta name=\"twitter:data1\" content=\"Meto\" \/>\n\t<meta name=\"twitter:label2\" content=\"Est. reading time\" \/>\n\t<meta name=\"twitter:data2\" content=\"2 minutes\" \/>\n<script type=\"application\/ld+json\" class=\"yoast-schema-graph\">{\"@context\":\"https:\/\/schema.org\",\"@graph\":[{\"@type\":\"Article\",\"@id\":\"https:\/\/transparency.mk\/sq\/2024\/01\/30\/13287\/#article\",\"isPartOf\":{\"@id\":\"https:\/\/transparency.mk\/sq\/2024\/01\/30\/13287\/\"},\"author\":{\"name\":\"Meto\",\"@id\":\"https:\/\/transparency.mk\/#\/schema\/person\/441f90f705251dd361acf90fb32e6e7f\"},\"headline\":\"Maqedonia e Veriut n\u00eb t\u00eb nj\u00ebjt\u00ebn pozit\u00eb me Moldavin\u00eb dhe Kub\u00ebn p\u00ebr korrupsionin\",\"datePublished\":\"2024-01-30T13:44:28+00:00\",\"dateModified\":\"2024-02-06T13:46:43+00:00\",\"mainEntityOfPage\":{\"@id\":\"https:\/\/transparency.mk\/sq\/2024\/01\/30\/13287\/\"},\"wordCount\":415,\"publisher\":{\"@id\":\"https:\/\/transparency.mk\/#organization\"},\"image\":{\"@id\":\"https:\/\/transparency.mk\/sq\/2024\/01\/30\/13287\/#primaryimage\"},\"thumbnailUrl\":\"https:\/\/transparency.mk\/wp-content\/uploads\/2024\/01\/1infografik-cpi-2023-2.png\",\"articleSection\":[\"Lajme\"],\"inLanguage\":\"sq-AL\"},{\"@type\":\"WebPage\",\"@id\":\"https:\/\/transparency.mk\/sq\/2024\/01\/30\/13287\/\",\"url\":\"https:\/\/transparency.mk\/sq\/2024\/01\/30\/13287\/\",\"name\":\"Maqedonia e Veriut n\u00eb t\u00eb nj\u00ebjt\u00ebn pozit\u00eb me Moldavin\u00eb dhe Kub\u00ebn p\u00ebr korrupsionin - Transparency International\",\"isPartOf\":{\"@id\":\"https:\/\/transparency.mk\/#website\"},\"primaryImageOfPage\":{\"@id\":\"https:\/\/transparency.mk\/sq\/2024\/01\/30\/13287\/#primaryimage\"},\"image\":{\"@id\":\"https:\/\/transparency.mk\/sq\/2024\/01\/30\/13287\/#primaryimage\"},\"thumbnailUrl\":\"https:\/\/transparency.mk\/wp-content\/uploads\/2024\/01\/1infografik-cpi-2023-2.png\",\"datePublished\":\"2024-01-30T13:44:28+00:00\",\"dateModified\":\"2024-02-06T13:46:43+00:00\",\"breadcrumb\":{\"@id\":\"https:\/\/transparency.mk\/sq\/2024\/01\/30\/13287\/#breadcrumb\"},\"inLanguage\":\"sq-AL\",\"potentialAction\":[{\"@type\":\"ReadAction\",\"target\":[\"https:\/\/transparency.mk\/sq\/2024\/01\/30\/13287\/\"]}]},{\"@type\":\"ImageObject\",\"inLanguage\":\"sq-AL\",\"@id\":\"https:\/\/transparency.mk\/sq\/2024\/01\/30\/13287\/#primaryimage\",\"url\":\"https:\/\/transparency.mk\/wp-content\/uploads\/2024\/01\/1infografik-cpi-2023-2.png\",\"contentUrl\":\"https:\/\/transparency.mk\/wp-content\/uploads\/2024\/01\/1infografik-cpi-2023-2.png\",\"width\":905,\"height\":537},{\"@type\":\"BreadcrumbList\",\"@id\":\"https:\/\/transparency.mk\/sq\/2024\/01\/30\/13287\/#breadcrumb\",\"itemListElement\":[{\"@type\":\"ListItem\",\"position\":1,\"name\":\"Home\",\"item\":\"https:\/\/transparency.mk\/sq\/\"},{\"@type\":\"ListItem\",\"position\":2,\"name\":\"Maqedonia e Veriut n\u00eb t\u00eb nj\u00ebjt\u00ebn pozit\u00eb me Moldavin\u00eb dhe Kub\u00ebn p\u00ebr korrupsionin\"}]},{\"@type\":\"WebSite\",\"@id\":\"https:\/\/transparency.mk\/#website\",\"url\":\"https:\/\/transparency.mk\/\",\"name\":\"Transparency International\",\"description\":\"Maqedoni\",\"publisher\":{\"@id\":\"https:\/\/transparency.mk\/#organization\"},\"potentialAction\":[{\"@type\":\"SearchAction\",\"target\":{\"@type\":\"EntryPoint\",\"urlTemplate\":\"https:\/\/transparency.mk\/?s={search_term_string}\"},\"query-input\":{\"@type\":\"PropertyValueSpecification\",\"valueRequired\":true,\"valueName\":\"search_term_string\"}}],\"inLanguage\":\"sq-AL\"},{\"@type\":\"Organization\",\"@id\":\"https:\/\/transparency.mk\/#organization\",\"name\":\"\u0422\u0440\u0430\u043d\u0441\u043f\u0430\u0440\u0435\u043d\u0441\u0438 \u0418\u043d\u0442\u0435\u0440\u043d\u0435\u0448\u043d\u043b - \u041c\u0430\u043a\u0435\u0434\u043e\u043d\u0438\u0458\u0430\",\"url\":\"https:\/\/transparency.mk\/\",\"logo\":{\"@type\":\"ImageObject\",\"inLanguage\":\"sq-AL\",\"@id\":\"https:\/\/transparency.mk\/#\/schema\/logo\/image\/\",\"url\":\"https:\/\/transparency.mk\/wp-content\/uploads\/2020\/10\/transparency-mk-logo.png\",\"contentUrl\":\"https:\/\/transparency.mk\/wp-content\/uploads\/2020\/10\/transparency-mk-logo.png\",\"width\":250,\"height\":75,\"caption\":\"\u0422\u0440\u0430\u043d\u0441\u043f\u0430\u0440\u0435\u043d\u0441\u0438 \u0418\u043d\u0442\u0435\u0440\u043d\u0435\u0448\u043d\u043b - \u041c\u0430\u043a\u0435\u0434\u043e\u043d\u0438\u0458\u0430\"},\"image\":{\"@id\":\"https:\/\/transparency.mk\/#\/schema\/logo\/image\/\"},\"sameAs\":[\"https:\/\/www.facebook.com\/TransparencyMK\/\",\"https:\/\/x.com\/ti_macedonia\",\"https:\/\/www.instagram.com\/timacedonia\/\",\"https:\/\/youtube.com\/user\/tzcmacedonia\/\"]},{\"@type\":\"Person\",\"@id\":\"https:\/\/transparency.mk\/#\/schema\/person\/441f90f705251dd361acf90fb32e6e7f\",\"name\":\"Meto\"}]}<\/script>\n<!-- \/ Yoast SEO plugin. -->","yoast_head_json":{"title":"Maqedonia e Veriut n\u00eb t\u00eb nj\u00ebjt\u00ebn pozit\u00eb me Moldavin\u00eb dhe Kub\u00ebn p\u00ebr korrupsionin - Transparency International","robots":{"index":"index","follow":"follow","max-snippet":"max-snippet:-1","max-image-preview":"max-image-preview:large","max-video-preview":"max-video-preview:-1"},"canonical":"https:\/\/transparency.mk\/sq\/2024\/01\/30\/13287\/","og_locale":"sq_AL","og_type":"article","og_title":"Maqedonia e Veriut n\u00eb t\u00eb nj\u00ebjt\u00ebn pozit\u00eb me Moldavin\u00eb dhe Kub\u00ebn p\u00ebr korrupsionin - Transparency International","og_description":"N\u00eb Maqedonin\u00eb e Veriut korrupsioni \u00ebsht\u00eb ende n\u00eb nivel shum\u00eb t\u00eb lart\u00eb dhe nuk ka p\u00ebrmir\u00ebsim real n\u00eb pun\u00ebn e shumic\u00ebs s\u00eb institucioneve q\u00eb duhet t\u00eb jen\u00eb n\u00eb krye t\u00eb luft\u00ebs kund\u00ebr korrupsionit, deklaroi kryetari i organizat\u00ebs \u201cTransparency International Macedonia\u201d Bllagoja Pandovski gjat\u00eb prezentimit t\u00eb rezultateve t\u00eb indeksit t\u00eb Perceptimeve t\u00eb Korrupsionit p\u00ebr vitin 2023.\u00a0&hellip;","og_url":"https:\/\/transparency.mk\/sq\/2024\/01\/30\/13287\/","og_site_name":"Transparency International","article_publisher":"https:\/\/www.facebook.com\/TransparencyMK\/","article_published_time":"2024-01-30T13:44:28+00:00","article_modified_time":"2024-02-06T13:46:43+00:00","og_image":[{"width":905,"height":537,"url":"https:\/\/transparency.mk\/wp-content\/uploads\/2024\/01\/1infografik-cpi-2023-2.png","type":"image\/png"}],"author":"Meto","twitter_card":"summary_large_image","twitter_creator":"@ti_macedonia","twitter_site":"@ti_macedonia","twitter_misc":{"Written by":"Meto","Est. reading time":"2 minutes"},"schema":{"@context":"https:\/\/schema.org","@graph":[{"@type":"Article","@id":"https:\/\/transparency.mk\/sq\/2024\/01\/30\/13287\/#article","isPartOf":{"@id":"https:\/\/transparency.mk\/sq\/2024\/01\/30\/13287\/"},"author":{"name":"Meto","@id":"https:\/\/transparency.mk\/#\/schema\/person\/441f90f705251dd361acf90fb32e6e7f"},"headline":"Maqedonia e Veriut n\u00eb t\u00eb nj\u00ebjt\u00ebn pozit\u00eb me Moldavin\u00eb dhe Kub\u00ebn p\u00ebr korrupsionin","datePublished":"2024-01-30T13:44:28+00:00","dateModified":"2024-02-06T13:46:43+00:00","mainEntityOfPage":{"@id":"https:\/\/transparency.mk\/sq\/2024\/01\/30\/13287\/"},"wordCount":415,"publisher":{"@id":"https:\/\/transparency.mk\/#organization"},"image":{"@id":"https:\/\/transparency.mk\/sq\/2024\/01\/30\/13287\/#primaryimage"},"thumbnailUrl":"https:\/\/transparency.mk\/wp-content\/uploads\/2024\/01\/1infografik-cpi-2023-2.png","articleSection":["Lajme"],"inLanguage":"sq-AL"},{"@type":"WebPage","@id":"https:\/\/transparency.mk\/sq\/2024\/01\/30\/13287\/","url":"https:\/\/transparency.mk\/sq\/2024\/01\/30\/13287\/","name":"Maqedonia e Veriut n\u00eb t\u00eb nj\u00ebjt\u00ebn pozit\u00eb me Moldavin\u00eb dhe Kub\u00ebn p\u00ebr korrupsionin - Transparency International","isPartOf":{"@id":"https:\/\/transparency.mk\/#website"},"primaryImageOfPage":{"@id":"https:\/\/transparency.mk\/sq\/2024\/01\/30\/13287\/#primaryimage"},"image":{"@id":"https:\/\/transparency.mk\/sq\/2024\/01\/30\/13287\/#primaryimage"},"thumbnailUrl":"https:\/\/transparency.mk\/wp-content\/uploads\/2024\/01\/1infografik-cpi-2023-2.png","datePublished":"2024-01-30T13:44:28+00:00","dateModified":"2024-02-06T13:46:43+00:00","breadcrumb":{"@id":"https:\/\/transparency.mk\/sq\/2024\/01\/30\/13287\/#breadcrumb"},"inLanguage":"sq-AL","potentialAction":[{"@type":"ReadAction","target":["https:\/\/transparency.mk\/sq\/2024\/01\/30\/13287\/"]}]},{"@type":"ImageObject","inLanguage":"sq-AL","@id":"https:\/\/transparency.mk\/sq\/2024\/01\/30\/13287\/#primaryimage","url":"https:\/\/transparency.mk\/wp-content\/uploads\/2024\/01\/1infografik-cpi-2023-2.png","contentUrl":"https:\/\/transparency.mk\/wp-content\/uploads\/2024\/01\/1infografik-cpi-2023-2.png","width":905,"height":537},{"@type":"BreadcrumbList","@id":"https:\/\/transparency.mk\/sq\/2024\/01\/30\/13287\/#breadcrumb","itemListElement":[{"@type":"ListItem","position":1,"name":"Home","item":"https:\/\/transparency.mk\/sq\/"},{"@type":"ListItem","position":2,"name":"Maqedonia e Veriut n\u00eb t\u00eb nj\u00ebjt\u00ebn pozit\u00eb me Moldavin\u00eb dhe Kub\u00ebn p\u00ebr korrupsionin"}]},{"@type":"WebSite","@id":"https:\/\/transparency.mk\/#website","url":"https:\/\/transparency.mk\/","name":"Transparency International","description":"Maqedoni","publisher":{"@id":"https:\/\/transparency.mk\/#organization"},"potentialAction":[{"@type":"SearchAction","target":{"@type":"EntryPoint","urlTemplate":"https:\/\/transparency.mk\/?s={search_term_string}"},"query-input":{"@type":"PropertyValueSpecification","valueRequired":true,"valueName":"search_term_string"}}],"inLanguage":"sq-AL"},{"@type":"Organization","@id":"https:\/\/transparency.mk\/#organization","name":"\u0422\u0440\u0430\u043d\u0441\u043f\u0430\u0440\u0435\u043d\u0441\u0438 \u0418\u043d\u0442\u0435\u0440\u043d\u0435\u0448\u043d\u043b - \u041c\u0430\u043a\u0435\u0434\u043e\u043d\u0438\u0458\u0430","url":"https:\/\/transparency.mk\/","logo":{"@type":"ImageObject","inLanguage":"sq-AL","@id":"https:\/\/transparency.mk\/#\/schema\/logo\/image\/","url":"https:\/\/transparency.mk\/wp-content\/uploads\/2020\/10\/transparency-mk-logo.png","contentUrl":"https:\/\/transparency.mk\/wp-content\/uploads\/2020\/10\/transparency-mk-logo.png","width":250,"height":75,"caption":"\u0422\u0440\u0430\u043d\u0441\u043f\u0430\u0440\u0435\u043d\u0441\u0438 \u0418\u043d\u0442\u0435\u0440\u043d\u0435\u0448\u043d\u043b - \u041c\u0430\u043a\u0435\u0434\u043e\u043d\u0438\u0458\u0430"},"image":{"@id":"https:\/\/transparency.mk\/#\/schema\/logo\/image\/"},"sameAs":["https:\/\/www.facebook.com\/TransparencyMK\/","https:\/\/x.com\/ti_macedonia","https:\/\/www.instagram.com\/timacedonia\/","https:\/\/youtube.com\/user\/tzcmacedonia\/"]},{"@type":"Person","@id":"https:\/\/transparency.mk\/#\/schema\/person\/441f90f705251dd361acf90fb32e6e7f","name":"Meto"}]}},"_links":{"self":[{"href":"https:\/\/transparency.mk\/sq\/wp-json\/wp\/v2\/posts\/13287","targetHints":{"allow":["GET"]}}],"collection":[{"href":"https:\/\/transparency.mk\/sq\/wp-json\/wp\/v2\/posts"}],"about":[{"href":"https:\/\/transparency.mk\/sq\/wp-json\/wp\/v2\/types\/post"}],"author":[{"embeddable":true,"href":"https:\/\/transparency.mk\/sq\/wp-json\/wp\/v2\/users\/3"}],"replies":[{"embeddable":true,"href":"https:\/\/transparency.mk\/sq\/wp-json\/wp\/v2\/comments?post=13287"}],"version-history":[{"count":2,"href":"https:\/\/transparency.mk\/sq\/wp-json\/wp\/v2\/posts\/13287\/revisions"}],"predecessor-version":[{"id":13289,"href":"https:\/\/transparency.mk\/sq\/wp-json\/wp\/v2\/posts\/13287\/revisions\/13289"}],"wp:featuredmedia":[{"embeddable":true,"href":"https:\/\/transparency.mk\/sq\/wp-json\/wp\/v2\/media\/13243"}],"wp:attachment":[{"href":"https:\/\/transparency.mk\/sq\/wp-json\/wp\/v2\/media?parent=13287"}],"wp:term":[{"taxonomy":"category","embeddable":true,"href":"https:\/\/transparency.mk\/sq\/wp-json\/wp\/v2\/categories?post=13287"},{"taxonomy":"post_tag","embeddable":true,"href":"https:\/\/transparency.mk\/sq\/wp-json\/wp\/v2\/tags?post=13287"}],"curies":[{"name":"wp","href":"https:\/\/api.w.org\/{rel}","templated":true}]}}