{"id":13716,"date":"2024-03-26T15:34:04","date_gmt":"2024-03-26T14:34:04","guid":{"rendered":"https:\/\/transparency.mk\/?p=13716"},"modified":"2024-03-29T10:42:50","modified_gmt":"2024-03-29T09:42:50","slug":"qeveria-mori-vendim-per-krijimin-e-keshillit-per-monitorimin-e-zbatimit-te-strategjise-zhvillimore-sektoriale-per-drejtesi-2024-2028","status":"publish","type":"post","link":"https:\/\/transparency.mk\/sq\/2024\/03\/26\/qeveria-mori-vendim-per-krijimin-e-keshillit-per-monitorimin-e-zbatimit-te-strategjise-zhvillimore-sektoriale-per-drejtesi-2024-2028\/","title":{"rendered":"Qeveria  mori vendim p\u00ebr krijimin e K\u00ebshillit p\u00ebr monitorimin e zbatimit t\u00eb Strategjis\u00eb Zhvillimore Sektoriale p\u00ebr Drejt\u00ebsi 2024-2028"},"content":{"rendered":"<p>Qeveria n\u00eb seanc\u00ebn e sotme ka marr\u00eb vendim p\u00ebr krijimin e K\u00ebshillit p\u00ebr monitorimin e zbatimit t\u00eb Strategjis\u00eb Zhvillimore Sektoriale p\u00ebr Drejt\u00ebsi (2024-2028).<\/p>\n<p>K\u00ebshilli \u00ebsht\u00eb krijuar me q\u00ebllim t\u00eb sigurimit t\u00eb vazhdim\u00ebsis\u00eb s\u00eb praktik\u00ebs s\u00eb m\u00ebparshme p\u00ebr monitorimin e reformave n\u00eb gjyq\u00ebsor. Si\u00e7 dihet, Qeveria e Republik\u00ebs s\u00eb Maqedonis\u00eb s\u00eb Veriut n\u00eb seanc\u00ebn e mbajtur m\u00eb 26.12.2023 miratoi Strategjin\u00eb Zhvillimore Sektoriale p\u00ebr Drejt\u00ebsi (2024-2028) me Planin e saj t\u00eb Veprimit.<\/p>\n<p>K\u00ebshilli do t\u00eb kujdeset p\u00ebr zbatimin me koh\u00eb t\u00eb masave dhe aktiviteteve sipas Planit t\u00eb Veprimit, duke monitoruar prioritetet, afatet kohore dhe afatet e zbatimit dhe vler\u00ebsimin e rezultateve t\u00eb arritura n\u00eb zbatimin e Planit t\u00eb Veprimit.<\/p>\n<p>K\u00ebshilli do t\u00eb drejtohet nga Ministri i Drejt\u00ebsis\u00eb dhe an\u00ebtar\u00ebt e tjer\u00eb jan\u00eb:<\/p>\n<p>Sipas funksionit:<br \/>\n&#8211; Ministrin e Pun\u00ebve t\u00eb Brendshme;<br \/>\n&#8211; Ministri p\u00ebr Shoq\u00ebri Informative dhe Administrat\u00eb;<br \/>\n&#8211; Ministri i Financave;<br \/>\n&#8211; Z\u00ebvend\u00ebskryetari i Qeveris\u00eb s\u00eb Republik\u00ebs s\u00eb Maqedonis\u00eb s\u00eb Veriut p\u00ebr \u00e7\u00ebshtje evropiane;<br \/>\n&#8211; Z\u00ebvend\u00ebs i Kryetarit t\u00eb Qeveris\u00eb s\u00eb Republik\u00ebs s\u00eb Maqedonis\u00eb s\u00eb Veriut p\u00ebrgjegj\u00ebs p\u00ebr politikat p\u00ebr qeverisje t\u00eb mir\u00eb;<br \/>\n&#8211; prokurori publik i Republik\u00ebs s\u00eb Maqedonis\u00eb s\u00eb Veriut;<br \/>\n&#8211; Kryetar i Gjykat\u00ebs Supreme t\u00eb Republik\u00ebs s\u00eb Maqedonis\u00eb s\u00eb Veriut;<br \/>\n&#8211; Kryetar i K\u00ebshillit Gjyq\u00ebsor t\u00eb Republik\u00ebs s\u00eb Maqedonis\u00eb s\u00eb Veriut;<br \/>\n&#8211; Kryetar i K\u00ebshillit t\u00eb Prokuror\u00ebve Publik\u00eb t\u00eb Republik\u00ebs s\u00eb Maqedonis\u00eb s\u00eb Veriut.<\/p>\n<p>An\u00ebtar\u00ebt e tjer\u00eb jan\u00eb:<\/p>\n<p>&#8211; Akademik Vlado Kambovski;<br \/>\n&#8211; Vera Kotso, gjyqtare n\u00eb pension;<br \/>\n&#8211; Adnan Jashari, profesor n\u00eb Universitetin e Evrop\u00ebs Juglindore \u2013 Tetov\u00eb;<br \/>\n&#8211; Sladjana Taseva, ish-kryetare e Transparency International \u2013 Maqedoni;<br \/>\n&#8211; Besa Arifi, profesoresh\u00eb n\u00eb Universitetin e Evrop\u00ebs Juglindore \u2013 Tetov\u00eb;<br \/>\n&#8211; Neda Zdraveva, profesoresh\u00eb n\u00eb Fakultetin Juridik \u201cJustiniani i Par\u00eb\u201d \u2013 Shkup;<br \/>\n&#8211; Abdullah Azizi, profesor n\u00eb Fakultetin Juridik n\u00eb Universitetin e Evrop\u00ebs Juglindore \u2013 Tetov\u00eb;<br \/>\n&#8211; Nikolla Prokopenko, K\u00ebshilltar Shtet\u00ebror p\u00ebr Legjislacionin Penal n\u00eb Ministrin\u00eb e Drejt\u00ebsis\u00eb;<br \/>\n&#8211; Marija Nikolovska Gjorgjiev, zyrtare e kabinetit n\u00eb zyr\u00ebn e n\u00ebnkryetarit t\u00eb Qeveris\u00eb s\u00eb Republik\u00ebs s\u00eb Maqedonis\u00eb s\u00eb Veriut p\u00ebr \u00e7\u00ebshtje evropiane;<br \/>\n&#8211; Zharko Haxhi Zafirov, p\u00ebrfaq\u00ebsues i grupit t\u00eb t\u00eb drejtave BLUEPRINT;<br \/>\nMinistrat e tjer\u00eb, z\u00ebvend\u00ebsministrat dhe zyrtar\u00ebt p\u00ebrgjegj\u00ebs t\u00eb organeve t\u00eb administrat\u00ebs publike, ekspert\u00eb vendas dhe nd\u00ebrkomb\u00ebtar\u00eb, profesionist\u00eb dhe kryetar\u00eb t\u00eb Shoqat\u00ebs s\u00eb Gjyqtar\u00ebve, prokuror\u00eb publik\u00eb, administrat\u00eb gjyq\u00ebsore dhe prokuror\u00eb publik\u00eb.<\/p>\n<p>&nbsp;<\/p>\n<p>Burimi: <a href=\"https:\/\/aktuale.mk\/qeveria-mori-vendim-per-krijimin-e-keshillit-per-monitorimin-e-zbatimit-te-strategjise-zhvillimore-sektoriale-per-drejtesi-2024-2028\/\">Aktuale.mk<\/a><\/p>\n<p>&nbsp;<\/p>\n","protected":false},"excerpt":{"rendered":"<p>Qeveria n\u00eb seanc\u00ebn e sotme ka marr\u00eb vendim p\u00ebr krijimin e K\u00ebshillit p\u00ebr monitorimin e zbatimit t\u00eb Strategjis\u00eb Zhvillimore Sektoriale p\u00ebr Drejt\u00ebsi (2024-2028). K\u00ebshilli \u00ebsht\u00eb krijuar me q\u00ebllim t\u00eb sigurimit t\u00eb vazhdim\u00ebsis\u00eb s\u00eb praktik\u00ebs s\u00eb m\u00ebparshme p\u00ebr monitorimin e reformave n\u00eb gjyq\u00ebsor. Si\u00e7 dihet, Qeveria e Republik\u00ebs s\u00eb Maqedonis\u00eb s\u00eb Veriut n\u00eb seanc\u00ebn e mbajtur&hellip;<\/p>\n","protected":false},"author":3,"featured_media":13702,"comment_status":"closed","ping_status":"open","sticky":false,"template":"","format":"standard","meta":{"_monsterinsights_skip_tracking":false,"_monsterinsights_sitenote_active":false,"_monsterinsights_sitenote_note":"","_monsterinsights_sitenote_category":0,"footnotes":""},"categories":[90],"tags":[],"class_list":["post-13716","post","type-post","status-publish","format-standard","has-post-thumbnail","hentry","category-lajme","category-90","description-off"],"yoast_head":"<!-- This site is optimized with the Yoast SEO plugin v25.8 - https:\/\/yoast.com\/wordpress\/plugins\/seo\/ -->\n<title>Qeveria mori vendim p\u00ebr krijimin e K\u00ebshillit p\u00ebr monitorimin e zbatimit t\u00eb Strategjis\u00eb Zhvillimore Sektoriale p\u00ebr Drejt\u00ebsi 2024-2028 - Transparency International<\/title>\n<meta name=\"robots\" content=\"index, follow, max-snippet:-1, max-image-preview:large, max-video-preview:-1\" \/>\n<link rel=\"canonical\" href=\"https:\/\/transparency.mk\/sq\/2024\/03\/26\/qeveria-mori-vendim-per-krijimin-e-keshillit-per-monitorimin-e-zbatimit-te-strategjise-zhvillimore-sektoriale-per-drejtesi-2024-2028\/\" \/>\n<meta property=\"og:locale\" content=\"sq_AL\" \/>\n<meta property=\"og:type\" content=\"article\" \/>\n<meta property=\"og:title\" content=\"Qeveria mori vendim p\u00ebr krijimin e K\u00ebshillit p\u00ebr monitorimin e zbatimit t\u00eb Strategjis\u00eb Zhvillimore Sektoriale p\u00ebr Drejt\u00ebsi 2024-2028 - Transparency International\" \/>\n<meta property=\"og:description\" content=\"Qeveria n\u00eb seanc\u00ebn e sotme ka marr\u00eb vendim p\u00ebr krijimin e K\u00ebshillit p\u00ebr monitorimin e zbatimit t\u00eb Strategjis\u00eb Zhvillimore Sektoriale p\u00ebr Drejt\u00ebsi (2024-2028). K\u00ebshilli \u00ebsht\u00eb krijuar me q\u00ebllim t\u00eb sigurimit t\u00eb vazhdim\u00ebsis\u00eb s\u00eb praktik\u00ebs s\u00eb m\u00ebparshme p\u00ebr monitorimin e reformave n\u00eb gjyq\u00ebsor. Si\u00e7 dihet, Qeveria e Republik\u00ebs s\u00eb Maqedonis\u00eb s\u00eb Veriut n\u00eb seanc\u00ebn e mbajtur&hellip;\" \/>\n<meta property=\"og:url\" content=\"https:\/\/transparency.mk\/sq\/2024\/03\/26\/qeveria-mori-vendim-per-krijimin-e-keshillit-per-monitorimin-e-zbatimit-te-strategjise-zhvillimore-sektoriale-per-drejtesi-2024-2028\/\" \/>\n<meta property=\"og:site_name\" content=\"Transparency International\" \/>\n<meta property=\"article:publisher\" content=\"https:\/\/www.facebook.com\/TransparencyMK\/\" \/>\n<meta property=\"article:published_time\" content=\"2024-03-26T14:34:04+00:00\" \/>\n<meta property=\"article:modified_time\" content=\"2024-03-29T09:42:50+00:00\" \/>\n<meta property=\"og:image\" content=\"https:\/\/transparency.mk\/wp-content\/uploads\/2024\/03\/slagjana-transparensi1-696x508-1-1.jpg\" \/>\n\t<meta property=\"og:image:width\" content=\"696\" \/>\n\t<meta property=\"og:image:height\" content=\"508\" \/>\n\t<meta property=\"og:image:type\" content=\"image\/jpeg\" \/>\n<meta name=\"author\" content=\"Meto\" \/>\n<meta name=\"twitter:card\" content=\"summary_large_image\" \/>\n<meta name=\"twitter:creator\" content=\"@ti_macedonia\" \/>\n<meta name=\"twitter:site\" content=\"@ti_macedonia\" \/>\n<meta name=\"twitter:label1\" content=\"Written by\" \/>\n\t<meta name=\"twitter:data1\" content=\"Meto\" \/>\n\t<meta name=\"twitter:label2\" content=\"Est. reading time\" \/>\n\t<meta name=\"twitter:data2\" content=\"2 minutes\" \/>\n<script type=\"application\/ld+json\" class=\"yoast-schema-graph\">{\"@context\":\"https:\/\/schema.org\",\"@graph\":[{\"@type\":\"Article\",\"@id\":\"https:\/\/transparency.mk\/sq\/2024\/03\/26\/qeveria-mori-vendim-per-krijimin-e-keshillit-per-monitorimin-e-zbatimit-te-strategjise-zhvillimore-sektoriale-per-drejtesi-2024-2028\/#article\",\"isPartOf\":{\"@id\":\"https:\/\/transparency.mk\/sq\/2024\/03\/26\/qeveria-mori-vendim-per-krijimin-e-keshillit-per-monitorimin-e-zbatimit-te-strategjise-zhvillimore-sektoriale-per-drejtesi-2024-2028\/\"},\"author\":{\"name\":\"Meto\",\"@id\":\"https:\/\/transparency.mk\/#\/schema\/person\/441f90f705251dd361acf90fb32e6e7f\"},\"headline\":\"Qeveria mori vendim p\u00ebr krijimin e K\u00ebshillit p\u00ebr monitorimin e zbatimit t\u00eb Strategjis\u00eb Zhvillimore Sektoriale p\u00ebr Drejt\u00ebsi 2024-2028\",\"datePublished\":\"2024-03-26T14:34:04+00:00\",\"dateModified\":\"2024-03-29T09:42:50+00:00\",\"mainEntityOfPage\":{\"@id\":\"https:\/\/transparency.mk\/sq\/2024\/03\/26\/qeveria-mori-vendim-per-krijimin-e-keshillit-per-monitorimin-e-zbatimit-te-strategjise-zhvillimore-sektoriale-per-drejtesi-2024-2028\/\"},\"wordCount\":456,\"publisher\":{\"@id\":\"https:\/\/transparency.mk\/#organization\"},\"image\":{\"@id\":\"https:\/\/transparency.mk\/sq\/2024\/03\/26\/qeveria-mori-vendim-per-krijimin-e-keshillit-per-monitorimin-e-zbatimit-te-strategjise-zhvillimore-sektoriale-per-drejtesi-2024-2028\/#primaryimage\"},\"thumbnailUrl\":\"https:\/\/transparency.mk\/wp-content\/uploads\/2024\/03\/slagjana-transparensi1-696x508-1-1.jpg\",\"articleSection\":[\"Lajme\"],\"inLanguage\":\"sq-AL\"},{\"@type\":\"WebPage\",\"@id\":\"https:\/\/transparency.mk\/sq\/2024\/03\/26\/qeveria-mori-vendim-per-krijimin-e-keshillit-per-monitorimin-e-zbatimit-te-strategjise-zhvillimore-sektoriale-per-drejtesi-2024-2028\/\",\"url\":\"https:\/\/transparency.mk\/sq\/2024\/03\/26\/qeveria-mori-vendim-per-krijimin-e-keshillit-per-monitorimin-e-zbatimit-te-strategjise-zhvillimore-sektoriale-per-drejtesi-2024-2028\/\",\"name\":\"Qeveria mori vendim p\u00ebr krijimin e K\u00ebshillit p\u00ebr monitorimin e zbatimit t\u00eb Strategjis\u00eb Zhvillimore Sektoriale p\u00ebr Drejt\u00ebsi 2024-2028 - Transparency International\",\"isPartOf\":{\"@id\":\"https:\/\/transparency.mk\/#website\"},\"primaryImageOfPage\":{\"@id\":\"https:\/\/transparency.mk\/sq\/2024\/03\/26\/qeveria-mori-vendim-per-krijimin-e-keshillit-per-monitorimin-e-zbatimit-te-strategjise-zhvillimore-sektoriale-per-drejtesi-2024-2028\/#primaryimage\"},\"image\":{\"@id\":\"https:\/\/transparency.mk\/sq\/2024\/03\/26\/qeveria-mori-vendim-per-krijimin-e-keshillit-per-monitorimin-e-zbatimit-te-strategjise-zhvillimore-sektoriale-per-drejtesi-2024-2028\/#primaryimage\"},\"thumbnailUrl\":\"https:\/\/transparency.mk\/wp-content\/uploads\/2024\/03\/slagjana-transparensi1-696x508-1-1.jpg\",\"datePublished\":\"2024-03-26T14:34:04+00:00\",\"dateModified\":\"2024-03-29T09:42:50+00:00\",\"breadcrumb\":{\"@id\":\"https:\/\/transparency.mk\/sq\/2024\/03\/26\/qeveria-mori-vendim-per-krijimin-e-keshillit-per-monitorimin-e-zbatimit-te-strategjise-zhvillimore-sektoriale-per-drejtesi-2024-2028\/#breadcrumb\"},\"inLanguage\":\"sq-AL\",\"potentialAction\":[{\"@type\":\"ReadAction\",\"target\":[\"https:\/\/transparency.mk\/sq\/2024\/03\/26\/qeveria-mori-vendim-per-krijimin-e-keshillit-per-monitorimin-e-zbatimit-te-strategjise-zhvillimore-sektoriale-per-drejtesi-2024-2028\/\"]}]},{\"@type\":\"ImageObject\",\"inLanguage\":\"sq-AL\",\"@id\":\"https:\/\/transparency.mk\/sq\/2024\/03\/26\/qeveria-mori-vendim-per-krijimin-e-keshillit-per-monitorimin-e-zbatimit-te-strategjise-zhvillimore-sektoriale-per-drejtesi-2024-2028\/#primaryimage\",\"url\":\"https:\/\/transparency.mk\/wp-content\/uploads\/2024\/03\/slagjana-transparensi1-696x508-1-1.jpg\",\"contentUrl\":\"https:\/\/transparency.mk\/wp-content\/uploads\/2024\/03\/slagjana-transparensi1-696x508-1-1.jpg\",\"width\":696,\"height\":508},{\"@type\":\"BreadcrumbList\",\"@id\":\"https:\/\/transparency.mk\/sq\/2024\/03\/26\/qeveria-mori-vendim-per-krijimin-e-keshillit-per-monitorimin-e-zbatimit-te-strategjise-zhvillimore-sektoriale-per-drejtesi-2024-2028\/#breadcrumb\",\"itemListElement\":[{\"@type\":\"ListItem\",\"position\":1,\"name\":\"Home\",\"item\":\"https:\/\/transparency.mk\/sq\/\"},{\"@type\":\"ListItem\",\"position\":2,\"name\":\"Qeveria mori vendim p\u00ebr krijimin e K\u00ebshillit p\u00ebr monitorimin e zbatimit t\u00eb Strategjis\u00eb Zhvillimore Sektoriale p\u00ebr Drejt\u00ebsi 2024-2028\"}]},{\"@type\":\"WebSite\",\"@id\":\"https:\/\/transparency.mk\/#website\",\"url\":\"https:\/\/transparency.mk\/\",\"name\":\"Transparency International\",\"description\":\"Maqedoni\",\"publisher\":{\"@id\":\"https:\/\/transparency.mk\/#organization\"},\"potentialAction\":[{\"@type\":\"SearchAction\",\"target\":{\"@type\":\"EntryPoint\",\"urlTemplate\":\"https:\/\/transparency.mk\/?s={search_term_string}\"},\"query-input\":{\"@type\":\"PropertyValueSpecification\",\"valueRequired\":true,\"valueName\":\"search_term_string\"}}],\"inLanguage\":\"sq-AL\"},{\"@type\":\"Organization\",\"@id\":\"https:\/\/transparency.mk\/#organization\",\"name\":\"\u0422\u0440\u0430\u043d\u0441\u043f\u0430\u0440\u0435\u043d\u0441\u0438 \u0418\u043d\u0442\u0435\u0440\u043d\u0435\u0448\u043d\u043b - \u041c\u0430\u043a\u0435\u0434\u043e\u043d\u0438\u0458\u0430\",\"url\":\"https:\/\/transparency.mk\/\",\"logo\":{\"@type\":\"ImageObject\",\"inLanguage\":\"sq-AL\",\"@id\":\"https:\/\/transparency.mk\/#\/schema\/logo\/image\/\",\"url\":\"https:\/\/transparency.mk\/wp-content\/uploads\/2020\/10\/transparency-mk-logo.png\",\"contentUrl\":\"https:\/\/transparency.mk\/wp-content\/uploads\/2020\/10\/transparency-mk-logo.png\",\"width\":250,\"height\":75,\"caption\":\"\u0422\u0440\u0430\u043d\u0441\u043f\u0430\u0440\u0435\u043d\u0441\u0438 \u0418\u043d\u0442\u0435\u0440\u043d\u0435\u0448\u043d\u043b - \u041c\u0430\u043a\u0435\u0434\u043e\u043d\u0438\u0458\u0430\"},\"image\":{\"@id\":\"https:\/\/transparency.mk\/#\/schema\/logo\/image\/\"},\"sameAs\":[\"https:\/\/www.facebook.com\/TransparencyMK\/\",\"https:\/\/x.com\/ti_macedonia\",\"https:\/\/www.instagram.com\/timacedonia\/\",\"https:\/\/youtube.com\/user\/tzcmacedonia\/\"]},{\"@type\":\"Person\",\"@id\":\"https:\/\/transparency.mk\/#\/schema\/person\/441f90f705251dd361acf90fb32e6e7f\",\"name\":\"Meto\"}]}<\/script>\n<!-- \/ Yoast SEO plugin. -->","yoast_head_json":{"title":"Qeveria mori vendim p\u00ebr krijimin e K\u00ebshillit p\u00ebr monitorimin e zbatimit t\u00eb Strategjis\u00eb Zhvillimore Sektoriale p\u00ebr Drejt\u00ebsi 2024-2028 - Transparency International","robots":{"index":"index","follow":"follow","max-snippet":"max-snippet:-1","max-image-preview":"max-image-preview:large","max-video-preview":"max-video-preview:-1"},"canonical":"https:\/\/transparency.mk\/sq\/2024\/03\/26\/qeveria-mori-vendim-per-krijimin-e-keshillit-per-monitorimin-e-zbatimit-te-strategjise-zhvillimore-sektoriale-per-drejtesi-2024-2028\/","og_locale":"sq_AL","og_type":"article","og_title":"Qeveria mori vendim p\u00ebr krijimin e K\u00ebshillit p\u00ebr monitorimin e zbatimit t\u00eb Strategjis\u00eb Zhvillimore Sektoriale p\u00ebr Drejt\u00ebsi 2024-2028 - Transparency International","og_description":"Qeveria n\u00eb seanc\u00ebn e sotme ka marr\u00eb vendim p\u00ebr krijimin e K\u00ebshillit p\u00ebr monitorimin e zbatimit t\u00eb Strategjis\u00eb Zhvillimore Sektoriale p\u00ebr Drejt\u00ebsi (2024-2028). K\u00ebshilli \u00ebsht\u00eb krijuar me q\u00ebllim t\u00eb sigurimit t\u00eb vazhdim\u00ebsis\u00eb s\u00eb praktik\u00ebs s\u00eb m\u00ebparshme p\u00ebr monitorimin e reformave n\u00eb gjyq\u00ebsor. Si\u00e7 dihet, Qeveria e Republik\u00ebs s\u00eb Maqedonis\u00eb s\u00eb Veriut n\u00eb seanc\u00ebn e mbajtur&hellip;","og_url":"https:\/\/transparency.mk\/sq\/2024\/03\/26\/qeveria-mori-vendim-per-krijimin-e-keshillit-per-monitorimin-e-zbatimit-te-strategjise-zhvillimore-sektoriale-per-drejtesi-2024-2028\/","og_site_name":"Transparency International","article_publisher":"https:\/\/www.facebook.com\/TransparencyMK\/","article_published_time":"2024-03-26T14:34:04+00:00","article_modified_time":"2024-03-29T09:42:50+00:00","og_image":[{"width":696,"height":508,"url":"https:\/\/transparency.mk\/wp-content\/uploads\/2024\/03\/slagjana-transparensi1-696x508-1-1.jpg","type":"image\/jpeg"}],"author":"Meto","twitter_card":"summary_large_image","twitter_creator":"@ti_macedonia","twitter_site":"@ti_macedonia","twitter_misc":{"Written by":"Meto","Est. reading time":"2 minutes"},"schema":{"@context":"https:\/\/schema.org","@graph":[{"@type":"Article","@id":"https:\/\/transparency.mk\/sq\/2024\/03\/26\/qeveria-mori-vendim-per-krijimin-e-keshillit-per-monitorimin-e-zbatimit-te-strategjise-zhvillimore-sektoriale-per-drejtesi-2024-2028\/#article","isPartOf":{"@id":"https:\/\/transparency.mk\/sq\/2024\/03\/26\/qeveria-mori-vendim-per-krijimin-e-keshillit-per-monitorimin-e-zbatimit-te-strategjise-zhvillimore-sektoriale-per-drejtesi-2024-2028\/"},"author":{"name":"Meto","@id":"https:\/\/transparency.mk\/#\/schema\/person\/441f90f705251dd361acf90fb32e6e7f"},"headline":"Qeveria mori vendim p\u00ebr krijimin e K\u00ebshillit p\u00ebr monitorimin e zbatimit t\u00eb Strategjis\u00eb Zhvillimore Sektoriale p\u00ebr Drejt\u00ebsi 2024-2028","datePublished":"2024-03-26T14:34:04+00:00","dateModified":"2024-03-29T09:42:50+00:00","mainEntityOfPage":{"@id":"https:\/\/transparency.mk\/sq\/2024\/03\/26\/qeveria-mori-vendim-per-krijimin-e-keshillit-per-monitorimin-e-zbatimit-te-strategjise-zhvillimore-sektoriale-per-drejtesi-2024-2028\/"},"wordCount":456,"publisher":{"@id":"https:\/\/transparency.mk\/#organization"},"image":{"@id":"https:\/\/transparency.mk\/sq\/2024\/03\/26\/qeveria-mori-vendim-per-krijimin-e-keshillit-per-monitorimin-e-zbatimit-te-strategjise-zhvillimore-sektoriale-per-drejtesi-2024-2028\/#primaryimage"},"thumbnailUrl":"https:\/\/transparency.mk\/wp-content\/uploads\/2024\/03\/slagjana-transparensi1-696x508-1-1.jpg","articleSection":["Lajme"],"inLanguage":"sq-AL"},{"@type":"WebPage","@id":"https:\/\/transparency.mk\/sq\/2024\/03\/26\/qeveria-mori-vendim-per-krijimin-e-keshillit-per-monitorimin-e-zbatimit-te-strategjise-zhvillimore-sektoriale-per-drejtesi-2024-2028\/","url":"https:\/\/transparency.mk\/sq\/2024\/03\/26\/qeveria-mori-vendim-per-krijimin-e-keshillit-per-monitorimin-e-zbatimit-te-strategjise-zhvillimore-sektoriale-per-drejtesi-2024-2028\/","name":"Qeveria mori vendim p\u00ebr krijimin e K\u00ebshillit p\u00ebr monitorimin e zbatimit t\u00eb Strategjis\u00eb Zhvillimore Sektoriale p\u00ebr Drejt\u00ebsi 2024-2028 - Transparency International","isPartOf":{"@id":"https:\/\/transparency.mk\/#website"},"primaryImageOfPage":{"@id":"https:\/\/transparency.mk\/sq\/2024\/03\/26\/qeveria-mori-vendim-per-krijimin-e-keshillit-per-monitorimin-e-zbatimit-te-strategjise-zhvillimore-sektoriale-per-drejtesi-2024-2028\/#primaryimage"},"image":{"@id":"https:\/\/transparency.mk\/sq\/2024\/03\/26\/qeveria-mori-vendim-per-krijimin-e-keshillit-per-monitorimin-e-zbatimit-te-strategjise-zhvillimore-sektoriale-per-drejtesi-2024-2028\/#primaryimage"},"thumbnailUrl":"https:\/\/transparency.mk\/wp-content\/uploads\/2024\/03\/slagjana-transparensi1-696x508-1-1.jpg","datePublished":"2024-03-26T14:34:04+00:00","dateModified":"2024-03-29T09:42:50+00:00","breadcrumb":{"@id":"https:\/\/transparency.mk\/sq\/2024\/03\/26\/qeveria-mori-vendim-per-krijimin-e-keshillit-per-monitorimin-e-zbatimit-te-strategjise-zhvillimore-sektoriale-per-drejtesi-2024-2028\/#breadcrumb"},"inLanguage":"sq-AL","potentialAction":[{"@type":"ReadAction","target":["https:\/\/transparency.mk\/sq\/2024\/03\/26\/qeveria-mori-vendim-per-krijimin-e-keshillit-per-monitorimin-e-zbatimit-te-strategjise-zhvillimore-sektoriale-per-drejtesi-2024-2028\/"]}]},{"@type":"ImageObject","inLanguage":"sq-AL","@id":"https:\/\/transparency.mk\/sq\/2024\/03\/26\/qeveria-mori-vendim-per-krijimin-e-keshillit-per-monitorimin-e-zbatimit-te-strategjise-zhvillimore-sektoriale-per-drejtesi-2024-2028\/#primaryimage","url":"https:\/\/transparency.mk\/wp-content\/uploads\/2024\/03\/slagjana-transparensi1-696x508-1-1.jpg","contentUrl":"https:\/\/transparency.mk\/wp-content\/uploads\/2024\/03\/slagjana-transparensi1-696x508-1-1.jpg","width":696,"height":508},{"@type":"BreadcrumbList","@id":"https:\/\/transparency.mk\/sq\/2024\/03\/26\/qeveria-mori-vendim-per-krijimin-e-keshillit-per-monitorimin-e-zbatimit-te-strategjise-zhvillimore-sektoriale-per-drejtesi-2024-2028\/#breadcrumb","itemListElement":[{"@type":"ListItem","position":1,"name":"Home","item":"https:\/\/transparency.mk\/sq\/"},{"@type":"ListItem","position":2,"name":"Qeveria mori vendim p\u00ebr krijimin e K\u00ebshillit p\u00ebr monitorimin e zbatimit t\u00eb Strategjis\u00eb Zhvillimore Sektoriale p\u00ebr Drejt\u00ebsi 2024-2028"}]},{"@type":"WebSite","@id":"https:\/\/transparency.mk\/#website","url":"https:\/\/transparency.mk\/","name":"Transparency International","description":"Maqedoni","publisher":{"@id":"https:\/\/transparency.mk\/#organization"},"potentialAction":[{"@type":"SearchAction","target":{"@type":"EntryPoint","urlTemplate":"https:\/\/transparency.mk\/?s={search_term_string}"},"query-input":{"@type":"PropertyValueSpecification","valueRequired":true,"valueName":"search_term_string"}}],"inLanguage":"sq-AL"},{"@type":"Organization","@id":"https:\/\/transparency.mk\/#organization","name":"\u0422\u0440\u0430\u043d\u0441\u043f\u0430\u0440\u0435\u043d\u0441\u0438 \u0418\u043d\u0442\u0435\u0440\u043d\u0435\u0448\u043d\u043b - \u041c\u0430\u043a\u0435\u0434\u043e\u043d\u0438\u0458\u0430","url":"https:\/\/transparency.mk\/","logo":{"@type":"ImageObject","inLanguage":"sq-AL","@id":"https:\/\/transparency.mk\/#\/schema\/logo\/image\/","url":"https:\/\/transparency.mk\/wp-content\/uploads\/2020\/10\/transparency-mk-logo.png","contentUrl":"https:\/\/transparency.mk\/wp-content\/uploads\/2020\/10\/transparency-mk-logo.png","width":250,"height":75,"caption":"\u0422\u0440\u0430\u043d\u0441\u043f\u0430\u0440\u0435\u043d\u0441\u0438 \u0418\u043d\u0442\u0435\u0440\u043d\u0435\u0448\u043d\u043b - \u041c\u0430\u043a\u0435\u0434\u043e\u043d\u0438\u0458\u0430"},"image":{"@id":"https:\/\/transparency.mk\/#\/schema\/logo\/image\/"},"sameAs":["https:\/\/www.facebook.com\/TransparencyMK\/","https:\/\/x.com\/ti_macedonia","https:\/\/www.instagram.com\/timacedonia\/","https:\/\/youtube.com\/user\/tzcmacedonia\/"]},{"@type":"Person","@id":"https:\/\/transparency.mk\/#\/schema\/person\/441f90f705251dd361acf90fb32e6e7f","name":"Meto"}]}},"_links":{"self":[{"href":"https:\/\/transparency.mk\/sq\/wp-json\/wp\/v2\/posts\/13716","targetHints":{"allow":["GET"]}}],"collection":[{"href":"https:\/\/transparency.mk\/sq\/wp-json\/wp\/v2\/posts"}],"about":[{"href":"https:\/\/transparency.mk\/sq\/wp-json\/wp\/v2\/types\/post"}],"author":[{"embeddable":true,"href":"https:\/\/transparency.mk\/sq\/wp-json\/wp\/v2\/users\/3"}],"replies":[{"embeddable":true,"href":"https:\/\/transparency.mk\/sq\/wp-json\/wp\/v2\/comments?post=13716"}],"version-history":[{"count":1,"href":"https:\/\/transparency.mk\/sq\/wp-json\/wp\/v2\/posts\/13716\/revisions"}],"predecessor-version":[{"id":13717,"href":"https:\/\/transparency.mk\/sq\/wp-json\/wp\/v2\/posts\/13716\/revisions\/13717"}],"wp:featuredmedia":[{"embeddable":true,"href":"https:\/\/transparency.mk\/sq\/wp-json\/wp\/v2\/media\/13702"}],"wp:attachment":[{"href":"https:\/\/transparency.mk\/sq\/wp-json\/wp\/v2\/media?parent=13716"}],"wp:term":[{"taxonomy":"category","embeddable":true,"href":"https:\/\/transparency.mk\/sq\/wp-json\/wp\/v2\/categories?post=13716"},{"taxonomy":"post_tag","embeddable":true,"href":"https:\/\/transparency.mk\/sq\/wp-json\/wp\/v2\/tags?post=13716"}],"curies":[{"name":"wp","href":"https:\/\/api.w.org\/{rel}","templated":true}]}}