{"id":14255,"date":"2024-06-07T14:25:48","date_gmt":"2024-06-07T12:25:48","guid":{"rendered":"https:\/\/transparency.mk\/?p=14255"},"modified":"2024-06-07T14:26:37","modified_gmt":"2024-06-07T12:26:37","slug":"14255","status":"publish","type":"post","link":"https:\/\/transparency.mk\/sq\/2024\/06\/07\/14255\/","title":{"rendered":"L\u00ebnda: Reagim ndaj munges\u00ebs s\u00eb procesit konsultativ p\u00ebr ndryshimin e Ligjit sistematik p\u00ebr organizimin dhe pun\u00ebn e organeve t\u00eb administrat\u00ebs shtet\u00ebrore"},"content":{"rendered":"<p>Drejtuar: Afrim Gashi,<br \/>\nKryetar i Kuvendit t\u00eb Republik\u00ebs s\u00eb Maqedonis\u00eb s\u00eb Veriut<\/p>\n<p>&nbsp;<\/p>\n<p><strong>L\u00ebnda: Reagim ndaj munges\u00ebs s\u00eb procesit konsultativ p\u00ebr ndryshimin e Ligjit sistematik p\u00ebr organizimin dhe pun\u00ebn e organeve t\u00eb administrat\u00ebs shtet\u00ebrore <\/strong><\/p>\n<p>&nbsp;<\/p>\n<p>Platforma e organizatave t\u00eb shoq\u00ebris\u00eb civile p\u00ebr luft\u00eb kund\u00ebr korrupsionit reagon ndaj Kuvendit t\u00eb Republik\u00ebs s\u00eb Maqedonis\u00eb s\u00eb Veriut p\u00ebr procesin e mbyllur dhe jo konsultativ me pal\u00ebt e interesuara n\u00eb lidhje me Propozim &#8211; ligjin p\u00ebr ndryshimin dhe plot\u00ebsimin e Ligjit p\u00ebr organizimin dhe pun\u00ebn e organeve t\u00eb administrat\u00ebs shtet\u00ebrore.<\/p>\n<p>Gjithashtu, krijimi i tre ministrive t\u00eb reja dhe riorganizimi i sistemit t\u00eb administrat\u00ebs shtet\u00ebrore pa nj\u00eb analiz\u00eb p\u00ebrkat\u00ebse paraprake p\u00ebr justifikimin e propozimit \u00ebsht\u00eb i papranuesh\u00ebm p\u00ebr Platform\u00ebn e Organizatave Civile p\u00ebr Luft\u00eb Kund\u00ebr Korrupsionit.<\/p>\n<p>Theksojm\u00eb se kjo ndikon negativisht n\u00eb bashk\u00ebpunimin dhe besimin e shoq\u00ebris\u00eb civile me krijuesit e politikave publike.<\/p>\n<p>Me k\u00ebt\u00eb reagim, Platforma mbetet konsekuente edhe ndaj sugjerimit t\u00eb m\u00ebparsh\u00ebm nga viti 2022 se riorganizimi i administrat\u00ebs shtet\u00ebrore \u00ebsht\u00eb nj\u00eb proces jasht\u00ebzakonisht i r\u00ebnd\u00ebsish\u00ebm, i cili duhet t\u00eb mb\u00ebshtetet n\u00eb parimet e transparenc\u00ebs, p\u00ebrfshirjes dhe p\u00ebrgatitjes paraprake t\u00eb qytetar\u00ebve p\u00ebr ndryshimet sistematike q\u00eb iniciohen.<\/p>\n<p>&nbsp;<\/p>\n<p>Me respekt,<\/p>\n<p>Platforma e Organizatave<br \/>\nCivile p\u00ebr Luft\u00eb Kund\u00ebr Korrupsionit<\/p>\n<p>&nbsp;<\/p>\n<p><a href=\"https:\/\/transparency.mk\/wp-content\/uploads\/2024\/06\/reagim-ndaj-mungeses-se-procesit-konsultativ-per-ndryshimin-e-ligjit-sistematik-per-organizimin-dhe-punen-e-organeve-te-administrates-shteterore.pdf\" target=\"_blank\" rel=\"noopener\">Reagim ndaj mungeses se procesit konsultativ per ndryshimin e Ligjit sistematik per organizimin dhe punen e organeve te administrates shteterore<\/a><\/p>\n<p>&nbsp;<\/p>\n<p>&nbsp;<\/p>\n","protected":false},"excerpt":{"rendered":"<p>Drejtuar: Afrim Gashi, Kryetar i Kuvendit t\u00eb Republik\u00ebs s\u00eb Maqedonis\u00eb s\u00eb Veriut &nbsp; L\u00ebnda: Reagim ndaj munges\u00ebs s\u00eb procesit konsultativ p\u00ebr ndryshimin e Ligjit sistematik p\u00ebr organizimin dhe pun\u00ebn e organeve t\u00eb administrat\u00ebs shtet\u00ebrore &nbsp; Platforma e organizatave t\u00eb shoq\u00ebris\u00eb civile p\u00ebr luft\u00eb kund\u00ebr korrupsionit reagon ndaj Kuvendit t\u00eb Republik\u00ebs s\u00eb Maqedonis\u00eb s\u00eb Veriut p\u00ebr&hellip;<\/p>\n","protected":false},"author":3,"featured_media":11925,"comment_status":"closed","ping_status":"closed","sticky":false,"template":"","format":"standard","meta":{"_monsterinsights_skip_tracking":false,"_monsterinsights_sitenote_active":false,"_monsterinsights_sitenote_note":"","_monsterinsights_sitenote_category":0,"footnotes":""},"categories":[90],"tags":[],"class_list":["post-14255","post","type-post","status-publish","format-standard","has-post-thumbnail","hentry","category-lajme","category-90","description-off"],"yoast_head":"<!-- This site is optimized with the Yoast SEO plugin v25.8 - https:\/\/yoast.com\/wordpress\/plugins\/seo\/ -->\n<title>L\u00ebnda: Reagim ndaj munges\u00ebs s\u00eb procesit konsultativ p\u00ebr ndryshimin e Ligjit sistematik p\u00ebr organizimin dhe pun\u00ebn e organeve t\u00eb administrat\u00ebs shtet\u00ebrore - Transparency International<\/title>\n<meta name=\"robots\" content=\"index, follow, max-snippet:-1, max-image-preview:large, max-video-preview:-1\" \/>\n<link rel=\"canonical\" href=\"https:\/\/transparency.mk\/sq\/2024\/06\/07\/14255\/\" \/>\n<meta property=\"og:locale\" content=\"sq_AL\" \/>\n<meta property=\"og:type\" content=\"article\" \/>\n<meta property=\"og:title\" content=\"L\u00ebnda: Reagim ndaj munges\u00ebs s\u00eb procesit konsultativ p\u00ebr ndryshimin e Ligjit sistematik p\u00ebr organizimin dhe pun\u00ebn e organeve t\u00eb administrat\u00ebs shtet\u00ebrore - Transparency International\" \/>\n<meta property=\"og:description\" content=\"Drejtuar: Afrim Gashi, Kryetar i Kuvendit t\u00eb Republik\u00ebs s\u00eb Maqedonis\u00eb s\u00eb Veriut &nbsp; L\u00ebnda: Reagim ndaj munges\u00ebs s\u00eb procesit konsultativ p\u00ebr ndryshimin e Ligjit sistematik p\u00ebr organizimin dhe pun\u00ebn e organeve t\u00eb administrat\u00ebs shtet\u00ebrore &nbsp; Platforma e organizatave t\u00eb shoq\u00ebris\u00eb civile p\u00ebr luft\u00eb kund\u00ebr korrupsionit reagon ndaj Kuvendit t\u00eb Republik\u00ebs s\u00eb Maqedonis\u00eb s\u00eb Veriut p\u00ebr&hellip;\" \/>\n<meta property=\"og:url\" content=\"https:\/\/transparency.mk\/sq\/2024\/06\/07\/14255\/\" \/>\n<meta property=\"og:site_name\" content=\"Transparency International\" \/>\n<meta property=\"article:publisher\" content=\"https:\/\/www.facebook.com\/TransparencyMK\/\" \/>\n<meta property=\"article:published_time\" content=\"2024-06-07T12:25:48+00:00\" \/>\n<meta property=\"article:modified_time\" content=\"2024-06-07T12:26:37+00:00\" \/>\n<meta property=\"og:image\" content=\"https:\/\/transparency.mk\/wp-content\/uploads\/2023\/04\/20190226_155809_platforma_bpk.jpg\" \/>\n\t<meta property=\"og:image:width\" content=\"540\" \/>\n\t<meta property=\"og:image:height\" content=\"360\" \/>\n\t<meta property=\"og:image:type\" content=\"image\/jpeg\" \/>\n<meta name=\"author\" content=\"Meto\" \/>\n<meta name=\"twitter:card\" content=\"summary_large_image\" \/>\n<meta name=\"twitter:creator\" content=\"@ti_macedonia\" \/>\n<meta name=\"twitter:site\" content=\"@ti_macedonia\" \/>\n<meta name=\"twitter:label1\" content=\"Written by\" \/>\n\t<meta name=\"twitter:data1\" content=\"Meto\" \/>\n\t<meta name=\"twitter:label2\" content=\"Est. reading time\" \/>\n\t<meta name=\"twitter:data2\" content=\"2 minutes\" \/>\n<script type=\"application\/ld+json\" class=\"yoast-schema-graph\">{\"@context\":\"https:\/\/schema.org\",\"@graph\":[{\"@type\":\"Article\",\"@id\":\"https:\/\/transparency.mk\/sq\/2024\/06\/07\/14255\/#article\",\"isPartOf\":{\"@id\":\"https:\/\/transparency.mk\/sq\/2024\/06\/07\/14255\/\"},\"author\":{\"name\":\"Meto\",\"@id\":\"https:\/\/transparency.mk\/#\/schema\/person\/441f90f705251dd361acf90fb32e6e7f\"},\"headline\":\"L\u00ebnda: Reagim ndaj munges\u00ebs s\u00eb procesit konsultativ p\u00ebr ndryshimin e Ligjit sistematik p\u00ebr organizimin dhe pun\u00ebn e organeve t\u00eb administrat\u00ebs shtet\u00ebrore\",\"datePublished\":\"2024-06-07T12:25:48+00:00\",\"dateModified\":\"2024-06-07T12:26:37+00:00\",\"mainEntityOfPage\":{\"@id\":\"https:\/\/transparency.mk\/sq\/2024\/06\/07\/14255\/\"},\"wordCount\":293,\"publisher\":{\"@id\":\"https:\/\/transparency.mk\/#organization\"},\"image\":{\"@id\":\"https:\/\/transparency.mk\/sq\/2024\/06\/07\/14255\/#primaryimage\"},\"thumbnailUrl\":\"https:\/\/transparency.mk\/wp-content\/uploads\/2023\/04\/20190226_155809_platforma_bpk.jpg\",\"articleSection\":[\"Lajme\"],\"inLanguage\":\"sq-AL\"},{\"@type\":\"WebPage\",\"@id\":\"https:\/\/transparency.mk\/sq\/2024\/06\/07\/14255\/\",\"url\":\"https:\/\/transparency.mk\/sq\/2024\/06\/07\/14255\/\",\"name\":\"L\u00ebnda: Reagim ndaj munges\u00ebs s\u00eb procesit konsultativ p\u00ebr ndryshimin e Ligjit sistematik p\u00ebr organizimin dhe pun\u00ebn e organeve t\u00eb administrat\u00ebs shtet\u00ebrore - Transparency International\",\"isPartOf\":{\"@id\":\"https:\/\/transparency.mk\/#website\"},\"primaryImageOfPage\":{\"@id\":\"https:\/\/transparency.mk\/sq\/2024\/06\/07\/14255\/#primaryimage\"},\"image\":{\"@id\":\"https:\/\/transparency.mk\/sq\/2024\/06\/07\/14255\/#primaryimage\"},\"thumbnailUrl\":\"https:\/\/transparency.mk\/wp-content\/uploads\/2023\/04\/20190226_155809_platforma_bpk.jpg\",\"datePublished\":\"2024-06-07T12:25:48+00:00\",\"dateModified\":\"2024-06-07T12:26:37+00:00\",\"breadcrumb\":{\"@id\":\"https:\/\/transparency.mk\/sq\/2024\/06\/07\/14255\/#breadcrumb\"},\"inLanguage\":\"sq-AL\",\"potentialAction\":[{\"@type\":\"ReadAction\",\"target\":[\"https:\/\/transparency.mk\/sq\/2024\/06\/07\/14255\/\"]}]},{\"@type\":\"ImageObject\",\"inLanguage\":\"sq-AL\",\"@id\":\"https:\/\/transparency.mk\/sq\/2024\/06\/07\/14255\/#primaryimage\",\"url\":\"https:\/\/transparency.mk\/wp-content\/uploads\/2023\/04\/20190226_155809_platforma_bpk.jpg\",\"contentUrl\":\"https:\/\/transparency.mk\/wp-content\/uploads\/2023\/04\/20190226_155809_platforma_bpk.jpg\",\"width\":540,\"height\":360},{\"@type\":\"BreadcrumbList\",\"@id\":\"https:\/\/transparency.mk\/sq\/2024\/06\/07\/14255\/#breadcrumb\",\"itemListElement\":[{\"@type\":\"ListItem\",\"position\":1,\"name\":\"Home\",\"item\":\"https:\/\/transparency.mk\/sq\/\"},{\"@type\":\"ListItem\",\"position\":2,\"name\":\"L\u00ebnda: Reagim ndaj munges\u00ebs s\u00eb procesit konsultativ p\u00ebr ndryshimin e Ligjit sistematik p\u00ebr organizimin dhe pun\u00ebn e organeve t\u00eb administrat\u00ebs shtet\u00ebrore\"}]},{\"@type\":\"WebSite\",\"@id\":\"https:\/\/transparency.mk\/#website\",\"url\":\"https:\/\/transparency.mk\/\",\"name\":\"Transparency International\",\"description\":\"Maqedoni\",\"publisher\":{\"@id\":\"https:\/\/transparency.mk\/#organization\"},\"potentialAction\":[{\"@type\":\"SearchAction\",\"target\":{\"@type\":\"EntryPoint\",\"urlTemplate\":\"https:\/\/transparency.mk\/?s={search_term_string}\"},\"query-input\":{\"@type\":\"PropertyValueSpecification\",\"valueRequired\":true,\"valueName\":\"search_term_string\"}}],\"inLanguage\":\"sq-AL\"},{\"@type\":\"Organization\",\"@id\":\"https:\/\/transparency.mk\/#organization\",\"name\":\"\u0422\u0440\u0430\u043d\u0441\u043f\u0430\u0440\u0435\u043d\u0441\u0438 \u0418\u043d\u0442\u0435\u0440\u043d\u0435\u0448\u043d\u043b - \u041c\u0430\u043a\u0435\u0434\u043e\u043d\u0438\u0458\u0430\",\"url\":\"https:\/\/transparency.mk\/\",\"logo\":{\"@type\":\"ImageObject\",\"inLanguage\":\"sq-AL\",\"@id\":\"https:\/\/transparency.mk\/#\/schema\/logo\/image\/\",\"url\":\"https:\/\/transparency.mk\/wp-content\/uploads\/2020\/10\/transparency-mk-logo.png\",\"contentUrl\":\"https:\/\/transparency.mk\/wp-content\/uploads\/2020\/10\/transparency-mk-logo.png\",\"width\":250,\"height\":75,\"caption\":\"\u0422\u0440\u0430\u043d\u0441\u043f\u0430\u0440\u0435\u043d\u0441\u0438 \u0418\u043d\u0442\u0435\u0440\u043d\u0435\u0448\u043d\u043b - \u041c\u0430\u043a\u0435\u0434\u043e\u043d\u0438\u0458\u0430\"},\"image\":{\"@id\":\"https:\/\/transparency.mk\/#\/schema\/logo\/image\/\"},\"sameAs\":[\"https:\/\/www.facebook.com\/TransparencyMK\/\",\"https:\/\/x.com\/ti_macedonia\",\"https:\/\/www.instagram.com\/timacedonia\/\",\"https:\/\/youtube.com\/user\/tzcmacedonia\/\"]},{\"@type\":\"Person\",\"@id\":\"https:\/\/transparency.mk\/#\/schema\/person\/441f90f705251dd361acf90fb32e6e7f\",\"name\":\"Meto\"}]}<\/script>\n<!-- \/ Yoast SEO plugin. -->","yoast_head_json":{"title":"L\u00ebnda: Reagim ndaj munges\u00ebs s\u00eb procesit konsultativ p\u00ebr ndryshimin e Ligjit sistematik p\u00ebr organizimin dhe pun\u00ebn e organeve t\u00eb administrat\u00ebs shtet\u00ebrore - Transparency International","robots":{"index":"index","follow":"follow","max-snippet":"max-snippet:-1","max-image-preview":"max-image-preview:large","max-video-preview":"max-video-preview:-1"},"canonical":"https:\/\/transparency.mk\/sq\/2024\/06\/07\/14255\/","og_locale":"sq_AL","og_type":"article","og_title":"L\u00ebnda: Reagim ndaj munges\u00ebs s\u00eb procesit konsultativ p\u00ebr ndryshimin e Ligjit sistematik p\u00ebr organizimin dhe pun\u00ebn e organeve t\u00eb administrat\u00ebs shtet\u00ebrore - Transparency International","og_description":"Drejtuar: Afrim Gashi, Kryetar i Kuvendit t\u00eb Republik\u00ebs s\u00eb Maqedonis\u00eb s\u00eb Veriut &nbsp; L\u00ebnda: Reagim ndaj munges\u00ebs s\u00eb procesit konsultativ p\u00ebr ndryshimin e Ligjit sistematik p\u00ebr organizimin dhe pun\u00ebn e organeve t\u00eb administrat\u00ebs shtet\u00ebrore &nbsp; Platforma e organizatave t\u00eb shoq\u00ebris\u00eb civile p\u00ebr luft\u00eb kund\u00ebr korrupsionit reagon ndaj Kuvendit t\u00eb Republik\u00ebs s\u00eb Maqedonis\u00eb s\u00eb Veriut p\u00ebr&hellip;","og_url":"https:\/\/transparency.mk\/sq\/2024\/06\/07\/14255\/","og_site_name":"Transparency International","article_publisher":"https:\/\/www.facebook.com\/TransparencyMK\/","article_published_time":"2024-06-07T12:25:48+00:00","article_modified_time":"2024-06-07T12:26:37+00:00","og_image":[{"width":540,"height":360,"url":"https:\/\/transparency.mk\/wp-content\/uploads\/2023\/04\/20190226_155809_platforma_bpk.jpg","type":"image\/jpeg"}],"author":"Meto","twitter_card":"summary_large_image","twitter_creator":"@ti_macedonia","twitter_site":"@ti_macedonia","twitter_misc":{"Written by":"Meto","Est. reading time":"2 minutes"},"schema":{"@context":"https:\/\/schema.org","@graph":[{"@type":"Article","@id":"https:\/\/transparency.mk\/sq\/2024\/06\/07\/14255\/#article","isPartOf":{"@id":"https:\/\/transparency.mk\/sq\/2024\/06\/07\/14255\/"},"author":{"name":"Meto","@id":"https:\/\/transparency.mk\/#\/schema\/person\/441f90f705251dd361acf90fb32e6e7f"},"headline":"L\u00ebnda: Reagim ndaj munges\u00ebs s\u00eb procesit konsultativ p\u00ebr ndryshimin e Ligjit sistematik p\u00ebr organizimin dhe pun\u00ebn e organeve t\u00eb administrat\u00ebs shtet\u00ebrore","datePublished":"2024-06-07T12:25:48+00:00","dateModified":"2024-06-07T12:26:37+00:00","mainEntityOfPage":{"@id":"https:\/\/transparency.mk\/sq\/2024\/06\/07\/14255\/"},"wordCount":293,"publisher":{"@id":"https:\/\/transparency.mk\/#organization"},"image":{"@id":"https:\/\/transparency.mk\/sq\/2024\/06\/07\/14255\/#primaryimage"},"thumbnailUrl":"https:\/\/transparency.mk\/wp-content\/uploads\/2023\/04\/20190226_155809_platforma_bpk.jpg","articleSection":["Lajme"],"inLanguage":"sq-AL"},{"@type":"WebPage","@id":"https:\/\/transparency.mk\/sq\/2024\/06\/07\/14255\/","url":"https:\/\/transparency.mk\/sq\/2024\/06\/07\/14255\/","name":"L\u00ebnda: Reagim ndaj munges\u00ebs s\u00eb procesit konsultativ p\u00ebr ndryshimin e Ligjit sistematik p\u00ebr organizimin dhe pun\u00ebn e organeve t\u00eb administrat\u00ebs shtet\u00ebrore - Transparency International","isPartOf":{"@id":"https:\/\/transparency.mk\/#website"},"primaryImageOfPage":{"@id":"https:\/\/transparency.mk\/sq\/2024\/06\/07\/14255\/#primaryimage"},"image":{"@id":"https:\/\/transparency.mk\/sq\/2024\/06\/07\/14255\/#primaryimage"},"thumbnailUrl":"https:\/\/transparency.mk\/wp-content\/uploads\/2023\/04\/20190226_155809_platforma_bpk.jpg","datePublished":"2024-06-07T12:25:48+00:00","dateModified":"2024-06-07T12:26:37+00:00","breadcrumb":{"@id":"https:\/\/transparency.mk\/sq\/2024\/06\/07\/14255\/#breadcrumb"},"inLanguage":"sq-AL","potentialAction":[{"@type":"ReadAction","target":["https:\/\/transparency.mk\/sq\/2024\/06\/07\/14255\/"]}]},{"@type":"ImageObject","inLanguage":"sq-AL","@id":"https:\/\/transparency.mk\/sq\/2024\/06\/07\/14255\/#primaryimage","url":"https:\/\/transparency.mk\/wp-content\/uploads\/2023\/04\/20190226_155809_platforma_bpk.jpg","contentUrl":"https:\/\/transparency.mk\/wp-content\/uploads\/2023\/04\/20190226_155809_platforma_bpk.jpg","width":540,"height":360},{"@type":"BreadcrumbList","@id":"https:\/\/transparency.mk\/sq\/2024\/06\/07\/14255\/#breadcrumb","itemListElement":[{"@type":"ListItem","position":1,"name":"Home","item":"https:\/\/transparency.mk\/sq\/"},{"@type":"ListItem","position":2,"name":"L\u00ebnda: Reagim ndaj munges\u00ebs s\u00eb procesit konsultativ p\u00ebr ndryshimin e Ligjit sistematik p\u00ebr organizimin dhe pun\u00ebn e organeve t\u00eb administrat\u00ebs shtet\u00ebrore"}]},{"@type":"WebSite","@id":"https:\/\/transparency.mk\/#website","url":"https:\/\/transparency.mk\/","name":"Transparency International","description":"Maqedoni","publisher":{"@id":"https:\/\/transparency.mk\/#organization"},"potentialAction":[{"@type":"SearchAction","target":{"@type":"EntryPoint","urlTemplate":"https:\/\/transparency.mk\/?s={search_term_string}"},"query-input":{"@type":"PropertyValueSpecification","valueRequired":true,"valueName":"search_term_string"}}],"inLanguage":"sq-AL"},{"@type":"Organization","@id":"https:\/\/transparency.mk\/#organization","name":"\u0422\u0440\u0430\u043d\u0441\u043f\u0430\u0440\u0435\u043d\u0441\u0438 \u0418\u043d\u0442\u0435\u0440\u043d\u0435\u0448\u043d\u043b - \u041c\u0430\u043a\u0435\u0434\u043e\u043d\u0438\u0458\u0430","url":"https:\/\/transparency.mk\/","logo":{"@type":"ImageObject","inLanguage":"sq-AL","@id":"https:\/\/transparency.mk\/#\/schema\/logo\/image\/","url":"https:\/\/transparency.mk\/wp-content\/uploads\/2020\/10\/transparency-mk-logo.png","contentUrl":"https:\/\/transparency.mk\/wp-content\/uploads\/2020\/10\/transparency-mk-logo.png","width":250,"height":75,"caption":"\u0422\u0440\u0430\u043d\u0441\u043f\u0430\u0440\u0435\u043d\u0441\u0438 \u0418\u043d\u0442\u0435\u0440\u043d\u0435\u0448\u043d\u043b - \u041c\u0430\u043a\u0435\u0434\u043e\u043d\u0438\u0458\u0430"},"image":{"@id":"https:\/\/transparency.mk\/#\/schema\/logo\/image\/"},"sameAs":["https:\/\/www.facebook.com\/TransparencyMK\/","https:\/\/x.com\/ti_macedonia","https:\/\/www.instagram.com\/timacedonia\/","https:\/\/youtube.com\/user\/tzcmacedonia\/"]},{"@type":"Person","@id":"https:\/\/transparency.mk\/#\/schema\/person\/441f90f705251dd361acf90fb32e6e7f","name":"Meto"}]}},"_links":{"self":[{"href":"https:\/\/transparency.mk\/sq\/wp-json\/wp\/v2\/posts\/14255","targetHints":{"allow":["GET"]}}],"collection":[{"href":"https:\/\/transparency.mk\/sq\/wp-json\/wp\/v2\/posts"}],"about":[{"href":"https:\/\/transparency.mk\/sq\/wp-json\/wp\/v2\/types\/post"}],"author":[{"embeddable":true,"href":"https:\/\/transparency.mk\/sq\/wp-json\/wp\/v2\/users\/3"}],"replies":[{"embeddable":true,"href":"https:\/\/transparency.mk\/sq\/wp-json\/wp\/v2\/comments?post=14255"}],"version-history":[{"count":2,"href":"https:\/\/transparency.mk\/sq\/wp-json\/wp\/v2\/posts\/14255\/revisions"}],"predecessor-version":[{"id":14257,"href":"https:\/\/transparency.mk\/sq\/wp-json\/wp\/v2\/posts\/14255\/revisions\/14257"}],"wp:featuredmedia":[{"embeddable":true,"href":"https:\/\/transparency.mk\/sq\/wp-json\/wp\/v2\/media\/11925"}],"wp:attachment":[{"href":"https:\/\/transparency.mk\/sq\/wp-json\/wp\/v2\/media?parent=14255"}],"wp:term":[{"taxonomy":"category","embeddable":true,"href":"https:\/\/transparency.mk\/sq\/wp-json\/wp\/v2\/categories?post=14255"},{"taxonomy":"post_tag","embeddable":true,"href":"https:\/\/transparency.mk\/sq\/wp-json\/wp\/v2\/tags?post=14255"}],"curies":[{"name":"wp","href":"https:\/\/api.w.org\/{rel}","templated":true}]}}