{"id":14538,"date":"2024-07-05T09:19:25","date_gmt":"2024-07-05T07:19:25","guid":{"rendered":"https:\/\/transparency.mk\/?p=14538"},"modified":"2024-07-05T09:19:25","modified_gmt":"2024-07-05T07:19:25","slug":"sipas-transparensi-interneshenell-maqedoni-ne-qershor-me-shume-raste-te-turbullta-se-sa-te-qarta","status":"publish","type":"post","link":"https:\/\/transparency.mk\/sq\/2024\/07\/05\/sipas-transparensi-interneshenell-maqedoni-ne-qershor-me-shume-raste-te-turbullta-se-sa-te-qarta\/","title":{"rendered":"Sipas Transparensi Internesh\u00ebn\u00ebll-Maqedoni n\u00eb qershor m\u00eb shum\u00eb raste &#8220;t\u00eb turbullta&#8221; se sa t\u00eb &#8220;qarta&#8221;"},"content":{"rendered":"<p>Transparensi Internesh\u00ebn\u00ebll-Maqedoni pas ndjekjes s\u00eb rasteve dhe veprimeve lidhur me sjellet korruptuese dhe luft\u00ebn kund\u00ebr korrupsionit i kumtoi rastet aktuale p\u00ebr qershorin e vitit 2024, &#8220;t\u00eb turbullta&#8221; dhe &#8220;t\u00eb qarta&#8221;.<\/p>\n<p>Transparensi Internesh\u00ebn\u00ebll-Maqedoni pas ndjekjes s\u00eb rasteve dhe veprimeve lidhur me sjellet korruptuese dhe luft\u00ebn kund\u00ebr korrupsionit i kumtoi rastet aktuale p\u00ebr qershorin e vitit 2024, &#8220;t\u00eb turbullta&#8221; dhe &#8220;t\u00eb qarta&#8221;.<\/p>\n<p>N\u00eb raste &#8220;t\u00eb qarta&#8221; Transparensi Internesh\u00ebn\u00ebll-Maqedoni i cek\u00eb reagimet nga Platforma e organizatave qytetare p\u00ebr luft\u00eb kund\u00ebr korrupsionit n\u00eb Kuvendin e Republik\u00ebs s\u00eb Maqedonis\u00eb s\u00eb Veriut p\u00ebr munges\u00ebn e procesit konsultativ p\u00ebr ndryshim t\u00eb Ligjit sistematik p\u00ebr organizim t\u00eb pun\u00ebs s\u00eb organeve t\u00eb administrat\u00ebs shtet\u00ebrore dhe rastin me inspektorin e MPB-s\u00eb i cili u akuzua p\u00ebr falsifikim t\u00eb dokumenteve dhe pun\u00eb t\u00eb pand\u00ebrgjegjshme.<\/p>\n<p>Transparensi Internesh\u00ebn\u00ebll-Maqedoni n\u00eb kumtes\u00eb, n\u00eb raste &#8220;t\u00eb turbullta&#8221; i vler\u00ebson raportin e Minsitris\u00eb s\u00eb Kultur\u00ebs p\u00ebr ngjarjet n\u00eb Agjencin\u00eb p\u00ebr film, nga KSHPK p\u00ebr rreth 80 l\u00ebnd\u00eb t\u00eb vjet\u00ebruara p\u00ebr funksionar\u00eb t\u00eb cil\u00ebt as nuk kan\u00eb paraqitur flet\u00eb anketuese, as nuk kan\u00eb paguar gjob\u00eb, p\u00ebr at\u00eb se Antikorrupsioni do t\u00eb k\u00ebrkoj\u00eb p\u00ebrgjegj\u00ebsi nga ministri i Sh\u00ebndet\u00ebsis\u00eb, Ilir Demiri, i cili n\u00eb m\u00ebynr\u00eb t\u00eb paligjshme i shkarkoi drejtor\u00ebt n\u00eb Toksikologji dhe Kardiokirurgji, p\u00ebr kryetarin e komun\u00ebs i cili e kishte avancuar bashk\u00ebshorten nga vendi i pun\u00ebs &#8211; bashk\u00ebpun\u00ebtore, n\u00eb k\u00ebshilltare n\u00eb komun\u00eb, si dhe anket\u00ebn e Od\u00ebs ekonomike &#8220;Pushteti qendror dhe lokal kan\u00eb k\u00ebrkuar ryshfet nga biznesi privat&#8221;.<\/p>\n<p>&nbsp;<\/p>\n<p>Burimi: <a href=\"https:\/\/mia.mk\/al\/story\/sipas-transparensi-internesh%C3%ABn%C3%ABllmaqedoni-n%C3%AB-qershor-m%C3%AB-shum%C3%AB-raste-t%C3%AB-turbullta-se-sa-t%C3%AB-qarta\" target=\"_blank\" rel=\"noopener\">MIA<\/a><\/p>\n<p>&nbsp;<\/p>\n","protected":false},"excerpt":{"rendered":"<p>Transparensi Internesh\u00ebn\u00ebll-Maqedoni pas ndjekjes s\u00eb rasteve dhe veprimeve lidhur me sjellet korruptuese dhe luft\u00ebn kund\u00ebr korrupsionit i kumtoi rastet aktuale p\u00ebr qershorin e vitit 2024, &#8220;t\u00eb turbullta&#8221; dhe &#8220;t\u00eb qarta&#8221;. Transparensi Internesh\u00ebn\u00ebll-Maqedoni pas ndjekjes s\u00eb rasteve dhe veprimeve lidhur me sjellet korruptuese dhe luft\u00ebn kund\u00ebr korrupsionit i kumtoi rastet aktuale p\u00ebr qershorin e vitit 2024,&hellip;<\/p>\n","protected":false},"author":3,"featured_media":14539,"comment_status":"closed","ping_status":"closed","sticky":false,"template":"","format":"standard","meta":{"_monsterinsights_skip_tracking":false,"_monsterinsights_sitenote_active":false,"_monsterinsights_sitenote_note":"","_monsterinsights_sitenote_category":0,"footnotes":""},"categories":[90],"tags":[],"class_list":["post-14538","post","type-post","status-publish","format-standard","has-post-thumbnail","hentry","category-lajme","category-90","description-off"],"yoast_head":"<!-- This site is optimized with the Yoast SEO plugin v25.8 - https:\/\/yoast.com\/wordpress\/plugins\/seo\/ -->\n<title>Sipas Transparensi Internesh\u00ebn\u00ebll-Maqedoni n\u00eb qershor m\u00eb shum\u00eb raste &quot;t\u00eb turbullta&quot; se sa t\u00eb &quot;qarta&quot; - Transparency International<\/title>\n<meta name=\"robots\" content=\"index, follow, max-snippet:-1, max-image-preview:large, max-video-preview:-1\" \/>\n<link rel=\"canonical\" href=\"https:\/\/transparency.mk\/sq\/2024\/07\/05\/sipas-transparensi-interneshenell-maqedoni-ne-qershor-me-shume-raste-te-turbullta-se-sa-te-qarta\/\" \/>\n<meta property=\"og:locale\" content=\"sq_AL\" \/>\n<meta property=\"og:type\" content=\"article\" \/>\n<meta property=\"og:title\" content=\"Sipas Transparensi Internesh\u00ebn\u00ebll-Maqedoni n\u00eb qershor m\u00eb shum\u00eb raste &quot;t\u00eb turbullta&quot; se sa t\u00eb &quot;qarta&quot; - Transparency International\" \/>\n<meta property=\"og:description\" content=\"Transparensi Internesh\u00ebn\u00ebll-Maqedoni pas ndjekjes s\u00eb rasteve dhe veprimeve lidhur me sjellet korruptuese dhe luft\u00ebn kund\u00ebr korrupsionit i kumtoi rastet aktuale p\u00ebr qershorin e vitit 2024, &#8220;t\u00eb turbullta&#8221; dhe &#8220;t\u00eb qarta&#8221;. Transparensi Internesh\u00ebn\u00ebll-Maqedoni pas ndjekjes s\u00eb rasteve dhe veprimeve lidhur me sjellet korruptuese dhe luft\u00ebn kund\u00ebr korrupsionit i kumtoi rastet aktuale p\u00ebr qershorin e vitit 2024,&hellip;\" \/>\n<meta property=\"og:url\" content=\"https:\/\/transparency.mk\/sq\/2024\/07\/05\/sipas-transparensi-interneshenell-maqedoni-ne-qershor-me-shume-raste-te-turbullta-se-sa-te-qarta\/\" \/>\n<meta property=\"og:site_name\" content=\"Transparency International\" \/>\n<meta property=\"article:publisher\" content=\"https:\/\/www.facebook.com\/TransparencyMK\/\" \/>\n<meta property=\"article:published_time\" content=\"2024-07-05T07:19:25+00:00\" \/>\n<meta property=\"og:image\" content=\"https:\/\/transparency.mk\/wp-content\/uploads\/2024\/07\/20240704120037_big_730x400_2.webp\" \/>\n\t<meta property=\"og:image:width\" content=\"730\" \/>\n\t<meta property=\"og:image:height\" content=\"468\" \/>\n\t<meta property=\"og:image:type\" content=\"image\/webp\" \/>\n<meta name=\"author\" content=\"Meto\" \/>\n<meta name=\"twitter:card\" content=\"summary_large_image\" \/>\n<meta name=\"twitter:creator\" content=\"@ti_macedonia\" \/>\n<meta name=\"twitter:site\" content=\"@ti_macedonia\" \/>\n<meta name=\"twitter:label1\" content=\"Written by\" \/>\n\t<meta name=\"twitter:data1\" content=\"Meto\" \/>\n\t<meta name=\"twitter:label2\" content=\"Est. reading time\" \/>\n\t<meta name=\"twitter:data2\" content=\"2 minutes\" \/>\n<script type=\"application\/ld+json\" class=\"yoast-schema-graph\">{\"@context\":\"https:\/\/schema.org\",\"@graph\":[{\"@type\":\"Article\",\"@id\":\"https:\/\/transparency.mk\/sq\/2024\/07\/05\/sipas-transparensi-interneshenell-maqedoni-ne-qershor-me-shume-raste-te-turbullta-se-sa-te-qarta\/#article\",\"isPartOf\":{\"@id\":\"https:\/\/transparency.mk\/sq\/2024\/07\/05\/sipas-transparensi-interneshenell-maqedoni-ne-qershor-me-shume-raste-te-turbullta-se-sa-te-qarta\/\"},\"author\":{\"name\":\"Meto\",\"@id\":\"https:\/\/transparency.mk\/#\/schema\/person\/441f90f705251dd361acf90fb32e6e7f\"},\"headline\":\"Sipas Transparensi Internesh\u00ebn\u00ebll-Maqedoni n\u00eb qershor m\u00eb shum\u00eb raste &#8220;t\u00eb turbullta&#8221; se sa t\u00eb &#8220;qarta&#8221;\",\"datePublished\":\"2024-07-05T07:19:25+00:00\",\"mainEntityOfPage\":{\"@id\":\"https:\/\/transparency.mk\/sq\/2024\/07\/05\/sipas-transparensi-interneshenell-maqedoni-ne-qershor-me-shume-raste-te-turbullta-se-sa-te-qarta\/\"},\"wordCount\":300,\"publisher\":{\"@id\":\"https:\/\/transparency.mk\/#organization\"},\"image\":{\"@id\":\"https:\/\/transparency.mk\/sq\/2024\/07\/05\/sipas-transparensi-interneshenell-maqedoni-ne-qershor-me-shume-raste-te-turbullta-se-sa-te-qarta\/#primaryimage\"},\"thumbnailUrl\":\"https:\/\/transparency.mk\/wp-content\/uploads\/2024\/07\/20240704120037_big_730x400_2.webp\",\"articleSection\":[\"Lajme\"],\"inLanguage\":\"sq-AL\"},{\"@type\":\"WebPage\",\"@id\":\"https:\/\/transparency.mk\/sq\/2024\/07\/05\/sipas-transparensi-interneshenell-maqedoni-ne-qershor-me-shume-raste-te-turbullta-se-sa-te-qarta\/\",\"url\":\"https:\/\/transparency.mk\/sq\/2024\/07\/05\/sipas-transparensi-interneshenell-maqedoni-ne-qershor-me-shume-raste-te-turbullta-se-sa-te-qarta\/\",\"name\":\"Sipas Transparensi Internesh\u00ebn\u00ebll-Maqedoni n\u00eb qershor m\u00eb shum\u00eb raste \\\"t\u00eb turbullta\\\" se sa t\u00eb \\\"qarta\\\" - Transparency International\",\"isPartOf\":{\"@id\":\"https:\/\/transparency.mk\/#website\"},\"primaryImageOfPage\":{\"@id\":\"https:\/\/transparency.mk\/sq\/2024\/07\/05\/sipas-transparensi-interneshenell-maqedoni-ne-qershor-me-shume-raste-te-turbullta-se-sa-te-qarta\/#primaryimage\"},\"image\":{\"@id\":\"https:\/\/transparency.mk\/sq\/2024\/07\/05\/sipas-transparensi-interneshenell-maqedoni-ne-qershor-me-shume-raste-te-turbullta-se-sa-te-qarta\/#primaryimage\"},\"thumbnailUrl\":\"https:\/\/transparency.mk\/wp-content\/uploads\/2024\/07\/20240704120037_big_730x400_2.webp\",\"datePublished\":\"2024-07-05T07:19:25+00:00\",\"breadcrumb\":{\"@id\":\"https:\/\/transparency.mk\/sq\/2024\/07\/05\/sipas-transparensi-interneshenell-maqedoni-ne-qershor-me-shume-raste-te-turbullta-se-sa-te-qarta\/#breadcrumb\"},\"inLanguage\":\"sq-AL\",\"potentialAction\":[{\"@type\":\"ReadAction\",\"target\":[\"https:\/\/transparency.mk\/sq\/2024\/07\/05\/sipas-transparensi-interneshenell-maqedoni-ne-qershor-me-shume-raste-te-turbullta-se-sa-te-qarta\/\"]}]},{\"@type\":\"ImageObject\",\"inLanguage\":\"sq-AL\",\"@id\":\"https:\/\/transparency.mk\/sq\/2024\/07\/05\/sipas-transparensi-interneshenell-maqedoni-ne-qershor-me-shume-raste-te-turbullta-se-sa-te-qarta\/#primaryimage\",\"url\":\"https:\/\/transparency.mk\/wp-content\/uploads\/2024\/07\/20240704120037_big_730x400_2.webp\",\"contentUrl\":\"https:\/\/transparency.mk\/wp-content\/uploads\/2024\/07\/20240704120037_big_730x400_2.webp\",\"width\":730,\"height\":468},{\"@type\":\"BreadcrumbList\",\"@id\":\"https:\/\/transparency.mk\/sq\/2024\/07\/05\/sipas-transparensi-interneshenell-maqedoni-ne-qershor-me-shume-raste-te-turbullta-se-sa-te-qarta\/#breadcrumb\",\"itemListElement\":[{\"@type\":\"ListItem\",\"position\":1,\"name\":\"Home\",\"item\":\"https:\/\/transparency.mk\/sq\/\"},{\"@type\":\"ListItem\",\"position\":2,\"name\":\"Sipas Transparensi Internesh\u00ebn\u00ebll-Maqedoni n\u00eb qershor m\u00eb shum\u00eb raste &#8220;t\u00eb turbullta&#8221; se sa t\u00eb &#8220;qarta&#8221;\"}]},{\"@type\":\"WebSite\",\"@id\":\"https:\/\/transparency.mk\/#website\",\"url\":\"https:\/\/transparency.mk\/\",\"name\":\"Transparency International\",\"description\":\"Maqedoni\",\"publisher\":{\"@id\":\"https:\/\/transparency.mk\/#organization\"},\"potentialAction\":[{\"@type\":\"SearchAction\",\"target\":{\"@type\":\"EntryPoint\",\"urlTemplate\":\"https:\/\/transparency.mk\/?s={search_term_string}\"},\"query-input\":{\"@type\":\"PropertyValueSpecification\",\"valueRequired\":true,\"valueName\":\"search_term_string\"}}],\"inLanguage\":\"sq-AL\"},{\"@type\":\"Organization\",\"@id\":\"https:\/\/transparency.mk\/#organization\",\"name\":\"\u0422\u0440\u0430\u043d\u0441\u043f\u0430\u0440\u0435\u043d\u0441\u0438 \u0418\u043d\u0442\u0435\u0440\u043d\u0435\u0448\u043d\u043b - \u041c\u0430\u043a\u0435\u0434\u043e\u043d\u0438\u0458\u0430\",\"url\":\"https:\/\/transparency.mk\/\",\"logo\":{\"@type\":\"ImageObject\",\"inLanguage\":\"sq-AL\",\"@id\":\"https:\/\/transparency.mk\/#\/schema\/logo\/image\/\",\"url\":\"https:\/\/transparency.mk\/wp-content\/uploads\/2020\/10\/transparency-mk-logo.png\",\"contentUrl\":\"https:\/\/transparency.mk\/wp-content\/uploads\/2020\/10\/transparency-mk-logo.png\",\"width\":250,\"height\":75,\"caption\":\"\u0422\u0440\u0430\u043d\u0441\u043f\u0430\u0440\u0435\u043d\u0441\u0438 \u0418\u043d\u0442\u0435\u0440\u043d\u0435\u0448\u043d\u043b - \u041c\u0430\u043a\u0435\u0434\u043e\u043d\u0438\u0458\u0430\"},\"image\":{\"@id\":\"https:\/\/transparency.mk\/#\/schema\/logo\/image\/\"},\"sameAs\":[\"https:\/\/www.facebook.com\/TransparencyMK\/\",\"https:\/\/x.com\/ti_macedonia\",\"https:\/\/www.instagram.com\/timacedonia\/\",\"https:\/\/youtube.com\/user\/tzcmacedonia\/\"]},{\"@type\":\"Person\",\"@id\":\"https:\/\/transparency.mk\/#\/schema\/person\/441f90f705251dd361acf90fb32e6e7f\",\"name\":\"Meto\"}]}<\/script>\n<!-- \/ Yoast SEO plugin. -->","yoast_head_json":{"title":"Sipas Transparensi Internesh\u00ebn\u00ebll-Maqedoni n\u00eb qershor m\u00eb shum\u00eb raste \"t\u00eb turbullta\" se sa t\u00eb \"qarta\" - Transparency International","robots":{"index":"index","follow":"follow","max-snippet":"max-snippet:-1","max-image-preview":"max-image-preview:large","max-video-preview":"max-video-preview:-1"},"canonical":"https:\/\/transparency.mk\/sq\/2024\/07\/05\/sipas-transparensi-interneshenell-maqedoni-ne-qershor-me-shume-raste-te-turbullta-se-sa-te-qarta\/","og_locale":"sq_AL","og_type":"article","og_title":"Sipas Transparensi Internesh\u00ebn\u00ebll-Maqedoni n\u00eb qershor m\u00eb shum\u00eb raste \"t\u00eb turbullta\" se sa t\u00eb \"qarta\" - Transparency International","og_description":"Transparensi Internesh\u00ebn\u00ebll-Maqedoni pas ndjekjes s\u00eb rasteve dhe veprimeve lidhur me sjellet korruptuese dhe luft\u00ebn kund\u00ebr korrupsionit i kumtoi rastet aktuale p\u00ebr qershorin e vitit 2024, &#8220;t\u00eb turbullta&#8221; dhe &#8220;t\u00eb qarta&#8221;. Transparensi Internesh\u00ebn\u00ebll-Maqedoni pas ndjekjes s\u00eb rasteve dhe veprimeve lidhur me sjellet korruptuese dhe luft\u00ebn kund\u00ebr korrupsionit i kumtoi rastet aktuale p\u00ebr qershorin e vitit 2024,&hellip;","og_url":"https:\/\/transparency.mk\/sq\/2024\/07\/05\/sipas-transparensi-interneshenell-maqedoni-ne-qershor-me-shume-raste-te-turbullta-se-sa-te-qarta\/","og_site_name":"Transparency International","article_publisher":"https:\/\/www.facebook.com\/TransparencyMK\/","article_published_time":"2024-07-05T07:19:25+00:00","og_image":[{"width":730,"height":468,"url":"https:\/\/transparency.mk\/wp-content\/uploads\/2024\/07\/20240704120037_big_730x400_2.webp","type":"image\/webp"}],"author":"Meto","twitter_card":"summary_large_image","twitter_creator":"@ti_macedonia","twitter_site":"@ti_macedonia","twitter_misc":{"Written by":"Meto","Est. reading time":"2 minutes"},"schema":{"@context":"https:\/\/schema.org","@graph":[{"@type":"Article","@id":"https:\/\/transparency.mk\/sq\/2024\/07\/05\/sipas-transparensi-interneshenell-maqedoni-ne-qershor-me-shume-raste-te-turbullta-se-sa-te-qarta\/#article","isPartOf":{"@id":"https:\/\/transparency.mk\/sq\/2024\/07\/05\/sipas-transparensi-interneshenell-maqedoni-ne-qershor-me-shume-raste-te-turbullta-se-sa-te-qarta\/"},"author":{"name":"Meto","@id":"https:\/\/transparency.mk\/#\/schema\/person\/441f90f705251dd361acf90fb32e6e7f"},"headline":"Sipas Transparensi Internesh\u00ebn\u00ebll-Maqedoni n\u00eb qershor m\u00eb shum\u00eb raste &#8220;t\u00eb turbullta&#8221; se sa t\u00eb &#8220;qarta&#8221;","datePublished":"2024-07-05T07:19:25+00:00","mainEntityOfPage":{"@id":"https:\/\/transparency.mk\/sq\/2024\/07\/05\/sipas-transparensi-interneshenell-maqedoni-ne-qershor-me-shume-raste-te-turbullta-se-sa-te-qarta\/"},"wordCount":300,"publisher":{"@id":"https:\/\/transparency.mk\/#organization"},"image":{"@id":"https:\/\/transparency.mk\/sq\/2024\/07\/05\/sipas-transparensi-interneshenell-maqedoni-ne-qershor-me-shume-raste-te-turbullta-se-sa-te-qarta\/#primaryimage"},"thumbnailUrl":"https:\/\/transparency.mk\/wp-content\/uploads\/2024\/07\/20240704120037_big_730x400_2.webp","articleSection":["Lajme"],"inLanguage":"sq-AL"},{"@type":"WebPage","@id":"https:\/\/transparency.mk\/sq\/2024\/07\/05\/sipas-transparensi-interneshenell-maqedoni-ne-qershor-me-shume-raste-te-turbullta-se-sa-te-qarta\/","url":"https:\/\/transparency.mk\/sq\/2024\/07\/05\/sipas-transparensi-interneshenell-maqedoni-ne-qershor-me-shume-raste-te-turbullta-se-sa-te-qarta\/","name":"Sipas Transparensi Internesh\u00ebn\u00ebll-Maqedoni n\u00eb qershor m\u00eb shum\u00eb raste \"t\u00eb turbullta\" se sa t\u00eb \"qarta\" - Transparency International","isPartOf":{"@id":"https:\/\/transparency.mk\/#website"},"primaryImageOfPage":{"@id":"https:\/\/transparency.mk\/sq\/2024\/07\/05\/sipas-transparensi-interneshenell-maqedoni-ne-qershor-me-shume-raste-te-turbullta-se-sa-te-qarta\/#primaryimage"},"image":{"@id":"https:\/\/transparency.mk\/sq\/2024\/07\/05\/sipas-transparensi-interneshenell-maqedoni-ne-qershor-me-shume-raste-te-turbullta-se-sa-te-qarta\/#primaryimage"},"thumbnailUrl":"https:\/\/transparency.mk\/wp-content\/uploads\/2024\/07\/20240704120037_big_730x400_2.webp","datePublished":"2024-07-05T07:19:25+00:00","breadcrumb":{"@id":"https:\/\/transparency.mk\/sq\/2024\/07\/05\/sipas-transparensi-interneshenell-maqedoni-ne-qershor-me-shume-raste-te-turbullta-se-sa-te-qarta\/#breadcrumb"},"inLanguage":"sq-AL","potentialAction":[{"@type":"ReadAction","target":["https:\/\/transparency.mk\/sq\/2024\/07\/05\/sipas-transparensi-interneshenell-maqedoni-ne-qershor-me-shume-raste-te-turbullta-se-sa-te-qarta\/"]}]},{"@type":"ImageObject","inLanguage":"sq-AL","@id":"https:\/\/transparency.mk\/sq\/2024\/07\/05\/sipas-transparensi-interneshenell-maqedoni-ne-qershor-me-shume-raste-te-turbullta-se-sa-te-qarta\/#primaryimage","url":"https:\/\/transparency.mk\/wp-content\/uploads\/2024\/07\/20240704120037_big_730x400_2.webp","contentUrl":"https:\/\/transparency.mk\/wp-content\/uploads\/2024\/07\/20240704120037_big_730x400_2.webp","width":730,"height":468},{"@type":"BreadcrumbList","@id":"https:\/\/transparency.mk\/sq\/2024\/07\/05\/sipas-transparensi-interneshenell-maqedoni-ne-qershor-me-shume-raste-te-turbullta-se-sa-te-qarta\/#breadcrumb","itemListElement":[{"@type":"ListItem","position":1,"name":"Home","item":"https:\/\/transparency.mk\/sq\/"},{"@type":"ListItem","position":2,"name":"Sipas Transparensi Internesh\u00ebn\u00ebll-Maqedoni n\u00eb qershor m\u00eb shum\u00eb raste &#8220;t\u00eb turbullta&#8221; se sa t\u00eb &#8220;qarta&#8221;"}]},{"@type":"WebSite","@id":"https:\/\/transparency.mk\/#website","url":"https:\/\/transparency.mk\/","name":"Transparency International","description":"Maqedoni","publisher":{"@id":"https:\/\/transparency.mk\/#organization"},"potentialAction":[{"@type":"SearchAction","target":{"@type":"EntryPoint","urlTemplate":"https:\/\/transparency.mk\/?s={search_term_string}"},"query-input":{"@type":"PropertyValueSpecification","valueRequired":true,"valueName":"search_term_string"}}],"inLanguage":"sq-AL"},{"@type":"Organization","@id":"https:\/\/transparency.mk\/#organization","name":"\u0422\u0440\u0430\u043d\u0441\u043f\u0430\u0440\u0435\u043d\u0441\u0438 \u0418\u043d\u0442\u0435\u0440\u043d\u0435\u0448\u043d\u043b - \u041c\u0430\u043a\u0435\u0434\u043e\u043d\u0438\u0458\u0430","url":"https:\/\/transparency.mk\/","logo":{"@type":"ImageObject","inLanguage":"sq-AL","@id":"https:\/\/transparency.mk\/#\/schema\/logo\/image\/","url":"https:\/\/transparency.mk\/wp-content\/uploads\/2020\/10\/transparency-mk-logo.png","contentUrl":"https:\/\/transparency.mk\/wp-content\/uploads\/2020\/10\/transparency-mk-logo.png","width":250,"height":75,"caption":"\u0422\u0440\u0430\u043d\u0441\u043f\u0430\u0440\u0435\u043d\u0441\u0438 \u0418\u043d\u0442\u0435\u0440\u043d\u0435\u0448\u043d\u043b - \u041c\u0430\u043a\u0435\u0434\u043e\u043d\u0438\u0458\u0430"},"image":{"@id":"https:\/\/transparency.mk\/#\/schema\/logo\/image\/"},"sameAs":["https:\/\/www.facebook.com\/TransparencyMK\/","https:\/\/x.com\/ti_macedonia","https:\/\/www.instagram.com\/timacedonia\/","https:\/\/youtube.com\/user\/tzcmacedonia\/"]},{"@type":"Person","@id":"https:\/\/transparency.mk\/#\/schema\/person\/441f90f705251dd361acf90fb32e6e7f","name":"Meto"}]}},"_links":{"self":[{"href":"https:\/\/transparency.mk\/sq\/wp-json\/wp\/v2\/posts\/14538","targetHints":{"allow":["GET"]}}],"collection":[{"href":"https:\/\/transparency.mk\/sq\/wp-json\/wp\/v2\/posts"}],"about":[{"href":"https:\/\/transparency.mk\/sq\/wp-json\/wp\/v2\/types\/post"}],"author":[{"embeddable":true,"href":"https:\/\/transparency.mk\/sq\/wp-json\/wp\/v2\/users\/3"}],"replies":[{"embeddable":true,"href":"https:\/\/transparency.mk\/sq\/wp-json\/wp\/v2\/comments?post=14538"}],"version-history":[{"count":1,"href":"https:\/\/transparency.mk\/sq\/wp-json\/wp\/v2\/posts\/14538\/revisions"}],"predecessor-version":[{"id":14542,"href":"https:\/\/transparency.mk\/sq\/wp-json\/wp\/v2\/posts\/14538\/revisions\/14542"}],"wp:featuredmedia":[{"embeddable":true,"href":"https:\/\/transparency.mk\/sq\/wp-json\/wp\/v2\/media\/14539"}],"wp:attachment":[{"href":"https:\/\/transparency.mk\/sq\/wp-json\/wp\/v2\/media?parent=14538"}],"wp:term":[{"taxonomy":"category","embeddable":true,"href":"https:\/\/transparency.mk\/sq\/wp-json\/wp\/v2\/categories?post=14538"},{"taxonomy":"post_tag","embeddable":true,"href":"https:\/\/transparency.mk\/sq\/wp-json\/wp\/v2\/tags?post=14538"}],"curies":[{"name":"wp","href":"https:\/\/api.w.org\/{rel}","templated":true}]}}