{"id":14894,"date":"2024-08-06T11:43:55","date_gmt":"2024-08-06T09:43:55","guid":{"rendered":"https:\/\/transparency.mk\/?p=14894"},"modified":"2024-08-06T11:43:55","modified_gmt":"2024-08-06T09:43:55","slug":"me-shume-raste-te-turbullta-sesa-te-qarta-ne-barometrin-e-korrupsionit-per-muajin-korrik-te-ti","status":"publish","type":"post","link":"https:\/\/transparency.mk\/sq\/2024\/08\/06\/me-shume-raste-te-turbullta-sesa-te-qarta-ne-barometrin-e-korrupsionit-per-muajin-korrik-te-ti\/","title":{"rendered":"M\u00cb SHUM\u00cb RASTE \u201cT\u00cb TURBULLTA\u201d SESA \u201cT\u00cb QARTA\u201d! N\u00eb \u201cBarometrin\u201d e korrupsionit p\u00ebr muajin korrik t\u00eb TI"},"content":{"rendered":"<p><strong>Nd\u00ebr ngjarjet e \u201cturbullta\u201d \u00ebsht\u00eb hetimi nga Prokuroria ndaj dy kandidat\u00ebve nga Akademia e Gjykat\u00ebsve dhe Prokuror\u00ebve Publik\u00eb \u2013 Dosje p\u00ebr nj\u00eb ish kandidat dhe nj\u00eb aktual t\u00eb Akademis\u00eb p\u00ebr Gjykat\u00ebs dhe Prokuror\u00eb Publik\u00eb \u201cPavel Shatev\u201d jan\u00eb nd\u00ebr gj\u00ebrat e sekuestruara gjat\u00eb bastisjes s\u00eb kryer n\u00eb k\u00ebt\u00eb institucion<\/strong><\/p>\n<p>&nbsp;<\/p>\n<p>N\u00eb \u201cBarometrin\u201d e korrupsionit p\u00ebr muajin korrik t\u00eb Transparency International-Maqedoni, \u00ebsht\u00eb mbajtur aktiviteti p\u00ebr monitorimin e rasteve dhe veprimeve lidhur me sjelljet korruptive dhe luft\u00ebn kund\u00ebr korrupsionit, i quajtur \u201cTurbullt-Qart\u00eb\u201d jan\u00eb regjistruar m\u00eb shum\u00eb raste \u201ct\u00eb turbullta\u201d sesa \u201ct\u00eb qarta\u201d. Rastet e \u201cqarta\u201d p\u00ebrfshijn\u00eb kall\u00ebzimet penale kund\u00ebr pes\u00eb personave p\u00ebr \u201ckeqp\u00ebrdorim t\u00eb pozit\u00ebs dhe autoritetit zyrtar\u201d dhe ndaj dy personave p\u00ebr \u201cpun\u00eb t\u00eb pakujdesshme n\u00eb sh\u00ebrbim\u201d \u2013 Nj\u00ebsiti p\u00ebr korrupsion n\u00eb Departamentin p\u00ebr Hetime Kriminale pran\u00eb Departamentit p\u00ebr Zbulimin e Krimit t\u00eb\u00a0 Organizuar dhe Krimet e R\u00ebnda, n\u00eb bashk\u00ebpunim me Departamentin e Policis\u00eb Kriminale me dat\u00eb 05.07.2024 kan\u00eb b\u00ebr\u00eb kall\u00ebzim penal kund\u00ebr: D.D.(55), M.G.(32), M.M.(64), K.V. (58) dhe A.D.(29), t\u00eb gjith\u00eb nga Shkupi, p\u00ebr shkak t\u00eb dyshimit t\u00eb bazuar p\u00ebr kryerjen e veprave penale \u201ckeqp\u00ebrdorim i pozit\u00ebs dhe autoritetit zyrtar\u201d, si dhe Z.I (60) dhe B.B.(51). t\u00eb dy nga Shkupi, p\u00ebr shkak t\u00eb ekzistimit t\u00eb dyshimit t\u00eb bazuar se kan\u00eb kryer vepr\u00ebn penale \u201cpun\u00eb t\u00eb pakujdesshme n\u00eb sh\u00ebrbim\u201d.<\/p>\n<p>N\u00eb k\u00ebto raste \u00ebsht\u00eb ngritur kall\u00ebzim penal edhe ndaj drejtoresh\u00ebs s\u00eb nj\u00eb konvikti shtet\u00ebror studentor n\u00eb Manastir, e cila ka keqp\u00ebrdorur detyr\u00ebn dhe ka d\u00ebmtuar Buxhetin e Ministris\u00eb s\u00eb Arsimit dhe Shkenc\u00ebs \u2013 SPB Manastir, ka b\u00ebr\u00eb kall\u00ebzim penal kund\u00ebr 57-vje\u00e7ares\u00a0 E.S. nga Manastiri, p\u00ebr shkak t\u00eb dyshimit baz\u00eb p\u00ebr kryerjen e kat\u00ebr veprave penale \u201cshp\u00ebrdorim i pozit\u00ebs dhe autoritetit zyrtar\u201d, \u201cpun\u00eb nga pakujdesia n\u00eb sh\u00ebrbim\u201d, \u201cfalsifikim dokumentesh\u201d dhe \u201cp\u00ebrdorim i dokumentit me p\u00ebrmbajtje t\u00eb rreme\u201d, t\u00eb gjitha nga Kodi Penal, njoftoi Ministria e Pun\u00ebve t\u00eb Brendshme. \u201cP\u00ebr t\u00eb mos i shkruar d\u00ebnim, i kan\u00eb k\u00ebrkuar q\u00eb t\u2019i qeras\u00eb, polic\u00ebt jan\u00eb filmuar duke marr\u00eb ryshfet \u2013 Kund\u00ebr tre polic\u00ebve t\u00eb stacionit policor jan\u00eb ngritur kall\u00ebzime penale p\u00ebr marrje ryshfeti, njoftoi MPB. Ata dyshohen se me dat\u00eb 04.07.2024 rreth or\u00ebs 23:00 n\u00eb rrug\u00ebn \u201cDame Gruev\u201d n\u00eb Shkup, gjat\u00eb kryerjes s\u00eb detyrave zyrtare, kan\u00eb k\u00ebrkuar dhe kan\u00eb marr\u00eb dhurat\u00eb p\u00ebr vete p\u00ebr t\u00eb mos kryer vep\u00ebr zyrtare, gjegj\u00ebsisht p\u00ebr t\u00eb mos konstatuar kund\u00ebrvajtje n\u00eb komunikacion dhe k\u00ebshtu e cenuan reputacionin e Ministris\u00eb s\u00eb Pun\u00ebve t\u00eb Brendshme\u201d, citojn\u00eb nga Transparensi-Internesh\u00ebnall Maqedoni p\u00ebr ngjarjet e \u201cqarta\u201d.<\/p>\n<blockquote><p>Nd\u00ebr ngjarjet e \u201cturbullta\u201d \u00ebsht\u00eb hetimi nga Prokuroria ndaj dy kandidat\u00ebve nga Akademia e Gjykat\u00ebsve dhe Prokuror\u00ebve Publik\u00eb \u2013 Dosje p\u00ebr nj\u00eb ish kandidat dhe nj\u00eb aktual t\u00eb Akademis\u00eb p\u00ebr Gjykat\u00ebs dhe Prokuror\u00eb Publik\u00eb \u201cPavel Shatev\u201d jan\u00eb nd\u00ebr gj\u00ebrat e sekuestruara gjat\u00eb bastisjes s\u00eb kryer n\u00eb k\u00ebt\u00eb institucion. Rasti \u00ebsht\u00eb hapur \u201cfal\u00eb\u201d t\u00eb dh\u00ebnave q\u00eb prokuroria i ka marr\u00eb nga telefoni i gjykat\u00ebsit suprem t\u00eb dyshuar Naqe Georgiev, ndaj t\u00eb cilit tashm\u00eb po zhvillohet rasti p\u00ebr vepr\u00ebn penale \u201cmarrje e shp\u00ebrblimit p\u00ebr ndikim t\u00eb kund\u00ebrligjsh\u00ebm\u201d<\/p><\/blockquote>\n<p>\u201cEkziston rrezik i lart\u00eb i korrupsionit n\u00eb shum\u00eb fusha n\u00eb Maqedonin\u00eb e Veriut, thuhet n\u00eb raportin e ri t\u00eb KE-s\u00eb \u2013 Pavar\u00ebsia e gjyq\u00ebsorit dhe kapaciteti institucional p\u00ebr ta mbrojtur at\u00eb nga ndikimi mbeten shqet\u00ebsim serioz, theksohet n\u00eb raportin e Komisionit Evropian p\u00ebr sundimin e ligjit n\u00eb Maqedonin\u00eb e Veriut p\u00ebr vitin 2024. Niveli i perceptimit p\u00ebr pavar\u00ebsin\u00eb e gjyq\u00ebsorit \u00ebsht\u00eb shum\u00eb i ul\u00ebt pavar\u00ebsisht reformave n\u00eb gjyq\u00ebsor dhe strategjis\u00eb s\u00eb re, e cila synon t\u00eb p\u00ebrmir\u00ebsoj\u00eb pavar\u00ebsin\u00eb, efikasitetin dhe profesionalizmin e gjyq\u00ebsorit. Aty thuhet se \u00ebsht\u00eb krijuar nj\u00eb strategji komb\u00ebtare gjith\u00ebp\u00ebrfshir\u00ebse kund\u00ebr korrupsionit, por se zbatimi i saj ka ngecur. Rreziku i lart\u00eb i korrupsionit mbetet i p\u00ebrhapur n\u00eb shum\u00eb fusha\u201d, theksojn\u00eb nga Transparency International.<\/p>\n<p>Si nj\u00eb ngjarje e \u201cturbullt\u201d \u00ebsht\u00eb regjistruar edhe rasti i gjasht\u00eb an\u00ebtar\u00ebve t\u00eb p\u00ebrb\u00ebrjes s\u00eb re parlamentare q\u00eb nuk kan\u00eb dor\u00ebzuar deklarat\u00ebn e gjendjes pron\u00ebsore n\u00eb Komisionin Shtet\u00ebror p\u00ebr Parandalimin e Korrupsionit, p\u00ebr t\u00eb cil\u00ebn, si\u00e7 tha kryetarja e KSHPK-s\u00eb, Tatjana Dimitrovska, kund\u00ebr tyre \u00ebsht\u00eb iniciuar procedur\u00eb p\u00ebr kund\u00ebrvajtje. \u201cBarometri\u201d i referohet edhe nj\u00eb z\u00ebvend\u00ebsministri n\u00eb qeverin\u00eb teknike, i cili ka marr\u00eb 189 vendime t\u00eb kontestuara p\u00ebr sistemimin e punonj\u00ebsve, t\u00eb cilat dyshohet se kan\u00eb shkelur dispozitat ligjore. \u2013 Komisioni Shtet\u00ebror p\u00ebr Parandalimin e Korrupsionit planifikon t\u00eb nis\u00eb procedur\u00eb ligjor ndaj ish-zyrtarit. Z\u00ebvend\u00ebsministri i theksuar \u00ebsht\u00eb Nazim Bushi, sipas Dimitrovsk\u00ebs, Bushi nga 31 maji deri m\u00eb 23 qershor 2024 ka marr\u00eb 98 vendime p\u00ebr vendime horizontale, 68 p\u00ebr avancim dhe 23 vendime q\u00eb kan\u00eb rezultuar me ulje t\u00eb pagave baz\u00eb p\u00ebr pun\u00ebtor\u00ebt. Kjo periudh\u00eb u sh\u00ebnua me zgjedhjen e nj\u00eb qeverie t\u00eb re\u201d, thuhet n\u00eb kumtes\u00eb.<\/p>\n<p>&nbsp;<\/p>\n<p>Burimi: <a href=\"https:\/\/koha.mk\/me-shume-raste-te-turbullta-sesa-te-qarta-ne-barometrin-e-korrupsionit-per-muajin-korrik-te-ti\/\" target=\"_blank\" rel=\"noopener\">Koha<\/a><\/p>\n<p>&nbsp;<\/p>\n<p>&nbsp;<\/p>\n","protected":false},"excerpt":{"rendered":"<p>Nd\u00ebr ngjarjet e \u201cturbullta\u201d \u00ebsht\u00eb hetimi nga Prokuroria ndaj dy kandidat\u00ebve nga Akademia e Gjykat\u00ebsve dhe Prokuror\u00ebve Publik\u00eb \u2013 Dosje p\u00ebr nj\u00eb ish kandidat dhe nj\u00eb aktual t\u00eb Akademis\u00eb p\u00ebr Gjykat\u00ebs dhe Prokuror\u00eb Publik\u00eb \u201cPavel Shatev\u201d jan\u00eb nd\u00ebr gj\u00ebrat e sekuestruara gjat\u00eb bastisjes s\u00eb kryer n\u00eb k\u00ebt\u00eb institucion &nbsp; N\u00eb \u201cBarometrin\u201d e korrupsionit p\u00ebr muajin&hellip;<\/p>\n","protected":false},"author":3,"featured_media":14895,"comment_status":"closed","ping_status":"closed","sticky":false,"template":"","format":"standard","meta":{"_monsterinsights_skip_tracking":false,"_monsterinsights_sitenote_active":false,"_monsterinsights_sitenote_note":"","_monsterinsights_sitenote_category":0,"footnotes":""},"categories":[90],"tags":[],"class_list":["post-14894","post","type-post","status-publish","format-standard","has-post-thumbnail","hentry","category-lajme","category-90","description-off"],"yoast_head":"<!-- This site is optimized with the Yoast SEO plugin v25.8 - https:\/\/yoast.com\/wordpress\/plugins\/seo\/ -->\n<title>M\u00cb SHUM\u00cb RASTE \u201cT\u00cb TURBULLTA\u201d SESA \u201cT\u00cb QARTA\u201d! N\u00eb \u201cBarometrin\u201d e korrupsionit p\u00ebr muajin korrik t\u00eb TI - Transparency International<\/title>\n<meta name=\"robots\" content=\"index, follow, max-snippet:-1, max-image-preview:large, max-video-preview:-1\" \/>\n<link rel=\"canonical\" href=\"https:\/\/transparency.mk\/sq\/2024\/08\/06\/me-shume-raste-te-turbullta-sesa-te-qarta-ne-barometrin-e-korrupsionit-per-muajin-korrik-te-ti\/\" \/>\n<meta property=\"og:locale\" content=\"sq_AL\" \/>\n<meta property=\"og:type\" content=\"article\" \/>\n<meta property=\"og:title\" content=\"M\u00cb SHUM\u00cb RASTE \u201cT\u00cb TURBULLTA\u201d SESA \u201cT\u00cb QARTA\u201d! N\u00eb \u201cBarometrin\u201d e korrupsionit p\u00ebr muajin korrik t\u00eb TI - Transparency International\" \/>\n<meta property=\"og:description\" content=\"Nd\u00ebr ngjarjet e \u201cturbullta\u201d \u00ebsht\u00eb hetimi nga Prokuroria ndaj dy kandidat\u00ebve nga Akademia e Gjykat\u00ebsve dhe Prokuror\u00ebve Publik\u00eb \u2013 Dosje p\u00ebr nj\u00eb ish kandidat dhe nj\u00eb aktual t\u00eb Akademis\u00eb p\u00ebr Gjykat\u00ebs dhe Prokuror\u00eb Publik\u00eb \u201cPavel Shatev\u201d jan\u00eb nd\u00ebr gj\u00ebrat e sekuestruara gjat\u00eb bastisjes s\u00eb kryer n\u00eb k\u00ebt\u00eb institucion &nbsp; N\u00eb \u201cBarometrin\u201d e korrupsionit p\u00ebr muajin&hellip;\" \/>\n<meta property=\"og:url\" content=\"https:\/\/transparency.mk\/sq\/2024\/08\/06\/me-shume-raste-te-turbullta-sesa-te-qarta-ne-barometrin-e-korrupsionit-per-muajin-korrik-te-ti\/\" \/>\n<meta property=\"og:site_name\" content=\"Transparency International\" \/>\n<meta property=\"article:publisher\" content=\"https:\/\/www.facebook.com\/TransparencyMK\/\" \/>\n<meta property=\"article:published_time\" content=\"2024-08-06T09:43:55+00:00\" \/>\n<meta property=\"og:image\" content=\"https:\/\/transparency.mk\/wp-content\/uploads\/2024\/08\/1111-1.jpg\" \/>\n\t<meta property=\"og:image:width\" content=\"960\" \/>\n\t<meta property=\"og:image:height\" content=\"639\" \/>\n\t<meta property=\"og:image:type\" content=\"image\/jpeg\" \/>\n<meta name=\"author\" content=\"Meto\" \/>\n<meta name=\"twitter:card\" content=\"summary_large_image\" \/>\n<meta name=\"twitter:creator\" content=\"@ti_macedonia\" \/>\n<meta name=\"twitter:site\" content=\"@ti_macedonia\" \/>\n<meta name=\"twitter:label1\" content=\"Written by\" \/>\n\t<meta name=\"twitter:data1\" content=\"Meto\" \/>\n\t<meta name=\"twitter:label2\" content=\"Est. reading time\" \/>\n\t<meta name=\"twitter:data2\" content=\"4 minutes\" \/>\n<script type=\"application\/ld+json\" class=\"yoast-schema-graph\">{\"@context\":\"https:\/\/schema.org\",\"@graph\":[{\"@type\":\"Article\",\"@id\":\"https:\/\/transparency.mk\/sq\/2024\/08\/06\/me-shume-raste-te-turbullta-sesa-te-qarta-ne-barometrin-e-korrupsionit-per-muajin-korrik-te-ti\/#article\",\"isPartOf\":{\"@id\":\"https:\/\/transparency.mk\/sq\/2024\/08\/06\/me-shume-raste-te-turbullta-sesa-te-qarta-ne-barometrin-e-korrupsionit-per-muajin-korrik-te-ti\/\"},\"author\":{\"name\":\"Meto\",\"@id\":\"https:\/\/transparency.mk\/#\/schema\/person\/441f90f705251dd361acf90fb32e6e7f\"},\"headline\":\"M\u00cb SHUM\u00cb RASTE \u201cT\u00cb TURBULLTA\u201d SESA \u201cT\u00cb QARTA\u201d! N\u00eb \u201cBarometrin\u201d e korrupsionit p\u00ebr muajin korrik t\u00eb TI\",\"datePublished\":\"2024-08-06T09:43:55+00:00\",\"mainEntityOfPage\":{\"@id\":\"https:\/\/transparency.mk\/sq\/2024\/08\/06\/me-shume-raste-te-turbullta-sesa-te-qarta-ne-barometrin-e-korrupsionit-per-muajin-korrik-te-ti\/\"},\"wordCount\":897,\"publisher\":{\"@id\":\"https:\/\/transparency.mk\/#organization\"},\"image\":{\"@id\":\"https:\/\/transparency.mk\/sq\/2024\/08\/06\/me-shume-raste-te-turbullta-sesa-te-qarta-ne-barometrin-e-korrupsionit-per-muajin-korrik-te-ti\/#primaryimage\"},\"thumbnailUrl\":\"https:\/\/transparency.mk\/wp-content\/uploads\/2024\/08\/1111-1.jpg\",\"articleSection\":[\"Lajme\"],\"inLanguage\":\"sq-AL\"},{\"@type\":\"WebPage\",\"@id\":\"https:\/\/transparency.mk\/sq\/2024\/08\/06\/me-shume-raste-te-turbullta-sesa-te-qarta-ne-barometrin-e-korrupsionit-per-muajin-korrik-te-ti\/\",\"url\":\"https:\/\/transparency.mk\/sq\/2024\/08\/06\/me-shume-raste-te-turbullta-sesa-te-qarta-ne-barometrin-e-korrupsionit-per-muajin-korrik-te-ti\/\",\"name\":\"M\u00cb SHUM\u00cb RASTE \u201cT\u00cb TURBULLTA\u201d SESA \u201cT\u00cb QARTA\u201d! N\u00eb \u201cBarometrin\u201d e korrupsionit p\u00ebr muajin korrik t\u00eb TI - Transparency International\",\"isPartOf\":{\"@id\":\"https:\/\/transparency.mk\/#website\"},\"primaryImageOfPage\":{\"@id\":\"https:\/\/transparency.mk\/sq\/2024\/08\/06\/me-shume-raste-te-turbullta-sesa-te-qarta-ne-barometrin-e-korrupsionit-per-muajin-korrik-te-ti\/#primaryimage\"},\"image\":{\"@id\":\"https:\/\/transparency.mk\/sq\/2024\/08\/06\/me-shume-raste-te-turbullta-sesa-te-qarta-ne-barometrin-e-korrupsionit-per-muajin-korrik-te-ti\/#primaryimage\"},\"thumbnailUrl\":\"https:\/\/transparency.mk\/wp-content\/uploads\/2024\/08\/1111-1.jpg\",\"datePublished\":\"2024-08-06T09:43:55+00:00\",\"breadcrumb\":{\"@id\":\"https:\/\/transparency.mk\/sq\/2024\/08\/06\/me-shume-raste-te-turbullta-sesa-te-qarta-ne-barometrin-e-korrupsionit-per-muajin-korrik-te-ti\/#breadcrumb\"},\"inLanguage\":\"sq-AL\",\"potentialAction\":[{\"@type\":\"ReadAction\",\"target\":[\"https:\/\/transparency.mk\/sq\/2024\/08\/06\/me-shume-raste-te-turbullta-sesa-te-qarta-ne-barometrin-e-korrupsionit-per-muajin-korrik-te-ti\/\"]}]},{\"@type\":\"ImageObject\",\"inLanguage\":\"sq-AL\",\"@id\":\"https:\/\/transparency.mk\/sq\/2024\/08\/06\/me-shume-raste-te-turbullta-sesa-te-qarta-ne-barometrin-e-korrupsionit-per-muajin-korrik-te-ti\/#primaryimage\",\"url\":\"https:\/\/transparency.mk\/wp-content\/uploads\/2024\/08\/1111-1.jpg\",\"contentUrl\":\"https:\/\/transparency.mk\/wp-content\/uploads\/2024\/08\/1111-1.jpg\",\"width\":960,\"height\":639},{\"@type\":\"BreadcrumbList\",\"@id\":\"https:\/\/transparency.mk\/sq\/2024\/08\/06\/me-shume-raste-te-turbullta-sesa-te-qarta-ne-barometrin-e-korrupsionit-per-muajin-korrik-te-ti\/#breadcrumb\",\"itemListElement\":[{\"@type\":\"ListItem\",\"position\":1,\"name\":\"Home\",\"item\":\"https:\/\/transparency.mk\/sq\/\"},{\"@type\":\"ListItem\",\"position\":2,\"name\":\"M\u00cb SHUM\u00cb RASTE \u201cT\u00cb TURBULLTA\u201d SESA \u201cT\u00cb QARTA\u201d! N\u00eb \u201cBarometrin\u201d e korrupsionit p\u00ebr muajin korrik t\u00eb TI\"}]},{\"@type\":\"WebSite\",\"@id\":\"https:\/\/transparency.mk\/#website\",\"url\":\"https:\/\/transparency.mk\/\",\"name\":\"Transparency International\",\"description\":\"Maqedoni\",\"publisher\":{\"@id\":\"https:\/\/transparency.mk\/#organization\"},\"potentialAction\":[{\"@type\":\"SearchAction\",\"target\":{\"@type\":\"EntryPoint\",\"urlTemplate\":\"https:\/\/transparency.mk\/?s={search_term_string}\"},\"query-input\":{\"@type\":\"PropertyValueSpecification\",\"valueRequired\":true,\"valueName\":\"search_term_string\"}}],\"inLanguage\":\"sq-AL\"},{\"@type\":\"Organization\",\"@id\":\"https:\/\/transparency.mk\/#organization\",\"name\":\"\u0422\u0440\u0430\u043d\u0441\u043f\u0430\u0440\u0435\u043d\u0441\u0438 \u0418\u043d\u0442\u0435\u0440\u043d\u0435\u0448\u043d\u043b - \u041c\u0430\u043a\u0435\u0434\u043e\u043d\u0438\u0458\u0430\",\"url\":\"https:\/\/transparency.mk\/\",\"logo\":{\"@type\":\"ImageObject\",\"inLanguage\":\"sq-AL\",\"@id\":\"https:\/\/transparency.mk\/#\/schema\/logo\/image\/\",\"url\":\"https:\/\/transparency.mk\/wp-content\/uploads\/2020\/10\/transparency-mk-logo.png\",\"contentUrl\":\"https:\/\/transparency.mk\/wp-content\/uploads\/2020\/10\/transparency-mk-logo.png\",\"width\":250,\"height\":75,\"caption\":\"\u0422\u0440\u0430\u043d\u0441\u043f\u0430\u0440\u0435\u043d\u0441\u0438 \u0418\u043d\u0442\u0435\u0440\u043d\u0435\u0448\u043d\u043b - \u041c\u0430\u043a\u0435\u0434\u043e\u043d\u0438\u0458\u0430\"},\"image\":{\"@id\":\"https:\/\/transparency.mk\/#\/schema\/logo\/image\/\"},\"sameAs\":[\"https:\/\/www.facebook.com\/TransparencyMK\/\",\"https:\/\/x.com\/ti_macedonia\",\"https:\/\/www.instagram.com\/timacedonia\/\",\"https:\/\/youtube.com\/user\/tzcmacedonia\/\"]},{\"@type\":\"Person\",\"@id\":\"https:\/\/transparency.mk\/#\/schema\/person\/441f90f705251dd361acf90fb32e6e7f\",\"name\":\"Meto\"}]}<\/script>\n<!-- \/ Yoast SEO plugin. -->","yoast_head_json":{"title":"M\u00cb SHUM\u00cb RASTE \u201cT\u00cb TURBULLTA\u201d SESA \u201cT\u00cb QARTA\u201d! N\u00eb \u201cBarometrin\u201d e korrupsionit p\u00ebr muajin korrik t\u00eb TI - Transparency International","robots":{"index":"index","follow":"follow","max-snippet":"max-snippet:-1","max-image-preview":"max-image-preview:large","max-video-preview":"max-video-preview:-1"},"canonical":"https:\/\/transparency.mk\/sq\/2024\/08\/06\/me-shume-raste-te-turbullta-sesa-te-qarta-ne-barometrin-e-korrupsionit-per-muajin-korrik-te-ti\/","og_locale":"sq_AL","og_type":"article","og_title":"M\u00cb SHUM\u00cb RASTE \u201cT\u00cb TURBULLTA\u201d SESA \u201cT\u00cb QARTA\u201d! N\u00eb \u201cBarometrin\u201d e korrupsionit p\u00ebr muajin korrik t\u00eb TI - Transparency International","og_description":"Nd\u00ebr ngjarjet e \u201cturbullta\u201d \u00ebsht\u00eb hetimi nga Prokuroria ndaj dy kandidat\u00ebve nga Akademia e Gjykat\u00ebsve dhe Prokuror\u00ebve Publik\u00eb \u2013 Dosje p\u00ebr nj\u00eb ish kandidat dhe nj\u00eb aktual t\u00eb Akademis\u00eb p\u00ebr Gjykat\u00ebs dhe Prokuror\u00eb Publik\u00eb \u201cPavel Shatev\u201d jan\u00eb nd\u00ebr gj\u00ebrat e sekuestruara gjat\u00eb bastisjes s\u00eb kryer n\u00eb k\u00ebt\u00eb institucion &nbsp; N\u00eb \u201cBarometrin\u201d e korrupsionit p\u00ebr muajin&hellip;","og_url":"https:\/\/transparency.mk\/sq\/2024\/08\/06\/me-shume-raste-te-turbullta-sesa-te-qarta-ne-barometrin-e-korrupsionit-per-muajin-korrik-te-ti\/","og_site_name":"Transparency International","article_publisher":"https:\/\/www.facebook.com\/TransparencyMK\/","article_published_time":"2024-08-06T09:43:55+00:00","og_image":[{"width":960,"height":639,"url":"https:\/\/transparency.mk\/wp-content\/uploads\/2024\/08\/1111-1.jpg","type":"image\/jpeg"}],"author":"Meto","twitter_card":"summary_large_image","twitter_creator":"@ti_macedonia","twitter_site":"@ti_macedonia","twitter_misc":{"Written by":"Meto","Est. reading time":"4 minutes"},"schema":{"@context":"https:\/\/schema.org","@graph":[{"@type":"Article","@id":"https:\/\/transparency.mk\/sq\/2024\/08\/06\/me-shume-raste-te-turbullta-sesa-te-qarta-ne-barometrin-e-korrupsionit-per-muajin-korrik-te-ti\/#article","isPartOf":{"@id":"https:\/\/transparency.mk\/sq\/2024\/08\/06\/me-shume-raste-te-turbullta-sesa-te-qarta-ne-barometrin-e-korrupsionit-per-muajin-korrik-te-ti\/"},"author":{"name":"Meto","@id":"https:\/\/transparency.mk\/#\/schema\/person\/441f90f705251dd361acf90fb32e6e7f"},"headline":"M\u00cb SHUM\u00cb RASTE \u201cT\u00cb TURBULLTA\u201d SESA \u201cT\u00cb QARTA\u201d! N\u00eb \u201cBarometrin\u201d e korrupsionit p\u00ebr muajin korrik t\u00eb TI","datePublished":"2024-08-06T09:43:55+00:00","mainEntityOfPage":{"@id":"https:\/\/transparency.mk\/sq\/2024\/08\/06\/me-shume-raste-te-turbullta-sesa-te-qarta-ne-barometrin-e-korrupsionit-per-muajin-korrik-te-ti\/"},"wordCount":897,"publisher":{"@id":"https:\/\/transparency.mk\/#organization"},"image":{"@id":"https:\/\/transparency.mk\/sq\/2024\/08\/06\/me-shume-raste-te-turbullta-sesa-te-qarta-ne-barometrin-e-korrupsionit-per-muajin-korrik-te-ti\/#primaryimage"},"thumbnailUrl":"https:\/\/transparency.mk\/wp-content\/uploads\/2024\/08\/1111-1.jpg","articleSection":["Lajme"],"inLanguage":"sq-AL"},{"@type":"WebPage","@id":"https:\/\/transparency.mk\/sq\/2024\/08\/06\/me-shume-raste-te-turbullta-sesa-te-qarta-ne-barometrin-e-korrupsionit-per-muajin-korrik-te-ti\/","url":"https:\/\/transparency.mk\/sq\/2024\/08\/06\/me-shume-raste-te-turbullta-sesa-te-qarta-ne-barometrin-e-korrupsionit-per-muajin-korrik-te-ti\/","name":"M\u00cb SHUM\u00cb RASTE \u201cT\u00cb TURBULLTA\u201d SESA \u201cT\u00cb QARTA\u201d! N\u00eb \u201cBarometrin\u201d e korrupsionit p\u00ebr muajin korrik t\u00eb TI - Transparency International","isPartOf":{"@id":"https:\/\/transparency.mk\/#website"},"primaryImageOfPage":{"@id":"https:\/\/transparency.mk\/sq\/2024\/08\/06\/me-shume-raste-te-turbullta-sesa-te-qarta-ne-barometrin-e-korrupsionit-per-muajin-korrik-te-ti\/#primaryimage"},"image":{"@id":"https:\/\/transparency.mk\/sq\/2024\/08\/06\/me-shume-raste-te-turbullta-sesa-te-qarta-ne-barometrin-e-korrupsionit-per-muajin-korrik-te-ti\/#primaryimage"},"thumbnailUrl":"https:\/\/transparency.mk\/wp-content\/uploads\/2024\/08\/1111-1.jpg","datePublished":"2024-08-06T09:43:55+00:00","breadcrumb":{"@id":"https:\/\/transparency.mk\/sq\/2024\/08\/06\/me-shume-raste-te-turbullta-sesa-te-qarta-ne-barometrin-e-korrupsionit-per-muajin-korrik-te-ti\/#breadcrumb"},"inLanguage":"sq-AL","potentialAction":[{"@type":"ReadAction","target":["https:\/\/transparency.mk\/sq\/2024\/08\/06\/me-shume-raste-te-turbullta-sesa-te-qarta-ne-barometrin-e-korrupsionit-per-muajin-korrik-te-ti\/"]}]},{"@type":"ImageObject","inLanguage":"sq-AL","@id":"https:\/\/transparency.mk\/sq\/2024\/08\/06\/me-shume-raste-te-turbullta-sesa-te-qarta-ne-barometrin-e-korrupsionit-per-muajin-korrik-te-ti\/#primaryimage","url":"https:\/\/transparency.mk\/wp-content\/uploads\/2024\/08\/1111-1.jpg","contentUrl":"https:\/\/transparency.mk\/wp-content\/uploads\/2024\/08\/1111-1.jpg","width":960,"height":639},{"@type":"BreadcrumbList","@id":"https:\/\/transparency.mk\/sq\/2024\/08\/06\/me-shume-raste-te-turbullta-sesa-te-qarta-ne-barometrin-e-korrupsionit-per-muajin-korrik-te-ti\/#breadcrumb","itemListElement":[{"@type":"ListItem","position":1,"name":"Home","item":"https:\/\/transparency.mk\/sq\/"},{"@type":"ListItem","position":2,"name":"M\u00cb SHUM\u00cb RASTE \u201cT\u00cb TURBULLTA\u201d SESA \u201cT\u00cb QARTA\u201d! N\u00eb \u201cBarometrin\u201d e korrupsionit p\u00ebr muajin korrik t\u00eb TI"}]},{"@type":"WebSite","@id":"https:\/\/transparency.mk\/#website","url":"https:\/\/transparency.mk\/","name":"Transparency International","description":"Maqedoni","publisher":{"@id":"https:\/\/transparency.mk\/#organization"},"potentialAction":[{"@type":"SearchAction","target":{"@type":"EntryPoint","urlTemplate":"https:\/\/transparency.mk\/?s={search_term_string}"},"query-input":{"@type":"PropertyValueSpecification","valueRequired":true,"valueName":"search_term_string"}}],"inLanguage":"sq-AL"},{"@type":"Organization","@id":"https:\/\/transparency.mk\/#organization","name":"\u0422\u0440\u0430\u043d\u0441\u043f\u0430\u0440\u0435\u043d\u0441\u0438 \u0418\u043d\u0442\u0435\u0440\u043d\u0435\u0448\u043d\u043b - \u041c\u0430\u043a\u0435\u0434\u043e\u043d\u0438\u0458\u0430","url":"https:\/\/transparency.mk\/","logo":{"@type":"ImageObject","inLanguage":"sq-AL","@id":"https:\/\/transparency.mk\/#\/schema\/logo\/image\/","url":"https:\/\/transparency.mk\/wp-content\/uploads\/2020\/10\/transparency-mk-logo.png","contentUrl":"https:\/\/transparency.mk\/wp-content\/uploads\/2020\/10\/transparency-mk-logo.png","width":250,"height":75,"caption":"\u0422\u0440\u0430\u043d\u0441\u043f\u0430\u0440\u0435\u043d\u0441\u0438 \u0418\u043d\u0442\u0435\u0440\u043d\u0435\u0448\u043d\u043b - \u041c\u0430\u043a\u0435\u0434\u043e\u043d\u0438\u0458\u0430"},"image":{"@id":"https:\/\/transparency.mk\/#\/schema\/logo\/image\/"},"sameAs":["https:\/\/www.facebook.com\/TransparencyMK\/","https:\/\/x.com\/ti_macedonia","https:\/\/www.instagram.com\/timacedonia\/","https:\/\/youtube.com\/user\/tzcmacedonia\/"]},{"@type":"Person","@id":"https:\/\/transparency.mk\/#\/schema\/person\/441f90f705251dd361acf90fb32e6e7f","name":"Meto"}]}},"_links":{"self":[{"href":"https:\/\/transparency.mk\/sq\/wp-json\/wp\/v2\/posts\/14894","targetHints":{"allow":["GET"]}}],"collection":[{"href":"https:\/\/transparency.mk\/sq\/wp-json\/wp\/v2\/posts"}],"about":[{"href":"https:\/\/transparency.mk\/sq\/wp-json\/wp\/v2\/types\/post"}],"author":[{"embeddable":true,"href":"https:\/\/transparency.mk\/sq\/wp-json\/wp\/v2\/users\/3"}],"replies":[{"embeddable":true,"href":"https:\/\/transparency.mk\/sq\/wp-json\/wp\/v2\/comments?post=14894"}],"version-history":[{"count":1,"href":"https:\/\/transparency.mk\/sq\/wp-json\/wp\/v2\/posts\/14894\/revisions"}],"predecessor-version":[{"id":14898,"href":"https:\/\/transparency.mk\/sq\/wp-json\/wp\/v2\/posts\/14894\/revisions\/14898"}],"wp:featuredmedia":[{"embeddable":true,"href":"https:\/\/transparency.mk\/sq\/wp-json\/wp\/v2\/media\/14895"}],"wp:attachment":[{"href":"https:\/\/transparency.mk\/sq\/wp-json\/wp\/v2\/media?parent=14894"}],"wp:term":[{"taxonomy":"category","embeddable":true,"href":"https:\/\/transparency.mk\/sq\/wp-json\/wp\/v2\/categories?post=14894"},{"taxonomy":"post_tag","embeddable":true,"href":"https:\/\/transparency.mk\/sq\/wp-json\/wp\/v2\/tags?post=14894"}],"curies":[{"name":"wp","href":"https:\/\/api.w.org\/{rel}","templated":true}]}}