{"id":9360,"date":"2009-07-12T09:47:31","date_gmt":"2009-07-12T07:47:31","guid":{"rendered":"https:\/\/transparency.web.com.mk\/?p=9360"},"modified":"2021-02-15T09:48:02","modified_gmt":"2021-02-15T08:48:02","slug":"rrogat-dhe-pensionet-e-dyfishta-me-te-turbullta-ne-qershor","status":"publish","type":"post","link":"https:\/\/transparency.mk\/sq\/2009\/07\/12\/rrogat-dhe-pensionet-e-dyfishta-me-te-turbullta-ne-qershor\/","title":{"rendered":"Rrogat dhe pensionet e dyfishta m\u00eb t\u00eb turbullta n\u00eb qershor"},"content":{"rendered":"<p><span class=\"boksovi_intro\">12.07.2009 Mungesa e epilogut t\u00eb rastit me ministrin e Drejt\u00ebsis\u00eb, i cili \u00ebsht\u00eb p\u00ebrmendur se disa muaj me radh\u00eb ka marr\u00eb n\u00eb m\u00ebnyr\u00eb t\u00eb paligjshme edhe rrog\u00eb, edhe pension, \u00ebsht\u00eb ngjarja m\u00eb e turbullt p\u00ebr muajin qershor me 17 vota.<\/p>\n<p>M\u00eb e past\u00ebr me n\u00ebnt\u00eb vota \u00ebsht\u00eb rritja e numrit t\u00eb l\u00ebnd\u00ebve t\u00eb zgjidhura gjyq\u00ebsore prej shtatorit t\u00eb vitit t\u00eb kaluar deri n\u00eb mars t\u00eb k\u00ebtij viti.<\/p>\n<p><\/span><\/p>\n<div align=\"justify\"><span class=\"boksovi_intro\">Ky \u00ebsht\u00eb vler\u00ebsimi i 19 kryeredaktor\u00ebve t\u00eb mediumeve t\u00eb shtypura dhe elektronike n\u00eb Maqedoni, n\u00eb anket\u00ebn \u201cPast\u00ebr \u2013 Turbullt\u201d t\u00eb Agjencis\u00eb s\u00eb pavarur t\u00eb lajmeve Makfaks dhe t\u00eb organizat\u00ebs joqeveritare \u201cTransparenc\u00eb \u2013 zero korrupsion\u201d.<\/span><\/div>\n<div align=\"justify\"><\/div>\n<p><span class=\"boksovi_intro\">Deputeti Vllado Bu\u00e7kovski akuzoi se n\u00eb tentimin q\u00eb t\u00eb fshihet skandali me t\u00eb ardhurat e dyfishta \u201cQeveria n\u00eb m\u00ebnyr\u00eb retroaktive e shlyen ministrin e Drejt\u00ebsis\u00eb nga lista pagesore e Qeveris\u00eb, ndon\u00ebse ka marr\u00eb kat\u00ebr muaj rrog\u00eb\u201d.<\/p>\n<p>Qeveria, gjat\u00eb jav\u00ebs lajm\u00ebroi se skandali me pages\u00ebn e nj\u00ebhershme t\u00eb rrogave dhe pensioneve tani p\u00ebr tani p\u00ebrfshin\u00eb s\u00eb paku 148 persona, gjoja p\u00ebr shkak t\u00eb l\u00ebshimeve n\u00eb Fondin p\u00ebr sigurim pensional dhe invalidor.<\/p>\n<p>Nj\u00eb vot\u00eb t\u00eb \u201cturbullt\u201d fitoi pohimi i K\u00ebshillit gjyq\u00ebsor se \u201cnuk ka shum\u00eb vler\u00ebsime negative p\u00ebr pun\u00ebn e gjykat\u00ebsve\u201d, pasi q\u00eb 50 p\u00ebr qind e t\u00eb anketuarve t\u00eb Transparensy International deklaruan se gjyq\u00ebsia \u00ebsht\u00eb m\u00eb e korruptuar, si dhe rreziku p\u00ebr mostransparenc\u00eb n\u00eb furnizimet publike, p\u00ebr shkak t\u00eb p\u00ebrcaktimit subjektiv t\u00eb kritereve p\u00ebr zgjedhjen e ofert\u00ebs m\u00eb t\u00eb volitshme, zvarritje t\u00eb miratimit t\u00eb vendimeve, etj.<\/p>\n<p>N\u00eb ngjarjet e pastra \u201cfitoi\u201d zgjidhja brenda gjasht\u00eb muajve t\u00eb mbi 4.600 l\u00ebnd\u00ebve gjyq\u00ebsore, t\u00eb cilat paraprakisht jan\u00eb ruajtur n\u00eb sirtar\u00eb, pasi q\u00eb gjykat\u00ebsit jan\u00eb p\u00ebrballur me gjoba dhe shkarkime nga posti.<br \/>\nGjasht\u00eb vota t\u00eb pastra fitoi konferenca p\u00ebr luft\u00eb kund\u00ebr korrupsionit q\u00eb u mbajt n\u00eb Oh\u00ebr.<\/p>\n<p>N\u00eb anket\u00ebn \u201cPast\u00ebr-Turbullt\u201d p\u00ebr muajin qershor mor\u00ebn pjes\u00eb televizionet, A1, Alsat, Alfa, Kanal 5, Telma, Nasha TV, radio Kanal 77, t\u00eb p\u00ebrditshmet Biznis, Vest, Vreme, Dnevnik, Lajm, Utrinski vesnik, Nova Makedonija, javoret Globus, Kapital, Fokus, Forum dhe edicioni elektronik i Lobi-t.<\/span><\/p>\n","protected":false},"excerpt":{"rendered":"<p>12.07.2009 Mungesa e epilogut t\u00eb rastit me ministrin e Drejt\u00ebsis\u00eb, i cili \u00ebsht\u00eb p\u00ebrmendur se disa muaj me radh\u00eb ka marr\u00eb n\u00eb m\u00ebnyr\u00eb t\u00eb paligjshme edhe rrog\u00eb, edhe pension, \u00ebsht\u00eb ngjarja m\u00eb e turbullt p\u00ebr muajin qershor me 17 vota. M\u00eb e past\u00ebr me n\u00ebnt\u00eb vota \u00ebsht\u00eb rritja e numrit t\u00eb l\u00ebnd\u00ebve t\u00eb zgjidhura gjyq\u00ebsore&hellip;<\/p>\n","protected":false},"author":1,"featured_media":0,"comment_status":"closed","ping_status":"open","sticky":false,"template":"","format":"standard","meta":{"_monsterinsights_skip_tracking":false,"_monsterinsights_sitenote_active":false,"_monsterinsights_sitenote_note":"","_monsterinsights_sitenote_category":0,"footnotes":""},"categories":[90],"tags":[],"class_list":["post-9360","post","type-post","status-publish","format-standard","hentry","category-lajme","category-90","description-off"],"yoast_head":"<!-- This site is optimized with the Yoast SEO plugin v25.8 - https:\/\/yoast.com\/wordpress\/plugins\/seo\/ -->\n<title>Rrogat dhe pensionet e dyfishta m\u00eb t\u00eb turbullta n\u00eb qershor - Transparency International<\/title>\n<meta name=\"robots\" content=\"index, follow, max-snippet:-1, max-image-preview:large, max-video-preview:-1\" \/>\n<link rel=\"canonical\" href=\"https:\/\/transparency.mk\/sq\/2009\/07\/12\/rrogat-dhe-pensionet-e-dyfishta-me-te-turbullta-ne-qershor\/\" \/>\n<meta property=\"og:locale\" content=\"sq_AL\" \/>\n<meta property=\"og:type\" content=\"article\" \/>\n<meta property=\"og:title\" content=\"Rrogat dhe pensionet e dyfishta m\u00eb t\u00eb turbullta n\u00eb qershor - Transparency International\" \/>\n<meta property=\"og:description\" content=\"12.07.2009 Mungesa e epilogut t\u00eb rastit me ministrin e Drejt\u00ebsis\u00eb, i cili \u00ebsht\u00eb p\u00ebrmendur se disa muaj me radh\u00eb ka marr\u00eb n\u00eb m\u00ebnyr\u00eb t\u00eb paligjshme edhe rrog\u00eb, edhe pension, \u00ebsht\u00eb ngjarja m\u00eb e turbullt p\u00ebr muajin qershor me 17 vota. M\u00eb e past\u00ebr me n\u00ebnt\u00eb vota \u00ebsht\u00eb rritja e numrit t\u00eb l\u00ebnd\u00ebve t\u00eb zgjidhura gjyq\u00ebsore&hellip;\" \/>\n<meta property=\"og:url\" content=\"https:\/\/transparency.mk\/sq\/2009\/07\/12\/rrogat-dhe-pensionet-e-dyfishta-me-te-turbullta-ne-qershor\/\" \/>\n<meta property=\"og:site_name\" content=\"Transparency International\" \/>\n<meta property=\"article:publisher\" content=\"https:\/\/www.facebook.com\/TransparencyMK\/\" \/>\n<meta property=\"article:published_time\" content=\"2009-07-12T07:47:31+00:00\" \/>\n<meta property=\"article:modified_time\" content=\"2021-02-15T08:48:02+00:00\" \/>\n<meta name=\"author\" content=\"TI \u0430\u0434\u043c\u0438\u043d\u0438\u0441\u0442\u0440\u0430\u0442\u043e\u0440\" \/>\n<meta name=\"twitter:card\" content=\"summary_large_image\" \/>\n<meta name=\"twitter:creator\" content=\"@ti_macedonia\" \/>\n<meta name=\"twitter:site\" content=\"@ti_macedonia\" \/>\n<meta name=\"twitter:label1\" content=\"Written by\" \/>\n\t<meta name=\"twitter:data1\" content=\"TI \u0430\u0434\u043c\u0438\u043d\u0438\u0441\u0442\u0440\u0430\u0442\u043e\u0440\" \/>\n\t<meta name=\"twitter:label2\" content=\"Est. reading time\" \/>\n\t<meta name=\"twitter:data2\" content=\"2 minutes\" \/>\n<script type=\"application\/ld+json\" class=\"yoast-schema-graph\">{\"@context\":\"https:\/\/schema.org\",\"@graph\":[{\"@type\":\"Article\",\"@id\":\"https:\/\/transparency.mk\/sq\/2009\/07\/12\/rrogat-dhe-pensionet-e-dyfishta-me-te-turbullta-ne-qershor\/#article\",\"isPartOf\":{\"@id\":\"https:\/\/transparency.mk\/sq\/2009\/07\/12\/rrogat-dhe-pensionet-e-dyfishta-me-te-turbullta-ne-qershor\/\"},\"author\":{\"name\":\"TI \u0430\u0434\u043c\u0438\u043d\u0438\u0441\u0442\u0440\u0430\u0442\u043e\u0440\",\"@id\":\"https:\/\/transparency.mk\/#\/schema\/person\/4ab55c47d82a7d099f63f569c223c903\"},\"headline\":\"Rrogat dhe pensionet e dyfishta m\u00eb t\u00eb turbullta n\u00eb qershor\",\"datePublished\":\"2009-07-12T07:47:31+00:00\",\"dateModified\":\"2021-02-15T08:48:02+00:00\",\"mainEntityOfPage\":{\"@id\":\"https:\/\/transparency.mk\/sq\/2009\/07\/12\/rrogat-dhe-pensionet-e-dyfishta-me-te-turbullta-ne-qershor\/\"},\"wordCount\":379,\"publisher\":{\"@id\":\"https:\/\/transparency.mk\/#organization\"},\"articleSection\":[\"Lajme\"],\"inLanguage\":\"sq-AL\"},{\"@type\":\"WebPage\",\"@id\":\"https:\/\/transparency.mk\/sq\/2009\/07\/12\/rrogat-dhe-pensionet-e-dyfishta-me-te-turbullta-ne-qershor\/\",\"url\":\"https:\/\/transparency.mk\/sq\/2009\/07\/12\/rrogat-dhe-pensionet-e-dyfishta-me-te-turbullta-ne-qershor\/\",\"name\":\"Rrogat dhe pensionet e dyfishta m\u00eb t\u00eb turbullta n\u00eb qershor - Transparency International\",\"isPartOf\":{\"@id\":\"https:\/\/transparency.mk\/#website\"},\"datePublished\":\"2009-07-12T07:47:31+00:00\",\"dateModified\":\"2021-02-15T08:48:02+00:00\",\"breadcrumb\":{\"@id\":\"https:\/\/transparency.mk\/sq\/2009\/07\/12\/rrogat-dhe-pensionet-e-dyfishta-me-te-turbullta-ne-qershor\/#breadcrumb\"},\"inLanguage\":\"sq-AL\",\"potentialAction\":[{\"@type\":\"ReadAction\",\"target\":[\"https:\/\/transparency.mk\/sq\/2009\/07\/12\/rrogat-dhe-pensionet-e-dyfishta-me-te-turbullta-ne-qershor\/\"]}]},{\"@type\":\"BreadcrumbList\",\"@id\":\"https:\/\/transparency.mk\/sq\/2009\/07\/12\/rrogat-dhe-pensionet-e-dyfishta-me-te-turbullta-ne-qershor\/#breadcrumb\",\"itemListElement\":[{\"@type\":\"ListItem\",\"position\":1,\"name\":\"Home\",\"item\":\"https:\/\/transparency.mk\/sq\/\"},{\"@type\":\"ListItem\",\"position\":2,\"name\":\"Rrogat dhe pensionet e dyfishta m\u00eb t\u00eb turbullta n\u00eb qershor\"}]},{\"@type\":\"WebSite\",\"@id\":\"https:\/\/transparency.mk\/#website\",\"url\":\"https:\/\/transparency.mk\/\",\"name\":\"Transparency International\",\"description\":\"Maqedoni\",\"publisher\":{\"@id\":\"https:\/\/transparency.mk\/#organization\"},\"potentialAction\":[{\"@type\":\"SearchAction\",\"target\":{\"@type\":\"EntryPoint\",\"urlTemplate\":\"https:\/\/transparency.mk\/?s={search_term_string}\"},\"query-input\":{\"@type\":\"PropertyValueSpecification\",\"valueRequired\":true,\"valueName\":\"search_term_string\"}}],\"inLanguage\":\"sq-AL\"},{\"@type\":\"Organization\",\"@id\":\"https:\/\/transparency.mk\/#organization\",\"name\":\"\u0422\u0440\u0430\u043d\u0441\u043f\u0430\u0440\u0435\u043d\u0441\u0438 \u0418\u043d\u0442\u0435\u0440\u043d\u0435\u0448\u043d\u043b - \u041c\u0430\u043a\u0435\u0434\u043e\u043d\u0438\u0458\u0430\",\"url\":\"https:\/\/transparency.mk\/\",\"logo\":{\"@type\":\"ImageObject\",\"inLanguage\":\"sq-AL\",\"@id\":\"https:\/\/transparency.mk\/#\/schema\/logo\/image\/\",\"url\":\"https:\/\/transparency.mk\/wp-content\/uploads\/2020\/10\/transparency-mk-logo.png\",\"contentUrl\":\"https:\/\/transparency.mk\/wp-content\/uploads\/2020\/10\/transparency-mk-logo.png\",\"width\":250,\"height\":75,\"caption\":\"\u0422\u0440\u0430\u043d\u0441\u043f\u0430\u0440\u0435\u043d\u0441\u0438 \u0418\u043d\u0442\u0435\u0440\u043d\u0435\u0448\u043d\u043b - \u041c\u0430\u043a\u0435\u0434\u043e\u043d\u0438\u0458\u0430\"},\"image\":{\"@id\":\"https:\/\/transparency.mk\/#\/schema\/logo\/image\/\"},\"sameAs\":[\"https:\/\/www.facebook.com\/TransparencyMK\/\",\"https:\/\/x.com\/ti_macedonia\",\"https:\/\/www.instagram.com\/timacedonia\/\",\"https:\/\/youtube.com\/user\/tzcmacedonia\/\"]},{\"@type\":\"Person\",\"@id\":\"https:\/\/transparency.mk\/#\/schema\/person\/4ab55c47d82a7d099f63f569c223c903\",\"name\":\"TI \u0430\u0434\u043c\u0438\u043d\u0438\u0441\u0442\u0440\u0430\u0442\u043e\u0440\",\"sameAs\":[\"https:\/\/transparency.mk\"]}]}<\/script>\n<!-- \/ Yoast SEO plugin. -->","yoast_head_json":{"title":"Rrogat dhe pensionet e dyfishta m\u00eb t\u00eb turbullta n\u00eb qershor - Transparency International","robots":{"index":"index","follow":"follow","max-snippet":"max-snippet:-1","max-image-preview":"max-image-preview:large","max-video-preview":"max-video-preview:-1"},"canonical":"https:\/\/transparency.mk\/sq\/2009\/07\/12\/rrogat-dhe-pensionet-e-dyfishta-me-te-turbullta-ne-qershor\/","og_locale":"sq_AL","og_type":"article","og_title":"Rrogat dhe pensionet e dyfishta m\u00eb t\u00eb turbullta n\u00eb qershor - Transparency International","og_description":"12.07.2009 Mungesa e epilogut t\u00eb rastit me ministrin e Drejt\u00ebsis\u00eb, i cili \u00ebsht\u00eb p\u00ebrmendur se disa muaj me radh\u00eb ka marr\u00eb n\u00eb m\u00ebnyr\u00eb t\u00eb paligjshme edhe rrog\u00eb, edhe pension, \u00ebsht\u00eb ngjarja m\u00eb e turbullt p\u00ebr muajin qershor me 17 vota. M\u00eb e past\u00ebr me n\u00ebnt\u00eb vota \u00ebsht\u00eb rritja e numrit t\u00eb l\u00ebnd\u00ebve t\u00eb zgjidhura gjyq\u00ebsore&hellip;","og_url":"https:\/\/transparency.mk\/sq\/2009\/07\/12\/rrogat-dhe-pensionet-e-dyfishta-me-te-turbullta-ne-qershor\/","og_site_name":"Transparency International","article_publisher":"https:\/\/www.facebook.com\/TransparencyMK\/","article_published_time":"2009-07-12T07:47:31+00:00","article_modified_time":"2021-02-15T08:48:02+00:00","author":"TI \u0430\u0434\u043c\u0438\u043d\u0438\u0441\u0442\u0440\u0430\u0442\u043e\u0440","twitter_card":"summary_large_image","twitter_creator":"@ti_macedonia","twitter_site":"@ti_macedonia","twitter_misc":{"Written by":"TI \u0430\u0434\u043c\u0438\u043d\u0438\u0441\u0442\u0440\u0430\u0442\u043e\u0440","Est. reading time":"2 minutes"},"schema":{"@context":"https:\/\/schema.org","@graph":[{"@type":"Article","@id":"https:\/\/transparency.mk\/sq\/2009\/07\/12\/rrogat-dhe-pensionet-e-dyfishta-me-te-turbullta-ne-qershor\/#article","isPartOf":{"@id":"https:\/\/transparency.mk\/sq\/2009\/07\/12\/rrogat-dhe-pensionet-e-dyfishta-me-te-turbullta-ne-qershor\/"},"author":{"name":"TI \u0430\u0434\u043c\u0438\u043d\u0438\u0441\u0442\u0440\u0430\u0442\u043e\u0440","@id":"https:\/\/transparency.mk\/#\/schema\/person\/4ab55c47d82a7d099f63f569c223c903"},"headline":"Rrogat dhe pensionet e dyfishta m\u00eb t\u00eb turbullta n\u00eb qershor","datePublished":"2009-07-12T07:47:31+00:00","dateModified":"2021-02-15T08:48:02+00:00","mainEntityOfPage":{"@id":"https:\/\/transparency.mk\/sq\/2009\/07\/12\/rrogat-dhe-pensionet-e-dyfishta-me-te-turbullta-ne-qershor\/"},"wordCount":379,"publisher":{"@id":"https:\/\/transparency.mk\/#organization"},"articleSection":["Lajme"],"inLanguage":"sq-AL"},{"@type":"WebPage","@id":"https:\/\/transparency.mk\/sq\/2009\/07\/12\/rrogat-dhe-pensionet-e-dyfishta-me-te-turbullta-ne-qershor\/","url":"https:\/\/transparency.mk\/sq\/2009\/07\/12\/rrogat-dhe-pensionet-e-dyfishta-me-te-turbullta-ne-qershor\/","name":"Rrogat dhe pensionet e dyfishta m\u00eb t\u00eb turbullta n\u00eb qershor - Transparency International","isPartOf":{"@id":"https:\/\/transparency.mk\/#website"},"datePublished":"2009-07-12T07:47:31+00:00","dateModified":"2021-02-15T08:48:02+00:00","breadcrumb":{"@id":"https:\/\/transparency.mk\/sq\/2009\/07\/12\/rrogat-dhe-pensionet-e-dyfishta-me-te-turbullta-ne-qershor\/#breadcrumb"},"inLanguage":"sq-AL","potentialAction":[{"@type":"ReadAction","target":["https:\/\/transparency.mk\/sq\/2009\/07\/12\/rrogat-dhe-pensionet-e-dyfishta-me-te-turbullta-ne-qershor\/"]}]},{"@type":"BreadcrumbList","@id":"https:\/\/transparency.mk\/sq\/2009\/07\/12\/rrogat-dhe-pensionet-e-dyfishta-me-te-turbullta-ne-qershor\/#breadcrumb","itemListElement":[{"@type":"ListItem","position":1,"name":"Home","item":"https:\/\/transparency.mk\/sq\/"},{"@type":"ListItem","position":2,"name":"Rrogat dhe pensionet e dyfishta m\u00eb t\u00eb turbullta n\u00eb qershor"}]},{"@type":"WebSite","@id":"https:\/\/transparency.mk\/#website","url":"https:\/\/transparency.mk\/","name":"Transparency International","description":"Maqedoni","publisher":{"@id":"https:\/\/transparency.mk\/#organization"},"potentialAction":[{"@type":"SearchAction","target":{"@type":"EntryPoint","urlTemplate":"https:\/\/transparency.mk\/?s={search_term_string}"},"query-input":{"@type":"PropertyValueSpecification","valueRequired":true,"valueName":"search_term_string"}}],"inLanguage":"sq-AL"},{"@type":"Organization","@id":"https:\/\/transparency.mk\/#organization","name":"\u0422\u0440\u0430\u043d\u0441\u043f\u0430\u0440\u0435\u043d\u0441\u0438 \u0418\u043d\u0442\u0435\u0440\u043d\u0435\u0448\u043d\u043b - \u041c\u0430\u043a\u0435\u0434\u043e\u043d\u0438\u0458\u0430","url":"https:\/\/transparency.mk\/","logo":{"@type":"ImageObject","inLanguage":"sq-AL","@id":"https:\/\/transparency.mk\/#\/schema\/logo\/image\/","url":"https:\/\/transparency.mk\/wp-content\/uploads\/2020\/10\/transparency-mk-logo.png","contentUrl":"https:\/\/transparency.mk\/wp-content\/uploads\/2020\/10\/transparency-mk-logo.png","width":250,"height":75,"caption":"\u0422\u0440\u0430\u043d\u0441\u043f\u0430\u0440\u0435\u043d\u0441\u0438 \u0418\u043d\u0442\u0435\u0440\u043d\u0435\u0448\u043d\u043b - \u041c\u0430\u043a\u0435\u0434\u043e\u043d\u0438\u0458\u0430"},"image":{"@id":"https:\/\/transparency.mk\/#\/schema\/logo\/image\/"},"sameAs":["https:\/\/www.facebook.com\/TransparencyMK\/","https:\/\/x.com\/ti_macedonia","https:\/\/www.instagram.com\/timacedonia\/","https:\/\/youtube.com\/user\/tzcmacedonia\/"]},{"@type":"Person","@id":"https:\/\/transparency.mk\/#\/schema\/person\/4ab55c47d82a7d099f63f569c223c903","name":"TI \u0430\u0434\u043c\u0438\u043d\u0438\u0441\u0442\u0440\u0430\u0442\u043e\u0440","sameAs":["https:\/\/transparency.mk"]}]}},"_links":{"self":[{"href":"https:\/\/transparency.mk\/sq\/wp-json\/wp\/v2\/posts\/9360","targetHints":{"allow":["GET"]}}],"collection":[{"href":"https:\/\/transparency.mk\/sq\/wp-json\/wp\/v2\/posts"}],"about":[{"href":"https:\/\/transparency.mk\/sq\/wp-json\/wp\/v2\/types\/post"}],"author":[{"embeddable":true,"href":"https:\/\/transparency.mk\/sq\/wp-json\/wp\/v2\/users\/1"}],"replies":[{"embeddable":true,"href":"https:\/\/transparency.mk\/sq\/wp-json\/wp\/v2\/comments?post=9360"}],"version-history":[{"count":1,"href":"https:\/\/transparency.mk\/sq\/wp-json\/wp\/v2\/posts\/9360\/revisions"}],"predecessor-version":[{"id":9361,"href":"https:\/\/transparency.mk\/sq\/wp-json\/wp\/v2\/posts\/9360\/revisions\/9361"}],"wp:attachment":[{"href":"https:\/\/transparency.mk\/sq\/wp-json\/wp\/v2\/media?parent=9360"}],"wp:term":[{"taxonomy":"category","embeddable":true,"href":"https:\/\/transparency.mk\/sq\/wp-json\/wp\/v2\/categories?post=9360"},{"taxonomy":"post_tag","embeddable":true,"href":"https:\/\/transparency.mk\/sq\/wp-json\/wp\/v2\/tags?post=9360"}],"curies":[{"name":"wp","href":"https:\/\/api.w.org\/{rel}","templated":true}]}}