{"id":9372,"date":"2009-09-17T09:50:13","date_gmt":"2009-09-17T07:50:13","guid":{"rendered":"https:\/\/transparency.web.com.mk\/?p=9372"},"modified":"2021-02-15T09:50:38","modified_gmt":"2021-02-15T08:50:38","slug":"kriza-imponon-rebalancin","status":"publish","type":"post","link":"https:\/\/transparency.mk\/sq\/2009\/09\/17\/kriza-imponon-rebalancin\/","title":{"rendered":"Kriza imponon rebalancin"},"content":{"rendered":"<p>17.09.2009 Me propozim t\u00eb K\u00ebshillit t\u00eb Komun\u00ebs s\u00eb Tetov\u00ebs dhe me miratim t\u00eb Komisionit p\u00ebr Financa dhe Buxhet, k\u00ebshilltar\u00ebt kan\u00eb miratuar propozim-vendimin p\u00ebr ndryshimin dhe plot\u00ebsimin e buxhetit komunal. K\u00ebshilltar\u00ebt kan\u00eb vler\u00ebsuar se p\u00ebr shkak t\u00eb kriz\u00ebs ekonomike \u00ebsht\u00eb i patjet\u00ebrsuesh\u00ebm ndryshimi i buxhetit.<br \/>\nP\u00ebrfaq\u00ebsues t\u00eb nd\u00ebrmarrjes publike komunale &#8220;Tetova&#8221;-Tetov\u00eb parashtruan para K\u00ebshillit komunal raportin gjasht\u00ebmujor t\u00eb k\u00ebtij viti. Sipas p\u00ebrfaq\u00ebsuesve t\u00eb k\u00ebsaj nd\u00ebrmarrjeje, pas ardhjes s\u00eb drejtorit t\u00eb ri, jan\u00eb zmadhuar t\u00eb ardhurat si pasoj\u00eb e faturimeve, nd\u00ebrsa nd\u00ebrmarrja ka zhvillime pozitiv. Gjat\u00eb gjasht\u00ebmujorit t\u00eb fundit ka rritje prej 26 p\u00ebr qind t\u00eb t\u00eb ardhurave si pasoj\u00eb e ark\u00ebtimeve dhe aksioneve p\u00ebr sensibilizimin e qytetar\u00ebve p\u00ebr pages\u00eb t\u00eb rregullt t\u00eb faturave.<\/p>\n<p>&nbsp;<\/p>\n<p>Me 31 vota &#8220;p\u00ebr&#8221; n\u00eb seanc\u00ebn e pest\u00eb t\u00eb K\u00ebshillit t\u00eb Komun\u00ebs s\u00eb Tetov\u00ebs \u00ebsht\u00eb miratuar propozim-vendimi p\u00ebr pun\u00ebn e Nd\u00ebrmarrjes Publike &#8220;Geoinzhenjering&#8221; p\u00ebr gjasht\u00eb muajt e par\u00eb t\u00eb k\u00ebtij viti. Sipas p\u00ebrfaq\u00ebsuesve t\u00eb k\u00ebsaj nd\u00ebrmarrjeje raporti i referohet vet\u00ebm dy mujorit t\u00eb fundit sepse kat\u00ebr mujorin e par\u00eb p\u00ebr shkak t\u00eb procedurave t\u00eb komisionit p\u00ebr anti-korrupsion nuk ky organ nuk ka funksionuar normalisht. &#8220;Geoinzhenering ka dh\u00ebn\u00eb llogari se gjat\u00eb k\u00ebsaj periudhe ka kryer nj\u00eb s\u00ebr\u00eb investimesh, nd\u00ebrsa nd\u00ebr m\u00eb t\u00eb r\u00ebnd\u00ebsishmit \u00ebsht\u00eb rikonstruimi i rrug\u00ebs 175&#8221;, than\u00eb p\u00ebrfaq\u00ebsues t\u00eb k\u00ebsaj nd\u00ebrmarrje. P\u00ebrgjegj\u00ebsi i Sektorit p\u00ebr arsim, Iljaz Halimi, Komuna do t\u00eb investoj\u00eb n\u00eb shum\u00eb shkolla fillore dhe t\u00eb mesme t\u00eb Tetov\u00ebs. P\u00ebr investime n\u00eb shkollat e fillore jan\u00eb ndar\u00eb mjete n\u00eb shum\u00eb prej 305 mij\u00eb eurosh, nd\u00ebrsa p\u00ebr shkollat e mesme 220 mij\u00eb.<\/p>\n<p>&nbsp;<\/p>\n<p>&nbsp;<\/p>\n<p>Koha<\/p>\n","protected":false},"excerpt":{"rendered":"<p>17.09.2009 Me propozim t\u00eb K\u00ebshillit t\u00eb Komun\u00ebs s\u00eb Tetov\u00ebs dhe me miratim t\u00eb Komisionit p\u00ebr Financa dhe Buxhet, k\u00ebshilltar\u00ebt kan\u00eb miratuar propozim-vendimin p\u00ebr ndryshimin dhe plot\u00ebsimin e buxhetit komunal. K\u00ebshilltar\u00ebt kan\u00eb vler\u00ebsuar se p\u00ebr shkak t\u00eb kriz\u00ebs ekonomike \u00ebsht\u00eb i patjet\u00ebrsuesh\u00ebm ndryshimi i buxhetit. P\u00ebrfaq\u00ebsues t\u00eb nd\u00ebrmarrjes publike komunale &#8220;Tetova&#8221;-Tetov\u00eb parashtruan para K\u00ebshillit komunal raportin&hellip;<\/p>\n","protected":false},"author":1,"featured_media":0,"comment_status":"closed","ping_status":"open","sticky":false,"template":"","format":"standard","meta":{"_monsterinsights_skip_tracking":false,"_monsterinsights_sitenote_active":false,"_monsterinsights_sitenote_note":"","_monsterinsights_sitenote_category":0,"footnotes":""},"categories":[90],"tags":[],"class_list":["post-9372","post","type-post","status-publish","format-standard","hentry","category-lajme","category-90","description-off"],"yoast_head":"<!-- This site is optimized with the Yoast SEO plugin v25.8 - https:\/\/yoast.com\/wordpress\/plugins\/seo\/ -->\n<title>Kriza imponon rebalancin - Transparency International<\/title>\n<meta name=\"robots\" content=\"index, follow, max-snippet:-1, max-image-preview:large, max-video-preview:-1\" \/>\n<link rel=\"canonical\" href=\"https:\/\/transparency.mk\/sq\/2009\/09\/17\/kriza-imponon-rebalancin\/\" \/>\n<meta property=\"og:locale\" content=\"sq_AL\" \/>\n<meta property=\"og:type\" content=\"article\" \/>\n<meta property=\"og:title\" content=\"Kriza imponon rebalancin - Transparency International\" \/>\n<meta property=\"og:description\" content=\"17.09.2009 Me propozim t\u00eb K\u00ebshillit t\u00eb Komun\u00ebs s\u00eb Tetov\u00ebs dhe me miratim t\u00eb Komisionit p\u00ebr Financa dhe Buxhet, k\u00ebshilltar\u00ebt kan\u00eb miratuar propozim-vendimin p\u00ebr ndryshimin dhe plot\u00ebsimin e buxhetit komunal. K\u00ebshilltar\u00ebt kan\u00eb vler\u00ebsuar se p\u00ebr shkak t\u00eb kriz\u00ebs ekonomike \u00ebsht\u00eb i patjet\u00ebrsuesh\u00ebm ndryshimi i buxhetit. P\u00ebrfaq\u00ebsues t\u00eb nd\u00ebrmarrjes publike komunale &#8220;Tetova&#8221;-Tetov\u00eb parashtruan para K\u00ebshillit komunal raportin&hellip;\" \/>\n<meta property=\"og:url\" content=\"https:\/\/transparency.mk\/sq\/2009\/09\/17\/kriza-imponon-rebalancin\/\" \/>\n<meta property=\"og:site_name\" content=\"Transparency International\" \/>\n<meta property=\"article:publisher\" content=\"https:\/\/www.facebook.com\/TransparencyMK\/\" \/>\n<meta property=\"article:published_time\" content=\"2009-09-17T07:50:13+00:00\" \/>\n<meta property=\"article:modified_time\" content=\"2021-02-15T08:50:38+00:00\" \/>\n<meta name=\"author\" content=\"TI \u0430\u0434\u043c\u0438\u043d\u0438\u0441\u0442\u0440\u0430\u0442\u043e\u0440\" \/>\n<meta name=\"twitter:card\" content=\"summary_large_image\" \/>\n<meta name=\"twitter:creator\" content=\"@ti_macedonia\" \/>\n<meta name=\"twitter:site\" content=\"@ti_macedonia\" \/>\n<meta name=\"twitter:label1\" content=\"Written by\" \/>\n\t<meta name=\"twitter:data1\" content=\"TI \u0430\u0434\u043c\u0438\u043d\u0438\u0441\u0442\u0440\u0430\u0442\u043e\u0440\" \/>\n\t<meta name=\"twitter:label2\" content=\"Est. reading time\" \/>\n\t<meta name=\"twitter:data2\" content=\"2 minutes\" \/>\n<script type=\"application\/ld+json\" class=\"yoast-schema-graph\">{\"@context\":\"https:\/\/schema.org\",\"@graph\":[{\"@type\":\"Article\",\"@id\":\"https:\/\/transparency.mk\/sq\/2009\/09\/17\/kriza-imponon-rebalancin\/#article\",\"isPartOf\":{\"@id\":\"https:\/\/transparency.mk\/sq\/2009\/09\/17\/kriza-imponon-rebalancin\/\"},\"author\":{\"name\":\"TI \u0430\u0434\u043c\u0438\u043d\u0438\u0441\u0442\u0440\u0430\u0442\u043e\u0440\",\"@id\":\"https:\/\/transparency.mk\/#\/schema\/person\/4ab55c47d82a7d099f63f569c223c903\"},\"headline\":\"Kriza imponon rebalancin\",\"datePublished\":\"2009-09-17T07:50:13+00:00\",\"dateModified\":\"2021-02-15T08:50:38+00:00\",\"mainEntityOfPage\":{\"@id\":\"https:\/\/transparency.mk\/sq\/2009\/09\/17\/kriza-imponon-rebalancin\/\"},\"wordCount\":318,\"publisher\":{\"@id\":\"https:\/\/transparency.mk\/#organization\"},\"articleSection\":[\"Lajme\"],\"inLanguage\":\"sq-AL\"},{\"@type\":\"WebPage\",\"@id\":\"https:\/\/transparency.mk\/sq\/2009\/09\/17\/kriza-imponon-rebalancin\/\",\"url\":\"https:\/\/transparency.mk\/sq\/2009\/09\/17\/kriza-imponon-rebalancin\/\",\"name\":\"Kriza imponon rebalancin - Transparency International\",\"isPartOf\":{\"@id\":\"https:\/\/transparency.mk\/#website\"},\"datePublished\":\"2009-09-17T07:50:13+00:00\",\"dateModified\":\"2021-02-15T08:50:38+00:00\",\"breadcrumb\":{\"@id\":\"https:\/\/transparency.mk\/sq\/2009\/09\/17\/kriza-imponon-rebalancin\/#breadcrumb\"},\"inLanguage\":\"sq-AL\",\"potentialAction\":[{\"@type\":\"ReadAction\",\"target\":[\"https:\/\/transparency.mk\/sq\/2009\/09\/17\/kriza-imponon-rebalancin\/\"]}]},{\"@type\":\"BreadcrumbList\",\"@id\":\"https:\/\/transparency.mk\/sq\/2009\/09\/17\/kriza-imponon-rebalancin\/#breadcrumb\",\"itemListElement\":[{\"@type\":\"ListItem\",\"position\":1,\"name\":\"Home\",\"item\":\"https:\/\/transparency.mk\/sq\/\"},{\"@type\":\"ListItem\",\"position\":2,\"name\":\"Kriza imponon rebalancin\"}]},{\"@type\":\"WebSite\",\"@id\":\"https:\/\/transparency.mk\/#website\",\"url\":\"https:\/\/transparency.mk\/\",\"name\":\"Transparency International\",\"description\":\"Maqedoni\",\"publisher\":{\"@id\":\"https:\/\/transparency.mk\/#organization\"},\"potentialAction\":[{\"@type\":\"SearchAction\",\"target\":{\"@type\":\"EntryPoint\",\"urlTemplate\":\"https:\/\/transparency.mk\/?s={search_term_string}\"},\"query-input\":{\"@type\":\"PropertyValueSpecification\",\"valueRequired\":true,\"valueName\":\"search_term_string\"}}],\"inLanguage\":\"sq-AL\"},{\"@type\":\"Organization\",\"@id\":\"https:\/\/transparency.mk\/#organization\",\"name\":\"\u0422\u0440\u0430\u043d\u0441\u043f\u0430\u0440\u0435\u043d\u0441\u0438 \u0418\u043d\u0442\u0435\u0440\u043d\u0435\u0448\u043d\u043b - \u041c\u0430\u043a\u0435\u0434\u043e\u043d\u0438\u0458\u0430\",\"url\":\"https:\/\/transparency.mk\/\",\"logo\":{\"@type\":\"ImageObject\",\"inLanguage\":\"sq-AL\",\"@id\":\"https:\/\/transparency.mk\/#\/schema\/logo\/image\/\",\"url\":\"https:\/\/transparency.mk\/wp-content\/uploads\/2020\/10\/transparency-mk-logo.png\",\"contentUrl\":\"https:\/\/transparency.mk\/wp-content\/uploads\/2020\/10\/transparency-mk-logo.png\",\"width\":250,\"height\":75,\"caption\":\"\u0422\u0440\u0430\u043d\u0441\u043f\u0430\u0440\u0435\u043d\u0441\u0438 \u0418\u043d\u0442\u0435\u0440\u043d\u0435\u0448\u043d\u043b - \u041c\u0430\u043a\u0435\u0434\u043e\u043d\u0438\u0458\u0430\"},\"image\":{\"@id\":\"https:\/\/transparency.mk\/#\/schema\/logo\/image\/\"},\"sameAs\":[\"https:\/\/www.facebook.com\/TransparencyMK\/\",\"https:\/\/x.com\/ti_macedonia\",\"https:\/\/www.instagram.com\/timacedonia\/\",\"https:\/\/youtube.com\/user\/tzcmacedonia\/\"]},{\"@type\":\"Person\",\"@id\":\"https:\/\/transparency.mk\/#\/schema\/person\/4ab55c47d82a7d099f63f569c223c903\",\"name\":\"TI \u0430\u0434\u043c\u0438\u043d\u0438\u0441\u0442\u0440\u0430\u0442\u043e\u0440\",\"sameAs\":[\"https:\/\/transparency.mk\"]}]}<\/script>\n<!-- \/ Yoast SEO plugin. -->","yoast_head_json":{"title":"Kriza imponon rebalancin - Transparency International","robots":{"index":"index","follow":"follow","max-snippet":"max-snippet:-1","max-image-preview":"max-image-preview:large","max-video-preview":"max-video-preview:-1"},"canonical":"https:\/\/transparency.mk\/sq\/2009\/09\/17\/kriza-imponon-rebalancin\/","og_locale":"sq_AL","og_type":"article","og_title":"Kriza imponon rebalancin - Transparency International","og_description":"17.09.2009 Me propozim t\u00eb K\u00ebshillit t\u00eb Komun\u00ebs s\u00eb Tetov\u00ebs dhe me miratim t\u00eb Komisionit p\u00ebr Financa dhe Buxhet, k\u00ebshilltar\u00ebt kan\u00eb miratuar propozim-vendimin p\u00ebr ndryshimin dhe plot\u00ebsimin e buxhetit komunal. K\u00ebshilltar\u00ebt kan\u00eb vler\u00ebsuar se p\u00ebr shkak t\u00eb kriz\u00ebs ekonomike \u00ebsht\u00eb i patjet\u00ebrsuesh\u00ebm ndryshimi i buxhetit. P\u00ebrfaq\u00ebsues t\u00eb nd\u00ebrmarrjes publike komunale &#8220;Tetova&#8221;-Tetov\u00eb parashtruan para K\u00ebshillit komunal raportin&hellip;","og_url":"https:\/\/transparency.mk\/sq\/2009\/09\/17\/kriza-imponon-rebalancin\/","og_site_name":"Transparency International","article_publisher":"https:\/\/www.facebook.com\/TransparencyMK\/","article_published_time":"2009-09-17T07:50:13+00:00","article_modified_time":"2021-02-15T08:50:38+00:00","author":"TI \u0430\u0434\u043c\u0438\u043d\u0438\u0441\u0442\u0440\u0430\u0442\u043e\u0440","twitter_card":"summary_large_image","twitter_creator":"@ti_macedonia","twitter_site":"@ti_macedonia","twitter_misc":{"Written by":"TI \u0430\u0434\u043c\u0438\u043d\u0438\u0441\u0442\u0440\u0430\u0442\u043e\u0440","Est. reading time":"2 minutes"},"schema":{"@context":"https:\/\/schema.org","@graph":[{"@type":"Article","@id":"https:\/\/transparency.mk\/sq\/2009\/09\/17\/kriza-imponon-rebalancin\/#article","isPartOf":{"@id":"https:\/\/transparency.mk\/sq\/2009\/09\/17\/kriza-imponon-rebalancin\/"},"author":{"name":"TI \u0430\u0434\u043c\u0438\u043d\u0438\u0441\u0442\u0440\u0430\u0442\u043e\u0440","@id":"https:\/\/transparency.mk\/#\/schema\/person\/4ab55c47d82a7d099f63f569c223c903"},"headline":"Kriza imponon rebalancin","datePublished":"2009-09-17T07:50:13+00:00","dateModified":"2021-02-15T08:50:38+00:00","mainEntityOfPage":{"@id":"https:\/\/transparency.mk\/sq\/2009\/09\/17\/kriza-imponon-rebalancin\/"},"wordCount":318,"publisher":{"@id":"https:\/\/transparency.mk\/#organization"},"articleSection":["Lajme"],"inLanguage":"sq-AL"},{"@type":"WebPage","@id":"https:\/\/transparency.mk\/sq\/2009\/09\/17\/kriza-imponon-rebalancin\/","url":"https:\/\/transparency.mk\/sq\/2009\/09\/17\/kriza-imponon-rebalancin\/","name":"Kriza imponon rebalancin - Transparency International","isPartOf":{"@id":"https:\/\/transparency.mk\/#website"},"datePublished":"2009-09-17T07:50:13+00:00","dateModified":"2021-02-15T08:50:38+00:00","breadcrumb":{"@id":"https:\/\/transparency.mk\/sq\/2009\/09\/17\/kriza-imponon-rebalancin\/#breadcrumb"},"inLanguage":"sq-AL","potentialAction":[{"@type":"ReadAction","target":["https:\/\/transparency.mk\/sq\/2009\/09\/17\/kriza-imponon-rebalancin\/"]}]},{"@type":"BreadcrumbList","@id":"https:\/\/transparency.mk\/sq\/2009\/09\/17\/kriza-imponon-rebalancin\/#breadcrumb","itemListElement":[{"@type":"ListItem","position":1,"name":"Home","item":"https:\/\/transparency.mk\/sq\/"},{"@type":"ListItem","position":2,"name":"Kriza imponon rebalancin"}]},{"@type":"WebSite","@id":"https:\/\/transparency.mk\/#website","url":"https:\/\/transparency.mk\/","name":"Transparency International","description":"Maqedoni","publisher":{"@id":"https:\/\/transparency.mk\/#organization"},"potentialAction":[{"@type":"SearchAction","target":{"@type":"EntryPoint","urlTemplate":"https:\/\/transparency.mk\/?s={search_term_string}"},"query-input":{"@type":"PropertyValueSpecification","valueRequired":true,"valueName":"search_term_string"}}],"inLanguage":"sq-AL"},{"@type":"Organization","@id":"https:\/\/transparency.mk\/#organization","name":"\u0422\u0440\u0430\u043d\u0441\u043f\u0430\u0440\u0435\u043d\u0441\u0438 \u0418\u043d\u0442\u0435\u0440\u043d\u0435\u0448\u043d\u043b - \u041c\u0430\u043a\u0435\u0434\u043e\u043d\u0438\u0458\u0430","url":"https:\/\/transparency.mk\/","logo":{"@type":"ImageObject","inLanguage":"sq-AL","@id":"https:\/\/transparency.mk\/#\/schema\/logo\/image\/","url":"https:\/\/transparency.mk\/wp-content\/uploads\/2020\/10\/transparency-mk-logo.png","contentUrl":"https:\/\/transparency.mk\/wp-content\/uploads\/2020\/10\/transparency-mk-logo.png","width":250,"height":75,"caption":"\u0422\u0440\u0430\u043d\u0441\u043f\u0430\u0440\u0435\u043d\u0441\u0438 \u0418\u043d\u0442\u0435\u0440\u043d\u0435\u0448\u043d\u043b - \u041c\u0430\u043a\u0435\u0434\u043e\u043d\u0438\u0458\u0430"},"image":{"@id":"https:\/\/transparency.mk\/#\/schema\/logo\/image\/"},"sameAs":["https:\/\/www.facebook.com\/TransparencyMK\/","https:\/\/x.com\/ti_macedonia","https:\/\/www.instagram.com\/timacedonia\/","https:\/\/youtube.com\/user\/tzcmacedonia\/"]},{"@type":"Person","@id":"https:\/\/transparency.mk\/#\/schema\/person\/4ab55c47d82a7d099f63f569c223c903","name":"TI \u0430\u0434\u043c\u0438\u043d\u0438\u0441\u0442\u0440\u0430\u0442\u043e\u0440","sameAs":["https:\/\/transparency.mk"]}]}},"_links":{"self":[{"href":"https:\/\/transparency.mk\/sq\/wp-json\/wp\/v2\/posts\/9372","targetHints":{"allow":["GET"]}}],"collection":[{"href":"https:\/\/transparency.mk\/sq\/wp-json\/wp\/v2\/posts"}],"about":[{"href":"https:\/\/transparency.mk\/sq\/wp-json\/wp\/v2\/types\/post"}],"author":[{"embeddable":true,"href":"https:\/\/transparency.mk\/sq\/wp-json\/wp\/v2\/users\/1"}],"replies":[{"embeddable":true,"href":"https:\/\/transparency.mk\/sq\/wp-json\/wp\/v2\/comments?post=9372"}],"version-history":[{"count":1,"href":"https:\/\/transparency.mk\/sq\/wp-json\/wp\/v2\/posts\/9372\/revisions"}],"predecessor-version":[{"id":9373,"href":"https:\/\/transparency.mk\/sq\/wp-json\/wp\/v2\/posts\/9372\/revisions\/9373"}],"wp:attachment":[{"href":"https:\/\/transparency.mk\/sq\/wp-json\/wp\/v2\/media?parent=9372"}],"wp:term":[{"taxonomy":"category","embeddable":true,"href":"https:\/\/transparency.mk\/sq\/wp-json\/wp\/v2\/categories?post=9372"},{"taxonomy":"post_tag","embeddable":true,"href":"https:\/\/transparency.mk\/sq\/wp-json\/wp\/v2\/tags?post=9372"}],"curies":[{"name":"wp","href":"https:\/\/api.w.org\/{rel}","templated":true}]}}