{"id":9375,"date":"2009-09-24T09:52:21","date_gmt":"2009-09-24T07:52:21","guid":{"rendered":"https:\/\/transparency.web.com.mk\/?p=9375"},"modified":"2021-02-15T09:52:51","modified_gmt":"2021-02-15T08:52:51","slug":"korrupsioni-tabu-teme-per-biznesmenet","status":"publish","type":"post","link":"https:\/\/transparency.mk\/sq\/2009\/09\/24\/korrupsioni-tabu-teme-per-biznesmenet\/","title":{"rendered":"Korrupsioni tabu tem\u00eb p\u00ebr biznesmen\u00ebt"},"content":{"rendered":"<p><span class=\"boksovi_intro\">24.09.2009 Korrupsioni n\u00eb sektorin privat \u00ebsht\u00eb hulutmuar shum\u00eb pak, meq\u00eb biznesmen\u00ebt e Maqedonis\u00eb m\u00eb shum\u00eb flasin p\u00ebr pal\u00ebn tjet\u00ebr, sesa n\u00ebse n\u00eb m\u00ebnyr\u00eb t\u00eb ndershme dhe korrekte e zhvillojn\u00eb biznesin e vet.<br \/>\nK\u00ebt\u00eb sot e b\u00ebri t\u00eb ditur kryetarja e organizat\u00ebs joqeveritare \u201cTransparenc\u00eb \u2013 Zero korrupsion\u201d, Sllagjana Taseva, duke prezantuar raportin m\u00eb t\u00eb ri global t\u00eb korrupsionit n\u00eb sektorin privat.<\/span><\/p>\n<p>&nbsp;<\/p>\n<p align=\"justify\"><span class=\"boksovi_intro\">\u201cKorrupsioni n\u00eb sektorin privat n\u00eb Maqedoni gjith\u00ebsesi ekziston, por nuk ka t\u00eb dh\u00ebna konkrete se sa \u00ebsht\u00eb i p\u00ebrhapur. P\u00ebr k\u00ebt\u00eb nuk kemi ndihm\u00eb t\u00eb madh nga vet\u00eb biznesmen\u00ebt, t\u00eb cil\u00ebt gjithmon\u00eb m\u00eb shum\u00eb duan t\u00eb flasin p\u00ebr administrat\u00ebn shtet\u00ebrore, sesa t\u00eb shikojn\u00eb oborrin e vet\u201d, b\u00ebri t\u00eb ditur Taseva.<\/p>\n<p>\u201cM\u00ebnyra m\u00eb efikase p\u00ebr t`u p\u00ebrballur me sjelljen korruptive n\u00eb sektorin privat \u00ebsht\u00eb t\u00eb insistohet q\u00eb kompanit\u00eb ta zbatojn\u00eb rregull\u00ebn e pun\u00ebs s\u00eb mir\u00eb korporative\u201d, theksoi njeriu i par\u00eb i \u201cTransparenc\u00eb \u2013 Zero korrupsion\u201d.<\/p>\n<p>Taseva b\u00ebri t\u00eb ditur n\u00eb nevoj\u00ebn e ndryshimeve t\u00eb Kodit penal me q\u00ebllim q\u00eb t\u00eb inkriminohen rastet n\u00eb t\u00eb cilat do t\u00eb tregohet sjellje korruptive brenda n\u00eb sektorin privat.<\/p>\n<p>Raporti kryesor p\u00ebr korrupsionin n\u00eb sektorin privat i detekton aspektet m\u00eb t\u00eb ndryshme, nd\u00ebrsa indeksi p\u00ebr vendet do t\u00eb shpallet n\u00eb m\u00ebnyr\u00eb individuale n\u00eb n\u00ebntor.<\/span><\/p>\n<p align=\"justify\">\n<p align=\"justify\">\n<p align=\"justify\">\n<p align=\"justify\">Makfax<\/p>\n","protected":false},"excerpt":{"rendered":"<p>24.09.2009 Korrupsioni n\u00eb sektorin privat \u00ebsht\u00eb hulutmuar shum\u00eb pak, meq\u00eb biznesmen\u00ebt e Maqedonis\u00eb m\u00eb shum\u00eb flasin p\u00ebr pal\u00ebn tjet\u00ebr, sesa n\u00ebse n\u00eb m\u00ebnyr\u00eb t\u00eb ndershme dhe korrekte e zhvillojn\u00eb biznesin e vet. K\u00ebt\u00eb sot e b\u00ebri t\u00eb ditur kryetarja e organizat\u00ebs joqeveritare \u201cTransparenc\u00eb \u2013 Zero korrupsion\u201d, Sllagjana Taseva, duke prezantuar raportin m\u00eb t\u00eb ri global&hellip;<\/p>\n","protected":false},"author":1,"featured_media":9376,"comment_status":"closed","ping_status":"open","sticky":false,"template":"","format":"standard","meta":{"_monsterinsights_skip_tracking":false,"_monsterinsights_sitenote_active":false,"_monsterinsights_sitenote_note":"","_monsterinsights_sitenote_category":0,"footnotes":""},"categories":[90],"tags":[],"class_list":["post-9375","post","type-post","status-publish","format-standard","has-post-thumbnail","hentry","category-lajme","category-90","description-off"],"yoast_head":"<!-- This site is optimized with the Yoast SEO plugin v25.8 - https:\/\/yoast.com\/wordpress\/plugins\/seo\/ -->\n<title>Korrupsioni tabu tem\u00eb p\u00ebr biznesmen\u00ebt - Transparency International<\/title>\n<meta name=\"robots\" content=\"index, follow, max-snippet:-1, max-image-preview:large, max-video-preview:-1\" \/>\n<link rel=\"canonical\" href=\"https:\/\/transparency.mk\/sq\/2009\/09\/24\/korrupsioni-tabu-teme-per-biznesmenet\/\" \/>\n<meta property=\"og:locale\" content=\"sq_AL\" \/>\n<meta property=\"og:type\" content=\"article\" \/>\n<meta property=\"og:title\" content=\"Korrupsioni tabu tem\u00eb p\u00ebr biznesmen\u00ebt - Transparency International\" \/>\n<meta property=\"og:description\" content=\"24.09.2009 Korrupsioni n\u00eb sektorin privat \u00ebsht\u00eb hulutmuar shum\u00eb pak, meq\u00eb biznesmen\u00ebt e Maqedonis\u00eb m\u00eb shum\u00eb flasin p\u00ebr pal\u00ebn tjet\u00ebr, sesa n\u00ebse n\u00eb m\u00ebnyr\u00eb t\u00eb ndershme dhe korrekte e zhvillojn\u00eb biznesin e vet. K\u00ebt\u00eb sot e b\u00ebri t\u00eb ditur kryetarja e organizat\u00ebs joqeveritare \u201cTransparenc\u00eb \u2013 Zero korrupsion\u201d, Sllagjana Taseva, duke prezantuar raportin m\u00eb t\u00eb ri global&hellip;\" \/>\n<meta property=\"og:url\" content=\"https:\/\/transparency.mk\/sq\/2009\/09\/24\/korrupsioni-tabu-teme-per-biznesmenet\/\" \/>\n<meta property=\"og:site_name\" content=\"Transparency International\" \/>\n<meta property=\"article:publisher\" content=\"https:\/\/www.facebook.com\/TransparencyMK\/\" \/>\n<meta property=\"article:published_time\" content=\"2009-09-24T07:52:21+00:00\" \/>\n<meta property=\"article:modified_time\" content=\"2021-02-15T08:52:51+00:00\" \/>\n<meta property=\"og:image\" content=\"https:\/\/transparency.mk\/wp-content\/uploads\/2021\/02\/pressgcb2009.jpg\" \/>\n\t<meta property=\"og:image:width\" content=\"240\" \/>\n\t<meta property=\"og:image:height\" content=\"171\" \/>\n\t<meta property=\"og:image:type\" content=\"image\/jpeg\" \/>\n<meta name=\"author\" content=\"TI \u0430\u0434\u043c\u0438\u043d\u0438\u0441\u0442\u0440\u0430\u0442\u043e\u0440\" \/>\n<meta name=\"twitter:card\" content=\"summary_large_image\" \/>\n<meta name=\"twitter:creator\" content=\"@ti_macedonia\" \/>\n<meta name=\"twitter:site\" content=\"@ti_macedonia\" \/>\n<meta name=\"twitter:label1\" content=\"Written by\" \/>\n\t<meta name=\"twitter:data1\" content=\"TI \u0430\u0434\u043c\u0438\u043d\u0438\u0441\u0442\u0440\u0430\u0442\u043e\u0440\" \/>\n\t<meta name=\"twitter:label2\" content=\"Est. reading time\" \/>\n\t<meta name=\"twitter:data2\" content=\"1 minute\" \/>\n<script type=\"application\/ld+json\" class=\"yoast-schema-graph\">{\"@context\":\"https:\/\/schema.org\",\"@graph\":[{\"@type\":\"Article\",\"@id\":\"https:\/\/transparency.mk\/sq\/2009\/09\/24\/korrupsioni-tabu-teme-per-biznesmenet\/#article\",\"isPartOf\":{\"@id\":\"https:\/\/transparency.mk\/sq\/2009\/09\/24\/korrupsioni-tabu-teme-per-biznesmenet\/\"},\"author\":{\"name\":\"TI \u0430\u0434\u043c\u0438\u043d\u0438\u0441\u0442\u0440\u0430\u0442\u043e\u0440\",\"@id\":\"https:\/\/transparency.mk\/#\/schema\/person\/4ab55c47d82a7d099f63f569c223c903\"},\"headline\":\"Korrupsioni tabu tem\u00eb p\u00ebr biznesmen\u00ebt\",\"datePublished\":\"2009-09-24T07:52:21+00:00\",\"dateModified\":\"2021-02-15T08:52:51+00:00\",\"mainEntityOfPage\":{\"@id\":\"https:\/\/transparency.mk\/sq\/2009\/09\/24\/korrupsioni-tabu-teme-per-biznesmenet\/\"},\"wordCount\":238,\"publisher\":{\"@id\":\"https:\/\/transparency.mk\/#organization\"},\"image\":{\"@id\":\"https:\/\/transparency.mk\/sq\/2009\/09\/24\/korrupsioni-tabu-teme-per-biznesmenet\/#primaryimage\"},\"thumbnailUrl\":\"https:\/\/transparency.mk\/wp-content\/uploads\/2021\/02\/pressgcb2009.jpg\",\"articleSection\":[\"Lajme\"],\"inLanguage\":\"sq-AL\"},{\"@type\":\"WebPage\",\"@id\":\"https:\/\/transparency.mk\/sq\/2009\/09\/24\/korrupsioni-tabu-teme-per-biznesmenet\/\",\"url\":\"https:\/\/transparency.mk\/sq\/2009\/09\/24\/korrupsioni-tabu-teme-per-biznesmenet\/\",\"name\":\"Korrupsioni tabu tem\u00eb p\u00ebr biznesmen\u00ebt - Transparency International\",\"isPartOf\":{\"@id\":\"https:\/\/transparency.mk\/#website\"},\"primaryImageOfPage\":{\"@id\":\"https:\/\/transparency.mk\/sq\/2009\/09\/24\/korrupsioni-tabu-teme-per-biznesmenet\/#primaryimage\"},\"image\":{\"@id\":\"https:\/\/transparency.mk\/sq\/2009\/09\/24\/korrupsioni-tabu-teme-per-biznesmenet\/#primaryimage\"},\"thumbnailUrl\":\"https:\/\/transparency.mk\/wp-content\/uploads\/2021\/02\/pressgcb2009.jpg\",\"datePublished\":\"2009-09-24T07:52:21+00:00\",\"dateModified\":\"2021-02-15T08:52:51+00:00\",\"breadcrumb\":{\"@id\":\"https:\/\/transparency.mk\/sq\/2009\/09\/24\/korrupsioni-tabu-teme-per-biznesmenet\/#breadcrumb\"},\"inLanguage\":\"sq-AL\",\"potentialAction\":[{\"@type\":\"ReadAction\",\"target\":[\"https:\/\/transparency.mk\/sq\/2009\/09\/24\/korrupsioni-tabu-teme-per-biznesmenet\/\"]}]},{\"@type\":\"ImageObject\",\"inLanguage\":\"sq-AL\",\"@id\":\"https:\/\/transparency.mk\/sq\/2009\/09\/24\/korrupsioni-tabu-teme-per-biznesmenet\/#primaryimage\",\"url\":\"https:\/\/transparency.mk\/wp-content\/uploads\/2021\/02\/pressgcb2009.jpg\",\"contentUrl\":\"https:\/\/transparency.mk\/wp-content\/uploads\/2021\/02\/pressgcb2009.jpg\",\"width\":240,\"height\":171},{\"@type\":\"BreadcrumbList\",\"@id\":\"https:\/\/transparency.mk\/sq\/2009\/09\/24\/korrupsioni-tabu-teme-per-biznesmenet\/#breadcrumb\",\"itemListElement\":[{\"@type\":\"ListItem\",\"position\":1,\"name\":\"Home\",\"item\":\"https:\/\/transparency.mk\/sq\/\"},{\"@type\":\"ListItem\",\"position\":2,\"name\":\"Korrupsioni tabu tem\u00eb p\u00ebr biznesmen\u00ebt\"}]},{\"@type\":\"WebSite\",\"@id\":\"https:\/\/transparency.mk\/#website\",\"url\":\"https:\/\/transparency.mk\/\",\"name\":\"Transparency International\",\"description\":\"Maqedoni\",\"publisher\":{\"@id\":\"https:\/\/transparency.mk\/#organization\"},\"potentialAction\":[{\"@type\":\"SearchAction\",\"target\":{\"@type\":\"EntryPoint\",\"urlTemplate\":\"https:\/\/transparency.mk\/?s={search_term_string}\"},\"query-input\":{\"@type\":\"PropertyValueSpecification\",\"valueRequired\":true,\"valueName\":\"search_term_string\"}}],\"inLanguage\":\"sq-AL\"},{\"@type\":\"Organization\",\"@id\":\"https:\/\/transparency.mk\/#organization\",\"name\":\"\u0422\u0440\u0430\u043d\u0441\u043f\u0430\u0440\u0435\u043d\u0441\u0438 \u0418\u043d\u0442\u0435\u0440\u043d\u0435\u0448\u043d\u043b - \u041c\u0430\u043a\u0435\u0434\u043e\u043d\u0438\u0458\u0430\",\"url\":\"https:\/\/transparency.mk\/\",\"logo\":{\"@type\":\"ImageObject\",\"inLanguage\":\"sq-AL\",\"@id\":\"https:\/\/transparency.mk\/#\/schema\/logo\/image\/\",\"url\":\"https:\/\/transparency.mk\/wp-content\/uploads\/2020\/10\/transparency-mk-logo.png\",\"contentUrl\":\"https:\/\/transparency.mk\/wp-content\/uploads\/2020\/10\/transparency-mk-logo.png\",\"width\":250,\"height\":75,\"caption\":\"\u0422\u0440\u0430\u043d\u0441\u043f\u0430\u0440\u0435\u043d\u0441\u0438 \u0418\u043d\u0442\u0435\u0440\u043d\u0435\u0448\u043d\u043b - \u041c\u0430\u043a\u0435\u0434\u043e\u043d\u0438\u0458\u0430\"},\"image\":{\"@id\":\"https:\/\/transparency.mk\/#\/schema\/logo\/image\/\"},\"sameAs\":[\"https:\/\/www.facebook.com\/TransparencyMK\/\",\"https:\/\/x.com\/ti_macedonia\",\"https:\/\/www.instagram.com\/timacedonia\/\",\"https:\/\/youtube.com\/user\/tzcmacedonia\/\"]},{\"@type\":\"Person\",\"@id\":\"https:\/\/transparency.mk\/#\/schema\/person\/4ab55c47d82a7d099f63f569c223c903\",\"name\":\"TI \u0430\u0434\u043c\u0438\u043d\u0438\u0441\u0442\u0440\u0430\u0442\u043e\u0440\",\"sameAs\":[\"https:\/\/transparency.mk\"]}]}<\/script>\n<!-- \/ Yoast SEO plugin. -->","yoast_head_json":{"title":"Korrupsioni tabu tem\u00eb p\u00ebr biznesmen\u00ebt - Transparency International","robots":{"index":"index","follow":"follow","max-snippet":"max-snippet:-1","max-image-preview":"max-image-preview:large","max-video-preview":"max-video-preview:-1"},"canonical":"https:\/\/transparency.mk\/sq\/2009\/09\/24\/korrupsioni-tabu-teme-per-biznesmenet\/","og_locale":"sq_AL","og_type":"article","og_title":"Korrupsioni tabu tem\u00eb p\u00ebr biznesmen\u00ebt - Transparency International","og_description":"24.09.2009 Korrupsioni n\u00eb sektorin privat \u00ebsht\u00eb hulutmuar shum\u00eb pak, meq\u00eb biznesmen\u00ebt e Maqedonis\u00eb m\u00eb shum\u00eb flasin p\u00ebr pal\u00ebn tjet\u00ebr, sesa n\u00ebse n\u00eb m\u00ebnyr\u00eb t\u00eb ndershme dhe korrekte e zhvillojn\u00eb biznesin e vet. K\u00ebt\u00eb sot e b\u00ebri t\u00eb ditur kryetarja e organizat\u00ebs joqeveritare \u201cTransparenc\u00eb \u2013 Zero korrupsion\u201d, Sllagjana Taseva, duke prezantuar raportin m\u00eb t\u00eb ri global&hellip;","og_url":"https:\/\/transparency.mk\/sq\/2009\/09\/24\/korrupsioni-tabu-teme-per-biznesmenet\/","og_site_name":"Transparency International","article_publisher":"https:\/\/www.facebook.com\/TransparencyMK\/","article_published_time":"2009-09-24T07:52:21+00:00","article_modified_time":"2021-02-15T08:52:51+00:00","og_image":[{"width":240,"height":171,"url":"https:\/\/transparency.mk\/wp-content\/uploads\/2021\/02\/pressgcb2009.jpg","type":"image\/jpeg"}],"author":"TI \u0430\u0434\u043c\u0438\u043d\u0438\u0441\u0442\u0440\u0430\u0442\u043e\u0440","twitter_card":"summary_large_image","twitter_creator":"@ti_macedonia","twitter_site":"@ti_macedonia","twitter_misc":{"Written by":"TI \u0430\u0434\u043c\u0438\u043d\u0438\u0441\u0442\u0440\u0430\u0442\u043e\u0440","Est. reading time":"1 minute"},"schema":{"@context":"https:\/\/schema.org","@graph":[{"@type":"Article","@id":"https:\/\/transparency.mk\/sq\/2009\/09\/24\/korrupsioni-tabu-teme-per-biznesmenet\/#article","isPartOf":{"@id":"https:\/\/transparency.mk\/sq\/2009\/09\/24\/korrupsioni-tabu-teme-per-biznesmenet\/"},"author":{"name":"TI \u0430\u0434\u043c\u0438\u043d\u0438\u0441\u0442\u0440\u0430\u0442\u043e\u0440","@id":"https:\/\/transparency.mk\/#\/schema\/person\/4ab55c47d82a7d099f63f569c223c903"},"headline":"Korrupsioni tabu tem\u00eb p\u00ebr biznesmen\u00ebt","datePublished":"2009-09-24T07:52:21+00:00","dateModified":"2021-02-15T08:52:51+00:00","mainEntityOfPage":{"@id":"https:\/\/transparency.mk\/sq\/2009\/09\/24\/korrupsioni-tabu-teme-per-biznesmenet\/"},"wordCount":238,"publisher":{"@id":"https:\/\/transparency.mk\/#organization"},"image":{"@id":"https:\/\/transparency.mk\/sq\/2009\/09\/24\/korrupsioni-tabu-teme-per-biznesmenet\/#primaryimage"},"thumbnailUrl":"https:\/\/transparency.mk\/wp-content\/uploads\/2021\/02\/pressgcb2009.jpg","articleSection":["Lajme"],"inLanguage":"sq-AL"},{"@type":"WebPage","@id":"https:\/\/transparency.mk\/sq\/2009\/09\/24\/korrupsioni-tabu-teme-per-biznesmenet\/","url":"https:\/\/transparency.mk\/sq\/2009\/09\/24\/korrupsioni-tabu-teme-per-biznesmenet\/","name":"Korrupsioni tabu tem\u00eb p\u00ebr biznesmen\u00ebt - Transparency International","isPartOf":{"@id":"https:\/\/transparency.mk\/#website"},"primaryImageOfPage":{"@id":"https:\/\/transparency.mk\/sq\/2009\/09\/24\/korrupsioni-tabu-teme-per-biznesmenet\/#primaryimage"},"image":{"@id":"https:\/\/transparency.mk\/sq\/2009\/09\/24\/korrupsioni-tabu-teme-per-biznesmenet\/#primaryimage"},"thumbnailUrl":"https:\/\/transparency.mk\/wp-content\/uploads\/2021\/02\/pressgcb2009.jpg","datePublished":"2009-09-24T07:52:21+00:00","dateModified":"2021-02-15T08:52:51+00:00","breadcrumb":{"@id":"https:\/\/transparency.mk\/sq\/2009\/09\/24\/korrupsioni-tabu-teme-per-biznesmenet\/#breadcrumb"},"inLanguage":"sq-AL","potentialAction":[{"@type":"ReadAction","target":["https:\/\/transparency.mk\/sq\/2009\/09\/24\/korrupsioni-tabu-teme-per-biznesmenet\/"]}]},{"@type":"ImageObject","inLanguage":"sq-AL","@id":"https:\/\/transparency.mk\/sq\/2009\/09\/24\/korrupsioni-tabu-teme-per-biznesmenet\/#primaryimage","url":"https:\/\/transparency.mk\/wp-content\/uploads\/2021\/02\/pressgcb2009.jpg","contentUrl":"https:\/\/transparency.mk\/wp-content\/uploads\/2021\/02\/pressgcb2009.jpg","width":240,"height":171},{"@type":"BreadcrumbList","@id":"https:\/\/transparency.mk\/sq\/2009\/09\/24\/korrupsioni-tabu-teme-per-biznesmenet\/#breadcrumb","itemListElement":[{"@type":"ListItem","position":1,"name":"Home","item":"https:\/\/transparency.mk\/sq\/"},{"@type":"ListItem","position":2,"name":"Korrupsioni tabu tem\u00eb p\u00ebr biznesmen\u00ebt"}]},{"@type":"WebSite","@id":"https:\/\/transparency.mk\/#website","url":"https:\/\/transparency.mk\/","name":"Transparency International","description":"Maqedoni","publisher":{"@id":"https:\/\/transparency.mk\/#organization"},"potentialAction":[{"@type":"SearchAction","target":{"@type":"EntryPoint","urlTemplate":"https:\/\/transparency.mk\/?s={search_term_string}"},"query-input":{"@type":"PropertyValueSpecification","valueRequired":true,"valueName":"search_term_string"}}],"inLanguage":"sq-AL"},{"@type":"Organization","@id":"https:\/\/transparency.mk\/#organization","name":"\u0422\u0440\u0430\u043d\u0441\u043f\u0430\u0440\u0435\u043d\u0441\u0438 \u0418\u043d\u0442\u0435\u0440\u043d\u0435\u0448\u043d\u043b - \u041c\u0430\u043a\u0435\u0434\u043e\u043d\u0438\u0458\u0430","url":"https:\/\/transparency.mk\/","logo":{"@type":"ImageObject","inLanguage":"sq-AL","@id":"https:\/\/transparency.mk\/#\/schema\/logo\/image\/","url":"https:\/\/transparency.mk\/wp-content\/uploads\/2020\/10\/transparency-mk-logo.png","contentUrl":"https:\/\/transparency.mk\/wp-content\/uploads\/2020\/10\/transparency-mk-logo.png","width":250,"height":75,"caption":"\u0422\u0440\u0430\u043d\u0441\u043f\u0430\u0440\u0435\u043d\u0441\u0438 \u0418\u043d\u0442\u0435\u0440\u043d\u0435\u0448\u043d\u043b - \u041c\u0430\u043a\u0435\u0434\u043e\u043d\u0438\u0458\u0430"},"image":{"@id":"https:\/\/transparency.mk\/#\/schema\/logo\/image\/"},"sameAs":["https:\/\/www.facebook.com\/TransparencyMK\/","https:\/\/x.com\/ti_macedonia","https:\/\/www.instagram.com\/timacedonia\/","https:\/\/youtube.com\/user\/tzcmacedonia\/"]},{"@type":"Person","@id":"https:\/\/transparency.mk\/#\/schema\/person\/4ab55c47d82a7d099f63f569c223c903","name":"TI \u0430\u0434\u043c\u0438\u043d\u0438\u0441\u0442\u0440\u0430\u0442\u043e\u0440","sameAs":["https:\/\/transparency.mk"]}]}},"_links":{"self":[{"href":"https:\/\/transparency.mk\/sq\/wp-json\/wp\/v2\/posts\/9375","targetHints":{"allow":["GET"]}}],"collection":[{"href":"https:\/\/transparency.mk\/sq\/wp-json\/wp\/v2\/posts"}],"about":[{"href":"https:\/\/transparency.mk\/sq\/wp-json\/wp\/v2\/types\/post"}],"author":[{"embeddable":true,"href":"https:\/\/transparency.mk\/sq\/wp-json\/wp\/v2\/users\/1"}],"replies":[{"embeddable":true,"href":"https:\/\/transparency.mk\/sq\/wp-json\/wp\/v2\/comments?post=9375"}],"version-history":[{"count":1,"href":"https:\/\/transparency.mk\/sq\/wp-json\/wp\/v2\/posts\/9375\/revisions"}],"predecessor-version":[{"id":9379,"href":"https:\/\/transparency.mk\/sq\/wp-json\/wp\/v2\/posts\/9375\/revisions\/9379"}],"wp:featuredmedia":[{"embeddable":true,"href":"https:\/\/transparency.mk\/sq\/wp-json\/wp\/v2\/media\/9376"}],"wp:attachment":[{"href":"https:\/\/transparency.mk\/sq\/wp-json\/wp\/v2\/media?parent=9375"}],"wp:term":[{"taxonomy":"category","embeddable":true,"href":"https:\/\/transparency.mk\/sq\/wp-json\/wp\/v2\/categories?post=9375"},{"taxonomy":"post_tag","embeddable":true,"href":"https:\/\/transparency.mk\/sq\/wp-json\/wp\/v2\/tags?post=9375"}],"curies":[{"name":"wp","href":"https:\/\/api.w.org\/{rel}","templated":true}]}}