{"id":9380,"date":"2009-09-25T09:53:15","date_gmt":"2009-09-25T07:53:15","guid":{"rendered":"https:\/\/transparency.web.com.mk\/?p=9380"},"modified":"2021-02-15T09:53:45","modified_gmt":"2021-02-15T08:53:45","slug":"studentet-te-vetedishem-per-korrupcionin-por-pasiv","status":"publish","type":"post","link":"https:\/\/transparency.mk\/sq\/2009\/09\/25\/studentet-te-vetedishem-per-korrupcionin-por-pasiv\/","title":{"rendered":"Student\u00ebt te vet\u00ebdish\u00ebm p\u00ebr korrupcionin, por pasiv"},"content":{"rendered":"<p><span class=\"apple-style-span\">25.09.2009 N\u00eb nj\u00eb studim t\u00eb fundit t\u00eb kryer nga USAID-i\u00a0\u00a0Forumit Rinor per arsim,\u00a0\u00a0kat\u00ebr student\u00eb nga universitetet n\u00eb Maqedoni dhan\u00eb pothuajse t\u00eb nj\u00ebjt\u00ebn p\u00ebrgjigje &#8211;\u00a0\u00a0ka korrupsion n\u00eb universitete, dhe at\u00eb\u00a0\u00a0n\u00eb mas\u00eb t\u00eb madhe.<\/span><span class=\"apple-converted-space\">\u00a0<\/span><\/p>\n<p><span class=\"apple-style-span\">Gati gjysma e student\u00ebve t\u00eb anketuar pohojn\u00eb se ryshfeti\u00a0\u00a0dhe nepotizmi jan\u00eb mjet i\u00a0\u00a0shpesh i korrupsionit, dhe pothuajse gjysma e tyre\u00a0\u00a0jan\u00eb gjet\u00eb n\u00eb nj\u00eb situate t\u00eb k\u00ebtill\u00eb.<\/span><span class=\"apple-converted-space\">\u00a0<\/span><\/p>\n<p><span class=\"apple-style-span\">Por edhe pse ata kan\u00eb deklaruar\u00a0\u00a0se\u00a0\u00a0jan\u00eb t\u00eb vet\u00ebdijsh\u00ebm p\u00ebr ligjet\u00a0\u00a0dhe\u00a0\u00a0korrupsioni,\u00a0\u00a0nj\u00eb e treta e tyre nuk do t\u00eb kishin luftuar kund\u00ebr tij, dhe nj\u00eb e treta tjet\u00ebr nuk ishin t\u00eb sigurt se mund ta b\u00ebnin ate.<\/span><span class=\"apple-converted-space\">\u00a0<\/span><\/p>\n<p>&nbsp;<\/p>\n<p>&nbsp;<\/p>\n<p><span class=\"apple-style-span\">Amerikani\u00a0\u00a0Steven Heineman, nj\u00eb ekspert bot\u00ebror mbi korrupsionin n\u00eb arsimin e lart\u00eb I cili k\u00ebtyre dit\u00ebve po q\u00ebndron n\u00eb Maqedoni p\u00ebr\u00a0\u00a0takime me student\u00ebt,\u00a0\u00a0vler\u00ebson\u00a0\u00a0se heshtja e student\u00ebve \u00ebsht\u00eb nj\u00eb problem, po sa edhe mungesa e rregullave.<\/span><span class=\"apple-converted-space\">\u00a0<\/span><\/p>\n<p><span class=\"apple-style-span\">Heineman tha se n\u00eb vendet e zhvilluara nuk ka universitet pa nj\u00eb kod t\u00eb etik\u00ebs q\u00eb p\u00ebrcakton se \u00e7far\u00eb \u00ebsht\u00eb korrupsioni.<\/span><span class=\"apple-converted-space\">\u00a0<\/span><\/p>\n<p><span class=\"apple-style-span\">&#8220;N\u00ebse ju jeni profesori\u00a0\u00a0im dhe un\u00eb po ju jap lule, nuk do t\u00eb thot\u00eb se un\u00eb kam favorizuar. Pra, ka m\u00ebnyr\u00eb\u00a0\u00a0p\u00ebr t\u00eb treguar respekt p\u00ebr profesorin dhe kjo nuk \u00ebsht\u00eb korrupsion. Por ka m\u00ebnyra q\u00eb krejt\u00ebsisht jan\u00eb\u00a0\u00a0korrupsion. Dhe kjo duhet t\u00eb rregullohet n\u00eb m\u00ebnyr\u00eb t\u00eb qart\u00eb. Kjo \u00ebsht\u00eb ajo duhet ta paraqes\u00eb\u00a0\u00a0Kodi i Sjelljes. Kjo efinohet si hap i pare&#8221; tha Heineman.<\/span><span class=\"apple-converted-space\">\u00a0<\/span><\/p>\n<p><span class=\"apple-style-span\">Universitetet e Ballkanit jan\u00eb nd\u00ebr t\u00eb rrallat\u00a0\u00a0t\u00eb cil\u00ebt nuk kan\u00eb kodin e till\u00eb, shpjegon Heineman\u00a0\u00a0i cili\u00a0\u00a0gati 15 vjet\u00a0\u00a0b\u00ebri\u00a0\u00a0hulumtime n\u00eb arsim n\u00eb Ballkan.<\/span><span class=\"apple-converted-space\">\u00a0<\/span><\/p>\n<p><span class=\"apple-style-span\">Ai t\u00ebrheq v\u00ebrejtjen\u00a0\u00a0se diplomat e student\u00ebve t\u00eb Maqedonis\u00eb\u00a0\u00a0n\u00eb SHBA dhe vendet e Evrop\u00ebs Per\u00ebndimore\u00a0\u00a0trajtohen si t\u00eb dyshimta p\u00ebr shkak se Maqedonia vlen si nj\u00ebra nd\u00ebr vendet me shkall\u00eb\u00a0\u00a0t\u00eb lart\u00eb t\u00eb korrupsionit n\u00eb arsim.<\/span><\/p>\n<p><span class=\"apple-style-span\">&#8220;Ka di\u00e7ka q\u00eb quhet\u00a0\u00a0procesi e Bolonj\u00ebs n\u00eb t\u00eb cilin t\u00eb gjith\u00eb d\u00ebshirojn\u00eb\u00a0\u00a0t\u00eb marrin pjes\u00eb. Ai\u00a0\u00a0\u00ebsht\u00eb nj\u00eb proces q\u00eb lejon transferimin e student\u00ebve nga nj\u00ebri universitet n\u00eb tjetrin. Q\u00eb kredit\u00eb e tyre\u00a0\u00a0t\u00eb transferohen n\u00eb m\u00ebnyr\u00eb t\u00eb ligjshme duhet\u00a0\u00a0\u00a0q\u00eb univerzitetet ti njohin si relevante diplomat atyre univerziteteve. Asnj\u00eb univerziteti i Evrop\u00ebs perendimore nuk do t\u00eb lejoj\u00eb transferimin e k\u00ebtyre kredive nga nj\u00eb system q\u00eb ata e konsiderojn\u00eb t\u00eb korruptuar,, shpjegon Heineman.<\/span><span class=\"apple-converted-space\">\u00a0<\/span><\/p>\n<p><span class=\"apple-style-span\">Kodi i etik\u00ebs si dhe rrespektimi\u00a0\u00a0i ligjeve t\u00eb\u00a0\u00a0rrepta kund\u00ebr korpupcionit t\u00eb cilat me t\u00eb vertet\u00eb do t\u00eb zbatoheshin, mund ta permir\u00ebsojn\u00eb\u00a0\u00a0imazhin e arsimit t\u00eb Maqedonis\u00eb.<\/span><span class=\"apple-converted-space\">\u00a0<\/span><\/p>\n<p>&nbsp;<\/p>\n<p>&nbsp;<\/p>\n<p>Burimi: A1<\/p>\n","protected":false},"excerpt":{"rendered":"<p>25.09.2009 N\u00eb nj\u00eb studim t\u00eb fundit t\u00eb kryer nga USAID-i\u00a0\u00a0Forumit Rinor per arsim,\u00a0\u00a0kat\u00ebr student\u00eb nga universitetet n\u00eb Maqedoni dhan\u00eb pothuajse t\u00eb nj\u00ebjt\u00ebn p\u00ebrgjigje &#8211;\u00a0\u00a0ka korrupsion n\u00eb universitete, dhe at\u00eb\u00a0\u00a0n\u00eb mas\u00eb t\u00eb madhe.\u00a0 Gati gjysma e student\u00ebve t\u00eb anketuar pohojn\u00eb se ryshfeti\u00a0\u00a0dhe nepotizmi jan\u00eb mjet i\u00a0\u00a0shpesh i korrupsionit, dhe pothuajse gjysma e tyre\u00a0\u00a0jan\u00eb gjet\u00eb n\u00eb nj\u00eb&hellip;<\/p>\n","protected":false},"author":1,"featured_media":9381,"comment_status":"closed","ping_status":"open","sticky":false,"template":"","format":"standard","meta":{"_monsterinsights_skip_tracking":false,"_monsterinsights_sitenote_active":false,"_monsterinsights_sitenote_note":"","_monsterinsights_sitenote_category":0,"footnotes":""},"categories":[90],"tags":[],"class_list":["post-9380","post","type-post","status-publish","format-standard","has-post-thumbnail","hentry","category-lajme","category-90","description-off"],"yoast_head":"<!-- This site is optimized with the Yoast SEO plugin v25.8 - https:\/\/yoast.com\/wordpress\/plugins\/seo\/ -->\n<title>Student\u00ebt te vet\u00ebdish\u00ebm p\u00ebr korrupcionin, por pasiv - Transparency International<\/title>\n<meta name=\"robots\" content=\"index, follow, max-snippet:-1, max-image-preview:large, max-video-preview:-1\" \/>\n<link rel=\"canonical\" href=\"https:\/\/transparency.mk\/sq\/2009\/09\/25\/studentet-te-vetedishem-per-korrupcionin-por-pasiv\/\" \/>\n<meta property=\"og:locale\" content=\"sq_AL\" \/>\n<meta property=\"og:type\" content=\"article\" \/>\n<meta property=\"og:title\" content=\"Student\u00ebt te vet\u00ebdish\u00ebm p\u00ebr korrupcionin, por pasiv - Transparency International\" \/>\n<meta property=\"og:description\" content=\"25.09.2009 N\u00eb nj\u00eb studim t\u00eb fundit t\u00eb kryer nga USAID-i\u00a0\u00a0Forumit Rinor per arsim,\u00a0\u00a0kat\u00ebr student\u00eb nga universitetet n\u00eb Maqedoni dhan\u00eb pothuajse t\u00eb nj\u00ebjt\u00ebn p\u00ebrgjigje &#8211;\u00a0\u00a0ka korrupsion n\u00eb universitete, dhe at\u00eb\u00a0\u00a0n\u00eb mas\u00eb t\u00eb madhe.\u00a0 Gati gjysma e student\u00ebve t\u00eb anketuar pohojn\u00eb se ryshfeti\u00a0\u00a0dhe nepotizmi jan\u00eb mjet i\u00a0\u00a0shpesh i korrupsionit, dhe pothuajse gjysma e tyre\u00a0\u00a0jan\u00eb gjet\u00eb n\u00eb nj\u00eb&hellip;\" \/>\n<meta property=\"og:url\" content=\"https:\/\/transparency.mk\/sq\/2009\/09\/25\/studentet-te-vetedishem-per-korrupcionin-por-pasiv\/\" \/>\n<meta property=\"og:site_name\" content=\"Transparency International\" \/>\n<meta property=\"article:publisher\" content=\"https:\/\/www.facebook.com\/TransparencyMK\/\" \/>\n<meta property=\"article:published_time\" content=\"2009-09-25T07:53:15+00:00\" \/>\n<meta property=\"article:modified_time\" content=\"2021-02-15T08:53:45+00:00\" \/>\n<meta property=\"og:image\" content=\"https:\/\/transparency.mk\/wp-content\/uploads\/2021\/02\/udripari-1.jpg\" \/>\n\t<meta property=\"og:image:width\" content=\"250\" \/>\n\t<meta property=\"og:image:height\" content=\"175\" \/>\n\t<meta property=\"og:image:type\" content=\"image\/jpeg\" \/>\n<meta name=\"author\" content=\"TI \u0430\u0434\u043c\u0438\u043d\u0438\u0441\u0442\u0440\u0430\u0442\u043e\u0440\" \/>\n<meta name=\"twitter:card\" content=\"summary_large_image\" \/>\n<meta name=\"twitter:creator\" content=\"@ti_macedonia\" \/>\n<meta name=\"twitter:site\" content=\"@ti_macedonia\" \/>\n<meta name=\"twitter:label1\" content=\"Written by\" \/>\n\t<meta name=\"twitter:data1\" content=\"TI \u0430\u0434\u043c\u0438\u043d\u0438\u0441\u0442\u0440\u0430\u0442\u043e\u0440\" \/>\n\t<meta name=\"twitter:label2\" content=\"Est. reading time\" \/>\n\t<meta name=\"twitter:data2\" content=\"2 minutes\" \/>\n<script type=\"application\/ld+json\" class=\"yoast-schema-graph\">{\"@context\":\"https:\/\/schema.org\",\"@graph\":[{\"@type\":\"Article\",\"@id\":\"https:\/\/transparency.mk\/sq\/2009\/09\/25\/studentet-te-vetedishem-per-korrupcionin-por-pasiv\/#article\",\"isPartOf\":{\"@id\":\"https:\/\/transparency.mk\/sq\/2009\/09\/25\/studentet-te-vetedishem-per-korrupcionin-por-pasiv\/\"},\"author\":{\"name\":\"TI \u0430\u0434\u043c\u0438\u043d\u0438\u0441\u0442\u0440\u0430\u0442\u043e\u0440\",\"@id\":\"https:\/\/transparency.mk\/#\/schema\/person\/4ab55c47d82a7d099f63f569c223c903\"},\"headline\":\"Student\u00ebt te vet\u00ebdish\u00ebm p\u00ebr korrupcionin, por pasiv\",\"datePublished\":\"2009-09-25T07:53:15+00:00\",\"dateModified\":\"2021-02-15T08:53:45+00:00\",\"mainEntityOfPage\":{\"@id\":\"https:\/\/transparency.mk\/sq\/2009\/09\/25\/studentet-te-vetedishem-per-korrupcionin-por-pasiv\/\"},\"wordCount\":462,\"publisher\":{\"@id\":\"https:\/\/transparency.mk\/#organization\"},\"image\":{\"@id\":\"https:\/\/transparency.mk\/sq\/2009\/09\/25\/studentet-te-vetedishem-per-korrupcionin-por-pasiv\/#primaryimage\"},\"thumbnailUrl\":\"https:\/\/transparency.mk\/wp-content\/uploads\/2021\/02\/udripari-1.jpg\",\"articleSection\":[\"Lajme\"],\"inLanguage\":\"sq-AL\"},{\"@type\":\"WebPage\",\"@id\":\"https:\/\/transparency.mk\/sq\/2009\/09\/25\/studentet-te-vetedishem-per-korrupcionin-por-pasiv\/\",\"url\":\"https:\/\/transparency.mk\/sq\/2009\/09\/25\/studentet-te-vetedishem-per-korrupcionin-por-pasiv\/\",\"name\":\"Student\u00ebt te vet\u00ebdish\u00ebm p\u00ebr korrupcionin, por pasiv - Transparency International\",\"isPartOf\":{\"@id\":\"https:\/\/transparency.mk\/#website\"},\"primaryImageOfPage\":{\"@id\":\"https:\/\/transparency.mk\/sq\/2009\/09\/25\/studentet-te-vetedishem-per-korrupcionin-por-pasiv\/#primaryimage\"},\"image\":{\"@id\":\"https:\/\/transparency.mk\/sq\/2009\/09\/25\/studentet-te-vetedishem-per-korrupcionin-por-pasiv\/#primaryimage\"},\"thumbnailUrl\":\"https:\/\/transparency.mk\/wp-content\/uploads\/2021\/02\/udripari-1.jpg\",\"datePublished\":\"2009-09-25T07:53:15+00:00\",\"dateModified\":\"2021-02-15T08:53:45+00:00\",\"breadcrumb\":{\"@id\":\"https:\/\/transparency.mk\/sq\/2009\/09\/25\/studentet-te-vetedishem-per-korrupcionin-por-pasiv\/#breadcrumb\"},\"inLanguage\":\"sq-AL\",\"potentialAction\":[{\"@type\":\"ReadAction\",\"target\":[\"https:\/\/transparency.mk\/sq\/2009\/09\/25\/studentet-te-vetedishem-per-korrupcionin-por-pasiv\/\"]}]},{\"@type\":\"ImageObject\",\"inLanguage\":\"sq-AL\",\"@id\":\"https:\/\/transparency.mk\/sq\/2009\/09\/25\/studentet-te-vetedishem-per-korrupcionin-por-pasiv\/#primaryimage\",\"url\":\"https:\/\/transparency.mk\/wp-content\/uploads\/2021\/02\/udripari-1.jpg\",\"contentUrl\":\"https:\/\/transparency.mk\/wp-content\/uploads\/2021\/02\/udripari-1.jpg\",\"width\":250,\"height\":175},{\"@type\":\"BreadcrumbList\",\"@id\":\"https:\/\/transparency.mk\/sq\/2009\/09\/25\/studentet-te-vetedishem-per-korrupcionin-por-pasiv\/#breadcrumb\",\"itemListElement\":[{\"@type\":\"ListItem\",\"position\":1,\"name\":\"Home\",\"item\":\"https:\/\/transparency.mk\/sq\/\"},{\"@type\":\"ListItem\",\"position\":2,\"name\":\"Student\u00ebt te vet\u00ebdish\u00ebm p\u00ebr korrupcionin, por pasiv\"}]},{\"@type\":\"WebSite\",\"@id\":\"https:\/\/transparency.mk\/#website\",\"url\":\"https:\/\/transparency.mk\/\",\"name\":\"Transparency International\",\"description\":\"Maqedoni\",\"publisher\":{\"@id\":\"https:\/\/transparency.mk\/#organization\"},\"potentialAction\":[{\"@type\":\"SearchAction\",\"target\":{\"@type\":\"EntryPoint\",\"urlTemplate\":\"https:\/\/transparency.mk\/?s={search_term_string}\"},\"query-input\":{\"@type\":\"PropertyValueSpecification\",\"valueRequired\":true,\"valueName\":\"search_term_string\"}}],\"inLanguage\":\"sq-AL\"},{\"@type\":\"Organization\",\"@id\":\"https:\/\/transparency.mk\/#organization\",\"name\":\"\u0422\u0440\u0430\u043d\u0441\u043f\u0430\u0440\u0435\u043d\u0441\u0438 \u0418\u043d\u0442\u0435\u0440\u043d\u0435\u0448\u043d\u043b - \u041c\u0430\u043a\u0435\u0434\u043e\u043d\u0438\u0458\u0430\",\"url\":\"https:\/\/transparency.mk\/\",\"logo\":{\"@type\":\"ImageObject\",\"inLanguage\":\"sq-AL\",\"@id\":\"https:\/\/transparency.mk\/#\/schema\/logo\/image\/\",\"url\":\"https:\/\/transparency.mk\/wp-content\/uploads\/2020\/10\/transparency-mk-logo.png\",\"contentUrl\":\"https:\/\/transparency.mk\/wp-content\/uploads\/2020\/10\/transparency-mk-logo.png\",\"width\":250,\"height\":75,\"caption\":\"\u0422\u0440\u0430\u043d\u0441\u043f\u0430\u0440\u0435\u043d\u0441\u0438 \u0418\u043d\u0442\u0435\u0440\u043d\u0435\u0448\u043d\u043b - \u041c\u0430\u043a\u0435\u0434\u043e\u043d\u0438\u0458\u0430\"},\"image\":{\"@id\":\"https:\/\/transparency.mk\/#\/schema\/logo\/image\/\"},\"sameAs\":[\"https:\/\/www.facebook.com\/TransparencyMK\/\",\"https:\/\/x.com\/ti_macedonia\",\"https:\/\/www.instagram.com\/timacedonia\/\",\"https:\/\/youtube.com\/user\/tzcmacedonia\/\"]},{\"@type\":\"Person\",\"@id\":\"https:\/\/transparency.mk\/#\/schema\/person\/4ab55c47d82a7d099f63f569c223c903\",\"name\":\"TI \u0430\u0434\u043c\u0438\u043d\u0438\u0441\u0442\u0440\u0430\u0442\u043e\u0440\",\"sameAs\":[\"https:\/\/transparency.mk\"]}]}<\/script>\n<!-- \/ Yoast SEO plugin. -->","yoast_head_json":{"title":"Student\u00ebt te vet\u00ebdish\u00ebm p\u00ebr korrupcionin, por pasiv - Transparency International","robots":{"index":"index","follow":"follow","max-snippet":"max-snippet:-1","max-image-preview":"max-image-preview:large","max-video-preview":"max-video-preview:-1"},"canonical":"https:\/\/transparency.mk\/sq\/2009\/09\/25\/studentet-te-vetedishem-per-korrupcionin-por-pasiv\/","og_locale":"sq_AL","og_type":"article","og_title":"Student\u00ebt te vet\u00ebdish\u00ebm p\u00ebr korrupcionin, por pasiv - Transparency International","og_description":"25.09.2009 N\u00eb nj\u00eb studim t\u00eb fundit t\u00eb kryer nga USAID-i\u00a0\u00a0Forumit Rinor per arsim,\u00a0\u00a0kat\u00ebr student\u00eb nga universitetet n\u00eb Maqedoni dhan\u00eb pothuajse t\u00eb nj\u00ebjt\u00ebn p\u00ebrgjigje &#8211;\u00a0\u00a0ka korrupsion n\u00eb universitete, dhe at\u00eb\u00a0\u00a0n\u00eb mas\u00eb t\u00eb madhe.\u00a0 Gati gjysma e student\u00ebve t\u00eb anketuar pohojn\u00eb se ryshfeti\u00a0\u00a0dhe nepotizmi jan\u00eb mjet i\u00a0\u00a0shpesh i korrupsionit, dhe pothuajse gjysma e tyre\u00a0\u00a0jan\u00eb gjet\u00eb n\u00eb nj\u00eb&hellip;","og_url":"https:\/\/transparency.mk\/sq\/2009\/09\/25\/studentet-te-vetedishem-per-korrupcionin-por-pasiv\/","og_site_name":"Transparency International","article_publisher":"https:\/\/www.facebook.com\/TransparencyMK\/","article_published_time":"2009-09-25T07:53:15+00:00","article_modified_time":"2021-02-15T08:53:45+00:00","og_image":[{"width":250,"height":175,"url":"https:\/\/transparency.mk\/wp-content\/uploads\/2021\/02\/udripari-1.jpg","type":"image\/jpeg"}],"author":"TI \u0430\u0434\u043c\u0438\u043d\u0438\u0441\u0442\u0440\u0430\u0442\u043e\u0440","twitter_card":"summary_large_image","twitter_creator":"@ti_macedonia","twitter_site":"@ti_macedonia","twitter_misc":{"Written by":"TI \u0430\u0434\u043c\u0438\u043d\u0438\u0441\u0442\u0440\u0430\u0442\u043e\u0440","Est. reading time":"2 minutes"},"schema":{"@context":"https:\/\/schema.org","@graph":[{"@type":"Article","@id":"https:\/\/transparency.mk\/sq\/2009\/09\/25\/studentet-te-vetedishem-per-korrupcionin-por-pasiv\/#article","isPartOf":{"@id":"https:\/\/transparency.mk\/sq\/2009\/09\/25\/studentet-te-vetedishem-per-korrupcionin-por-pasiv\/"},"author":{"name":"TI \u0430\u0434\u043c\u0438\u043d\u0438\u0441\u0442\u0440\u0430\u0442\u043e\u0440","@id":"https:\/\/transparency.mk\/#\/schema\/person\/4ab55c47d82a7d099f63f569c223c903"},"headline":"Student\u00ebt te vet\u00ebdish\u00ebm p\u00ebr korrupcionin, por pasiv","datePublished":"2009-09-25T07:53:15+00:00","dateModified":"2021-02-15T08:53:45+00:00","mainEntityOfPage":{"@id":"https:\/\/transparency.mk\/sq\/2009\/09\/25\/studentet-te-vetedishem-per-korrupcionin-por-pasiv\/"},"wordCount":462,"publisher":{"@id":"https:\/\/transparency.mk\/#organization"},"image":{"@id":"https:\/\/transparency.mk\/sq\/2009\/09\/25\/studentet-te-vetedishem-per-korrupcionin-por-pasiv\/#primaryimage"},"thumbnailUrl":"https:\/\/transparency.mk\/wp-content\/uploads\/2021\/02\/udripari-1.jpg","articleSection":["Lajme"],"inLanguage":"sq-AL"},{"@type":"WebPage","@id":"https:\/\/transparency.mk\/sq\/2009\/09\/25\/studentet-te-vetedishem-per-korrupcionin-por-pasiv\/","url":"https:\/\/transparency.mk\/sq\/2009\/09\/25\/studentet-te-vetedishem-per-korrupcionin-por-pasiv\/","name":"Student\u00ebt te vet\u00ebdish\u00ebm p\u00ebr korrupcionin, por pasiv - Transparency International","isPartOf":{"@id":"https:\/\/transparency.mk\/#website"},"primaryImageOfPage":{"@id":"https:\/\/transparency.mk\/sq\/2009\/09\/25\/studentet-te-vetedishem-per-korrupcionin-por-pasiv\/#primaryimage"},"image":{"@id":"https:\/\/transparency.mk\/sq\/2009\/09\/25\/studentet-te-vetedishem-per-korrupcionin-por-pasiv\/#primaryimage"},"thumbnailUrl":"https:\/\/transparency.mk\/wp-content\/uploads\/2021\/02\/udripari-1.jpg","datePublished":"2009-09-25T07:53:15+00:00","dateModified":"2021-02-15T08:53:45+00:00","breadcrumb":{"@id":"https:\/\/transparency.mk\/sq\/2009\/09\/25\/studentet-te-vetedishem-per-korrupcionin-por-pasiv\/#breadcrumb"},"inLanguage":"sq-AL","potentialAction":[{"@type":"ReadAction","target":["https:\/\/transparency.mk\/sq\/2009\/09\/25\/studentet-te-vetedishem-per-korrupcionin-por-pasiv\/"]}]},{"@type":"ImageObject","inLanguage":"sq-AL","@id":"https:\/\/transparency.mk\/sq\/2009\/09\/25\/studentet-te-vetedishem-per-korrupcionin-por-pasiv\/#primaryimage","url":"https:\/\/transparency.mk\/wp-content\/uploads\/2021\/02\/udripari-1.jpg","contentUrl":"https:\/\/transparency.mk\/wp-content\/uploads\/2021\/02\/udripari-1.jpg","width":250,"height":175},{"@type":"BreadcrumbList","@id":"https:\/\/transparency.mk\/sq\/2009\/09\/25\/studentet-te-vetedishem-per-korrupcionin-por-pasiv\/#breadcrumb","itemListElement":[{"@type":"ListItem","position":1,"name":"Home","item":"https:\/\/transparency.mk\/sq\/"},{"@type":"ListItem","position":2,"name":"Student\u00ebt te vet\u00ebdish\u00ebm p\u00ebr korrupcionin, por pasiv"}]},{"@type":"WebSite","@id":"https:\/\/transparency.mk\/#website","url":"https:\/\/transparency.mk\/","name":"Transparency International","description":"Maqedoni","publisher":{"@id":"https:\/\/transparency.mk\/#organization"},"potentialAction":[{"@type":"SearchAction","target":{"@type":"EntryPoint","urlTemplate":"https:\/\/transparency.mk\/?s={search_term_string}"},"query-input":{"@type":"PropertyValueSpecification","valueRequired":true,"valueName":"search_term_string"}}],"inLanguage":"sq-AL"},{"@type":"Organization","@id":"https:\/\/transparency.mk\/#organization","name":"\u0422\u0440\u0430\u043d\u0441\u043f\u0430\u0440\u0435\u043d\u0441\u0438 \u0418\u043d\u0442\u0435\u0440\u043d\u0435\u0448\u043d\u043b - \u041c\u0430\u043a\u0435\u0434\u043e\u043d\u0438\u0458\u0430","url":"https:\/\/transparency.mk\/","logo":{"@type":"ImageObject","inLanguage":"sq-AL","@id":"https:\/\/transparency.mk\/#\/schema\/logo\/image\/","url":"https:\/\/transparency.mk\/wp-content\/uploads\/2020\/10\/transparency-mk-logo.png","contentUrl":"https:\/\/transparency.mk\/wp-content\/uploads\/2020\/10\/transparency-mk-logo.png","width":250,"height":75,"caption":"\u0422\u0440\u0430\u043d\u0441\u043f\u0430\u0440\u0435\u043d\u0441\u0438 \u0418\u043d\u0442\u0435\u0440\u043d\u0435\u0448\u043d\u043b - \u041c\u0430\u043a\u0435\u0434\u043e\u043d\u0438\u0458\u0430"},"image":{"@id":"https:\/\/transparency.mk\/#\/schema\/logo\/image\/"},"sameAs":["https:\/\/www.facebook.com\/TransparencyMK\/","https:\/\/x.com\/ti_macedonia","https:\/\/www.instagram.com\/timacedonia\/","https:\/\/youtube.com\/user\/tzcmacedonia\/"]},{"@type":"Person","@id":"https:\/\/transparency.mk\/#\/schema\/person\/4ab55c47d82a7d099f63f569c223c903","name":"TI \u0430\u0434\u043c\u0438\u043d\u0438\u0441\u0442\u0440\u0430\u0442\u043e\u0440","sameAs":["https:\/\/transparency.mk"]}]}},"_links":{"self":[{"href":"https:\/\/transparency.mk\/sq\/wp-json\/wp\/v2\/posts\/9380","targetHints":{"allow":["GET"]}}],"collection":[{"href":"https:\/\/transparency.mk\/sq\/wp-json\/wp\/v2\/posts"}],"about":[{"href":"https:\/\/transparency.mk\/sq\/wp-json\/wp\/v2\/types\/post"}],"author":[{"embeddable":true,"href":"https:\/\/transparency.mk\/sq\/wp-json\/wp\/v2\/users\/1"}],"replies":[{"embeddable":true,"href":"https:\/\/transparency.mk\/sq\/wp-json\/wp\/v2\/comments?post=9380"}],"version-history":[{"count":1,"href":"https:\/\/transparency.mk\/sq\/wp-json\/wp\/v2\/posts\/9380\/revisions"}],"predecessor-version":[{"id":9384,"href":"https:\/\/transparency.mk\/sq\/wp-json\/wp\/v2\/posts\/9380\/revisions\/9384"}],"wp:featuredmedia":[{"embeddable":true,"href":"https:\/\/transparency.mk\/sq\/wp-json\/wp\/v2\/media\/9381"}],"wp:attachment":[{"href":"https:\/\/transparency.mk\/sq\/wp-json\/wp\/v2\/media?parent=9380"}],"wp:term":[{"taxonomy":"category","embeddable":true,"href":"https:\/\/transparency.mk\/sq\/wp-json\/wp\/v2\/categories?post=9380"},{"taxonomy":"post_tag","embeddable":true,"href":"https:\/\/transparency.mk\/sq\/wp-json\/wp\/v2\/tags?post=9380"}],"curies":[{"name":"wp","href":"https:\/\/api.w.org\/{rel}","templated":true}]}}