{"id":9395,"date":"2009-10-20T09:55:40","date_gmt":"2009-10-20T07:55:40","guid":{"rendered":"https:\/\/transparency.web.com.mk\/?p=9395"},"modified":"2021-02-15T09:56:14","modified_gmt":"2021-02-15T08:56:14","slug":"maqedoni-me-2009-me-e-mira-per-nga-lirite-e-mediumeve-ne-ballkan","status":"publish","type":"post","link":"https:\/\/transparency.mk\/sq\/2009\/10\/20\/maqedoni-me-2009-me-e-mira-per-nga-lirite-e-mediumeve-ne-ballkan\/","title":{"rendered":"Maqedoni m\u00eb 2009 m\u00eb e mira p\u00ebr nga lirit\u00eb e mediumeve n\u00eb Ballkan"},"content":{"rendered":"<p>20.10.2009 Maqedonia ka p\u00ebrparuar tet\u00eb vende n\u00eb raportin e Reporter\u00ebve pa kufij (RSF) p\u00ebr lirit\u00eb mediale n\u00eb bot\u00eb p\u00ebr vitin 2009 \u00ebsht\u00eb vendi m\u00eb mir\u00eb i ranguar nga Ballkani. Maqedonia n\u00eb raportin p\u00ebr vitin 2009 gjendet n\u00eb vendin e 34-t\u00eb me 8,75 pik\u00eb negative, p\u00ebrderisa vitin e kaluar ishte n\u00eb vendin e 42-t\u00eb me 8,25 pik\u00eb.<br \/>\nPas Maqedonis\u00eb nga vendet e rajonit m\u00eb s\u00eb miri e radhitur \u00ebsht\u00eb Greqia (35), Sllovenia (37), BeH-ja (39), Rumania (50), vijojn\u00eb Serbia (62), Bullgaria (68), Kosova (75), Mali i Zi (77), Kroacia (78), Shqip\u00ebria (88), p\u00ebrderisa Turqia \u00ebsht\u00eb e 122-ta.<\/p>\n<p>Nga rajoni m\u00eb i gjer\u00eb liri m\u00eb t\u00eb m\u00ebdha mediale ka n\u00eb Hungari dhe n\u00eb Qipro, t\u00eb cilat ndajn\u00eb vendin e 25-t\u00eb.<\/p>\n<p>N\u00eb pes\u00eb vendet e para gjendet kuinteti i shteteve t\u00eb Evrop\u00ebs veriore \u2013 Danimarka, Suedia, Irlanda, Norvegjia dhe Finlanda \u2013 t\u00eb cilat nuk kan\u00eb asnj\u00eb pik\u00eb negative.<\/p>\n<p>RSF-ja n\u00eb raporton thekson se sivjet ka vazhduar r\u00ebnia e lirive mediale n\u00eb vende t\u00eb shumta evropiane, p\u00ebrderisa me zgjedhjen e Barak Obam\u00ebs p\u00ebr president jan\u00eb rritur lirit\u00eb e mediumeve n\u00eb SHBA.<\/p>\n<p>\u201cEvropa do t\u00eb duhej t\u00eb jet\u00eb shembull p\u00ebr respektimin e lirive qytetare. Si mund t\u00eb kritikoni mosrespektimin e t\u00eb drejtave t\u00eb njeriut n\u00eb vendet tjera, n\u00ebse vet\u00eb n\u00eb sht\u00ebpi nuk silleni si\u00e7 duhet\u201d, komenton Zhan Fransoa Zhuliard, sekretar i p\u00ebrgjithsh\u00ebm i RSF-s\u00eb.<\/p>\n<p>Radhitja n\u00eb raportin e sivjem\u00eb mb\u00ebshtetet vet\u00ebm n\u00eb situat\u00ebn midis 1 shtatorit t\u00eb vitit 2008 dhe 1 shtatorit t\u00eb vitit 2009 dhe nuk paraqet pasqyr\u00eb t\u00eb p\u00ebrgjithshme p\u00ebr t\u00eb drejtat e njeriut n\u00eb ndonj\u00eb vend por vet\u00ebm e paraqet situat\u00ebn me lirit\u00eb mediale.<\/p>\n","protected":false},"excerpt":{"rendered":"<p>20.10.2009 Maqedonia ka p\u00ebrparuar tet\u00eb vende n\u00eb raportin e Reporter\u00ebve pa kufij (RSF) p\u00ebr lirit\u00eb mediale n\u00eb bot\u00eb p\u00ebr vitin 2009 \u00ebsht\u00eb vendi m\u00eb mir\u00eb i ranguar nga Ballkani. Maqedonia n\u00eb raportin p\u00ebr vitin 2009 gjendet n\u00eb vendin e 34-t\u00eb me 8,75 pik\u00eb negative, p\u00ebrderisa vitin e kaluar ishte n\u00eb vendin e 42-t\u00eb me 8,25&hellip;<\/p>\n","protected":false},"author":1,"featured_media":9396,"comment_status":"closed","ping_status":"open","sticky":false,"template":"","format":"standard","meta":{"_monsterinsights_skip_tracking":false,"_monsterinsights_sitenote_active":false,"_monsterinsights_sitenote_note":"","_monsterinsights_sitenote_category":0,"footnotes":""},"categories":[90],"tags":[],"class_list":["post-9395","post","type-post","status-publish","format-standard","has-post-thumbnail","hentry","category-lajme","category-90","description-off"],"yoast_head":"<!-- This site is optimized with the Yoast SEO plugin v25.8 - https:\/\/yoast.com\/wordpress\/plugins\/seo\/ -->\n<title>Maqedoni m\u00eb 2009 m\u00eb e mira p\u00ebr nga lirit\u00eb e mediumeve n\u00eb Ballkan - Transparency International<\/title>\n<meta name=\"robots\" content=\"index, follow, max-snippet:-1, max-image-preview:large, max-video-preview:-1\" \/>\n<link rel=\"canonical\" href=\"https:\/\/transparency.mk\/sq\/2009\/10\/20\/maqedoni-me-2009-me-e-mira-per-nga-lirite-e-mediumeve-ne-ballkan\/\" \/>\n<meta property=\"og:locale\" content=\"sq_AL\" \/>\n<meta property=\"og:type\" content=\"article\" \/>\n<meta property=\"og:title\" content=\"Maqedoni m\u00eb 2009 m\u00eb e mira p\u00ebr nga lirit\u00eb e mediumeve n\u00eb Ballkan - Transparency International\" \/>\n<meta property=\"og:description\" content=\"20.10.2009 Maqedonia ka p\u00ebrparuar tet\u00eb vende n\u00eb raportin e Reporter\u00ebve pa kufij (RSF) p\u00ebr lirit\u00eb mediale n\u00eb bot\u00eb p\u00ebr vitin 2009 \u00ebsht\u00eb vendi m\u00eb mir\u00eb i ranguar nga Ballkani. Maqedonia n\u00eb raportin p\u00ebr vitin 2009 gjendet n\u00eb vendin e 34-t\u00eb me 8,75 pik\u00eb negative, p\u00ebrderisa vitin e kaluar ishte n\u00eb vendin e 42-t\u00eb me 8,25&hellip;\" \/>\n<meta property=\"og:url\" content=\"https:\/\/transparency.mk\/sq\/2009\/10\/20\/maqedoni-me-2009-me-e-mira-per-nga-lirite-e-mediumeve-ne-ballkan\/\" \/>\n<meta property=\"og:site_name\" content=\"Transparency International\" \/>\n<meta property=\"article:publisher\" content=\"https:\/\/www.facebook.com\/TransparencyMK\/\" \/>\n<meta property=\"article:published_time\" content=\"2009-10-20T07:55:40+00:00\" \/>\n<meta property=\"article:modified_time\" content=\"2021-02-15T08:56:14+00:00\" \/>\n<meta property=\"og:image\" content=\"https:\/\/transparency.mk\/wp-content\/uploads\/2021\/02\/rwb.gif\" \/>\n\t<meta property=\"og:image:width\" content=\"198\" \/>\n\t<meta property=\"og:image:height\" content=\"73\" \/>\n\t<meta property=\"og:image:type\" content=\"image\/gif\" \/>\n<meta name=\"author\" content=\"TI \u0430\u0434\u043c\u0438\u043d\u0438\u0441\u0442\u0440\u0430\u0442\u043e\u0440\" \/>\n<meta name=\"twitter:card\" content=\"summary_large_image\" \/>\n<meta name=\"twitter:creator\" content=\"@ti_macedonia\" \/>\n<meta name=\"twitter:site\" content=\"@ti_macedonia\" \/>\n<meta name=\"twitter:label1\" content=\"Written by\" \/>\n\t<meta name=\"twitter:data1\" content=\"TI \u0430\u0434\u043c\u0438\u043d\u0438\u0441\u0442\u0440\u0430\u0442\u043e\u0440\" \/>\n\t<meta name=\"twitter:label2\" content=\"Est. reading time\" \/>\n\t<meta name=\"twitter:data2\" content=\"1 minute\" \/>\n<script type=\"application\/ld+json\" class=\"yoast-schema-graph\">{\"@context\":\"https:\/\/schema.org\",\"@graph\":[{\"@type\":\"Article\",\"@id\":\"https:\/\/transparency.mk\/sq\/2009\/10\/20\/maqedoni-me-2009-me-e-mira-per-nga-lirite-e-mediumeve-ne-ballkan\/#article\",\"isPartOf\":{\"@id\":\"https:\/\/transparency.mk\/sq\/2009\/10\/20\/maqedoni-me-2009-me-e-mira-per-nga-lirite-e-mediumeve-ne-ballkan\/\"},\"author\":{\"name\":\"TI \u0430\u0434\u043c\u0438\u043d\u0438\u0441\u0442\u0440\u0430\u0442\u043e\u0440\",\"@id\":\"https:\/\/transparency.mk\/#\/schema\/person\/4ab55c47d82a7d099f63f569c223c903\"},\"headline\":\"Maqedoni m\u00eb 2009 m\u00eb e mira p\u00ebr nga lirit\u00eb e mediumeve n\u00eb Ballkan\",\"datePublished\":\"2009-10-20T07:55:40+00:00\",\"dateModified\":\"2021-02-15T08:56:14+00:00\",\"mainEntityOfPage\":{\"@id\":\"https:\/\/transparency.mk\/sq\/2009\/10\/20\/maqedoni-me-2009-me-e-mira-per-nga-lirite-e-mediumeve-ne-ballkan\/\"},\"wordCount\":280,\"publisher\":{\"@id\":\"https:\/\/transparency.mk\/#organization\"},\"image\":{\"@id\":\"https:\/\/transparency.mk\/sq\/2009\/10\/20\/maqedoni-me-2009-me-e-mira-per-nga-lirite-e-mediumeve-ne-ballkan\/#primaryimage\"},\"thumbnailUrl\":\"https:\/\/transparency.mk\/wp-content\/uploads\/2021\/02\/rwb.gif\",\"articleSection\":[\"Lajme\"],\"inLanguage\":\"sq-AL\"},{\"@type\":\"WebPage\",\"@id\":\"https:\/\/transparency.mk\/sq\/2009\/10\/20\/maqedoni-me-2009-me-e-mira-per-nga-lirite-e-mediumeve-ne-ballkan\/\",\"url\":\"https:\/\/transparency.mk\/sq\/2009\/10\/20\/maqedoni-me-2009-me-e-mira-per-nga-lirite-e-mediumeve-ne-ballkan\/\",\"name\":\"Maqedoni m\u00eb 2009 m\u00eb e mira p\u00ebr nga lirit\u00eb e mediumeve n\u00eb Ballkan - Transparency International\",\"isPartOf\":{\"@id\":\"https:\/\/transparency.mk\/#website\"},\"primaryImageOfPage\":{\"@id\":\"https:\/\/transparency.mk\/sq\/2009\/10\/20\/maqedoni-me-2009-me-e-mira-per-nga-lirite-e-mediumeve-ne-ballkan\/#primaryimage\"},\"image\":{\"@id\":\"https:\/\/transparency.mk\/sq\/2009\/10\/20\/maqedoni-me-2009-me-e-mira-per-nga-lirite-e-mediumeve-ne-ballkan\/#primaryimage\"},\"thumbnailUrl\":\"https:\/\/transparency.mk\/wp-content\/uploads\/2021\/02\/rwb.gif\",\"datePublished\":\"2009-10-20T07:55:40+00:00\",\"dateModified\":\"2021-02-15T08:56:14+00:00\",\"breadcrumb\":{\"@id\":\"https:\/\/transparency.mk\/sq\/2009\/10\/20\/maqedoni-me-2009-me-e-mira-per-nga-lirite-e-mediumeve-ne-ballkan\/#breadcrumb\"},\"inLanguage\":\"sq-AL\",\"potentialAction\":[{\"@type\":\"ReadAction\",\"target\":[\"https:\/\/transparency.mk\/sq\/2009\/10\/20\/maqedoni-me-2009-me-e-mira-per-nga-lirite-e-mediumeve-ne-ballkan\/\"]}]},{\"@type\":\"ImageObject\",\"inLanguage\":\"sq-AL\",\"@id\":\"https:\/\/transparency.mk\/sq\/2009\/10\/20\/maqedoni-me-2009-me-e-mira-per-nga-lirite-e-mediumeve-ne-ballkan\/#primaryimage\",\"url\":\"https:\/\/transparency.mk\/wp-content\/uploads\/2021\/02\/rwb.gif\",\"contentUrl\":\"https:\/\/transparency.mk\/wp-content\/uploads\/2021\/02\/rwb.gif\",\"width\":198,\"height\":73},{\"@type\":\"BreadcrumbList\",\"@id\":\"https:\/\/transparency.mk\/sq\/2009\/10\/20\/maqedoni-me-2009-me-e-mira-per-nga-lirite-e-mediumeve-ne-ballkan\/#breadcrumb\",\"itemListElement\":[{\"@type\":\"ListItem\",\"position\":1,\"name\":\"Home\",\"item\":\"https:\/\/transparency.mk\/sq\/\"},{\"@type\":\"ListItem\",\"position\":2,\"name\":\"Maqedoni m\u00eb 2009 m\u00eb e mira p\u00ebr nga lirit\u00eb e mediumeve n\u00eb Ballkan\"}]},{\"@type\":\"WebSite\",\"@id\":\"https:\/\/transparency.mk\/#website\",\"url\":\"https:\/\/transparency.mk\/\",\"name\":\"Transparency International\",\"description\":\"Maqedoni\",\"publisher\":{\"@id\":\"https:\/\/transparency.mk\/#organization\"},\"potentialAction\":[{\"@type\":\"SearchAction\",\"target\":{\"@type\":\"EntryPoint\",\"urlTemplate\":\"https:\/\/transparency.mk\/?s={search_term_string}\"},\"query-input\":{\"@type\":\"PropertyValueSpecification\",\"valueRequired\":true,\"valueName\":\"search_term_string\"}}],\"inLanguage\":\"sq-AL\"},{\"@type\":\"Organization\",\"@id\":\"https:\/\/transparency.mk\/#organization\",\"name\":\"\u0422\u0440\u0430\u043d\u0441\u043f\u0430\u0440\u0435\u043d\u0441\u0438 \u0418\u043d\u0442\u0435\u0440\u043d\u0435\u0448\u043d\u043b - \u041c\u0430\u043a\u0435\u0434\u043e\u043d\u0438\u0458\u0430\",\"url\":\"https:\/\/transparency.mk\/\",\"logo\":{\"@type\":\"ImageObject\",\"inLanguage\":\"sq-AL\",\"@id\":\"https:\/\/transparency.mk\/#\/schema\/logo\/image\/\",\"url\":\"https:\/\/transparency.mk\/wp-content\/uploads\/2020\/10\/transparency-mk-logo.png\",\"contentUrl\":\"https:\/\/transparency.mk\/wp-content\/uploads\/2020\/10\/transparency-mk-logo.png\",\"width\":250,\"height\":75,\"caption\":\"\u0422\u0440\u0430\u043d\u0441\u043f\u0430\u0440\u0435\u043d\u0441\u0438 \u0418\u043d\u0442\u0435\u0440\u043d\u0435\u0448\u043d\u043b - \u041c\u0430\u043a\u0435\u0434\u043e\u043d\u0438\u0458\u0430\"},\"image\":{\"@id\":\"https:\/\/transparency.mk\/#\/schema\/logo\/image\/\"},\"sameAs\":[\"https:\/\/www.facebook.com\/TransparencyMK\/\",\"https:\/\/x.com\/ti_macedonia\",\"https:\/\/www.instagram.com\/timacedonia\/\",\"https:\/\/youtube.com\/user\/tzcmacedonia\/\"]},{\"@type\":\"Person\",\"@id\":\"https:\/\/transparency.mk\/#\/schema\/person\/4ab55c47d82a7d099f63f569c223c903\",\"name\":\"TI \u0430\u0434\u043c\u0438\u043d\u0438\u0441\u0442\u0440\u0430\u0442\u043e\u0440\",\"sameAs\":[\"https:\/\/transparency.mk\"]}]}<\/script>\n<!-- \/ Yoast SEO plugin. -->","yoast_head_json":{"title":"Maqedoni m\u00eb 2009 m\u00eb e mira p\u00ebr nga lirit\u00eb e mediumeve n\u00eb Ballkan - Transparency International","robots":{"index":"index","follow":"follow","max-snippet":"max-snippet:-1","max-image-preview":"max-image-preview:large","max-video-preview":"max-video-preview:-1"},"canonical":"https:\/\/transparency.mk\/sq\/2009\/10\/20\/maqedoni-me-2009-me-e-mira-per-nga-lirite-e-mediumeve-ne-ballkan\/","og_locale":"sq_AL","og_type":"article","og_title":"Maqedoni m\u00eb 2009 m\u00eb e mira p\u00ebr nga lirit\u00eb e mediumeve n\u00eb Ballkan - Transparency International","og_description":"20.10.2009 Maqedonia ka p\u00ebrparuar tet\u00eb vende n\u00eb raportin e Reporter\u00ebve pa kufij (RSF) p\u00ebr lirit\u00eb mediale n\u00eb bot\u00eb p\u00ebr vitin 2009 \u00ebsht\u00eb vendi m\u00eb mir\u00eb i ranguar nga Ballkani. Maqedonia n\u00eb raportin p\u00ebr vitin 2009 gjendet n\u00eb vendin e 34-t\u00eb me 8,75 pik\u00eb negative, p\u00ebrderisa vitin e kaluar ishte n\u00eb vendin e 42-t\u00eb me 8,25&hellip;","og_url":"https:\/\/transparency.mk\/sq\/2009\/10\/20\/maqedoni-me-2009-me-e-mira-per-nga-lirite-e-mediumeve-ne-ballkan\/","og_site_name":"Transparency International","article_publisher":"https:\/\/www.facebook.com\/TransparencyMK\/","article_published_time":"2009-10-20T07:55:40+00:00","article_modified_time":"2021-02-15T08:56:14+00:00","og_image":[{"width":198,"height":73,"url":"https:\/\/transparency.mk\/wp-content\/uploads\/2021\/02\/rwb.gif","type":"image\/gif"}],"author":"TI \u0430\u0434\u043c\u0438\u043d\u0438\u0441\u0442\u0440\u0430\u0442\u043e\u0440","twitter_card":"summary_large_image","twitter_creator":"@ti_macedonia","twitter_site":"@ti_macedonia","twitter_misc":{"Written by":"TI \u0430\u0434\u043c\u0438\u043d\u0438\u0441\u0442\u0440\u0430\u0442\u043e\u0440","Est. reading time":"1 minute"},"schema":{"@context":"https:\/\/schema.org","@graph":[{"@type":"Article","@id":"https:\/\/transparency.mk\/sq\/2009\/10\/20\/maqedoni-me-2009-me-e-mira-per-nga-lirite-e-mediumeve-ne-ballkan\/#article","isPartOf":{"@id":"https:\/\/transparency.mk\/sq\/2009\/10\/20\/maqedoni-me-2009-me-e-mira-per-nga-lirite-e-mediumeve-ne-ballkan\/"},"author":{"name":"TI \u0430\u0434\u043c\u0438\u043d\u0438\u0441\u0442\u0440\u0430\u0442\u043e\u0440","@id":"https:\/\/transparency.mk\/#\/schema\/person\/4ab55c47d82a7d099f63f569c223c903"},"headline":"Maqedoni m\u00eb 2009 m\u00eb e mira p\u00ebr nga lirit\u00eb e mediumeve n\u00eb Ballkan","datePublished":"2009-10-20T07:55:40+00:00","dateModified":"2021-02-15T08:56:14+00:00","mainEntityOfPage":{"@id":"https:\/\/transparency.mk\/sq\/2009\/10\/20\/maqedoni-me-2009-me-e-mira-per-nga-lirite-e-mediumeve-ne-ballkan\/"},"wordCount":280,"publisher":{"@id":"https:\/\/transparency.mk\/#organization"},"image":{"@id":"https:\/\/transparency.mk\/sq\/2009\/10\/20\/maqedoni-me-2009-me-e-mira-per-nga-lirite-e-mediumeve-ne-ballkan\/#primaryimage"},"thumbnailUrl":"https:\/\/transparency.mk\/wp-content\/uploads\/2021\/02\/rwb.gif","articleSection":["Lajme"],"inLanguage":"sq-AL"},{"@type":"WebPage","@id":"https:\/\/transparency.mk\/sq\/2009\/10\/20\/maqedoni-me-2009-me-e-mira-per-nga-lirite-e-mediumeve-ne-ballkan\/","url":"https:\/\/transparency.mk\/sq\/2009\/10\/20\/maqedoni-me-2009-me-e-mira-per-nga-lirite-e-mediumeve-ne-ballkan\/","name":"Maqedoni m\u00eb 2009 m\u00eb e mira p\u00ebr nga lirit\u00eb e mediumeve n\u00eb Ballkan - Transparency International","isPartOf":{"@id":"https:\/\/transparency.mk\/#website"},"primaryImageOfPage":{"@id":"https:\/\/transparency.mk\/sq\/2009\/10\/20\/maqedoni-me-2009-me-e-mira-per-nga-lirite-e-mediumeve-ne-ballkan\/#primaryimage"},"image":{"@id":"https:\/\/transparency.mk\/sq\/2009\/10\/20\/maqedoni-me-2009-me-e-mira-per-nga-lirite-e-mediumeve-ne-ballkan\/#primaryimage"},"thumbnailUrl":"https:\/\/transparency.mk\/wp-content\/uploads\/2021\/02\/rwb.gif","datePublished":"2009-10-20T07:55:40+00:00","dateModified":"2021-02-15T08:56:14+00:00","breadcrumb":{"@id":"https:\/\/transparency.mk\/sq\/2009\/10\/20\/maqedoni-me-2009-me-e-mira-per-nga-lirite-e-mediumeve-ne-ballkan\/#breadcrumb"},"inLanguage":"sq-AL","potentialAction":[{"@type":"ReadAction","target":["https:\/\/transparency.mk\/sq\/2009\/10\/20\/maqedoni-me-2009-me-e-mira-per-nga-lirite-e-mediumeve-ne-ballkan\/"]}]},{"@type":"ImageObject","inLanguage":"sq-AL","@id":"https:\/\/transparency.mk\/sq\/2009\/10\/20\/maqedoni-me-2009-me-e-mira-per-nga-lirite-e-mediumeve-ne-ballkan\/#primaryimage","url":"https:\/\/transparency.mk\/wp-content\/uploads\/2021\/02\/rwb.gif","contentUrl":"https:\/\/transparency.mk\/wp-content\/uploads\/2021\/02\/rwb.gif","width":198,"height":73},{"@type":"BreadcrumbList","@id":"https:\/\/transparency.mk\/sq\/2009\/10\/20\/maqedoni-me-2009-me-e-mira-per-nga-lirite-e-mediumeve-ne-ballkan\/#breadcrumb","itemListElement":[{"@type":"ListItem","position":1,"name":"Home","item":"https:\/\/transparency.mk\/sq\/"},{"@type":"ListItem","position":2,"name":"Maqedoni m\u00eb 2009 m\u00eb e mira p\u00ebr nga lirit\u00eb e mediumeve n\u00eb Ballkan"}]},{"@type":"WebSite","@id":"https:\/\/transparency.mk\/#website","url":"https:\/\/transparency.mk\/","name":"Transparency International","description":"Maqedoni","publisher":{"@id":"https:\/\/transparency.mk\/#organization"},"potentialAction":[{"@type":"SearchAction","target":{"@type":"EntryPoint","urlTemplate":"https:\/\/transparency.mk\/?s={search_term_string}"},"query-input":{"@type":"PropertyValueSpecification","valueRequired":true,"valueName":"search_term_string"}}],"inLanguage":"sq-AL"},{"@type":"Organization","@id":"https:\/\/transparency.mk\/#organization","name":"\u0422\u0440\u0430\u043d\u0441\u043f\u0430\u0440\u0435\u043d\u0441\u0438 \u0418\u043d\u0442\u0435\u0440\u043d\u0435\u0448\u043d\u043b - \u041c\u0430\u043a\u0435\u0434\u043e\u043d\u0438\u0458\u0430","url":"https:\/\/transparency.mk\/","logo":{"@type":"ImageObject","inLanguage":"sq-AL","@id":"https:\/\/transparency.mk\/#\/schema\/logo\/image\/","url":"https:\/\/transparency.mk\/wp-content\/uploads\/2020\/10\/transparency-mk-logo.png","contentUrl":"https:\/\/transparency.mk\/wp-content\/uploads\/2020\/10\/transparency-mk-logo.png","width":250,"height":75,"caption":"\u0422\u0440\u0430\u043d\u0441\u043f\u0430\u0440\u0435\u043d\u0441\u0438 \u0418\u043d\u0442\u0435\u0440\u043d\u0435\u0448\u043d\u043b - \u041c\u0430\u043a\u0435\u0434\u043e\u043d\u0438\u0458\u0430"},"image":{"@id":"https:\/\/transparency.mk\/#\/schema\/logo\/image\/"},"sameAs":["https:\/\/www.facebook.com\/TransparencyMK\/","https:\/\/x.com\/ti_macedonia","https:\/\/www.instagram.com\/timacedonia\/","https:\/\/youtube.com\/user\/tzcmacedonia\/"]},{"@type":"Person","@id":"https:\/\/transparency.mk\/#\/schema\/person\/4ab55c47d82a7d099f63f569c223c903","name":"TI \u0430\u0434\u043c\u0438\u043d\u0438\u0441\u0442\u0440\u0430\u0442\u043e\u0440","sameAs":["https:\/\/transparency.mk"]}]}},"_links":{"self":[{"href":"https:\/\/transparency.mk\/sq\/wp-json\/wp\/v2\/posts\/9395","targetHints":{"allow":["GET"]}}],"collection":[{"href":"https:\/\/transparency.mk\/sq\/wp-json\/wp\/v2\/posts"}],"about":[{"href":"https:\/\/transparency.mk\/sq\/wp-json\/wp\/v2\/types\/post"}],"author":[{"embeddable":true,"href":"https:\/\/transparency.mk\/sq\/wp-json\/wp\/v2\/users\/1"}],"replies":[{"embeddable":true,"href":"https:\/\/transparency.mk\/sq\/wp-json\/wp\/v2\/comments?post=9395"}],"version-history":[{"count":1,"href":"https:\/\/transparency.mk\/sq\/wp-json\/wp\/v2\/posts\/9395\/revisions"}],"predecessor-version":[{"id":9399,"href":"https:\/\/transparency.mk\/sq\/wp-json\/wp\/v2\/posts\/9395\/revisions\/9399"}],"wp:featuredmedia":[{"embeddable":true,"href":"https:\/\/transparency.mk\/sq\/wp-json\/wp\/v2\/media\/9396"}],"wp:attachment":[{"href":"https:\/\/transparency.mk\/sq\/wp-json\/wp\/v2\/media?parent=9395"}],"wp:term":[{"taxonomy":"category","embeddable":true,"href":"https:\/\/transparency.mk\/sq\/wp-json\/wp\/v2\/categories?post=9395"},{"taxonomy":"post_tag","embeddable":true,"href":"https:\/\/transparency.mk\/sq\/wp-json\/wp\/v2\/tags?post=9395"}],"curies":[{"name":"wp","href":"https:\/\/api.w.org\/{rel}","templated":true}]}}