{"id":9425,"date":"2010-03-22T10:01:20","date_gmt":"2010-03-22T09:01:20","guid":{"rendered":"https:\/\/transparency.web.com.mk\/?p=9425"},"modified":"2021-02-15T10:01:44","modified_gmt":"2021-02-15T09:01:44","slug":"agonia-e-klinikave-ne-shtet-ngjarja-me-e-turbullt-ne-muajin-shkurt","status":"publish","type":"post","link":"https:\/\/transparency.mk\/sq\/2010\/03\/22\/agonia-e-klinikave-ne-shtet-ngjarja-me-e-turbullt-ne-muajin-shkurt\/","title":{"rendered":"Agonia e klinikave n\u00eb shtet ngjarja m\u00eb e turbullt n\u00eb muajin shkurt"},"content":{"rendered":"<p style=\"font-weight: 400;\">22.03.2010 Pacient\u00eb t\u00eb qyteteve tjera n\u00eb shtet p\u00ebr intervenime banale, si fshik\u00ebs e bllokuar, g\u00eblltitje t\u00eb tre hapave t\u00eb leksiliumit apo, nga ana tjet\u00ebr, operacion t\u00eb zorr\u00ebs s\u00eb verb\u00ebr, p\u00ebr \u00e7do dit\u00eb nisen drejt klinikave t\u00eb Shkupit.<\/p>\n<p>Me riudh\u00ebzimin e personit t\u00eb s\u00ebmur\u00eb humbet koh\u00eb e \u00e7mueshme p\u00ebr sh\u00ebrim, si\u00e7 ishte rasti me pacientin Dushko Mamu\u00e7evski nga Berova, i cili nd\u00ebrroi jet\u00eb pasi q\u00eb e sh\u00ebtit\u00ebn prej klinike n\u00eb klinik\u00eb, q\u00eb \u00ebsht\u00eb ngjarja m\u00eb e turbullt p\u00ebr muajin shkurt.<\/p>\n<p style=\"font-weight: 400;\">Agonia dhe gjendja e keqe n\u00eb klinikat n\u00eb brendin\u00eb e vendit fitoi 11 vota \u201ct\u00eb turbullta\u201d n\u00eb anket\u00ebn \u201cPast\u00ebr-Turbullt\u201d t\u00eb agjencis\u00eb s\u00eb pavarur t\u00eb lajmeve Makfaks dhe organizat\u00ebs joqeveritare \u201cTransparenc\u00eb \u2013 zero korrupsion\u201d, n\u00eb t\u00eb cil\u00ebn mor\u00ebn pjes\u00eb 17 kryeredaktor\u00eb t\u00eb mediumeve t\u00eb shtypura dhe elektronike.<\/p>\n<p>Gjendja e k\u00ebtill\u00eb n\u00eb sh\u00ebndet\u00ebsi \u00ebsht\u00eb rezultat i pazarll\u00ebqeve disavje\u00e7are politike dhe pastrimit t\u00eb hesapeve, t\u00eb mb\u00ebshtetura n\u00eb k\u00ebnaqjen e interesave t\u00eb individ\u00ebve dhe partive politike.<\/p>\n<p>Kuad\u00ebr jokompetent i menaxher\u00ebve, procedura t\u00eb k\u00ebqija tenderi, politik\u00eb e keqe p\u00ebr furnizim t\u00eb ila\u00e7eve dhe pajisjes medicinale.<\/p>\n<p>Pes\u00eb vota \u201ct\u00eb turbullta\u201d mori sjellja e pap\u00ebrgjegjshme e shtetit dhe vet\u00ebqeverisjes lokale p\u00ebr rritjen e nivelit t\u00eb ujit t\u00eb Liqenit t\u00eb Ohrit.<\/p>\n<p>Rajoni me jav\u00eb t\u00eb t\u00ebra \u00ebsht\u00eb n\u00ebn k\u00ebrc\u00ebnimin e p\u00ebrmbytjeve, jan\u00eb b\u00ebr\u00eb d\u00ebme t\u00eb m\u00ebdha mbi objektet private dhe infrastrukturore, me \u00e7ka doli n\u00eb sip\u00ebrfaqe se interesat partiake jan\u00eb l\u00ebn\u00eb mbi interesat e qytetar\u00ebve dhe Ohrit, i cili nuk u takon vet\u00ebm politikan\u00ebve por paraqet t\u00eb mir\u00eb publike t\u00eb mbrojtur nga UNESKO.<\/p>\n<p>Marr\u00ebveshja shitbler\u00ebse me t\u00eb cil\u00ebn Telekom Sllovenia bleu operatorin telefonik \u201cCosmofon\u201d, tani i riem\u00ebrtuar n\u00eb \u201cOne\u201d, fitoi nj\u00eb vot\u00eb \u201ct\u00eb turbullt\u201d.<\/p>\n<p>N\u00eb anket\u00ebn p\u00ebr muajin shkurt nuk \u00ebsht\u00eb b\u00ebr\u00eb zgjedhje e ngjarjeve t\u00eb pastra.<\/p>\n<p>N\u00eb \u201cPast\u00ebr-Turbullt\u201d marrin pjes\u00eb televizionet A1, Kanal5, Telma, Nasha TV, Alsat-M, radio Kanal 77, t\u00eb p\u00ebrditshmet Biznis, Vest, Utrinski vesnik, Dnevnik, Vreme, Lajm, Nova Makedonija dhe javoret Globus, Kapital, Fokus dhe Forum.<\/p>\n<p>Anketa \u201cPast\u00ebr-turbullt\u201d, si pjes\u00eb e luft\u00ebs kund\u00ebr korrupsionit zbatohet tashm\u00eb pes\u00eb vjet.<\/p>\n","protected":false},"excerpt":{"rendered":"<p>22.03.2010 Pacient\u00eb t\u00eb qyteteve tjera n\u00eb shtet p\u00ebr intervenime banale, si fshik\u00ebs e bllokuar, g\u00eblltitje t\u00eb tre hapave t\u00eb leksiliumit apo, nga ana tjet\u00ebr, operacion t\u00eb zorr\u00ebs s\u00eb verb\u00ebr, p\u00ebr \u00e7do dit\u00eb nisen drejt klinikave t\u00eb Shkupit. Me riudh\u00ebzimin e personit t\u00eb s\u00ebmur\u00eb humbet koh\u00eb e \u00e7mueshme p\u00ebr sh\u00ebrim, si\u00e7 ishte rasti me pacientin Dushko&hellip;<\/p>\n","protected":false},"author":1,"featured_media":0,"comment_status":"closed","ping_status":"open","sticky":false,"template":"","format":"standard","meta":{"_monsterinsights_skip_tracking":false,"_monsterinsights_sitenote_active":false,"_monsterinsights_sitenote_note":"","_monsterinsights_sitenote_category":0,"footnotes":""},"categories":[90],"tags":[],"class_list":["post-9425","post","type-post","status-publish","format-standard","hentry","category-lajme","category-90","description-off"],"yoast_head":"<!-- This site is optimized with the Yoast SEO plugin v25.8 - https:\/\/yoast.com\/wordpress\/plugins\/seo\/ -->\n<title>Agonia e klinikave n\u00eb shtet ngjarja m\u00eb e turbullt n\u00eb muajin shkurt - Transparency International<\/title>\n<meta name=\"robots\" content=\"index, follow, max-snippet:-1, max-image-preview:large, max-video-preview:-1\" \/>\n<link rel=\"canonical\" href=\"https:\/\/transparency.mk\/sq\/2010\/03\/22\/agonia-e-klinikave-ne-shtet-ngjarja-me-e-turbullt-ne-muajin-shkurt\/\" \/>\n<meta property=\"og:locale\" content=\"sq_AL\" \/>\n<meta property=\"og:type\" content=\"article\" \/>\n<meta property=\"og:title\" content=\"Agonia e klinikave n\u00eb shtet ngjarja m\u00eb e turbullt n\u00eb muajin shkurt - Transparency International\" \/>\n<meta property=\"og:description\" content=\"22.03.2010 Pacient\u00eb t\u00eb qyteteve tjera n\u00eb shtet p\u00ebr intervenime banale, si fshik\u00ebs e bllokuar, g\u00eblltitje t\u00eb tre hapave t\u00eb leksiliumit apo, nga ana tjet\u00ebr, operacion t\u00eb zorr\u00ebs s\u00eb verb\u00ebr, p\u00ebr \u00e7do dit\u00eb nisen drejt klinikave t\u00eb Shkupit. Me riudh\u00ebzimin e personit t\u00eb s\u00ebmur\u00eb humbet koh\u00eb e \u00e7mueshme p\u00ebr sh\u00ebrim, si\u00e7 ishte rasti me pacientin Dushko&hellip;\" \/>\n<meta property=\"og:url\" content=\"https:\/\/transparency.mk\/sq\/2010\/03\/22\/agonia-e-klinikave-ne-shtet-ngjarja-me-e-turbullt-ne-muajin-shkurt\/\" \/>\n<meta property=\"og:site_name\" content=\"Transparency International\" \/>\n<meta property=\"article:publisher\" content=\"https:\/\/www.facebook.com\/TransparencyMK\/\" \/>\n<meta property=\"article:published_time\" content=\"2010-03-22T09:01:20+00:00\" \/>\n<meta property=\"article:modified_time\" content=\"2021-02-15T09:01:44+00:00\" \/>\n<meta name=\"author\" content=\"TI \u0430\u0434\u043c\u0438\u043d\u0438\u0441\u0442\u0440\u0430\u0442\u043e\u0440\" \/>\n<meta name=\"twitter:card\" content=\"summary_large_image\" \/>\n<meta name=\"twitter:creator\" content=\"@ti_macedonia\" \/>\n<meta name=\"twitter:site\" content=\"@ti_macedonia\" \/>\n<meta name=\"twitter:label1\" content=\"Written by\" \/>\n\t<meta name=\"twitter:data1\" content=\"TI \u0430\u0434\u043c\u0438\u043d\u0438\u0441\u0442\u0440\u0430\u0442\u043e\u0440\" \/>\n\t<meta name=\"twitter:label2\" content=\"Est. reading time\" \/>\n\t<meta name=\"twitter:data2\" content=\"2 minutes\" \/>\n<script type=\"application\/ld+json\" class=\"yoast-schema-graph\">{\"@context\":\"https:\/\/schema.org\",\"@graph\":[{\"@type\":\"Article\",\"@id\":\"https:\/\/transparency.mk\/sq\/2010\/03\/22\/agonia-e-klinikave-ne-shtet-ngjarja-me-e-turbullt-ne-muajin-shkurt\/#article\",\"isPartOf\":{\"@id\":\"https:\/\/transparency.mk\/sq\/2010\/03\/22\/agonia-e-klinikave-ne-shtet-ngjarja-me-e-turbullt-ne-muajin-shkurt\/\"},\"author\":{\"name\":\"TI \u0430\u0434\u043c\u0438\u043d\u0438\u0441\u0442\u0440\u0430\u0442\u043e\u0440\",\"@id\":\"https:\/\/transparency.mk\/#\/schema\/person\/4ab55c47d82a7d099f63f569c223c903\"},\"headline\":\"Agonia e klinikave n\u00eb shtet ngjarja m\u00eb e turbullt n\u00eb muajin shkurt\",\"datePublished\":\"2010-03-22T09:01:20+00:00\",\"dateModified\":\"2021-02-15T09:01:44+00:00\",\"mainEntityOfPage\":{\"@id\":\"https:\/\/transparency.mk\/sq\/2010\/03\/22\/agonia-e-klinikave-ne-shtet-ngjarja-me-e-turbullt-ne-muajin-shkurt\/\"},\"wordCount\":391,\"publisher\":{\"@id\":\"https:\/\/transparency.mk\/#organization\"},\"articleSection\":[\"Lajme\"],\"inLanguage\":\"sq-AL\"},{\"@type\":\"WebPage\",\"@id\":\"https:\/\/transparency.mk\/sq\/2010\/03\/22\/agonia-e-klinikave-ne-shtet-ngjarja-me-e-turbullt-ne-muajin-shkurt\/\",\"url\":\"https:\/\/transparency.mk\/sq\/2010\/03\/22\/agonia-e-klinikave-ne-shtet-ngjarja-me-e-turbullt-ne-muajin-shkurt\/\",\"name\":\"Agonia e klinikave n\u00eb shtet ngjarja m\u00eb e turbullt n\u00eb muajin shkurt - Transparency International\",\"isPartOf\":{\"@id\":\"https:\/\/transparency.mk\/#website\"},\"datePublished\":\"2010-03-22T09:01:20+00:00\",\"dateModified\":\"2021-02-15T09:01:44+00:00\",\"breadcrumb\":{\"@id\":\"https:\/\/transparency.mk\/sq\/2010\/03\/22\/agonia-e-klinikave-ne-shtet-ngjarja-me-e-turbullt-ne-muajin-shkurt\/#breadcrumb\"},\"inLanguage\":\"sq-AL\",\"potentialAction\":[{\"@type\":\"ReadAction\",\"target\":[\"https:\/\/transparency.mk\/sq\/2010\/03\/22\/agonia-e-klinikave-ne-shtet-ngjarja-me-e-turbullt-ne-muajin-shkurt\/\"]}]},{\"@type\":\"BreadcrumbList\",\"@id\":\"https:\/\/transparency.mk\/sq\/2010\/03\/22\/agonia-e-klinikave-ne-shtet-ngjarja-me-e-turbullt-ne-muajin-shkurt\/#breadcrumb\",\"itemListElement\":[{\"@type\":\"ListItem\",\"position\":1,\"name\":\"Home\",\"item\":\"https:\/\/transparency.mk\/sq\/\"},{\"@type\":\"ListItem\",\"position\":2,\"name\":\"Agonia e klinikave n\u00eb shtet ngjarja m\u00eb e turbullt n\u00eb muajin shkurt\"}]},{\"@type\":\"WebSite\",\"@id\":\"https:\/\/transparency.mk\/#website\",\"url\":\"https:\/\/transparency.mk\/\",\"name\":\"Transparency International\",\"description\":\"Maqedoni\",\"publisher\":{\"@id\":\"https:\/\/transparency.mk\/#organization\"},\"potentialAction\":[{\"@type\":\"SearchAction\",\"target\":{\"@type\":\"EntryPoint\",\"urlTemplate\":\"https:\/\/transparency.mk\/?s={search_term_string}\"},\"query-input\":{\"@type\":\"PropertyValueSpecification\",\"valueRequired\":true,\"valueName\":\"search_term_string\"}}],\"inLanguage\":\"sq-AL\"},{\"@type\":\"Organization\",\"@id\":\"https:\/\/transparency.mk\/#organization\",\"name\":\"\u0422\u0440\u0430\u043d\u0441\u043f\u0430\u0440\u0435\u043d\u0441\u0438 \u0418\u043d\u0442\u0435\u0440\u043d\u0435\u0448\u043d\u043b - \u041c\u0430\u043a\u0435\u0434\u043e\u043d\u0438\u0458\u0430\",\"url\":\"https:\/\/transparency.mk\/\",\"logo\":{\"@type\":\"ImageObject\",\"inLanguage\":\"sq-AL\",\"@id\":\"https:\/\/transparency.mk\/#\/schema\/logo\/image\/\",\"url\":\"https:\/\/transparency.mk\/wp-content\/uploads\/2020\/10\/transparency-mk-logo.png\",\"contentUrl\":\"https:\/\/transparency.mk\/wp-content\/uploads\/2020\/10\/transparency-mk-logo.png\",\"width\":250,\"height\":75,\"caption\":\"\u0422\u0440\u0430\u043d\u0441\u043f\u0430\u0440\u0435\u043d\u0441\u0438 \u0418\u043d\u0442\u0435\u0440\u043d\u0435\u0448\u043d\u043b - \u041c\u0430\u043a\u0435\u0434\u043e\u043d\u0438\u0458\u0430\"},\"image\":{\"@id\":\"https:\/\/transparency.mk\/#\/schema\/logo\/image\/\"},\"sameAs\":[\"https:\/\/www.facebook.com\/TransparencyMK\/\",\"https:\/\/x.com\/ti_macedonia\",\"https:\/\/www.instagram.com\/timacedonia\/\",\"https:\/\/youtube.com\/user\/tzcmacedonia\/\"]},{\"@type\":\"Person\",\"@id\":\"https:\/\/transparency.mk\/#\/schema\/person\/4ab55c47d82a7d099f63f569c223c903\",\"name\":\"TI \u0430\u0434\u043c\u0438\u043d\u0438\u0441\u0442\u0440\u0430\u0442\u043e\u0440\",\"sameAs\":[\"https:\/\/transparency.mk\"]}]}<\/script>\n<!-- \/ Yoast SEO plugin. -->","yoast_head_json":{"title":"Agonia e klinikave n\u00eb shtet ngjarja m\u00eb e turbullt n\u00eb muajin shkurt - Transparency International","robots":{"index":"index","follow":"follow","max-snippet":"max-snippet:-1","max-image-preview":"max-image-preview:large","max-video-preview":"max-video-preview:-1"},"canonical":"https:\/\/transparency.mk\/sq\/2010\/03\/22\/agonia-e-klinikave-ne-shtet-ngjarja-me-e-turbullt-ne-muajin-shkurt\/","og_locale":"sq_AL","og_type":"article","og_title":"Agonia e klinikave n\u00eb shtet ngjarja m\u00eb e turbullt n\u00eb muajin shkurt - Transparency International","og_description":"22.03.2010 Pacient\u00eb t\u00eb qyteteve tjera n\u00eb shtet p\u00ebr intervenime banale, si fshik\u00ebs e bllokuar, g\u00eblltitje t\u00eb tre hapave t\u00eb leksiliumit apo, nga ana tjet\u00ebr, operacion t\u00eb zorr\u00ebs s\u00eb verb\u00ebr, p\u00ebr \u00e7do dit\u00eb nisen drejt klinikave t\u00eb Shkupit. Me riudh\u00ebzimin e personit t\u00eb s\u00ebmur\u00eb humbet koh\u00eb e \u00e7mueshme p\u00ebr sh\u00ebrim, si\u00e7 ishte rasti me pacientin Dushko&hellip;","og_url":"https:\/\/transparency.mk\/sq\/2010\/03\/22\/agonia-e-klinikave-ne-shtet-ngjarja-me-e-turbullt-ne-muajin-shkurt\/","og_site_name":"Transparency International","article_publisher":"https:\/\/www.facebook.com\/TransparencyMK\/","article_published_time":"2010-03-22T09:01:20+00:00","article_modified_time":"2021-02-15T09:01:44+00:00","author":"TI \u0430\u0434\u043c\u0438\u043d\u0438\u0441\u0442\u0440\u0430\u0442\u043e\u0440","twitter_card":"summary_large_image","twitter_creator":"@ti_macedonia","twitter_site":"@ti_macedonia","twitter_misc":{"Written by":"TI \u0430\u0434\u043c\u0438\u043d\u0438\u0441\u0442\u0440\u0430\u0442\u043e\u0440","Est. reading time":"2 minutes"},"schema":{"@context":"https:\/\/schema.org","@graph":[{"@type":"Article","@id":"https:\/\/transparency.mk\/sq\/2010\/03\/22\/agonia-e-klinikave-ne-shtet-ngjarja-me-e-turbullt-ne-muajin-shkurt\/#article","isPartOf":{"@id":"https:\/\/transparency.mk\/sq\/2010\/03\/22\/agonia-e-klinikave-ne-shtet-ngjarja-me-e-turbullt-ne-muajin-shkurt\/"},"author":{"name":"TI \u0430\u0434\u043c\u0438\u043d\u0438\u0441\u0442\u0440\u0430\u0442\u043e\u0440","@id":"https:\/\/transparency.mk\/#\/schema\/person\/4ab55c47d82a7d099f63f569c223c903"},"headline":"Agonia e klinikave n\u00eb shtet ngjarja m\u00eb e turbullt n\u00eb muajin shkurt","datePublished":"2010-03-22T09:01:20+00:00","dateModified":"2021-02-15T09:01:44+00:00","mainEntityOfPage":{"@id":"https:\/\/transparency.mk\/sq\/2010\/03\/22\/agonia-e-klinikave-ne-shtet-ngjarja-me-e-turbullt-ne-muajin-shkurt\/"},"wordCount":391,"publisher":{"@id":"https:\/\/transparency.mk\/#organization"},"articleSection":["Lajme"],"inLanguage":"sq-AL"},{"@type":"WebPage","@id":"https:\/\/transparency.mk\/sq\/2010\/03\/22\/agonia-e-klinikave-ne-shtet-ngjarja-me-e-turbullt-ne-muajin-shkurt\/","url":"https:\/\/transparency.mk\/sq\/2010\/03\/22\/agonia-e-klinikave-ne-shtet-ngjarja-me-e-turbullt-ne-muajin-shkurt\/","name":"Agonia e klinikave n\u00eb shtet ngjarja m\u00eb e turbullt n\u00eb muajin shkurt - Transparency International","isPartOf":{"@id":"https:\/\/transparency.mk\/#website"},"datePublished":"2010-03-22T09:01:20+00:00","dateModified":"2021-02-15T09:01:44+00:00","breadcrumb":{"@id":"https:\/\/transparency.mk\/sq\/2010\/03\/22\/agonia-e-klinikave-ne-shtet-ngjarja-me-e-turbullt-ne-muajin-shkurt\/#breadcrumb"},"inLanguage":"sq-AL","potentialAction":[{"@type":"ReadAction","target":["https:\/\/transparency.mk\/sq\/2010\/03\/22\/agonia-e-klinikave-ne-shtet-ngjarja-me-e-turbullt-ne-muajin-shkurt\/"]}]},{"@type":"BreadcrumbList","@id":"https:\/\/transparency.mk\/sq\/2010\/03\/22\/agonia-e-klinikave-ne-shtet-ngjarja-me-e-turbullt-ne-muajin-shkurt\/#breadcrumb","itemListElement":[{"@type":"ListItem","position":1,"name":"Home","item":"https:\/\/transparency.mk\/sq\/"},{"@type":"ListItem","position":2,"name":"Agonia e klinikave n\u00eb shtet ngjarja m\u00eb e turbullt n\u00eb muajin shkurt"}]},{"@type":"WebSite","@id":"https:\/\/transparency.mk\/#website","url":"https:\/\/transparency.mk\/","name":"Transparency International","description":"Maqedoni","publisher":{"@id":"https:\/\/transparency.mk\/#organization"},"potentialAction":[{"@type":"SearchAction","target":{"@type":"EntryPoint","urlTemplate":"https:\/\/transparency.mk\/?s={search_term_string}"},"query-input":{"@type":"PropertyValueSpecification","valueRequired":true,"valueName":"search_term_string"}}],"inLanguage":"sq-AL"},{"@type":"Organization","@id":"https:\/\/transparency.mk\/#organization","name":"\u0422\u0440\u0430\u043d\u0441\u043f\u0430\u0440\u0435\u043d\u0441\u0438 \u0418\u043d\u0442\u0435\u0440\u043d\u0435\u0448\u043d\u043b - \u041c\u0430\u043a\u0435\u0434\u043e\u043d\u0438\u0458\u0430","url":"https:\/\/transparency.mk\/","logo":{"@type":"ImageObject","inLanguage":"sq-AL","@id":"https:\/\/transparency.mk\/#\/schema\/logo\/image\/","url":"https:\/\/transparency.mk\/wp-content\/uploads\/2020\/10\/transparency-mk-logo.png","contentUrl":"https:\/\/transparency.mk\/wp-content\/uploads\/2020\/10\/transparency-mk-logo.png","width":250,"height":75,"caption":"\u0422\u0440\u0430\u043d\u0441\u043f\u0430\u0440\u0435\u043d\u0441\u0438 \u0418\u043d\u0442\u0435\u0440\u043d\u0435\u0448\u043d\u043b - \u041c\u0430\u043a\u0435\u0434\u043e\u043d\u0438\u0458\u0430"},"image":{"@id":"https:\/\/transparency.mk\/#\/schema\/logo\/image\/"},"sameAs":["https:\/\/www.facebook.com\/TransparencyMK\/","https:\/\/x.com\/ti_macedonia","https:\/\/www.instagram.com\/timacedonia\/","https:\/\/youtube.com\/user\/tzcmacedonia\/"]},{"@type":"Person","@id":"https:\/\/transparency.mk\/#\/schema\/person\/4ab55c47d82a7d099f63f569c223c903","name":"TI \u0430\u0434\u043c\u0438\u043d\u0438\u0441\u0442\u0440\u0430\u0442\u043e\u0440","sameAs":["https:\/\/transparency.mk"]}]}},"_links":{"self":[{"href":"https:\/\/transparency.mk\/sq\/wp-json\/wp\/v2\/posts\/9425","targetHints":{"allow":["GET"]}}],"collection":[{"href":"https:\/\/transparency.mk\/sq\/wp-json\/wp\/v2\/posts"}],"about":[{"href":"https:\/\/transparency.mk\/sq\/wp-json\/wp\/v2\/types\/post"}],"author":[{"embeddable":true,"href":"https:\/\/transparency.mk\/sq\/wp-json\/wp\/v2\/users\/1"}],"replies":[{"embeddable":true,"href":"https:\/\/transparency.mk\/sq\/wp-json\/wp\/v2\/comments?post=9425"}],"version-history":[{"count":2,"href":"https:\/\/transparency.mk\/sq\/wp-json\/wp\/v2\/posts\/9425\/revisions"}],"predecessor-version":[{"id":9427,"href":"https:\/\/transparency.mk\/sq\/wp-json\/wp\/v2\/posts\/9425\/revisions\/9427"}],"wp:attachment":[{"href":"https:\/\/transparency.mk\/sq\/wp-json\/wp\/v2\/media?parent=9425"}],"wp:term":[{"taxonomy":"category","embeddable":true,"href":"https:\/\/transparency.mk\/sq\/wp-json\/wp\/v2\/categories?post=9425"},{"taxonomy":"post_tag","embeddable":true,"href":"https:\/\/transparency.mk\/sq\/wp-json\/wp\/v2\/tags?post=9425"}],"curies":[{"name":"wp","href":"https:\/\/api.w.org\/{rel}","templated":true}]}}