{"id":9428,"date":"2010-03-25T10:01:55","date_gmt":"2010-03-25T09:01:55","guid":{"rendered":"https:\/\/transparency.web.com.mk\/?p=9428"},"modified":"2021-02-15T10:02:17","modified_gmt":"2021-02-15T09:02:17","slug":"ilmi-selami-kryetar-i-ri-i-komisioni-antikorrupsion","status":"publish","type":"post","link":"https:\/\/transparency.mk\/sq\/2010\/03\/25\/ilmi-selami-kryetar-i-ri-i-komisioni-antikorrupsion\/","title":{"rendered":"Ilmi Selami kryetar i ri i Komisioni Antikorrupsion"},"content":{"rendered":"<p>25.03.2010 Komisioni Shtet\u00ebror p\u00ebr Parandalimin e Korrupsionit (KSHPK) sot n\u00eb seanc\u00eb t\u00eb rregullt me pik\u00eb t\u00eb vetme t\u00eb rendit t\u00eb dit\u00ebs zgjodhi Ilmi Selamin kryetar t\u00eb Komisionit.<\/p>\n<p>Selami \u00ebsht\u00eb zgjedhur me kat\u00ebr vota \u201cp\u00ebr\u201d prej gjithsej shtat\u00eb votave, nd\u00ebrsa kund\u00ebrkandidat i tij ishte Zoran Dodovski.<\/p>\n<p>&nbsp;<\/p>\n<p>\u201cT\u00eb gjith\u00eb nga Komisioni jan\u00eb t\u00eb vet\u00ebdijsh\u00ebm p\u00ebr sfidat q\u00eb q\u00ebndrojn\u00eb para nesh se duhet t\u00eb tregojm\u00eb efikasitet edhe n\u00eb k\u00ebt\u00eb plan forcat do t`i dyfishojm\u00eb. Nuk vler\u00ebsoj se Komisioni deri tani nuk e kryente pun\u00ebn e vet, meq\u00eb secili q\u00eb punon edhe gabon, por konsideroj se gjithmon\u00eb pun\u00ebt mund t\u00eb punohen m\u00eb mir\u00eb\u201d, deklaroi Selami pas seanc\u00ebs n\u00eb t\u00eb cil\u00ebn \u00ebsht\u00eb zgjedhur kryetari i Komisionit antikorrupsion.<\/p>\n<p>Ai tha se do t`i kushtoj\u00eb v\u00ebmendje t\u00eb ve\u00e7ant\u00eb atyre pikave q\u00eb ishin n\u00eb Raportin e KE-s\u00eb t\u00eb vler\u00ebsuara si negative.<\/p>\n<p>N\u00eb seanc\u00ebn u paraqit\u00ebn edhe Mirjana Dimovska dhe Zoran Dodevski.<\/p>\n<p>Seanca \u00ebsht\u00eb thirrur me k\u00ebrkes\u00eb t\u00eb pes\u00eb an\u00ebtar\u00ebve t\u00eb Komisionit, e jo si deri tani nga kryetari i Komisionit. Thuajse pes\u00eb jav\u00eb ky institucion nuk kishte kryetar formalisht t\u00eb em\u00ebruar q\u00ebkur Dimovsk\u00ebs i skadoi mandati.<\/p>\n<p>Nd\u00ebrkoh\u00eb, ajo ishte e z\u00ebn\u00eb me interpelanc\u00ebn, e m\u00eb pas ka pushuar s\u00eb paraqituri n\u00eb vendin e pun\u00ebs p\u00ebr arsye sh\u00ebndet\u00ebsore, pas \u00e7ka puna e Komisionit Antikorruptues ishte praktikishte e bllokuar.<\/p>\n<p>&nbsp;<\/p>\n<p>Burimi: Makfax<\/p>\n","protected":false},"excerpt":{"rendered":"<p>25.03.2010 Komisioni Shtet\u00ebror p\u00ebr Parandalimin e Korrupsionit (KSHPK) sot n\u00eb seanc\u00eb t\u00eb rregullt me pik\u00eb t\u00eb vetme t\u00eb rendit t\u00eb dit\u00ebs zgjodhi Ilmi Selamin kryetar t\u00eb Komisionit. Selami \u00ebsht\u00eb zgjedhur me kat\u00ebr vota \u201cp\u00ebr\u201d prej gjithsej shtat\u00eb votave, nd\u00ebrsa kund\u00ebrkandidat i tij ishte Zoran Dodovski. &nbsp; \u201cT\u00eb gjith\u00eb nga Komisioni jan\u00eb t\u00eb vet\u00ebdijsh\u00ebm p\u00ebr sfidat&hellip;<\/p>\n","protected":false},"author":1,"featured_media":9429,"comment_status":"closed","ping_status":"open","sticky":false,"template":"","format":"standard","meta":{"_monsterinsights_skip_tracking":false,"_monsterinsights_sitenote_active":false,"_monsterinsights_sitenote_note":"","_monsterinsights_sitenote_category":0,"footnotes":""},"categories":[90],"tags":[],"class_list":["post-9428","post","type-post","status-publish","format-standard","has-post-thumbnail","hentry","category-lajme","category-90","description-off"],"yoast_head":"<!-- This site is optimized with the Yoast SEO plugin v25.8 - https:\/\/yoast.com\/wordpress\/plugins\/seo\/ -->\n<title>Ilmi Selami kryetar i ri i Komisioni Antikorrupsion - Transparency International<\/title>\n<meta name=\"robots\" content=\"index, follow, max-snippet:-1, max-image-preview:large, max-video-preview:-1\" \/>\n<link rel=\"canonical\" href=\"https:\/\/transparency.mk\/sq\/2010\/03\/25\/ilmi-selami-kryetar-i-ri-i-komisioni-antikorrupsion\/\" \/>\n<meta property=\"og:locale\" content=\"sq_AL\" \/>\n<meta property=\"og:type\" content=\"article\" \/>\n<meta property=\"og:title\" content=\"Ilmi Selami kryetar i ri i Komisioni Antikorrupsion - Transparency International\" \/>\n<meta property=\"og:description\" content=\"25.03.2010 Komisioni Shtet\u00ebror p\u00ebr Parandalimin e Korrupsionit (KSHPK) sot n\u00eb seanc\u00eb t\u00eb rregullt me pik\u00eb t\u00eb vetme t\u00eb rendit t\u00eb dit\u00ebs zgjodhi Ilmi Selamin kryetar t\u00eb Komisionit. Selami \u00ebsht\u00eb zgjedhur me kat\u00ebr vota \u201cp\u00ebr\u201d prej gjithsej shtat\u00eb votave, nd\u00ebrsa kund\u00ebrkandidat i tij ishte Zoran Dodovski. &nbsp; \u201cT\u00eb gjith\u00eb nga Komisioni jan\u00eb t\u00eb vet\u00ebdijsh\u00ebm p\u00ebr sfidat&hellip;\" \/>\n<meta property=\"og:url\" content=\"https:\/\/transparency.mk\/sq\/2010\/03\/25\/ilmi-selami-kryetar-i-ri-i-komisioni-antikorrupsion\/\" \/>\n<meta property=\"og:site_name\" content=\"Transparency International\" \/>\n<meta property=\"article:publisher\" content=\"https:\/\/www.facebook.com\/TransparencyMK\/\" \/>\n<meta property=\"article:published_time\" content=\"2010-03-25T09:01:55+00:00\" \/>\n<meta property=\"article:modified_time\" content=\"2021-02-15T09:02:17+00:00\" \/>\n<meta property=\"og:image\" content=\"https:\/\/transparency.mk\/wp-content\/uploads\/2021\/02\/dksk-logo.jpg\" \/>\n\t<meta property=\"og:image:width\" content=\"429\" \/>\n\t<meta property=\"og:image:height\" content=\"80\" \/>\n\t<meta property=\"og:image:type\" content=\"image\/jpeg\" \/>\n<meta name=\"author\" content=\"TI \u0430\u0434\u043c\u0438\u043d\u0438\u0441\u0442\u0440\u0430\u0442\u043e\u0440\" \/>\n<meta name=\"twitter:card\" content=\"summary_large_image\" \/>\n<meta name=\"twitter:creator\" content=\"@ti_macedonia\" \/>\n<meta name=\"twitter:site\" content=\"@ti_macedonia\" \/>\n<meta name=\"twitter:label1\" content=\"Written by\" \/>\n\t<meta name=\"twitter:data1\" content=\"TI \u0430\u0434\u043c\u0438\u043d\u0438\u0441\u0442\u0440\u0430\u0442\u043e\u0440\" \/>\n\t<meta name=\"twitter:label2\" content=\"Est. reading time\" \/>\n\t<meta name=\"twitter:data2\" content=\"1 minute\" \/>\n<script type=\"application\/ld+json\" class=\"yoast-schema-graph\">{\"@context\":\"https:\/\/schema.org\",\"@graph\":[{\"@type\":\"Article\",\"@id\":\"https:\/\/transparency.mk\/sq\/2010\/03\/25\/ilmi-selami-kryetar-i-ri-i-komisioni-antikorrupsion\/#article\",\"isPartOf\":{\"@id\":\"https:\/\/transparency.mk\/sq\/2010\/03\/25\/ilmi-selami-kryetar-i-ri-i-komisioni-antikorrupsion\/\"},\"author\":{\"name\":\"TI \u0430\u0434\u043c\u0438\u043d\u0438\u0441\u0442\u0440\u0430\u0442\u043e\u0440\",\"@id\":\"https:\/\/transparency.mk\/#\/schema\/person\/4ab55c47d82a7d099f63f569c223c903\"},\"headline\":\"Ilmi Selami kryetar i ri i Komisioni Antikorrupsion\",\"datePublished\":\"2010-03-25T09:01:55+00:00\",\"dateModified\":\"2021-02-15T09:02:17+00:00\",\"mainEntityOfPage\":{\"@id\":\"https:\/\/transparency.mk\/sq\/2010\/03\/25\/ilmi-selami-kryetar-i-ri-i-komisioni-antikorrupsion\/\"},\"wordCount\":257,\"publisher\":{\"@id\":\"https:\/\/transparency.mk\/#organization\"},\"image\":{\"@id\":\"https:\/\/transparency.mk\/sq\/2010\/03\/25\/ilmi-selami-kryetar-i-ri-i-komisioni-antikorrupsion\/#primaryimage\"},\"thumbnailUrl\":\"https:\/\/transparency.mk\/wp-content\/uploads\/2021\/02\/dksk-logo.jpg\",\"articleSection\":[\"Lajme\"],\"inLanguage\":\"sq-AL\"},{\"@type\":\"WebPage\",\"@id\":\"https:\/\/transparency.mk\/sq\/2010\/03\/25\/ilmi-selami-kryetar-i-ri-i-komisioni-antikorrupsion\/\",\"url\":\"https:\/\/transparency.mk\/sq\/2010\/03\/25\/ilmi-selami-kryetar-i-ri-i-komisioni-antikorrupsion\/\",\"name\":\"Ilmi Selami kryetar i ri i Komisioni Antikorrupsion - Transparency International\",\"isPartOf\":{\"@id\":\"https:\/\/transparency.mk\/#website\"},\"primaryImageOfPage\":{\"@id\":\"https:\/\/transparency.mk\/sq\/2010\/03\/25\/ilmi-selami-kryetar-i-ri-i-komisioni-antikorrupsion\/#primaryimage\"},\"image\":{\"@id\":\"https:\/\/transparency.mk\/sq\/2010\/03\/25\/ilmi-selami-kryetar-i-ri-i-komisioni-antikorrupsion\/#primaryimage\"},\"thumbnailUrl\":\"https:\/\/transparency.mk\/wp-content\/uploads\/2021\/02\/dksk-logo.jpg\",\"datePublished\":\"2010-03-25T09:01:55+00:00\",\"dateModified\":\"2021-02-15T09:02:17+00:00\",\"breadcrumb\":{\"@id\":\"https:\/\/transparency.mk\/sq\/2010\/03\/25\/ilmi-selami-kryetar-i-ri-i-komisioni-antikorrupsion\/#breadcrumb\"},\"inLanguage\":\"sq-AL\",\"potentialAction\":[{\"@type\":\"ReadAction\",\"target\":[\"https:\/\/transparency.mk\/sq\/2010\/03\/25\/ilmi-selami-kryetar-i-ri-i-komisioni-antikorrupsion\/\"]}]},{\"@type\":\"ImageObject\",\"inLanguage\":\"sq-AL\",\"@id\":\"https:\/\/transparency.mk\/sq\/2010\/03\/25\/ilmi-selami-kryetar-i-ri-i-komisioni-antikorrupsion\/#primaryimage\",\"url\":\"https:\/\/transparency.mk\/wp-content\/uploads\/2021\/02\/dksk-logo.jpg\",\"contentUrl\":\"https:\/\/transparency.mk\/wp-content\/uploads\/2021\/02\/dksk-logo.jpg\",\"width\":429,\"height\":80},{\"@type\":\"BreadcrumbList\",\"@id\":\"https:\/\/transparency.mk\/sq\/2010\/03\/25\/ilmi-selami-kryetar-i-ri-i-komisioni-antikorrupsion\/#breadcrumb\",\"itemListElement\":[{\"@type\":\"ListItem\",\"position\":1,\"name\":\"Home\",\"item\":\"https:\/\/transparency.mk\/sq\/\"},{\"@type\":\"ListItem\",\"position\":2,\"name\":\"Ilmi Selami kryetar i ri i Komisioni Antikorrupsion\"}]},{\"@type\":\"WebSite\",\"@id\":\"https:\/\/transparency.mk\/#website\",\"url\":\"https:\/\/transparency.mk\/\",\"name\":\"Transparency International\",\"description\":\"Maqedoni\",\"publisher\":{\"@id\":\"https:\/\/transparency.mk\/#organization\"},\"potentialAction\":[{\"@type\":\"SearchAction\",\"target\":{\"@type\":\"EntryPoint\",\"urlTemplate\":\"https:\/\/transparency.mk\/?s={search_term_string}\"},\"query-input\":{\"@type\":\"PropertyValueSpecification\",\"valueRequired\":true,\"valueName\":\"search_term_string\"}}],\"inLanguage\":\"sq-AL\"},{\"@type\":\"Organization\",\"@id\":\"https:\/\/transparency.mk\/#organization\",\"name\":\"\u0422\u0440\u0430\u043d\u0441\u043f\u0430\u0440\u0435\u043d\u0441\u0438 \u0418\u043d\u0442\u0435\u0440\u043d\u0435\u0448\u043d\u043b - \u041c\u0430\u043a\u0435\u0434\u043e\u043d\u0438\u0458\u0430\",\"url\":\"https:\/\/transparency.mk\/\",\"logo\":{\"@type\":\"ImageObject\",\"inLanguage\":\"sq-AL\",\"@id\":\"https:\/\/transparency.mk\/#\/schema\/logo\/image\/\",\"url\":\"https:\/\/transparency.mk\/wp-content\/uploads\/2020\/10\/transparency-mk-logo.png\",\"contentUrl\":\"https:\/\/transparency.mk\/wp-content\/uploads\/2020\/10\/transparency-mk-logo.png\",\"width\":250,\"height\":75,\"caption\":\"\u0422\u0440\u0430\u043d\u0441\u043f\u0430\u0440\u0435\u043d\u0441\u0438 \u0418\u043d\u0442\u0435\u0440\u043d\u0435\u0448\u043d\u043b - \u041c\u0430\u043a\u0435\u0434\u043e\u043d\u0438\u0458\u0430\"},\"image\":{\"@id\":\"https:\/\/transparency.mk\/#\/schema\/logo\/image\/\"},\"sameAs\":[\"https:\/\/www.facebook.com\/TransparencyMK\/\",\"https:\/\/x.com\/ti_macedonia\",\"https:\/\/www.instagram.com\/timacedonia\/\",\"https:\/\/youtube.com\/user\/tzcmacedonia\/\"]},{\"@type\":\"Person\",\"@id\":\"https:\/\/transparency.mk\/#\/schema\/person\/4ab55c47d82a7d099f63f569c223c903\",\"name\":\"TI \u0430\u0434\u043c\u0438\u043d\u0438\u0441\u0442\u0440\u0430\u0442\u043e\u0440\",\"sameAs\":[\"https:\/\/transparency.mk\"]}]}<\/script>\n<!-- \/ Yoast SEO plugin. -->","yoast_head_json":{"title":"Ilmi Selami kryetar i ri i Komisioni Antikorrupsion - Transparency International","robots":{"index":"index","follow":"follow","max-snippet":"max-snippet:-1","max-image-preview":"max-image-preview:large","max-video-preview":"max-video-preview:-1"},"canonical":"https:\/\/transparency.mk\/sq\/2010\/03\/25\/ilmi-selami-kryetar-i-ri-i-komisioni-antikorrupsion\/","og_locale":"sq_AL","og_type":"article","og_title":"Ilmi Selami kryetar i ri i Komisioni Antikorrupsion - Transparency International","og_description":"25.03.2010 Komisioni Shtet\u00ebror p\u00ebr Parandalimin e Korrupsionit (KSHPK) sot n\u00eb seanc\u00eb t\u00eb rregullt me pik\u00eb t\u00eb vetme t\u00eb rendit t\u00eb dit\u00ebs zgjodhi Ilmi Selamin kryetar t\u00eb Komisionit. Selami \u00ebsht\u00eb zgjedhur me kat\u00ebr vota \u201cp\u00ebr\u201d prej gjithsej shtat\u00eb votave, nd\u00ebrsa kund\u00ebrkandidat i tij ishte Zoran Dodovski. &nbsp; \u201cT\u00eb gjith\u00eb nga Komisioni jan\u00eb t\u00eb vet\u00ebdijsh\u00ebm p\u00ebr sfidat&hellip;","og_url":"https:\/\/transparency.mk\/sq\/2010\/03\/25\/ilmi-selami-kryetar-i-ri-i-komisioni-antikorrupsion\/","og_site_name":"Transparency International","article_publisher":"https:\/\/www.facebook.com\/TransparencyMK\/","article_published_time":"2010-03-25T09:01:55+00:00","article_modified_time":"2021-02-15T09:02:17+00:00","og_image":[{"width":429,"height":80,"url":"https:\/\/transparency.mk\/wp-content\/uploads\/2021\/02\/dksk-logo.jpg","type":"image\/jpeg"}],"author":"TI \u0430\u0434\u043c\u0438\u043d\u0438\u0441\u0442\u0440\u0430\u0442\u043e\u0440","twitter_card":"summary_large_image","twitter_creator":"@ti_macedonia","twitter_site":"@ti_macedonia","twitter_misc":{"Written by":"TI \u0430\u0434\u043c\u0438\u043d\u0438\u0441\u0442\u0440\u0430\u0442\u043e\u0440","Est. reading time":"1 minute"},"schema":{"@context":"https:\/\/schema.org","@graph":[{"@type":"Article","@id":"https:\/\/transparency.mk\/sq\/2010\/03\/25\/ilmi-selami-kryetar-i-ri-i-komisioni-antikorrupsion\/#article","isPartOf":{"@id":"https:\/\/transparency.mk\/sq\/2010\/03\/25\/ilmi-selami-kryetar-i-ri-i-komisioni-antikorrupsion\/"},"author":{"name":"TI \u0430\u0434\u043c\u0438\u043d\u0438\u0441\u0442\u0440\u0430\u0442\u043e\u0440","@id":"https:\/\/transparency.mk\/#\/schema\/person\/4ab55c47d82a7d099f63f569c223c903"},"headline":"Ilmi Selami kryetar i ri i Komisioni Antikorrupsion","datePublished":"2010-03-25T09:01:55+00:00","dateModified":"2021-02-15T09:02:17+00:00","mainEntityOfPage":{"@id":"https:\/\/transparency.mk\/sq\/2010\/03\/25\/ilmi-selami-kryetar-i-ri-i-komisioni-antikorrupsion\/"},"wordCount":257,"publisher":{"@id":"https:\/\/transparency.mk\/#organization"},"image":{"@id":"https:\/\/transparency.mk\/sq\/2010\/03\/25\/ilmi-selami-kryetar-i-ri-i-komisioni-antikorrupsion\/#primaryimage"},"thumbnailUrl":"https:\/\/transparency.mk\/wp-content\/uploads\/2021\/02\/dksk-logo.jpg","articleSection":["Lajme"],"inLanguage":"sq-AL"},{"@type":"WebPage","@id":"https:\/\/transparency.mk\/sq\/2010\/03\/25\/ilmi-selami-kryetar-i-ri-i-komisioni-antikorrupsion\/","url":"https:\/\/transparency.mk\/sq\/2010\/03\/25\/ilmi-selami-kryetar-i-ri-i-komisioni-antikorrupsion\/","name":"Ilmi Selami kryetar i ri i Komisioni Antikorrupsion - Transparency International","isPartOf":{"@id":"https:\/\/transparency.mk\/#website"},"primaryImageOfPage":{"@id":"https:\/\/transparency.mk\/sq\/2010\/03\/25\/ilmi-selami-kryetar-i-ri-i-komisioni-antikorrupsion\/#primaryimage"},"image":{"@id":"https:\/\/transparency.mk\/sq\/2010\/03\/25\/ilmi-selami-kryetar-i-ri-i-komisioni-antikorrupsion\/#primaryimage"},"thumbnailUrl":"https:\/\/transparency.mk\/wp-content\/uploads\/2021\/02\/dksk-logo.jpg","datePublished":"2010-03-25T09:01:55+00:00","dateModified":"2021-02-15T09:02:17+00:00","breadcrumb":{"@id":"https:\/\/transparency.mk\/sq\/2010\/03\/25\/ilmi-selami-kryetar-i-ri-i-komisioni-antikorrupsion\/#breadcrumb"},"inLanguage":"sq-AL","potentialAction":[{"@type":"ReadAction","target":["https:\/\/transparency.mk\/sq\/2010\/03\/25\/ilmi-selami-kryetar-i-ri-i-komisioni-antikorrupsion\/"]}]},{"@type":"ImageObject","inLanguage":"sq-AL","@id":"https:\/\/transparency.mk\/sq\/2010\/03\/25\/ilmi-selami-kryetar-i-ri-i-komisioni-antikorrupsion\/#primaryimage","url":"https:\/\/transparency.mk\/wp-content\/uploads\/2021\/02\/dksk-logo.jpg","contentUrl":"https:\/\/transparency.mk\/wp-content\/uploads\/2021\/02\/dksk-logo.jpg","width":429,"height":80},{"@type":"BreadcrumbList","@id":"https:\/\/transparency.mk\/sq\/2010\/03\/25\/ilmi-selami-kryetar-i-ri-i-komisioni-antikorrupsion\/#breadcrumb","itemListElement":[{"@type":"ListItem","position":1,"name":"Home","item":"https:\/\/transparency.mk\/sq\/"},{"@type":"ListItem","position":2,"name":"Ilmi Selami kryetar i ri i Komisioni Antikorrupsion"}]},{"@type":"WebSite","@id":"https:\/\/transparency.mk\/#website","url":"https:\/\/transparency.mk\/","name":"Transparency International","description":"Maqedoni","publisher":{"@id":"https:\/\/transparency.mk\/#organization"},"potentialAction":[{"@type":"SearchAction","target":{"@type":"EntryPoint","urlTemplate":"https:\/\/transparency.mk\/?s={search_term_string}"},"query-input":{"@type":"PropertyValueSpecification","valueRequired":true,"valueName":"search_term_string"}}],"inLanguage":"sq-AL"},{"@type":"Organization","@id":"https:\/\/transparency.mk\/#organization","name":"\u0422\u0440\u0430\u043d\u0441\u043f\u0430\u0440\u0435\u043d\u0441\u0438 \u0418\u043d\u0442\u0435\u0440\u043d\u0435\u0448\u043d\u043b - \u041c\u0430\u043a\u0435\u0434\u043e\u043d\u0438\u0458\u0430","url":"https:\/\/transparency.mk\/","logo":{"@type":"ImageObject","inLanguage":"sq-AL","@id":"https:\/\/transparency.mk\/#\/schema\/logo\/image\/","url":"https:\/\/transparency.mk\/wp-content\/uploads\/2020\/10\/transparency-mk-logo.png","contentUrl":"https:\/\/transparency.mk\/wp-content\/uploads\/2020\/10\/transparency-mk-logo.png","width":250,"height":75,"caption":"\u0422\u0440\u0430\u043d\u0441\u043f\u0430\u0440\u0435\u043d\u0441\u0438 \u0418\u043d\u0442\u0435\u0440\u043d\u0435\u0448\u043d\u043b - \u041c\u0430\u043a\u0435\u0434\u043e\u043d\u0438\u0458\u0430"},"image":{"@id":"https:\/\/transparency.mk\/#\/schema\/logo\/image\/"},"sameAs":["https:\/\/www.facebook.com\/TransparencyMK\/","https:\/\/x.com\/ti_macedonia","https:\/\/www.instagram.com\/timacedonia\/","https:\/\/youtube.com\/user\/tzcmacedonia\/"]},{"@type":"Person","@id":"https:\/\/transparency.mk\/#\/schema\/person\/4ab55c47d82a7d099f63f569c223c903","name":"TI \u0430\u0434\u043c\u0438\u043d\u0438\u0441\u0442\u0440\u0430\u0442\u043e\u0440","sameAs":["https:\/\/transparency.mk"]}]}},"_links":{"self":[{"href":"https:\/\/transparency.mk\/sq\/wp-json\/wp\/v2\/posts\/9428","targetHints":{"allow":["GET"]}}],"collection":[{"href":"https:\/\/transparency.mk\/sq\/wp-json\/wp\/v2\/posts"}],"about":[{"href":"https:\/\/transparency.mk\/sq\/wp-json\/wp\/v2\/types\/post"}],"author":[{"embeddable":true,"href":"https:\/\/transparency.mk\/sq\/wp-json\/wp\/v2\/users\/1"}],"replies":[{"embeddable":true,"href":"https:\/\/transparency.mk\/sq\/wp-json\/wp\/v2\/comments?post=9428"}],"version-history":[{"count":1,"href":"https:\/\/transparency.mk\/sq\/wp-json\/wp\/v2\/posts\/9428\/revisions"}],"predecessor-version":[{"id":9432,"href":"https:\/\/transparency.mk\/sq\/wp-json\/wp\/v2\/posts\/9428\/revisions\/9432"}],"wp:featuredmedia":[{"embeddable":true,"href":"https:\/\/transparency.mk\/sq\/wp-json\/wp\/v2\/media\/9429"}],"wp:attachment":[{"href":"https:\/\/transparency.mk\/sq\/wp-json\/wp\/v2\/media?parent=9428"}],"wp:term":[{"taxonomy":"category","embeddable":true,"href":"https:\/\/transparency.mk\/sq\/wp-json\/wp\/v2\/categories?post=9428"},{"taxonomy":"post_tag","embeddable":true,"href":"https:\/\/transparency.mk\/sq\/wp-json\/wp\/v2\/tags?post=9428"}],"curies":[{"name":"wp","href":"https:\/\/api.w.org\/{rel}","templated":true}]}}