{"id":9433,"date":"2010-04-19T10:02:25","date_gmt":"2010-04-19T08:02:25","guid":{"rendered":"https:\/\/transparency.web.com.mk\/?p=9433"},"modified":"2021-02-15T10:02:40","modified_gmt":"2021-02-15T09:02:40","slug":"zgjedhja-e-ilmi-selamit-ngjarja-bindshem-me-e-paster-ne-muajin-mars","status":"publish","type":"post","link":"https:\/\/transparency.mk\/sq\/2010\/04\/19\/zgjedhja-e-ilmi-selamit-ngjarja-bindshem-me-e-paster-ne-muajin-mars\/","title":{"rendered":"Zgjedhja e Ilmi Selamit \u2013 ngjarja bindsh\u00ebm m\u00eb e past\u00ebr n\u00eb muajin mars"},"content":{"rendered":"<p style=\"font-weight: 400;\">19.04.2010 Zgjedhja e kryetarit t\u00eb ri t\u00eb Komisionit shtet\u00ebror p\u00ebr parandalimin e korrupsionit \u00ebsht\u00eb ngjarja bindsh\u00ebm m\u00eb e past\u00ebr n\u00eb mars t\u00eb k\u00ebtij vit, p\u00ebrderisa i pari n\u00eb mesin e ngjarjeve t\u00eb turbullta \u00ebsht\u00eb mospublikimi i lart\u00ebsis\u00eb s\u00eb borxhit q\u00eb shteti e ka ndaj sektorit privat.<\/p>\n<p>K\u00ebshtu votuan 16 kryeredaktor\u00eb t\u00eb mediumeve elektronike dhe t\u00eb shtypura n\u00eb Maqedoni, t\u00eb cil\u00ebt mor\u00ebn pjes\u00eb n\u00eb anket\u00ebn mujore \u201ePast\u00ebr-Turbullt\u201c t\u00eb Agjencis\u00eb s\u00eb lajmeve Makfaks dhe t\u00eb organizat\u00ebs joqeveritare \u201eTransparenc\u00eb zero korrupsion\u201c.<\/p>\n<p style=\"font-weight: 400;\">\n<p style=\"font-weight: 400;\">Me 15 vota zgjedhja e kryetarit t\u00eb ri t\u00eb Komisionit shtet\u00ebror p\u00ebr parandalimin e korrupsionit Ilmi Selami dhe premtimi se antikorrupsioner\u00ebt do t\u00eb punojn\u00eb n\u00eb m\u00ebnyr\u00eb transparente dhe p\u00ebr \u00e7rr\u00ebnjosjen e parregullsive t\u00eb p\u00ebrmendura n\u00eb raportin e Komisionit Evropian, \u00ebsht\u00eb shpallur ngjarja m\u00eb e past\u00ebr.<\/p>\n<p>Vet\u00ebm nj\u00eb vot\u00eb p\u00ebr ngjarje t\u00eb past\u00ebr mor\u00ebn st\u00ebrvitjet p\u00ebr parandalimin e larjes s\u00eb parave, q\u00eb i organizon Drejtoria p\u00ebr parandalimin e larjes s\u00eb parave dhe financimin e terrorizmit.<\/p>\n<p>M\u00eb s\u00eb shumti, gjithsej shtat\u00eb vota, p\u00ebr ngjarje t\u00eb dyshimt\u00eb fitoi mospublikimi i lart\u00ebsis\u00eb s\u00eb borxhit q\u00eb institucionet shtet\u00ebrore e kan\u00eb ndaj sektorit privat. Biznesmen\u00ebt n\u00eb mars k\u00ebrkuan nga Qeveria t\u00eb dal\u00eb me shifrat e sakta t\u00eb borxhit t\u00eb nd\u00ebrsjell\u00eb, nd\u00ebrsa sipas informatave t\u00eb pav\u00ebrtetuara borxhi i shtetit ndaj ekonomis\u00eb ka arritur 100 milion\u00eb euro.<\/p>\n<p>N\u00eb vendin e dyt\u00eb n\u00eb mesin e ngjarjeve t\u00eb turbullta, me pes\u00eb vota u gjet rasti me gardist\u00ebt \u2013 kriminel\u00eb, prej t\u00eb cil\u00ebve nj\u00ebri \u00ebsht\u00eb i dyshuar p\u00ebr vrasje, nd\u00ebrsa tjetri p\u00ebr pla\u00e7kitje, q\u00eb i hap\u00eb dilemat p\u00ebr m\u00ebnyr\u00ebn e pun\u00ebs s\u00eb pjes\u00ebtar\u00ebve t\u00eb forcave elite t\u00eb siguris\u00eb.<\/p>\n<p>Parregullsit\u00eb dhe shpenzimet joekonomike t\u00eb parave n\u00eb Agjencin\u00eb p\u00ebr investime t\u00eb huaja, t\u00eb p\u00ebrcaktuara nga revizioni shtet\u00ebror u has n\u00eb vendin e tret\u00eb n\u00eb mesin e ngjarjeve t\u00eb turbullta n\u00eb mars t\u00eb k\u00ebtij viti.<\/p>\n<p>N\u00eb anket\u00ebn \u201eBaromet\u00ebr dhe korrupsion\u201c, q\u00eb prej vitit 2005 e zbatojn\u00eb agjencia e lajmeve Makfaks dhe organizata joqeveritare \u201eTransparenc\u00eb zero korrupsion\u201c, n\u00eb muajin mars mor\u00ebn pjes\u00eb redaktor\u00ebt e televizioneve \u04101, Kanal 5, Telma, Alfa TV, Nasha TV, Alsat dhe gazetat\u00a0 Utrinski vesnik, Dnevnik, Vest, Nova Makedonija, Globus, Kapital, Fokus, Lajm, Biznis dhe Forum.<\/p>\n","protected":false},"excerpt":{"rendered":"<p>19.04.2010 Zgjedhja e kryetarit t\u00eb ri t\u00eb Komisionit shtet\u00ebror p\u00ebr parandalimin e korrupsionit \u00ebsht\u00eb ngjarja bindsh\u00ebm m\u00eb e past\u00ebr n\u00eb mars t\u00eb k\u00ebtij vit, p\u00ebrderisa i pari n\u00eb mesin e ngjarjeve t\u00eb turbullta \u00ebsht\u00eb mospublikimi i lart\u00ebsis\u00eb s\u00eb borxhit q\u00eb shteti e ka ndaj sektorit privat. K\u00ebshtu votuan 16 kryeredaktor\u00eb t\u00eb mediumeve elektronike dhe t\u00eb&hellip;<\/p>\n","protected":false},"author":1,"featured_media":0,"comment_status":"closed","ping_status":"open","sticky":false,"template":"","format":"standard","meta":{"_monsterinsights_skip_tracking":false,"_monsterinsights_sitenote_active":false,"_monsterinsights_sitenote_note":"","_monsterinsights_sitenote_category":0,"footnotes":""},"categories":[90],"tags":[],"class_list":["post-9433","post","type-post","status-publish","format-standard","hentry","category-lajme","category-90","description-off"],"yoast_head":"<!-- This site is optimized with the Yoast SEO plugin v25.8 - https:\/\/yoast.com\/wordpress\/plugins\/seo\/ -->\n<title>Zgjedhja e Ilmi Selamit \u2013 ngjarja bindsh\u00ebm m\u00eb e past\u00ebr n\u00eb muajin mars - Transparency International<\/title>\n<meta name=\"robots\" content=\"index, follow, max-snippet:-1, max-image-preview:large, max-video-preview:-1\" \/>\n<link rel=\"canonical\" href=\"https:\/\/transparency.mk\/sq\/2010\/04\/19\/zgjedhja-e-ilmi-selamit-ngjarja-bindshem-me-e-paster-ne-muajin-mars\/\" \/>\n<meta property=\"og:locale\" content=\"sq_AL\" \/>\n<meta property=\"og:type\" content=\"article\" \/>\n<meta property=\"og:title\" content=\"Zgjedhja e Ilmi Selamit \u2013 ngjarja bindsh\u00ebm m\u00eb e past\u00ebr n\u00eb muajin mars - Transparency International\" \/>\n<meta property=\"og:description\" content=\"19.04.2010 Zgjedhja e kryetarit t\u00eb ri t\u00eb Komisionit shtet\u00ebror p\u00ebr parandalimin e korrupsionit \u00ebsht\u00eb ngjarja bindsh\u00ebm m\u00eb e past\u00ebr n\u00eb mars t\u00eb k\u00ebtij vit, p\u00ebrderisa i pari n\u00eb mesin e ngjarjeve t\u00eb turbullta \u00ebsht\u00eb mospublikimi i lart\u00ebsis\u00eb s\u00eb borxhit q\u00eb shteti e ka ndaj sektorit privat. K\u00ebshtu votuan 16 kryeredaktor\u00eb t\u00eb mediumeve elektronike dhe t\u00eb&hellip;\" \/>\n<meta property=\"og:url\" content=\"https:\/\/transparency.mk\/sq\/2010\/04\/19\/zgjedhja-e-ilmi-selamit-ngjarja-bindshem-me-e-paster-ne-muajin-mars\/\" \/>\n<meta property=\"og:site_name\" content=\"Transparency International\" \/>\n<meta property=\"article:publisher\" content=\"https:\/\/www.facebook.com\/TransparencyMK\/\" \/>\n<meta property=\"article:published_time\" content=\"2010-04-19T08:02:25+00:00\" \/>\n<meta property=\"article:modified_time\" content=\"2021-02-15T09:02:40+00:00\" \/>\n<meta name=\"author\" content=\"TI \u0430\u0434\u043c\u0438\u043d\u0438\u0441\u0442\u0440\u0430\u0442\u043e\u0440\" \/>\n<meta name=\"twitter:card\" content=\"summary_large_image\" \/>\n<meta name=\"twitter:creator\" content=\"@ti_macedonia\" \/>\n<meta name=\"twitter:site\" content=\"@ti_macedonia\" \/>\n<meta name=\"twitter:label1\" content=\"Written by\" \/>\n\t<meta name=\"twitter:data1\" content=\"TI \u0430\u0434\u043c\u0438\u043d\u0438\u0441\u0442\u0440\u0430\u0442\u043e\u0440\" \/>\n\t<meta name=\"twitter:label2\" content=\"Est. reading time\" \/>\n\t<meta name=\"twitter:data2\" content=\"2 minutes\" \/>\n<script type=\"application\/ld+json\" class=\"yoast-schema-graph\">{\"@context\":\"https:\/\/schema.org\",\"@graph\":[{\"@type\":\"Article\",\"@id\":\"https:\/\/transparency.mk\/sq\/2010\/04\/19\/zgjedhja-e-ilmi-selamit-ngjarja-bindshem-me-e-paster-ne-muajin-mars\/#article\",\"isPartOf\":{\"@id\":\"https:\/\/transparency.mk\/sq\/2010\/04\/19\/zgjedhja-e-ilmi-selamit-ngjarja-bindshem-me-e-paster-ne-muajin-mars\/\"},\"author\":{\"name\":\"TI \u0430\u0434\u043c\u0438\u043d\u0438\u0441\u0442\u0440\u0430\u0442\u043e\u0440\",\"@id\":\"https:\/\/transparency.mk\/#\/schema\/person\/4ab55c47d82a7d099f63f569c223c903\"},\"headline\":\"Zgjedhja e Ilmi Selamit \u2013 ngjarja bindsh\u00ebm m\u00eb e past\u00ebr n\u00eb muajin mars\",\"datePublished\":\"2010-04-19T08:02:25+00:00\",\"dateModified\":\"2021-02-15T09:02:40+00:00\",\"mainEntityOfPage\":{\"@id\":\"https:\/\/transparency.mk\/sq\/2010\/04\/19\/zgjedhja-e-ilmi-selamit-ngjarja-bindshem-me-e-paster-ne-muajin-mars\/\"},\"wordCount\":406,\"publisher\":{\"@id\":\"https:\/\/transparency.mk\/#organization\"},\"articleSection\":[\"Lajme\"],\"inLanguage\":\"sq-AL\"},{\"@type\":\"WebPage\",\"@id\":\"https:\/\/transparency.mk\/sq\/2010\/04\/19\/zgjedhja-e-ilmi-selamit-ngjarja-bindshem-me-e-paster-ne-muajin-mars\/\",\"url\":\"https:\/\/transparency.mk\/sq\/2010\/04\/19\/zgjedhja-e-ilmi-selamit-ngjarja-bindshem-me-e-paster-ne-muajin-mars\/\",\"name\":\"Zgjedhja e Ilmi Selamit \u2013 ngjarja bindsh\u00ebm m\u00eb e past\u00ebr n\u00eb muajin mars - Transparency International\",\"isPartOf\":{\"@id\":\"https:\/\/transparency.mk\/#website\"},\"datePublished\":\"2010-04-19T08:02:25+00:00\",\"dateModified\":\"2021-02-15T09:02:40+00:00\",\"breadcrumb\":{\"@id\":\"https:\/\/transparency.mk\/sq\/2010\/04\/19\/zgjedhja-e-ilmi-selamit-ngjarja-bindshem-me-e-paster-ne-muajin-mars\/#breadcrumb\"},\"inLanguage\":\"sq-AL\",\"potentialAction\":[{\"@type\":\"ReadAction\",\"target\":[\"https:\/\/transparency.mk\/sq\/2010\/04\/19\/zgjedhja-e-ilmi-selamit-ngjarja-bindshem-me-e-paster-ne-muajin-mars\/\"]}]},{\"@type\":\"BreadcrumbList\",\"@id\":\"https:\/\/transparency.mk\/sq\/2010\/04\/19\/zgjedhja-e-ilmi-selamit-ngjarja-bindshem-me-e-paster-ne-muajin-mars\/#breadcrumb\",\"itemListElement\":[{\"@type\":\"ListItem\",\"position\":1,\"name\":\"Home\",\"item\":\"https:\/\/transparency.mk\/sq\/\"},{\"@type\":\"ListItem\",\"position\":2,\"name\":\"Zgjedhja e Ilmi Selamit \u2013 ngjarja bindsh\u00ebm m\u00eb e past\u00ebr n\u00eb muajin mars\"}]},{\"@type\":\"WebSite\",\"@id\":\"https:\/\/transparency.mk\/#website\",\"url\":\"https:\/\/transparency.mk\/\",\"name\":\"Transparency International\",\"description\":\"Maqedoni\",\"publisher\":{\"@id\":\"https:\/\/transparency.mk\/#organization\"},\"potentialAction\":[{\"@type\":\"SearchAction\",\"target\":{\"@type\":\"EntryPoint\",\"urlTemplate\":\"https:\/\/transparency.mk\/?s={search_term_string}\"},\"query-input\":{\"@type\":\"PropertyValueSpecification\",\"valueRequired\":true,\"valueName\":\"search_term_string\"}}],\"inLanguage\":\"sq-AL\"},{\"@type\":\"Organization\",\"@id\":\"https:\/\/transparency.mk\/#organization\",\"name\":\"\u0422\u0440\u0430\u043d\u0441\u043f\u0430\u0440\u0435\u043d\u0441\u0438 \u0418\u043d\u0442\u0435\u0440\u043d\u0435\u0448\u043d\u043b - \u041c\u0430\u043a\u0435\u0434\u043e\u043d\u0438\u0458\u0430\",\"url\":\"https:\/\/transparency.mk\/\",\"logo\":{\"@type\":\"ImageObject\",\"inLanguage\":\"sq-AL\",\"@id\":\"https:\/\/transparency.mk\/#\/schema\/logo\/image\/\",\"url\":\"https:\/\/transparency.mk\/wp-content\/uploads\/2020\/10\/transparency-mk-logo.png\",\"contentUrl\":\"https:\/\/transparency.mk\/wp-content\/uploads\/2020\/10\/transparency-mk-logo.png\",\"width\":250,\"height\":75,\"caption\":\"\u0422\u0440\u0430\u043d\u0441\u043f\u0430\u0440\u0435\u043d\u0441\u0438 \u0418\u043d\u0442\u0435\u0440\u043d\u0435\u0448\u043d\u043b - \u041c\u0430\u043a\u0435\u0434\u043e\u043d\u0438\u0458\u0430\"},\"image\":{\"@id\":\"https:\/\/transparency.mk\/#\/schema\/logo\/image\/\"},\"sameAs\":[\"https:\/\/www.facebook.com\/TransparencyMK\/\",\"https:\/\/x.com\/ti_macedonia\",\"https:\/\/www.instagram.com\/timacedonia\/\",\"https:\/\/youtube.com\/user\/tzcmacedonia\/\"]},{\"@type\":\"Person\",\"@id\":\"https:\/\/transparency.mk\/#\/schema\/person\/4ab55c47d82a7d099f63f569c223c903\",\"name\":\"TI \u0430\u0434\u043c\u0438\u043d\u0438\u0441\u0442\u0440\u0430\u0442\u043e\u0440\",\"sameAs\":[\"https:\/\/transparency.mk\"]}]}<\/script>\n<!-- \/ Yoast SEO plugin. -->","yoast_head_json":{"title":"Zgjedhja e Ilmi Selamit \u2013 ngjarja bindsh\u00ebm m\u00eb e past\u00ebr n\u00eb muajin mars - Transparency International","robots":{"index":"index","follow":"follow","max-snippet":"max-snippet:-1","max-image-preview":"max-image-preview:large","max-video-preview":"max-video-preview:-1"},"canonical":"https:\/\/transparency.mk\/sq\/2010\/04\/19\/zgjedhja-e-ilmi-selamit-ngjarja-bindshem-me-e-paster-ne-muajin-mars\/","og_locale":"sq_AL","og_type":"article","og_title":"Zgjedhja e Ilmi Selamit \u2013 ngjarja bindsh\u00ebm m\u00eb e past\u00ebr n\u00eb muajin mars - Transparency International","og_description":"19.04.2010 Zgjedhja e kryetarit t\u00eb ri t\u00eb Komisionit shtet\u00ebror p\u00ebr parandalimin e korrupsionit \u00ebsht\u00eb ngjarja bindsh\u00ebm m\u00eb e past\u00ebr n\u00eb mars t\u00eb k\u00ebtij vit, p\u00ebrderisa i pari n\u00eb mesin e ngjarjeve t\u00eb turbullta \u00ebsht\u00eb mospublikimi i lart\u00ebsis\u00eb s\u00eb borxhit q\u00eb shteti e ka ndaj sektorit privat. K\u00ebshtu votuan 16 kryeredaktor\u00eb t\u00eb mediumeve elektronike dhe t\u00eb&hellip;","og_url":"https:\/\/transparency.mk\/sq\/2010\/04\/19\/zgjedhja-e-ilmi-selamit-ngjarja-bindshem-me-e-paster-ne-muajin-mars\/","og_site_name":"Transparency International","article_publisher":"https:\/\/www.facebook.com\/TransparencyMK\/","article_published_time":"2010-04-19T08:02:25+00:00","article_modified_time":"2021-02-15T09:02:40+00:00","author":"TI \u0430\u0434\u043c\u0438\u043d\u0438\u0441\u0442\u0440\u0430\u0442\u043e\u0440","twitter_card":"summary_large_image","twitter_creator":"@ti_macedonia","twitter_site":"@ti_macedonia","twitter_misc":{"Written by":"TI \u0430\u0434\u043c\u0438\u043d\u0438\u0441\u0442\u0440\u0430\u0442\u043e\u0440","Est. reading time":"2 minutes"},"schema":{"@context":"https:\/\/schema.org","@graph":[{"@type":"Article","@id":"https:\/\/transparency.mk\/sq\/2010\/04\/19\/zgjedhja-e-ilmi-selamit-ngjarja-bindshem-me-e-paster-ne-muajin-mars\/#article","isPartOf":{"@id":"https:\/\/transparency.mk\/sq\/2010\/04\/19\/zgjedhja-e-ilmi-selamit-ngjarja-bindshem-me-e-paster-ne-muajin-mars\/"},"author":{"name":"TI \u0430\u0434\u043c\u0438\u043d\u0438\u0441\u0442\u0440\u0430\u0442\u043e\u0440","@id":"https:\/\/transparency.mk\/#\/schema\/person\/4ab55c47d82a7d099f63f569c223c903"},"headline":"Zgjedhja e Ilmi Selamit \u2013 ngjarja bindsh\u00ebm m\u00eb e past\u00ebr n\u00eb muajin mars","datePublished":"2010-04-19T08:02:25+00:00","dateModified":"2021-02-15T09:02:40+00:00","mainEntityOfPage":{"@id":"https:\/\/transparency.mk\/sq\/2010\/04\/19\/zgjedhja-e-ilmi-selamit-ngjarja-bindshem-me-e-paster-ne-muajin-mars\/"},"wordCount":406,"publisher":{"@id":"https:\/\/transparency.mk\/#organization"},"articleSection":["Lajme"],"inLanguage":"sq-AL"},{"@type":"WebPage","@id":"https:\/\/transparency.mk\/sq\/2010\/04\/19\/zgjedhja-e-ilmi-selamit-ngjarja-bindshem-me-e-paster-ne-muajin-mars\/","url":"https:\/\/transparency.mk\/sq\/2010\/04\/19\/zgjedhja-e-ilmi-selamit-ngjarja-bindshem-me-e-paster-ne-muajin-mars\/","name":"Zgjedhja e Ilmi Selamit \u2013 ngjarja bindsh\u00ebm m\u00eb e past\u00ebr n\u00eb muajin mars - Transparency International","isPartOf":{"@id":"https:\/\/transparency.mk\/#website"},"datePublished":"2010-04-19T08:02:25+00:00","dateModified":"2021-02-15T09:02:40+00:00","breadcrumb":{"@id":"https:\/\/transparency.mk\/sq\/2010\/04\/19\/zgjedhja-e-ilmi-selamit-ngjarja-bindshem-me-e-paster-ne-muajin-mars\/#breadcrumb"},"inLanguage":"sq-AL","potentialAction":[{"@type":"ReadAction","target":["https:\/\/transparency.mk\/sq\/2010\/04\/19\/zgjedhja-e-ilmi-selamit-ngjarja-bindshem-me-e-paster-ne-muajin-mars\/"]}]},{"@type":"BreadcrumbList","@id":"https:\/\/transparency.mk\/sq\/2010\/04\/19\/zgjedhja-e-ilmi-selamit-ngjarja-bindshem-me-e-paster-ne-muajin-mars\/#breadcrumb","itemListElement":[{"@type":"ListItem","position":1,"name":"Home","item":"https:\/\/transparency.mk\/sq\/"},{"@type":"ListItem","position":2,"name":"Zgjedhja e Ilmi Selamit \u2013 ngjarja bindsh\u00ebm m\u00eb e past\u00ebr n\u00eb muajin mars"}]},{"@type":"WebSite","@id":"https:\/\/transparency.mk\/#website","url":"https:\/\/transparency.mk\/","name":"Transparency International","description":"Maqedoni","publisher":{"@id":"https:\/\/transparency.mk\/#organization"},"potentialAction":[{"@type":"SearchAction","target":{"@type":"EntryPoint","urlTemplate":"https:\/\/transparency.mk\/?s={search_term_string}"},"query-input":{"@type":"PropertyValueSpecification","valueRequired":true,"valueName":"search_term_string"}}],"inLanguage":"sq-AL"},{"@type":"Organization","@id":"https:\/\/transparency.mk\/#organization","name":"\u0422\u0440\u0430\u043d\u0441\u043f\u0430\u0440\u0435\u043d\u0441\u0438 \u0418\u043d\u0442\u0435\u0440\u043d\u0435\u0448\u043d\u043b - \u041c\u0430\u043a\u0435\u0434\u043e\u043d\u0438\u0458\u0430","url":"https:\/\/transparency.mk\/","logo":{"@type":"ImageObject","inLanguage":"sq-AL","@id":"https:\/\/transparency.mk\/#\/schema\/logo\/image\/","url":"https:\/\/transparency.mk\/wp-content\/uploads\/2020\/10\/transparency-mk-logo.png","contentUrl":"https:\/\/transparency.mk\/wp-content\/uploads\/2020\/10\/transparency-mk-logo.png","width":250,"height":75,"caption":"\u0422\u0440\u0430\u043d\u0441\u043f\u0430\u0440\u0435\u043d\u0441\u0438 \u0418\u043d\u0442\u0435\u0440\u043d\u0435\u0448\u043d\u043b - \u041c\u0430\u043a\u0435\u0434\u043e\u043d\u0438\u0458\u0430"},"image":{"@id":"https:\/\/transparency.mk\/#\/schema\/logo\/image\/"},"sameAs":["https:\/\/www.facebook.com\/TransparencyMK\/","https:\/\/x.com\/ti_macedonia","https:\/\/www.instagram.com\/timacedonia\/","https:\/\/youtube.com\/user\/tzcmacedonia\/"]},{"@type":"Person","@id":"https:\/\/transparency.mk\/#\/schema\/person\/4ab55c47d82a7d099f63f569c223c903","name":"TI \u0430\u0434\u043c\u0438\u043d\u0438\u0441\u0442\u0440\u0430\u0442\u043e\u0440","sameAs":["https:\/\/transparency.mk"]}]}},"_links":{"self":[{"href":"https:\/\/transparency.mk\/sq\/wp-json\/wp\/v2\/posts\/9433","targetHints":{"allow":["GET"]}}],"collection":[{"href":"https:\/\/transparency.mk\/sq\/wp-json\/wp\/v2\/posts"}],"about":[{"href":"https:\/\/transparency.mk\/sq\/wp-json\/wp\/v2\/types\/post"}],"author":[{"embeddable":true,"href":"https:\/\/transparency.mk\/sq\/wp-json\/wp\/v2\/users\/1"}],"replies":[{"embeddable":true,"href":"https:\/\/transparency.mk\/sq\/wp-json\/wp\/v2\/comments?post=9433"}],"version-history":[{"count":1,"href":"https:\/\/transparency.mk\/sq\/wp-json\/wp\/v2\/posts\/9433\/revisions"}],"predecessor-version":[{"id":9434,"href":"https:\/\/transparency.mk\/sq\/wp-json\/wp\/v2\/posts\/9433\/revisions\/9434"}],"wp:attachment":[{"href":"https:\/\/transparency.mk\/sq\/wp-json\/wp\/v2\/media?parent=9433"}],"wp:term":[{"taxonomy":"category","embeddable":true,"href":"https:\/\/transparency.mk\/sq\/wp-json\/wp\/v2\/categories?post=9433"},{"taxonomy":"post_tag","embeddable":true,"href":"https:\/\/transparency.mk\/sq\/wp-json\/wp\/v2\/tags?post=9433"}],"curies":[{"name":"wp","href":"https:\/\/api.w.org\/{rel}","templated":true}]}}