{"id":9435,"date":"2010-05-18T10:02:52","date_gmt":"2010-05-18T08:02:52","guid":{"rendered":"https:\/\/transparency.web.com.mk\/?p=9435"},"modified":"2021-02-15T10:03:13","modified_gmt":"2021-02-15T09:03:13","slug":"aksioni-policor-metastaze-ngjarja-me-e-paster-promotori-ekonomik-me-i-turbullt-ne-prill","status":"publish","type":"post","link":"https:\/\/transparency.mk\/sq\/2010\/05\/18\/aksioni-policor-metastaze-ngjarja-me-e-paster-promotori-ekonomik-me-i-turbullt-ne-prill\/","title":{"rendered":"Aksioni policor \u201eMetastaz\u00eb\u201c ngjarja m\u00eb e past\u00ebr, promotori ekonomik m\u00eb i turbullt n\u00eb prill"},"content":{"rendered":"<p>18.05.2010 Promotori ekonomik, i cili \u00ebsht\u00eb paguar q\u00eb t\u00eb t\u00ebrheq investime t\u00eb huaja, n\u00eb vend se p\u00ebr shtetin ka punuar p\u00ebr nd\u00ebrmarrjen e vet private, \u00ebsht\u00eb ngjarja m\u00eb e turbullt n\u00eb muajin prill.<br \/>\nNd\u00ebrkoh\u00eb aksioni policor \u201eMetastaz\u00eb\u201c, n\u00eb t\u00eb cilin u arrestuan mbi 30 persona t\u00eb dyshuar p\u00ebr aktivitete kriminale rreth dh\u00ebnies s\u00eb vendimeve p\u00ebr t\u00eb marr\u00eb pensione invalidore, \u00ebsht\u00eb ngjarja m\u00eb e turbullt.<br \/>\nK\u00ebshtu vendos\u00ebn 17 kryeredaktor t\u00eb mediumeve elektronike dhe t\u00eb shtypit, t\u00eb cil\u00ebt mor\u00ebn pjes\u00eb n\u00eb anket\u00ebn Past\u00ebr-Turbullt t\u00eb angjencis\u00eb s\u00eb lajmeve Makfaks dhe organizat\u00ebs joqeveritare \u201eTransparenc\u00eb zero-korrupsion\u201c.<\/p>\n<p>&nbsp;<\/p>\n<p>Dhjet\u00eb vota negative mori promotori Filip Petkov, i cili n\u00eb SHBA kishte themeluar nd\u00ebrmarrje n\u00eb t\u00eb nj\u00ebjt\u00ebn koh\u00eb kur Qeveria e d\u00ebrgoi q\u00eb t\u00eb t\u00ebrheq investime t\u00eb huaja.<\/p>\n<p>Ekspert\u00ebt ekonomik\u00eb pohojn\u00eb se secili p\u00ebrfaq\u00ebsues i shtetit, duhet ta vendos biznesin personal n\u00eb pushim, q\u00eb t\u00eb shmang konfliktin eventual t\u00eb interesave n\u00eb funksionin e dyfisht\u00eb t\u00eb diplomat\u00ebve maqedonas.<\/p>\n<p>E dyta n\u00eb zgjedhjen e ngjarjeve t\u00eb turbullta me pes\u00eb vota \u00ebsht\u00eb paralajm\u00ebrimi se raportet e revizionit p\u00ebr pun\u00ebn e institucioneve shtet\u00ebrore dhe ministrive mund t\u00eb mbesin vet\u00ebm n\u00eb let\u00ebr, eventualisht pa u procesuar para gjykatave kompetente, n\u00ebse paraqitet nevoja.<\/p>\n<p>Aksioni \u201eMetastaz\u00eb\u201c n\u00eb t\u00eb cilin policia arrestoi m\u00eb shum\u00eb se 30 persona t\u00eb dyshuar p\u00ebr aktivitete kriminale rreth dh\u00ebnies s\u00eb pensioneve invalidore, dhe b\u00ebri bastisjen e m\u00eb shum\u00eb objekteve, fitoi 15 vota t\u00eb pastra.<\/p>\n<p>Sipas njohurive dhe informatave t\u00eb deritanishme t\u00eb dokumentuara operative p\u00ebr veprime kriminale dhe mallverzime gjat\u00eb dh\u00ebnies s\u00eb pensioneve invalidore, dyshohen 37 persona, t\u00eb cil\u00ebt duke vepruar si grup i organizuar gjegj\u00ebsisht shoqat\u00eb kriminale, ngarkohen se kan\u00eb keqp\u00ebrdorur pozit\u00ebn zyrtare dhe kan\u00eb falsifikuar dokumente.<\/p>\n<p>N\u00eb vendin e par\u00eb t\u00eb k\u00ebsaj liste me pes\u00eb vota hasi rishqyrtimi i projektit \u201eQyteti diellor\u201c nga ana e Gjykat\u00ebs Kushtetuese.<\/p>\n<p>Ekzistojn\u00eb dyshime se plani urbanistik p\u00ebr nd\u00ebrtimin e lokalitetit n\u00eb komun\u00ebn Sopishte \u00ebsht\u00eb miratuar n\u00eb m\u00ebnyr\u00eb jotransparente, dhe t\u00eb paligjshme.<br \/>\nAnketa mujore \u201ePast\u00ebr-Turbullt\u201c e agjencis\u00eb Makfaks dhe organizat\u00ebs joqeveritare \u201eTransparenc\u00eb zero \u2013 korrupsion\u201c e organizojn\u00eb nga viti 2004.<\/p>\n<p>N\u00eb anket\u00ebn p\u00ebr muajin prill mor\u00ebn pjes\u00eb kryeredaktor\u00ebt e televizioneve: A1, Alsat, Alfa, Nasha TV, radio Kanal 77, gazetat e p\u00ebrditshme Biznis, Vreme, Dnevnik, Lajm, Nova Makedonija dhe Utrinski Vesnik, javoret Globus, Fokus, Forum dhe Kapital.<\/p>\n","protected":false},"excerpt":{"rendered":"<p>18.05.2010 Promotori ekonomik, i cili \u00ebsht\u00eb paguar q\u00eb t\u00eb t\u00ebrheq investime t\u00eb huaja, n\u00eb vend se p\u00ebr shtetin ka punuar p\u00ebr nd\u00ebrmarrjen e vet private, \u00ebsht\u00eb ngjarja m\u00eb e turbullt n\u00eb muajin prill. Nd\u00ebrkoh\u00eb aksioni policor \u201eMetastaz\u00eb\u201c, n\u00eb t\u00eb cilin u arrestuan mbi 30 persona t\u00eb dyshuar p\u00ebr aktivitete kriminale rreth dh\u00ebnies s\u00eb vendimeve p\u00ebr&hellip;<\/p>\n","protected":false},"author":1,"featured_media":9436,"comment_status":"closed","ping_status":"open","sticky":false,"template":"","format":"standard","meta":{"_monsterinsights_skip_tracking":false,"_monsterinsights_sitenote_active":false,"_monsterinsights_sitenote_note":"","_monsterinsights_sitenote_category":0,"footnotes":""},"categories":[90],"tags":[],"class_list":["post-9435","post","type-post","status-publish","format-standard","has-post-thumbnail","hentry","category-lajme","category-90","description-off"],"yoast_head":"<!-- This site is optimized with the Yoast SEO plugin v25.8 - https:\/\/yoast.com\/wordpress\/plugins\/seo\/ -->\n<title>Aksioni policor \u201eMetastaz\u00eb\u201c ngjarja m\u00eb e past\u00ebr, promotori ekonomik m\u00eb i turbullt n\u00eb prill - Transparency International<\/title>\n<meta name=\"robots\" content=\"index, follow, max-snippet:-1, max-image-preview:large, max-video-preview:-1\" \/>\n<link rel=\"canonical\" href=\"https:\/\/transparency.mk\/sq\/2010\/05\/18\/aksioni-policor-metastaze-ngjarja-me-e-paster-promotori-ekonomik-me-i-turbullt-ne-prill\/\" \/>\n<meta property=\"og:locale\" content=\"sq_AL\" \/>\n<meta property=\"og:type\" content=\"article\" \/>\n<meta property=\"og:title\" content=\"Aksioni policor \u201eMetastaz\u00eb\u201c ngjarja m\u00eb e past\u00ebr, promotori ekonomik m\u00eb i turbullt n\u00eb prill - Transparency International\" \/>\n<meta property=\"og:description\" content=\"18.05.2010 Promotori ekonomik, i cili \u00ebsht\u00eb paguar q\u00eb t\u00eb t\u00ebrheq investime t\u00eb huaja, n\u00eb vend se p\u00ebr shtetin ka punuar p\u00ebr nd\u00ebrmarrjen e vet private, \u00ebsht\u00eb ngjarja m\u00eb e turbullt n\u00eb muajin prill. Nd\u00ebrkoh\u00eb aksioni policor \u201eMetastaz\u00eb\u201c, n\u00eb t\u00eb cilin u arrestuan mbi 30 persona t\u00eb dyshuar p\u00ebr aktivitete kriminale rreth dh\u00ebnies s\u00eb vendimeve p\u00ebr&hellip;\" \/>\n<meta property=\"og:url\" content=\"https:\/\/transparency.mk\/sq\/2010\/05\/18\/aksioni-policor-metastaze-ngjarja-me-e-paster-promotori-ekonomik-me-i-turbullt-ne-prill\/\" \/>\n<meta property=\"og:site_name\" content=\"Transparency International\" \/>\n<meta property=\"article:publisher\" content=\"https:\/\/www.facebook.com\/TransparencyMK\/\" \/>\n<meta property=\"article:published_time\" content=\"2010-05-18T08:02:52+00:00\" \/>\n<meta property=\"article:modified_time\" content=\"2021-02-15T09:03:13+00:00\" \/>\n<meta property=\"og:image\" content=\"https:\/\/transparency.mk\/wp-content\/uploads\/2021\/02\/doctoreur.jpg\" \/>\n\t<meta property=\"og:image:width\" content=\"230\" \/>\n\t<meta property=\"og:image:height\" content=\"180\" \/>\n\t<meta property=\"og:image:type\" content=\"image\/jpeg\" \/>\n<meta name=\"author\" content=\"TI \u0430\u0434\u043c\u0438\u043d\u0438\u0441\u0442\u0440\u0430\u0442\u043e\u0440\" \/>\n<meta name=\"twitter:card\" content=\"summary_large_image\" \/>\n<meta name=\"twitter:creator\" content=\"@ti_macedonia\" \/>\n<meta name=\"twitter:site\" content=\"@ti_macedonia\" \/>\n<meta name=\"twitter:label1\" content=\"Written by\" \/>\n\t<meta name=\"twitter:data1\" content=\"TI \u0430\u0434\u043c\u0438\u043d\u0438\u0441\u0442\u0440\u0430\u0442\u043e\u0440\" \/>\n\t<meta name=\"twitter:label2\" content=\"Est. reading time\" \/>\n\t<meta name=\"twitter:data2\" content=\"2 minutes\" \/>\n<script type=\"application\/ld+json\" class=\"yoast-schema-graph\">{\"@context\":\"https:\/\/schema.org\",\"@graph\":[{\"@type\":\"Article\",\"@id\":\"https:\/\/transparency.mk\/sq\/2010\/05\/18\/aksioni-policor-metastaze-ngjarja-me-e-paster-promotori-ekonomik-me-i-turbullt-ne-prill\/#article\",\"isPartOf\":{\"@id\":\"https:\/\/transparency.mk\/sq\/2010\/05\/18\/aksioni-policor-metastaze-ngjarja-me-e-paster-promotori-ekonomik-me-i-turbullt-ne-prill\/\"},\"author\":{\"name\":\"TI \u0430\u0434\u043c\u0438\u043d\u0438\u0441\u0442\u0440\u0430\u0442\u043e\u0440\",\"@id\":\"https:\/\/transparency.mk\/#\/schema\/person\/4ab55c47d82a7d099f63f569c223c903\"},\"headline\":\"Aksioni policor \u201eMetastaz\u00eb\u201c ngjarja m\u00eb e past\u00ebr, promotori ekonomik m\u00eb i turbullt n\u00eb prill\",\"datePublished\":\"2010-05-18T08:02:52+00:00\",\"dateModified\":\"2021-02-15T09:03:13+00:00\",\"mainEntityOfPage\":{\"@id\":\"https:\/\/transparency.mk\/sq\/2010\/05\/18\/aksioni-policor-metastaze-ngjarja-me-e-paster-promotori-ekonomik-me-i-turbullt-ne-prill\/\"},\"wordCount\":420,\"publisher\":{\"@id\":\"https:\/\/transparency.mk\/#organization\"},\"image\":{\"@id\":\"https:\/\/transparency.mk\/sq\/2010\/05\/18\/aksioni-policor-metastaze-ngjarja-me-e-paster-promotori-ekonomik-me-i-turbullt-ne-prill\/#primaryimage\"},\"thumbnailUrl\":\"https:\/\/transparency.mk\/wp-content\/uploads\/2021\/02\/doctoreur.jpg\",\"articleSection\":[\"Lajme\"],\"inLanguage\":\"sq-AL\"},{\"@type\":\"WebPage\",\"@id\":\"https:\/\/transparency.mk\/sq\/2010\/05\/18\/aksioni-policor-metastaze-ngjarja-me-e-paster-promotori-ekonomik-me-i-turbullt-ne-prill\/\",\"url\":\"https:\/\/transparency.mk\/sq\/2010\/05\/18\/aksioni-policor-metastaze-ngjarja-me-e-paster-promotori-ekonomik-me-i-turbullt-ne-prill\/\",\"name\":\"Aksioni policor \u201eMetastaz\u00eb\u201c ngjarja m\u00eb e past\u00ebr, promotori ekonomik m\u00eb i turbullt n\u00eb prill - Transparency International\",\"isPartOf\":{\"@id\":\"https:\/\/transparency.mk\/#website\"},\"primaryImageOfPage\":{\"@id\":\"https:\/\/transparency.mk\/sq\/2010\/05\/18\/aksioni-policor-metastaze-ngjarja-me-e-paster-promotori-ekonomik-me-i-turbullt-ne-prill\/#primaryimage\"},\"image\":{\"@id\":\"https:\/\/transparency.mk\/sq\/2010\/05\/18\/aksioni-policor-metastaze-ngjarja-me-e-paster-promotori-ekonomik-me-i-turbullt-ne-prill\/#primaryimage\"},\"thumbnailUrl\":\"https:\/\/transparency.mk\/wp-content\/uploads\/2021\/02\/doctoreur.jpg\",\"datePublished\":\"2010-05-18T08:02:52+00:00\",\"dateModified\":\"2021-02-15T09:03:13+00:00\",\"breadcrumb\":{\"@id\":\"https:\/\/transparency.mk\/sq\/2010\/05\/18\/aksioni-policor-metastaze-ngjarja-me-e-paster-promotori-ekonomik-me-i-turbullt-ne-prill\/#breadcrumb\"},\"inLanguage\":\"sq-AL\",\"potentialAction\":[{\"@type\":\"ReadAction\",\"target\":[\"https:\/\/transparency.mk\/sq\/2010\/05\/18\/aksioni-policor-metastaze-ngjarja-me-e-paster-promotori-ekonomik-me-i-turbullt-ne-prill\/\"]}]},{\"@type\":\"ImageObject\",\"inLanguage\":\"sq-AL\",\"@id\":\"https:\/\/transparency.mk\/sq\/2010\/05\/18\/aksioni-policor-metastaze-ngjarja-me-e-paster-promotori-ekonomik-me-i-turbullt-ne-prill\/#primaryimage\",\"url\":\"https:\/\/transparency.mk\/wp-content\/uploads\/2021\/02\/doctoreur.jpg\",\"contentUrl\":\"https:\/\/transparency.mk\/wp-content\/uploads\/2021\/02\/doctoreur.jpg\",\"width\":230,\"height\":180},{\"@type\":\"BreadcrumbList\",\"@id\":\"https:\/\/transparency.mk\/sq\/2010\/05\/18\/aksioni-policor-metastaze-ngjarja-me-e-paster-promotori-ekonomik-me-i-turbullt-ne-prill\/#breadcrumb\",\"itemListElement\":[{\"@type\":\"ListItem\",\"position\":1,\"name\":\"Home\",\"item\":\"https:\/\/transparency.mk\/sq\/\"},{\"@type\":\"ListItem\",\"position\":2,\"name\":\"Aksioni policor \u201eMetastaz\u00eb\u201c ngjarja m\u00eb e past\u00ebr, promotori ekonomik m\u00eb i turbullt n\u00eb prill\"}]},{\"@type\":\"WebSite\",\"@id\":\"https:\/\/transparency.mk\/#website\",\"url\":\"https:\/\/transparency.mk\/\",\"name\":\"Transparency International\",\"description\":\"Maqedoni\",\"publisher\":{\"@id\":\"https:\/\/transparency.mk\/#organization\"},\"potentialAction\":[{\"@type\":\"SearchAction\",\"target\":{\"@type\":\"EntryPoint\",\"urlTemplate\":\"https:\/\/transparency.mk\/?s={search_term_string}\"},\"query-input\":{\"@type\":\"PropertyValueSpecification\",\"valueRequired\":true,\"valueName\":\"search_term_string\"}}],\"inLanguage\":\"sq-AL\"},{\"@type\":\"Organization\",\"@id\":\"https:\/\/transparency.mk\/#organization\",\"name\":\"\u0422\u0440\u0430\u043d\u0441\u043f\u0430\u0440\u0435\u043d\u0441\u0438 \u0418\u043d\u0442\u0435\u0440\u043d\u0435\u0448\u043d\u043b - \u041c\u0430\u043a\u0435\u0434\u043e\u043d\u0438\u0458\u0430\",\"url\":\"https:\/\/transparency.mk\/\",\"logo\":{\"@type\":\"ImageObject\",\"inLanguage\":\"sq-AL\",\"@id\":\"https:\/\/transparency.mk\/#\/schema\/logo\/image\/\",\"url\":\"https:\/\/transparency.mk\/wp-content\/uploads\/2020\/10\/transparency-mk-logo.png\",\"contentUrl\":\"https:\/\/transparency.mk\/wp-content\/uploads\/2020\/10\/transparency-mk-logo.png\",\"width\":250,\"height\":75,\"caption\":\"\u0422\u0440\u0430\u043d\u0441\u043f\u0430\u0440\u0435\u043d\u0441\u0438 \u0418\u043d\u0442\u0435\u0440\u043d\u0435\u0448\u043d\u043b - \u041c\u0430\u043a\u0435\u0434\u043e\u043d\u0438\u0458\u0430\"},\"image\":{\"@id\":\"https:\/\/transparency.mk\/#\/schema\/logo\/image\/\"},\"sameAs\":[\"https:\/\/www.facebook.com\/TransparencyMK\/\",\"https:\/\/x.com\/ti_macedonia\",\"https:\/\/www.instagram.com\/timacedonia\/\",\"https:\/\/youtube.com\/user\/tzcmacedonia\/\"]},{\"@type\":\"Person\",\"@id\":\"https:\/\/transparency.mk\/#\/schema\/person\/4ab55c47d82a7d099f63f569c223c903\",\"name\":\"TI \u0430\u0434\u043c\u0438\u043d\u0438\u0441\u0442\u0440\u0430\u0442\u043e\u0440\",\"sameAs\":[\"https:\/\/transparency.mk\"]}]}<\/script>\n<!-- \/ Yoast SEO plugin. -->","yoast_head_json":{"title":"Aksioni policor \u201eMetastaz\u00eb\u201c ngjarja m\u00eb e past\u00ebr, promotori ekonomik m\u00eb i turbullt n\u00eb prill - Transparency International","robots":{"index":"index","follow":"follow","max-snippet":"max-snippet:-1","max-image-preview":"max-image-preview:large","max-video-preview":"max-video-preview:-1"},"canonical":"https:\/\/transparency.mk\/sq\/2010\/05\/18\/aksioni-policor-metastaze-ngjarja-me-e-paster-promotori-ekonomik-me-i-turbullt-ne-prill\/","og_locale":"sq_AL","og_type":"article","og_title":"Aksioni policor \u201eMetastaz\u00eb\u201c ngjarja m\u00eb e past\u00ebr, promotori ekonomik m\u00eb i turbullt n\u00eb prill - Transparency International","og_description":"18.05.2010 Promotori ekonomik, i cili \u00ebsht\u00eb paguar q\u00eb t\u00eb t\u00ebrheq investime t\u00eb huaja, n\u00eb vend se p\u00ebr shtetin ka punuar p\u00ebr nd\u00ebrmarrjen e vet private, \u00ebsht\u00eb ngjarja m\u00eb e turbullt n\u00eb muajin prill. Nd\u00ebrkoh\u00eb aksioni policor \u201eMetastaz\u00eb\u201c, n\u00eb t\u00eb cilin u arrestuan mbi 30 persona t\u00eb dyshuar p\u00ebr aktivitete kriminale rreth dh\u00ebnies s\u00eb vendimeve p\u00ebr&hellip;","og_url":"https:\/\/transparency.mk\/sq\/2010\/05\/18\/aksioni-policor-metastaze-ngjarja-me-e-paster-promotori-ekonomik-me-i-turbullt-ne-prill\/","og_site_name":"Transparency International","article_publisher":"https:\/\/www.facebook.com\/TransparencyMK\/","article_published_time":"2010-05-18T08:02:52+00:00","article_modified_time":"2021-02-15T09:03:13+00:00","og_image":[{"width":230,"height":180,"url":"https:\/\/transparency.mk\/wp-content\/uploads\/2021\/02\/doctoreur.jpg","type":"image\/jpeg"}],"author":"TI \u0430\u0434\u043c\u0438\u043d\u0438\u0441\u0442\u0440\u0430\u0442\u043e\u0440","twitter_card":"summary_large_image","twitter_creator":"@ti_macedonia","twitter_site":"@ti_macedonia","twitter_misc":{"Written by":"TI \u0430\u0434\u043c\u0438\u043d\u0438\u0441\u0442\u0440\u0430\u0442\u043e\u0440","Est. reading time":"2 minutes"},"schema":{"@context":"https:\/\/schema.org","@graph":[{"@type":"Article","@id":"https:\/\/transparency.mk\/sq\/2010\/05\/18\/aksioni-policor-metastaze-ngjarja-me-e-paster-promotori-ekonomik-me-i-turbullt-ne-prill\/#article","isPartOf":{"@id":"https:\/\/transparency.mk\/sq\/2010\/05\/18\/aksioni-policor-metastaze-ngjarja-me-e-paster-promotori-ekonomik-me-i-turbullt-ne-prill\/"},"author":{"name":"TI \u0430\u0434\u043c\u0438\u043d\u0438\u0441\u0442\u0440\u0430\u0442\u043e\u0440","@id":"https:\/\/transparency.mk\/#\/schema\/person\/4ab55c47d82a7d099f63f569c223c903"},"headline":"Aksioni policor \u201eMetastaz\u00eb\u201c ngjarja m\u00eb e past\u00ebr, promotori ekonomik m\u00eb i turbullt n\u00eb prill","datePublished":"2010-05-18T08:02:52+00:00","dateModified":"2021-02-15T09:03:13+00:00","mainEntityOfPage":{"@id":"https:\/\/transparency.mk\/sq\/2010\/05\/18\/aksioni-policor-metastaze-ngjarja-me-e-paster-promotori-ekonomik-me-i-turbullt-ne-prill\/"},"wordCount":420,"publisher":{"@id":"https:\/\/transparency.mk\/#organization"},"image":{"@id":"https:\/\/transparency.mk\/sq\/2010\/05\/18\/aksioni-policor-metastaze-ngjarja-me-e-paster-promotori-ekonomik-me-i-turbullt-ne-prill\/#primaryimage"},"thumbnailUrl":"https:\/\/transparency.mk\/wp-content\/uploads\/2021\/02\/doctoreur.jpg","articleSection":["Lajme"],"inLanguage":"sq-AL"},{"@type":"WebPage","@id":"https:\/\/transparency.mk\/sq\/2010\/05\/18\/aksioni-policor-metastaze-ngjarja-me-e-paster-promotori-ekonomik-me-i-turbullt-ne-prill\/","url":"https:\/\/transparency.mk\/sq\/2010\/05\/18\/aksioni-policor-metastaze-ngjarja-me-e-paster-promotori-ekonomik-me-i-turbullt-ne-prill\/","name":"Aksioni policor \u201eMetastaz\u00eb\u201c ngjarja m\u00eb e past\u00ebr, promotori ekonomik m\u00eb i turbullt n\u00eb prill - Transparency International","isPartOf":{"@id":"https:\/\/transparency.mk\/#website"},"primaryImageOfPage":{"@id":"https:\/\/transparency.mk\/sq\/2010\/05\/18\/aksioni-policor-metastaze-ngjarja-me-e-paster-promotori-ekonomik-me-i-turbullt-ne-prill\/#primaryimage"},"image":{"@id":"https:\/\/transparency.mk\/sq\/2010\/05\/18\/aksioni-policor-metastaze-ngjarja-me-e-paster-promotori-ekonomik-me-i-turbullt-ne-prill\/#primaryimage"},"thumbnailUrl":"https:\/\/transparency.mk\/wp-content\/uploads\/2021\/02\/doctoreur.jpg","datePublished":"2010-05-18T08:02:52+00:00","dateModified":"2021-02-15T09:03:13+00:00","breadcrumb":{"@id":"https:\/\/transparency.mk\/sq\/2010\/05\/18\/aksioni-policor-metastaze-ngjarja-me-e-paster-promotori-ekonomik-me-i-turbullt-ne-prill\/#breadcrumb"},"inLanguage":"sq-AL","potentialAction":[{"@type":"ReadAction","target":["https:\/\/transparency.mk\/sq\/2010\/05\/18\/aksioni-policor-metastaze-ngjarja-me-e-paster-promotori-ekonomik-me-i-turbullt-ne-prill\/"]}]},{"@type":"ImageObject","inLanguage":"sq-AL","@id":"https:\/\/transparency.mk\/sq\/2010\/05\/18\/aksioni-policor-metastaze-ngjarja-me-e-paster-promotori-ekonomik-me-i-turbullt-ne-prill\/#primaryimage","url":"https:\/\/transparency.mk\/wp-content\/uploads\/2021\/02\/doctoreur.jpg","contentUrl":"https:\/\/transparency.mk\/wp-content\/uploads\/2021\/02\/doctoreur.jpg","width":230,"height":180},{"@type":"BreadcrumbList","@id":"https:\/\/transparency.mk\/sq\/2010\/05\/18\/aksioni-policor-metastaze-ngjarja-me-e-paster-promotori-ekonomik-me-i-turbullt-ne-prill\/#breadcrumb","itemListElement":[{"@type":"ListItem","position":1,"name":"Home","item":"https:\/\/transparency.mk\/sq\/"},{"@type":"ListItem","position":2,"name":"Aksioni policor \u201eMetastaz\u00eb\u201c ngjarja m\u00eb e past\u00ebr, promotori ekonomik m\u00eb i turbullt n\u00eb prill"}]},{"@type":"WebSite","@id":"https:\/\/transparency.mk\/#website","url":"https:\/\/transparency.mk\/","name":"Transparency International","description":"Maqedoni","publisher":{"@id":"https:\/\/transparency.mk\/#organization"},"potentialAction":[{"@type":"SearchAction","target":{"@type":"EntryPoint","urlTemplate":"https:\/\/transparency.mk\/?s={search_term_string}"},"query-input":{"@type":"PropertyValueSpecification","valueRequired":true,"valueName":"search_term_string"}}],"inLanguage":"sq-AL"},{"@type":"Organization","@id":"https:\/\/transparency.mk\/#organization","name":"\u0422\u0440\u0430\u043d\u0441\u043f\u0430\u0440\u0435\u043d\u0441\u0438 \u0418\u043d\u0442\u0435\u0440\u043d\u0435\u0448\u043d\u043b - \u041c\u0430\u043a\u0435\u0434\u043e\u043d\u0438\u0458\u0430","url":"https:\/\/transparency.mk\/","logo":{"@type":"ImageObject","inLanguage":"sq-AL","@id":"https:\/\/transparency.mk\/#\/schema\/logo\/image\/","url":"https:\/\/transparency.mk\/wp-content\/uploads\/2020\/10\/transparency-mk-logo.png","contentUrl":"https:\/\/transparency.mk\/wp-content\/uploads\/2020\/10\/transparency-mk-logo.png","width":250,"height":75,"caption":"\u0422\u0440\u0430\u043d\u0441\u043f\u0430\u0440\u0435\u043d\u0441\u0438 \u0418\u043d\u0442\u0435\u0440\u043d\u0435\u0448\u043d\u043b - \u041c\u0430\u043a\u0435\u0434\u043e\u043d\u0438\u0458\u0430"},"image":{"@id":"https:\/\/transparency.mk\/#\/schema\/logo\/image\/"},"sameAs":["https:\/\/www.facebook.com\/TransparencyMK\/","https:\/\/x.com\/ti_macedonia","https:\/\/www.instagram.com\/timacedonia\/","https:\/\/youtube.com\/user\/tzcmacedonia\/"]},{"@type":"Person","@id":"https:\/\/transparency.mk\/#\/schema\/person\/4ab55c47d82a7d099f63f569c223c903","name":"TI \u0430\u0434\u043c\u0438\u043d\u0438\u0441\u0442\u0440\u0430\u0442\u043e\u0440","sameAs":["https:\/\/transparency.mk"]}]}},"_links":{"self":[{"href":"https:\/\/transparency.mk\/sq\/wp-json\/wp\/v2\/posts\/9435","targetHints":{"allow":["GET"]}}],"collection":[{"href":"https:\/\/transparency.mk\/sq\/wp-json\/wp\/v2\/posts"}],"about":[{"href":"https:\/\/transparency.mk\/sq\/wp-json\/wp\/v2\/types\/post"}],"author":[{"embeddable":true,"href":"https:\/\/transparency.mk\/sq\/wp-json\/wp\/v2\/users\/1"}],"replies":[{"embeddable":true,"href":"https:\/\/transparency.mk\/sq\/wp-json\/wp\/v2\/comments?post=9435"}],"version-history":[{"count":1,"href":"https:\/\/transparency.mk\/sq\/wp-json\/wp\/v2\/posts\/9435\/revisions"}],"predecessor-version":[{"id":9439,"href":"https:\/\/transparency.mk\/sq\/wp-json\/wp\/v2\/posts\/9435\/revisions\/9439"}],"wp:featuredmedia":[{"embeddable":true,"href":"https:\/\/transparency.mk\/sq\/wp-json\/wp\/v2\/media\/9436"}],"wp:attachment":[{"href":"https:\/\/transparency.mk\/sq\/wp-json\/wp\/v2\/media?parent=9435"}],"wp:term":[{"taxonomy":"category","embeddable":true,"href":"https:\/\/transparency.mk\/sq\/wp-json\/wp\/v2\/categories?post=9435"},{"taxonomy":"post_tag","embeddable":true,"href":"https:\/\/transparency.mk\/sq\/wp-json\/wp\/v2\/tags?post=9435"}],"curies":[{"name":"wp","href":"https:\/\/api.w.org\/{rel}","templated":true}]}}