{"id":9470,"date":"2012-08-29T10:08:50","date_gmt":"2012-08-29T08:08:50","guid":{"rendered":"https:\/\/transparency.web.com.mk\/?p=9470"},"modified":"2021-02-15T10:09:41","modified_gmt":"2021-02-15T09:09:41","slug":"gjykimi-i-menaxhereve-te-maxhar-telekom-it-shtyhet-ne-kohe-te-pacaktuar","status":"publish","type":"post","link":"https:\/\/transparency.mk\/sq\/2012\/08\/29\/gjykimi-i-menaxhereve-te-maxhar-telekom-it-shtyhet-ne-kohe-te-pacaktuar\/","title":{"rendered":"Gjykimi i menaxher\u00ebve t\u00eb Maxhar Telekom-it shtyhet n\u00eb koh\u00eb t\u00eb pacaktuar"},"content":{"rendered":"<p>29.08.2012 Procesi gjyq\u00ebsor n\u00eb Nju Jork kund\u00ebr tre drejtuesit\u00a0 nga kompania telekomunikuese \u201cMaxhar Telekom\u201d(ish MATAV), jan\u00eb t\u00eb akuzuar\u00a0 se kan\u00eb dh\u00ebn\u00eb ryshfet politikan\u00ebve\u00a0 n\u00eb Maqedoni dhe Mali t\u00eb Zi p\u00ebr t\u00eb parandaluar konkurimi e k\u00ebtyre treg\u00ebve, t\u00eb h\u00ebn\u00ebn ishte shtyar p\u00ebr koh\u00eb t\u00eb pacaktuar. Siq informojn\u00eb nga Gjykata e Qarkut Jugor n\u00eb Nju Jork, seanca e dyt\u00eb t\u00eb gjykimit \u00ebsht\u00eb shtyar\u00a0 deri sa mbaron procesi\u00a0 i p\u00ebrcaktimit t\u00eb nd\u00ebrlidhje eventuale mes gjykat\u00ebsi\u00a0 dhe klienteve.<br \/>\nProcesi\u00a0 mbahet kund\u00ebr Elek Shtraub, Andrash Balog dhe Tamas Morvai ish persona udh\u00ebheq\u00ebse n\u00eb Maxhar Telekom-i, kompani a, t\u00eb cila n\u00ebp\u00ebrmjet\u00a0 e saj, Doj\u00e7e Telekom ka investuar n\u00eb Maqedoni dhe Mali t\u00eb Zi. Akuzimi u ngrit Komisioni amerikan p\u00ebr letra me vler\u00eb(SEC)<\/p>\n<p>&nbsp;<\/p>\n<p align=\"justify\">N\u00eb Mal t\u00eb Zi, drejtuesit e &#8220;Telekom Magyar&#8221; akuzohet se n\u00eb vitin 2005 potplatile politikan\u00ebt malazez\u00eb p\u00ebr t\u00eb leht\u00ebsuar shtet\u00ebrore blerjes &#8220;Telecom Malin e Zi&#8221; nga &#8220;Magyar Telekom&#8221;.<br \/>\nN\u00eb Maqedoni, Shtraub, Balog dhe Morvai\u00a0 t\u00eb akuzuar n\u00eb pranver\u00ebn 2005, kan\u00eb n\u00ebnshkruar nj\u00eb kontrat\u00eb me zyrtar\u00ebt t\u00eb larta t\u00eb dy partive m\u00eb t\u00eb m\u00ebdha n\u00eb qeverin\u00eb maqedonase p\u00ebr t\u00eb parandaluar hapjen e\u00a0 m\u00ebtejshme t\u00eb tregut t\u00eb telekomunikacioneve Maqedonase. P\u00ebr k\u00ebt\u00eb q\u00ebllim, sipas aktakuz\u00ebs s\u00eb ngritur nga drejtor\u00ebt e komisionit KSHZ t\u00eb Magjar Telekom-it kan\u00eb siguruar t\u00eb Telekomuniakocioni i Maqedonis\u00eb n\u00ebprmjet nd\u00ebrmjet\u00ebsi grek, q\u00eb t\u00eb paguajn\u00eb rreth gjasht\u00eb milione dollar\u00eb t\u00eb cialt kan\u00eb p\u00ebrfunduar p\u00ebr ryshfet t\u00eb zyrtar\u00ebt maqedonase. KSHZ-ja akuzon Balog dhe Morvai q\u00eb n\u00eb shkurt 2005, kur n\u00eb nj\u00eb hetim i brendsh\u00ebm t\u00eb Magjar Telekomit ka zbuluar k\u00ebt\u00eb rast, u p\u00ebrpoq t\u00eb skat\u00ebrruar\u00a0 d\u00ebshmite.<br \/>\nN\u00eb Mal t\u00eb Zi. Drejtyesit t\u00eb Magjar Telekom akuzohen se n\u00eb vitin 2005 kan\u00eb dh\u00ebn\u00eb ryshfet politikan\u00ebve malazez\u00eb, p\u00ebr t\u00eb lehtesuar blerjen e Telekomi\u00a0 Shtetror t\u00eb Mal i Zi nga ana e Magjar Telekom.<\/p>\n<p>Procesi, duke nisur kund\u00ebr Doj\u00e7e Telekom, dhe tani kund\u00ebr Shtraub, Balog dhe Morvai udh\u00ebheqet nga ligji amerikan p\u00ebr veprat penale korruptive jasht\u00eb shtetit, i cili lejon autoritetet amerikane t\u00eb marin procedimet kund\u00ebr kompanive q\u00eb kan\u00eb dh\u00ebn\u00eb ryfshet t\u00eb zyrtar\u00ebve t\u00eb shteteve t\u00eb huaja. N\u00eb procesin e par\u00eb, kund\u00ebr kompanive Magjar Telekom dhe Doj\u00e7e Telekom, ata kan\u00eb paguar mbi 95.000.000$ d\u00ebnim t\u00eb zyrtar\u00ebt amerikan n\u00eb lidhje me korrupcioni n\u00eb Maqedoni dhe mali i Zi. N\u00eb procesin aktual, kund\u00ebr\u00a0 Shtraub, Balog dhe Morvai. KSHZ k\u00ebrkon tre menaxher\u00eb t\u00eb gjobiten me t\u00eb holla urdh\u00ebr p\u00ebr kthimin e pronave q\u00eb ata e kan\u00eb fituar me k\u00ebt\u00eb veprim dhe ndalimin i p\u00ebrs\u00ebritj\u00ebs s\u00eb shkeljeve t\u00eb ligjit.<\/p>\n<p align=\"justify\">\n<p align=\"justify\"><i>Botimi: Vecer<\/i><\/p>\n","protected":false},"excerpt":{"rendered":"<p>29.08.2012 Procesi gjyq\u00ebsor n\u00eb Nju Jork kund\u00ebr tre drejtuesit\u00a0 nga kompania telekomunikuese \u201cMaxhar Telekom\u201d(ish MATAV), jan\u00eb t\u00eb akuzuar\u00a0 se kan\u00eb dh\u00ebn\u00eb ryshfet politikan\u00ebve\u00a0 n\u00eb Maqedoni dhe Mali t\u00eb Zi p\u00ebr t\u00eb parandaluar konkurimi e k\u00ebtyre treg\u00ebve, t\u00eb h\u00ebn\u00ebn ishte shtyar p\u00ebr koh\u00eb t\u00eb pacaktuar. Siq informojn\u00eb nga Gjykata e Qarkut Jugor n\u00eb Nju Jork, seanca&hellip;<\/p>\n","protected":false},"author":1,"featured_media":9471,"comment_status":"closed","ping_status":"open","sticky":false,"template":"","format":"standard","meta":{"_monsterinsights_skip_tracking":false,"_monsterinsights_sitenote_active":false,"_monsterinsights_sitenote_note":"","_monsterinsights_sitenote_category":0,"footnotes":""},"categories":[90],"tags":[],"class_list":["post-9470","post","type-post","status-publish","format-standard","has-post-thumbnail","hentry","category-lajme","category-90","description-off"],"yoast_head":"<!-- This site is optimized with the Yoast SEO plugin v25.8 - https:\/\/yoast.com\/wordpress\/plugins\/seo\/ -->\n<title>Gjykimi i menaxher\u00ebve t\u00eb Maxhar Telekom-it shtyhet n\u00eb koh\u00eb t\u00eb pacaktuar - Transparency International<\/title>\n<meta name=\"robots\" content=\"index, follow, max-snippet:-1, max-image-preview:large, max-video-preview:-1\" \/>\n<link rel=\"canonical\" href=\"https:\/\/transparency.mk\/sq\/2012\/08\/29\/gjykimi-i-menaxhereve-te-maxhar-telekom-it-shtyhet-ne-kohe-te-pacaktuar\/\" \/>\n<meta property=\"og:locale\" content=\"sq_AL\" \/>\n<meta property=\"og:type\" content=\"article\" \/>\n<meta property=\"og:title\" content=\"Gjykimi i menaxher\u00ebve t\u00eb Maxhar Telekom-it shtyhet n\u00eb koh\u00eb t\u00eb pacaktuar - Transparency International\" \/>\n<meta property=\"og:description\" content=\"29.08.2012 Procesi gjyq\u00ebsor n\u00eb Nju Jork kund\u00ebr tre drejtuesit\u00a0 nga kompania telekomunikuese \u201cMaxhar Telekom\u201d(ish MATAV), jan\u00eb t\u00eb akuzuar\u00a0 se kan\u00eb dh\u00ebn\u00eb ryshfet politikan\u00ebve\u00a0 n\u00eb Maqedoni dhe Mali t\u00eb Zi p\u00ebr t\u00eb parandaluar konkurimi e k\u00ebtyre treg\u00ebve, t\u00eb h\u00ebn\u00ebn ishte shtyar p\u00ebr koh\u00eb t\u00eb pacaktuar. Siq informojn\u00eb nga Gjykata e Qarkut Jugor n\u00eb Nju Jork, seanca&hellip;\" \/>\n<meta property=\"og:url\" content=\"https:\/\/transparency.mk\/sq\/2012\/08\/29\/gjykimi-i-menaxhereve-te-maxhar-telekom-it-shtyhet-ne-kohe-te-pacaktuar\/\" \/>\n<meta property=\"og:site_name\" content=\"Transparency International\" \/>\n<meta property=\"article:publisher\" content=\"https:\/\/www.facebook.com\/TransparencyMK\/\" \/>\n<meta property=\"article:published_time\" content=\"2012-08-29T08:08:50+00:00\" \/>\n<meta property=\"article:modified_time\" content=\"2021-02-15T09:09:41+00:00\" \/>\n<meta property=\"og:image\" content=\"https:\/\/transparency.mk\/wp-content\/uploads\/2021\/02\/magyar_telekom.jpg\" \/>\n\t<meta property=\"og:image:width\" content=\"250\" \/>\n\t<meta property=\"og:image:height\" content=\"167\" \/>\n\t<meta property=\"og:image:type\" content=\"image\/jpeg\" \/>\n<meta name=\"author\" content=\"TI \u0430\u0434\u043c\u0438\u043d\u0438\u0441\u0442\u0440\u0430\u0442\u043e\u0440\" \/>\n<meta name=\"twitter:card\" content=\"summary_large_image\" \/>\n<meta name=\"twitter:creator\" content=\"@ti_macedonia\" \/>\n<meta name=\"twitter:site\" content=\"@ti_macedonia\" \/>\n<meta name=\"twitter:label1\" content=\"Written by\" \/>\n\t<meta name=\"twitter:data1\" content=\"TI \u0430\u0434\u043c\u0438\u043d\u0438\u0441\u0442\u0440\u0430\u0442\u043e\u0440\" \/>\n\t<meta name=\"twitter:label2\" content=\"Est. reading time\" \/>\n\t<meta name=\"twitter:data2\" content=\"2 minutes\" \/>\n<script type=\"application\/ld+json\" class=\"yoast-schema-graph\">{\"@context\":\"https:\/\/schema.org\",\"@graph\":[{\"@type\":\"Article\",\"@id\":\"https:\/\/transparency.mk\/sq\/2012\/08\/29\/gjykimi-i-menaxhereve-te-maxhar-telekom-it-shtyhet-ne-kohe-te-pacaktuar\/#article\",\"isPartOf\":{\"@id\":\"https:\/\/transparency.mk\/sq\/2012\/08\/29\/gjykimi-i-menaxhereve-te-maxhar-telekom-it-shtyhet-ne-kohe-te-pacaktuar\/\"},\"author\":{\"name\":\"TI \u0430\u0434\u043c\u0438\u043d\u0438\u0441\u0442\u0440\u0430\u0442\u043e\u0440\",\"@id\":\"https:\/\/transparency.mk\/#\/schema\/person\/4ab55c47d82a7d099f63f569c223c903\"},\"headline\":\"Gjykimi i menaxher\u00ebve t\u00eb Maxhar Telekom-it shtyhet n\u00eb koh\u00eb t\u00eb pacaktuar\",\"datePublished\":\"2012-08-29T08:08:50+00:00\",\"dateModified\":\"2021-02-15T09:09:41+00:00\",\"mainEntityOfPage\":{\"@id\":\"https:\/\/transparency.mk\/sq\/2012\/08\/29\/gjykimi-i-menaxhereve-te-maxhar-telekom-it-shtyhet-ne-kohe-te-pacaktuar\/\"},\"wordCount\":475,\"publisher\":{\"@id\":\"https:\/\/transparency.mk\/#organization\"},\"image\":{\"@id\":\"https:\/\/transparency.mk\/sq\/2012\/08\/29\/gjykimi-i-menaxhereve-te-maxhar-telekom-it-shtyhet-ne-kohe-te-pacaktuar\/#primaryimage\"},\"thumbnailUrl\":\"https:\/\/transparency.mk\/wp-content\/uploads\/2021\/02\/magyar_telekom.jpg\",\"articleSection\":[\"Lajme\"],\"inLanguage\":\"sq-AL\"},{\"@type\":\"WebPage\",\"@id\":\"https:\/\/transparency.mk\/sq\/2012\/08\/29\/gjykimi-i-menaxhereve-te-maxhar-telekom-it-shtyhet-ne-kohe-te-pacaktuar\/\",\"url\":\"https:\/\/transparency.mk\/sq\/2012\/08\/29\/gjykimi-i-menaxhereve-te-maxhar-telekom-it-shtyhet-ne-kohe-te-pacaktuar\/\",\"name\":\"Gjykimi i menaxher\u00ebve t\u00eb Maxhar Telekom-it shtyhet n\u00eb koh\u00eb t\u00eb pacaktuar - Transparency International\",\"isPartOf\":{\"@id\":\"https:\/\/transparency.mk\/#website\"},\"primaryImageOfPage\":{\"@id\":\"https:\/\/transparency.mk\/sq\/2012\/08\/29\/gjykimi-i-menaxhereve-te-maxhar-telekom-it-shtyhet-ne-kohe-te-pacaktuar\/#primaryimage\"},\"image\":{\"@id\":\"https:\/\/transparency.mk\/sq\/2012\/08\/29\/gjykimi-i-menaxhereve-te-maxhar-telekom-it-shtyhet-ne-kohe-te-pacaktuar\/#primaryimage\"},\"thumbnailUrl\":\"https:\/\/transparency.mk\/wp-content\/uploads\/2021\/02\/magyar_telekom.jpg\",\"datePublished\":\"2012-08-29T08:08:50+00:00\",\"dateModified\":\"2021-02-15T09:09:41+00:00\",\"breadcrumb\":{\"@id\":\"https:\/\/transparency.mk\/sq\/2012\/08\/29\/gjykimi-i-menaxhereve-te-maxhar-telekom-it-shtyhet-ne-kohe-te-pacaktuar\/#breadcrumb\"},\"inLanguage\":\"sq-AL\",\"potentialAction\":[{\"@type\":\"ReadAction\",\"target\":[\"https:\/\/transparency.mk\/sq\/2012\/08\/29\/gjykimi-i-menaxhereve-te-maxhar-telekom-it-shtyhet-ne-kohe-te-pacaktuar\/\"]}]},{\"@type\":\"ImageObject\",\"inLanguage\":\"sq-AL\",\"@id\":\"https:\/\/transparency.mk\/sq\/2012\/08\/29\/gjykimi-i-menaxhereve-te-maxhar-telekom-it-shtyhet-ne-kohe-te-pacaktuar\/#primaryimage\",\"url\":\"https:\/\/transparency.mk\/wp-content\/uploads\/2021\/02\/magyar_telekom.jpg\",\"contentUrl\":\"https:\/\/transparency.mk\/wp-content\/uploads\/2021\/02\/magyar_telekom.jpg\",\"width\":250,\"height\":167},{\"@type\":\"BreadcrumbList\",\"@id\":\"https:\/\/transparency.mk\/sq\/2012\/08\/29\/gjykimi-i-menaxhereve-te-maxhar-telekom-it-shtyhet-ne-kohe-te-pacaktuar\/#breadcrumb\",\"itemListElement\":[{\"@type\":\"ListItem\",\"position\":1,\"name\":\"Home\",\"item\":\"https:\/\/transparency.mk\/sq\/\"},{\"@type\":\"ListItem\",\"position\":2,\"name\":\"Gjykimi i menaxher\u00ebve t\u00eb Maxhar Telekom-it shtyhet n\u00eb koh\u00eb t\u00eb pacaktuar\"}]},{\"@type\":\"WebSite\",\"@id\":\"https:\/\/transparency.mk\/#website\",\"url\":\"https:\/\/transparency.mk\/\",\"name\":\"Transparency International\",\"description\":\"Maqedoni\",\"publisher\":{\"@id\":\"https:\/\/transparency.mk\/#organization\"},\"potentialAction\":[{\"@type\":\"SearchAction\",\"target\":{\"@type\":\"EntryPoint\",\"urlTemplate\":\"https:\/\/transparency.mk\/?s={search_term_string}\"},\"query-input\":{\"@type\":\"PropertyValueSpecification\",\"valueRequired\":true,\"valueName\":\"search_term_string\"}}],\"inLanguage\":\"sq-AL\"},{\"@type\":\"Organization\",\"@id\":\"https:\/\/transparency.mk\/#organization\",\"name\":\"\u0422\u0440\u0430\u043d\u0441\u043f\u0430\u0440\u0435\u043d\u0441\u0438 \u0418\u043d\u0442\u0435\u0440\u043d\u0435\u0448\u043d\u043b - \u041c\u0430\u043a\u0435\u0434\u043e\u043d\u0438\u0458\u0430\",\"url\":\"https:\/\/transparency.mk\/\",\"logo\":{\"@type\":\"ImageObject\",\"inLanguage\":\"sq-AL\",\"@id\":\"https:\/\/transparency.mk\/#\/schema\/logo\/image\/\",\"url\":\"https:\/\/transparency.mk\/wp-content\/uploads\/2020\/10\/transparency-mk-logo.png\",\"contentUrl\":\"https:\/\/transparency.mk\/wp-content\/uploads\/2020\/10\/transparency-mk-logo.png\",\"width\":250,\"height\":75,\"caption\":\"\u0422\u0440\u0430\u043d\u0441\u043f\u0430\u0440\u0435\u043d\u0441\u0438 \u0418\u043d\u0442\u0435\u0440\u043d\u0435\u0448\u043d\u043b - \u041c\u0430\u043a\u0435\u0434\u043e\u043d\u0438\u0458\u0430\"},\"image\":{\"@id\":\"https:\/\/transparency.mk\/#\/schema\/logo\/image\/\"},\"sameAs\":[\"https:\/\/www.facebook.com\/TransparencyMK\/\",\"https:\/\/x.com\/ti_macedonia\",\"https:\/\/www.instagram.com\/timacedonia\/\",\"https:\/\/youtube.com\/user\/tzcmacedonia\/\"]},{\"@type\":\"Person\",\"@id\":\"https:\/\/transparency.mk\/#\/schema\/person\/4ab55c47d82a7d099f63f569c223c903\",\"name\":\"TI \u0430\u0434\u043c\u0438\u043d\u0438\u0441\u0442\u0440\u0430\u0442\u043e\u0440\",\"sameAs\":[\"https:\/\/transparency.mk\"]}]}<\/script>\n<!-- \/ Yoast SEO plugin. -->","yoast_head_json":{"title":"Gjykimi i menaxher\u00ebve t\u00eb Maxhar Telekom-it shtyhet n\u00eb koh\u00eb t\u00eb pacaktuar - Transparency International","robots":{"index":"index","follow":"follow","max-snippet":"max-snippet:-1","max-image-preview":"max-image-preview:large","max-video-preview":"max-video-preview:-1"},"canonical":"https:\/\/transparency.mk\/sq\/2012\/08\/29\/gjykimi-i-menaxhereve-te-maxhar-telekom-it-shtyhet-ne-kohe-te-pacaktuar\/","og_locale":"sq_AL","og_type":"article","og_title":"Gjykimi i menaxher\u00ebve t\u00eb Maxhar Telekom-it shtyhet n\u00eb koh\u00eb t\u00eb pacaktuar - Transparency International","og_description":"29.08.2012 Procesi gjyq\u00ebsor n\u00eb Nju Jork kund\u00ebr tre drejtuesit\u00a0 nga kompania telekomunikuese \u201cMaxhar Telekom\u201d(ish MATAV), jan\u00eb t\u00eb akuzuar\u00a0 se kan\u00eb dh\u00ebn\u00eb ryshfet politikan\u00ebve\u00a0 n\u00eb Maqedoni dhe Mali t\u00eb Zi p\u00ebr t\u00eb parandaluar konkurimi e k\u00ebtyre treg\u00ebve, t\u00eb h\u00ebn\u00ebn ishte shtyar p\u00ebr koh\u00eb t\u00eb pacaktuar. Siq informojn\u00eb nga Gjykata e Qarkut Jugor n\u00eb Nju Jork, seanca&hellip;","og_url":"https:\/\/transparency.mk\/sq\/2012\/08\/29\/gjykimi-i-menaxhereve-te-maxhar-telekom-it-shtyhet-ne-kohe-te-pacaktuar\/","og_site_name":"Transparency International","article_publisher":"https:\/\/www.facebook.com\/TransparencyMK\/","article_published_time":"2012-08-29T08:08:50+00:00","article_modified_time":"2021-02-15T09:09:41+00:00","og_image":[{"width":250,"height":167,"url":"https:\/\/transparency.mk\/wp-content\/uploads\/2021\/02\/magyar_telekom.jpg","type":"image\/jpeg"}],"author":"TI \u0430\u0434\u043c\u0438\u043d\u0438\u0441\u0442\u0440\u0430\u0442\u043e\u0440","twitter_card":"summary_large_image","twitter_creator":"@ti_macedonia","twitter_site":"@ti_macedonia","twitter_misc":{"Written by":"TI \u0430\u0434\u043c\u0438\u043d\u0438\u0441\u0442\u0440\u0430\u0442\u043e\u0440","Est. reading time":"2 minutes"},"schema":{"@context":"https:\/\/schema.org","@graph":[{"@type":"Article","@id":"https:\/\/transparency.mk\/sq\/2012\/08\/29\/gjykimi-i-menaxhereve-te-maxhar-telekom-it-shtyhet-ne-kohe-te-pacaktuar\/#article","isPartOf":{"@id":"https:\/\/transparency.mk\/sq\/2012\/08\/29\/gjykimi-i-menaxhereve-te-maxhar-telekom-it-shtyhet-ne-kohe-te-pacaktuar\/"},"author":{"name":"TI \u0430\u0434\u043c\u0438\u043d\u0438\u0441\u0442\u0440\u0430\u0442\u043e\u0440","@id":"https:\/\/transparency.mk\/#\/schema\/person\/4ab55c47d82a7d099f63f569c223c903"},"headline":"Gjykimi i menaxher\u00ebve t\u00eb Maxhar Telekom-it shtyhet n\u00eb koh\u00eb t\u00eb pacaktuar","datePublished":"2012-08-29T08:08:50+00:00","dateModified":"2021-02-15T09:09:41+00:00","mainEntityOfPage":{"@id":"https:\/\/transparency.mk\/sq\/2012\/08\/29\/gjykimi-i-menaxhereve-te-maxhar-telekom-it-shtyhet-ne-kohe-te-pacaktuar\/"},"wordCount":475,"publisher":{"@id":"https:\/\/transparency.mk\/#organization"},"image":{"@id":"https:\/\/transparency.mk\/sq\/2012\/08\/29\/gjykimi-i-menaxhereve-te-maxhar-telekom-it-shtyhet-ne-kohe-te-pacaktuar\/#primaryimage"},"thumbnailUrl":"https:\/\/transparency.mk\/wp-content\/uploads\/2021\/02\/magyar_telekom.jpg","articleSection":["Lajme"],"inLanguage":"sq-AL"},{"@type":"WebPage","@id":"https:\/\/transparency.mk\/sq\/2012\/08\/29\/gjykimi-i-menaxhereve-te-maxhar-telekom-it-shtyhet-ne-kohe-te-pacaktuar\/","url":"https:\/\/transparency.mk\/sq\/2012\/08\/29\/gjykimi-i-menaxhereve-te-maxhar-telekom-it-shtyhet-ne-kohe-te-pacaktuar\/","name":"Gjykimi i menaxher\u00ebve t\u00eb Maxhar Telekom-it shtyhet n\u00eb koh\u00eb t\u00eb pacaktuar - Transparency International","isPartOf":{"@id":"https:\/\/transparency.mk\/#website"},"primaryImageOfPage":{"@id":"https:\/\/transparency.mk\/sq\/2012\/08\/29\/gjykimi-i-menaxhereve-te-maxhar-telekom-it-shtyhet-ne-kohe-te-pacaktuar\/#primaryimage"},"image":{"@id":"https:\/\/transparency.mk\/sq\/2012\/08\/29\/gjykimi-i-menaxhereve-te-maxhar-telekom-it-shtyhet-ne-kohe-te-pacaktuar\/#primaryimage"},"thumbnailUrl":"https:\/\/transparency.mk\/wp-content\/uploads\/2021\/02\/magyar_telekom.jpg","datePublished":"2012-08-29T08:08:50+00:00","dateModified":"2021-02-15T09:09:41+00:00","breadcrumb":{"@id":"https:\/\/transparency.mk\/sq\/2012\/08\/29\/gjykimi-i-menaxhereve-te-maxhar-telekom-it-shtyhet-ne-kohe-te-pacaktuar\/#breadcrumb"},"inLanguage":"sq-AL","potentialAction":[{"@type":"ReadAction","target":["https:\/\/transparency.mk\/sq\/2012\/08\/29\/gjykimi-i-menaxhereve-te-maxhar-telekom-it-shtyhet-ne-kohe-te-pacaktuar\/"]}]},{"@type":"ImageObject","inLanguage":"sq-AL","@id":"https:\/\/transparency.mk\/sq\/2012\/08\/29\/gjykimi-i-menaxhereve-te-maxhar-telekom-it-shtyhet-ne-kohe-te-pacaktuar\/#primaryimage","url":"https:\/\/transparency.mk\/wp-content\/uploads\/2021\/02\/magyar_telekom.jpg","contentUrl":"https:\/\/transparency.mk\/wp-content\/uploads\/2021\/02\/magyar_telekom.jpg","width":250,"height":167},{"@type":"BreadcrumbList","@id":"https:\/\/transparency.mk\/sq\/2012\/08\/29\/gjykimi-i-menaxhereve-te-maxhar-telekom-it-shtyhet-ne-kohe-te-pacaktuar\/#breadcrumb","itemListElement":[{"@type":"ListItem","position":1,"name":"Home","item":"https:\/\/transparency.mk\/sq\/"},{"@type":"ListItem","position":2,"name":"Gjykimi i menaxher\u00ebve t\u00eb Maxhar Telekom-it shtyhet n\u00eb koh\u00eb t\u00eb pacaktuar"}]},{"@type":"WebSite","@id":"https:\/\/transparency.mk\/#website","url":"https:\/\/transparency.mk\/","name":"Transparency International","description":"Maqedoni","publisher":{"@id":"https:\/\/transparency.mk\/#organization"},"potentialAction":[{"@type":"SearchAction","target":{"@type":"EntryPoint","urlTemplate":"https:\/\/transparency.mk\/?s={search_term_string}"},"query-input":{"@type":"PropertyValueSpecification","valueRequired":true,"valueName":"search_term_string"}}],"inLanguage":"sq-AL"},{"@type":"Organization","@id":"https:\/\/transparency.mk\/#organization","name":"\u0422\u0440\u0430\u043d\u0441\u043f\u0430\u0440\u0435\u043d\u0441\u0438 \u0418\u043d\u0442\u0435\u0440\u043d\u0435\u0448\u043d\u043b - \u041c\u0430\u043a\u0435\u0434\u043e\u043d\u0438\u0458\u0430","url":"https:\/\/transparency.mk\/","logo":{"@type":"ImageObject","inLanguage":"sq-AL","@id":"https:\/\/transparency.mk\/#\/schema\/logo\/image\/","url":"https:\/\/transparency.mk\/wp-content\/uploads\/2020\/10\/transparency-mk-logo.png","contentUrl":"https:\/\/transparency.mk\/wp-content\/uploads\/2020\/10\/transparency-mk-logo.png","width":250,"height":75,"caption":"\u0422\u0440\u0430\u043d\u0441\u043f\u0430\u0440\u0435\u043d\u0441\u0438 \u0418\u043d\u0442\u0435\u0440\u043d\u0435\u0448\u043d\u043b - \u041c\u0430\u043a\u0435\u0434\u043e\u043d\u0438\u0458\u0430"},"image":{"@id":"https:\/\/transparency.mk\/#\/schema\/logo\/image\/"},"sameAs":["https:\/\/www.facebook.com\/TransparencyMK\/","https:\/\/x.com\/ti_macedonia","https:\/\/www.instagram.com\/timacedonia\/","https:\/\/youtube.com\/user\/tzcmacedonia\/"]},{"@type":"Person","@id":"https:\/\/transparency.mk\/#\/schema\/person\/4ab55c47d82a7d099f63f569c223c903","name":"TI \u0430\u0434\u043c\u0438\u043d\u0438\u0441\u0442\u0440\u0430\u0442\u043e\u0440","sameAs":["https:\/\/transparency.mk"]}]}},"_links":{"self":[{"href":"https:\/\/transparency.mk\/sq\/wp-json\/wp\/v2\/posts\/9470","targetHints":{"allow":["GET"]}}],"collection":[{"href":"https:\/\/transparency.mk\/sq\/wp-json\/wp\/v2\/posts"}],"about":[{"href":"https:\/\/transparency.mk\/sq\/wp-json\/wp\/v2\/types\/post"}],"author":[{"embeddable":true,"href":"https:\/\/transparency.mk\/sq\/wp-json\/wp\/v2\/users\/1"}],"replies":[{"embeddable":true,"href":"https:\/\/transparency.mk\/sq\/wp-json\/wp\/v2\/comments?post=9470"}],"version-history":[{"count":1,"href":"https:\/\/transparency.mk\/sq\/wp-json\/wp\/v2\/posts\/9470\/revisions"}],"predecessor-version":[{"id":9474,"href":"https:\/\/transparency.mk\/sq\/wp-json\/wp\/v2\/posts\/9470\/revisions\/9474"}],"wp:featuredmedia":[{"embeddable":true,"href":"https:\/\/transparency.mk\/sq\/wp-json\/wp\/v2\/media\/9471"}],"wp:attachment":[{"href":"https:\/\/transparency.mk\/sq\/wp-json\/wp\/v2\/media?parent=9470"}],"wp:term":[{"taxonomy":"category","embeddable":true,"href":"https:\/\/transparency.mk\/sq\/wp-json\/wp\/v2\/categories?post=9470"},{"taxonomy":"post_tag","embeddable":true,"href":"https:\/\/transparency.mk\/sq\/wp-json\/wp\/v2\/tags?post=9470"}],"curies":[{"name":"wp","href":"https:\/\/api.w.org\/{rel}","templated":true}]}}