{"id":9479,"date":"2012-09-20T10:11:45","date_gmt":"2012-09-20T08:11:45","guid":{"rendered":"https:\/\/transparency.web.com.mk\/?p=9479"},"modified":"2021-02-15T10:12:29","modified_gmt":"2021-02-15T09:12:29","slug":"keshilli-i-evropes-maqedonia-progres-ne-efikasitetin-e-gjyqesise","status":"publish","type":"post","link":"https:\/\/transparency.mk\/sq\/2012\/09\/20\/keshilli-i-evropes-maqedonia-progres-ne-efikasitetin-e-gjyqesise\/","title":{"rendered":"K\u00ebshilli i Evrop\u00ebs: Maqedonia, progres n\u00eb efikasitetin e gjyq\u00ebsis\u00eb"},"content":{"rendered":"<div>Strasburg, 20 shtator &#8211; K\u00ebshilli i Evrop\u00ebs do t\u00eb vler\u00ebsoj\u00eb n\u00eb raportin e saj p\u00ebr Maqedonin\u00eb se efikasiteti gjyq\u00ebsorit n\u00eb vendin ton\u00eb ka sh\u00ebnuar p\u00ebrparim.<\/div>\n<div>Lajmi b\u00ebhet i ditur nga Agjencia \u201cMIA\u201d, ku thuhet se sot pritet t\u00eb publikohet raporti i Komisionit p\u00ebr Efikasitet t\u00eb Gjyq\u00ebsis\u00eb pran\u00eb K\u00ebshillit t\u00eb Evrop\u00ebs, ku jepen t\u00eb dh\u00ebna dhe statistika q\u00eb i provojn\u00eb pohimet e saj.<\/div>\n<div><\/div>\n<div>Sipas k\u00ebtij raporti, detajet e t\u00eb cilit i sjell \u201cMIA\u201d, Maqedonia radhitet n\u00eb mesin e Evrop\u00ebs p\u00ebr nga periudha mesatare e zgjidhjes s\u00eb nj\u00eb l\u00ebnde \u2013 pra, nevojiten mesatarisht 259 dit\u00eb p\u00ebr t\u2019i dh\u00ebn\u00eb fund nj\u00eb l\u00ebnde.<\/div>\n<div>M\u00eb tej, n\u00eb raport thuhet se Maqedonia \u00ebsht\u00eb vendi ku procedurat p\u00ebr shkuror\u00ebzim kryhen m\u00eb s\u00eb shpejti n\u00eb Evrop\u00eb, edhe at\u00eb p\u00ebr 117 dit\u00eb n\u00eb vitin 2010.<\/div>\n<div>\u201cKur t\u00eb shihet se Maqedonia ndan p\u00ebr gjyq\u00ebsin\u00eb vet\u00ebm 14 euro n\u00eb vjet p\u00ebr kok\u00eb banori, krahasimi me Franc\u00ebn nuk ka kuptim. Por, ajo mundet t\u00eb krahasohet me vendet e rajonit, si Serbia, Bosnja dhe Hercegovina, gjegj\u00ebsisht Maqedonia ndan m\u00eb shum\u00eb mjete se Shqip\u00ebria ose Moldavia. Ajo ndodhet n\u00eb mesataren e shteteve t\u00eb rajonit\u201d, ka theksuar Sekretari i Komisionit p\u00ebr Efikasitet t\u00eb Gjyq\u00ebsis\u00eb pran\u00eb K\u00ebshillit t\u00eb Evrop\u00ebs, Stefan Lejenberzhe.<\/div>\n<div>Ai ka deklaruar se q\u00ebllimi i raportit nuk \u00ebsht\u00eb rangimi i 47 shteteve-an\u00ebtare t\u00eb K\u00ebshillit t\u00eb Evrop\u00ebs, por instrument i v\u00ebn\u00eb n\u00eb dispozicion t\u00eb autoriteteve shtet\u00ebrore p\u00ebr t\u00eb mundur ata vet\u00eb t\u00eb b\u00ebjn\u00eb krahasim me shtetet e tjera.<\/div>\n<div><\/div>\n<div>\u00a0Burim: Zhurnal<\/div>\n","protected":false},"excerpt":{"rendered":"<p>Strasburg, 20 shtator &#8211; K\u00ebshilli i Evrop\u00ebs do t\u00eb vler\u00ebsoj\u00eb n\u00eb raportin e saj p\u00ebr Maqedonin\u00eb se efikasiteti gjyq\u00ebsorit n\u00eb vendin ton\u00eb ka sh\u00ebnuar p\u00ebrparim. Lajmi b\u00ebhet i ditur nga Agjencia \u201cMIA\u201d, ku thuhet se sot pritet t\u00eb publikohet raporti i Komisionit p\u00ebr Efikasitet t\u00eb Gjyq\u00ebsis\u00eb pran\u00eb K\u00ebshillit t\u00eb Evrop\u00ebs, ku jepen t\u00eb dh\u00ebna dhe&hellip;<\/p>\n","protected":false},"author":1,"featured_media":9480,"comment_status":"closed","ping_status":"open","sticky":false,"template":"","format":"standard","meta":{"_monsterinsights_skip_tracking":false,"_monsterinsights_sitenote_active":false,"_monsterinsights_sitenote_note":"","_monsterinsights_sitenote_category":0,"footnotes":""},"categories":[90],"tags":[],"class_list":["post-9479","post","type-post","status-publish","format-standard","has-post-thumbnail","hentry","category-lajme","category-90","description-off"],"yoast_head":"<!-- This site is optimized with the Yoast SEO plugin v25.8 - https:\/\/yoast.com\/wordpress\/plugins\/seo\/ -->\n<title>K\u00ebshilli i Evrop\u00ebs: Maqedonia, progres n\u00eb efikasitetin e gjyq\u00ebsis\u00eb - Transparency International<\/title>\n<meta name=\"robots\" content=\"index, follow, max-snippet:-1, max-image-preview:large, max-video-preview:-1\" \/>\n<link rel=\"canonical\" href=\"https:\/\/transparency.mk\/sq\/2012\/09\/20\/keshilli-i-evropes-maqedonia-progres-ne-efikasitetin-e-gjyqesise\/\" \/>\n<meta property=\"og:locale\" content=\"sq_AL\" \/>\n<meta property=\"og:type\" content=\"article\" \/>\n<meta property=\"og:title\" content=\"K\u00ebshilli i Evrop\u00ebs: Maqedonia, progres n\u00eb efikasitetin e gjyq\u00ebsis\u00eb - Transparency International\" \/>\n<meta property=\"og:description\" content=\"Strasburg, 20 shtator &#8211; K\u00ebshilli i Evrop\u00ebs do t\u00eb vler\u00ebsoj\u00eb n\u00eb raportin e saj p\u00ebr Maqedonin\u00eb se efikasiteti gjyq\u00ebsorit n\u00eb vendin ton\u00eb ka sh\u00ebnuar p\u00ebrparim. Lajmi b\u00ebhet i ditur nga Agjencia \u201cMIA\u201d, ku thuhet se sot pritet t\u00eb publikohet raporti i Komisionit p\u00ebr Efikasitet t\u00eb Gjyq\u00ebsis\u00eb pran\u00eb K\u00ebshillit t\u00eb Evrop\u00ebs, ku jepen t\u00eb dh\u00ebna dhe&hellip;\" \/>\n<meta property=\"og:url\" content=\"https:\/\/transparency.mk\/sq\/2012\/09\/20\/keshilli-i-evropes-maqedonia-progres-ne-efikasitetin-e-gjyqesise\/\" \/>\n<meta property=\"og:site_name\" content=\"Transparency International\" \/>\n<meta property=\"article:publisher\" content=\"https:\/\/www.facebook.com\/TransparencyMK\/\" \/>\n<meta property=\"article:published_time\" content=\"2012-09-20T08:11:45+00:00\" \/>\n<meta property=\"article:modified_time\" content=\"2021-02-15T09:12:29+00:00\" \/>\n<meta property=\"og:image\" content=\"https:\/\/transparency.mk\/wp-content\/uploads\/2021\/02\/councilofeurope.jpg\" \/>\n\t<meta property=\"og:image:width\" content=\"400\" \/>\n\t<meta property=\"og:image:height\" content=\"365\" \/>\n\t<meta property=\"og:image:type\" content=\"image\/jpeg\" \/>\n<meta name=\"author\" content=\"TI \u0430\u0434\u043c\u0438\u043d\u0438\u0441\u0442\u0440\u0430\u0442\u043e\u0440\" \/>\n<meta name=\"twitter:card\" content=\"summary_large_image\" \/>\n<meta name=\"twitter:creator\" content=\"@ti_macedonia\" \/>\n<meta name=\"twitter:site\" content=\"@ti_macedonia\" \/>\n<meta name=\"twitter:label1\" content=\"Written by\" \/>\n\t<meta name=\"twitter:data1\" content=\"TI \u0430\u0434\u043c\u0438\u043d\u0438\u0441\u0442\u0440\u0430\u0442\u043e\u0440\" \/>\n\t<meta name=\"twitter:label2\" content=\"Est. reading time\" \/>\n\t<meta name=\"twitter:data2\" content=\"1 minute\" \/>\n<script type=\"application\/ld+json\" class=\"yoast-schema-graph\">{\"@context\":\"https:\/\/schema.org\",\"@graph\":[{\"@type\":\"Article\",\"@id\":\"https:\/\/transparency.mk\/sq\/2012\/09\/20\/keshilli-i-evropes-maqedonia-progres-ne-efikasitetin-e-gjyqesise\/#article\",\"isPartOf\":{\"@id\":\"https:\/\/transparency.mk\/sq\/2012\/09\/20\/keshilli-i-evropes-maqedonia-progres-ne-efikasitetin-e-gjyqesise\/\"},\"author\":{\"name\":\"TI \u0430\u0434\u043c\u0438\u043d\u0438\u0441\u0442\u0440\u0430\u0442\u043e\u0440\",\"@id\":\"https:\/\/transparency.mk\/#\/schema\/person\/4ab55c47d82a7d099f63f569c223c903\"},\"headline\":\"K\u00ebshilli i Evrop\u00ebs: Maqedonia, progres n\u00eb efikasitetin e gjyq\u00ebsis\u00eb\",\"datePublished\":\"2012-09-20T08:11:45+00:00\",\"dateModified\":\"2021-02-15T09:12:29+00:00\",\"mainEntityOfPage\":{\"@id\":\"https:\/\/transparency.mk\/sq\/2012\/09\/20\/keshilli-i-evropes-maqedonia-progres-ne-efikasitetin-e-gjyqesise\/\"},\"wordCount\":283,\"publisher\":{\"@id\":\"https:\/\/transparency.mk\/#organization\"},\"image\":{\"@id\":\"https:\/\/transparency.mk\/sq\/2012\/09\/20\/keshilli-i-evropes-maqedonia-progres-ne-efikasitetin-e-gjyqesise\/#primaryimage\"},\"thumbnailUrl\":\"https:\/\/transparency.mk\/wp-content\/uploads\/2021\/02\/councilofeurope.jpg\",\"articleSection\":[\"Lajme\"],\"inLanguage\":\"sq-AL\"},{\"@type\":\"WebPage\",\"@id\":\"https:\/\/transparency.mk\/sq\/2012\/09\/20\/keshilli-i-evropes-maqedonia-progres-ne-efikasitetin-e-gjyqesise\/\",\"url\":\"https:\/\/transparency.mk\/sq\/2012\/09\/20\/keshilli-i-evropes-maqedonia-progres-ne-efikasitetin-e-gjyqesise\/\",\"name\":\"K\u00ebshilli i Evrop\u00ebs: Maqedonia, progres n\u00eb efikasitetin e gjyq\u00ebsis\u00eb - Transparency International\",\"isPartOf\":{\"@id\":\"https:\/\/transparency.mk\/#website\"},\"primaryImageOfPage\":{\"@id\":\"https:\/\/transparency.mk\/sq\/2012\/09\/20\/keshilli-i-evropes-maqedonia-progres-ne-efikasitetin-e-gjyqesise\/#primaryimage\"},\"image\":{\"@id\":\"https:\/\/transparency.mk\/sq\/2012\/09\/20\/keshilli-i-evropes-maqedonia-progres-ne-efikasitetin-e-gjyqesise\/#primaryimage\"},\"thumbnailUrl\":\"https:\/\/transparency.mk\/wp-content\/uploads\/2021\/02\/councilofeurope.jpg\",\"datePublished\":\"2012-09-20T08:11:45+00:00\",\"dateModified\":\"2021-02-15T09:12:29+00:00\",\"breadcrumb\":{\"@id\":\"https:\/\/transparency.mk\/sq\/2012\/09\/20\/keshilli-i-evropes-maqedonia-progres-ne-efikasitetin-e-gjyqesise\/#breadcrumb\"},\"inLanguage\":\"sq-AL\",\"potentialAction\":[{\"@type\":\"ReadAction\",\"target\":[\"https:\/\/transparency.mk\/sq\/2012\/09\/20\/keshilli-i-evropes-maqedonia-progres-ne-efikasitetin-e-gjyqesise\/\"]}]},{\"@type\":\"ImageObject\",\"inLanguage\":\"sq-AL\",\"@id\":\"https:\/\/transparency.mk\/sq\/2012\/09\/20\/keshilli-i-evropes-maqedonia-progres-ne-efikasitetin-e-gjyqesise\/#primaryimage\",\"url\":\"https:\/\/transparency.mk\/wp-content\/uploads\/2021\/02\/councilofeurope.jpg\",\"contentUrl\":\"https:\/\/transparency.mk\/wp-content\/uploads\/2021\/02\/councilofeurope.jpg\",\"width\":400,\"height\":365},{\"@type\":\"BreadcrumbList\",\"@id\":\"https:\/\/transparency.mk\/sq\/2012\/09\/20\/keshilli-i-evropes-maqedonia-progres-ne-efikasitetin-e-gjyqesise\/#breadcrumb\",\"itemListElement\":[{\"@type\":\"ListItem\",\"position\":1,\"name\":\"Home\",\"item\":\"https:\/\/transparency.mk\/sq\/\"},{\"@type\":\"ListItem\",\"position\":2,\"name\":\"K\u00ebshilli i Evrop\u00ebs: Maqedonia, progres n\u00eb efikasitetin e gjyq\u00ebsis\u00eb\"}]},{\"@type\":\"WebSite\",\"@id\":\"https:\/\/transparency.mk\/#website\",\"url\":\"https:\/\/transparency.mk\/\",\"name\":\"Transparency International\",\"description\":\"Maqedoni\",\"publisher\":{\"@id\":\"https:\/\/transparency.mk\/#organization\"},\"potentialAction\":[{\"@type\":\"SearchAction\",\"target\":{\"@type\":\"EntryPoint\",\"urlTemplate\":\"https:\/\/transparency.mk\/?s={search_term_string}\"},\"query-input\":{\"@type\":\"PropertyValueSpecification\",\"valueRequired\":true,\"valueName\":\"search_term_string\"}}],\"inLanguage\":\"sq-AL\"},{\"@type\":\"Organization\",\"@id\":\"https:\/\/transparency.mk\/#organization\",\"name\":\"\u0422\u0440\u0430\u043d\u0441\u043f\u0430\u0440\u0435\u043d\u0441\u0438 \u0418\u043d\u0442\u0435\u0440\u043d\u0435\u0448\u043d\u043b - \u041c\u0430\u043a\u0435\u0434\u043e\u043d\u0438\u0458\u0430\",\"url\":\"https:\/\/transparency.mk\/\",\"logo\":{\"@type\":\"ImageObject\",\"inLanguage\":\"sq-AL\",\"@id\":\"https:\/\/transparency.mk\/#\/schema\/logo\/image\/\",\"url\":\"https:\/\/transparency.mk\/wp-content\/uploads\/2020\/10\/transparency-mk-logo.png\",\"contentUrl\":\"https:\/\/transparency.mk\/wp-content\/uploads\/2020\/10\/transparency-mk-logo.png\",\"width\":250,\"height\":75,\"caption\":\"\u0422\u0440\u0430\u043d\u0441\u043f\u0430\u0440\u0435\u043d\u0441\u0438 \u0418\u043d\u0442\u0435\u0440\u043d\u0435\u0448\u043d\u043b - \u041c\u0430\u043a\u0435\u0434\u043e\u043d\u0438\u0458\u0430\"},\"image\":{\"@id\":\"https:\/\/transparency.mk\/#\/schema\/logo\/image\/\"},\"sameAs\":[\"https:\/\/www.facebook.com\/TransparencyMK\/\",\"https:\/\/x.com\/ti_macedonia\",\"https:\/\/www.instagram.com\/timacedonia\/\",\"https:\/\/youtube.com\/user\/tzcmacedonia\/\"]},{\"@type\":\"Person\",\"@id\":\"https:\/\/transparency.mk\/#\/schema\/person\/4ab55c47d82a7d099f63f569c223c903\",\"name\":\"TI \u0430\u0434\u043c\u0438\u043d\u0438\u0441\u0442\u0440\u0430\u0442\u043e\u0440\",\"sameAs\":[\"https:\/\/transparency.mk\"]}]}<\/script>\n<!-- \/ Yoast SEO plugin. -->","yoast_head_json":{"title":"K\u00ebshilli i Evrop\u00ebs: Maqedonia, progres n\u00eb efikasitetin e gjyq\u00ebsis\u00eb - Transparency International","robots":{"index":"index","follow":"follow","max-snippet":"max-snippet:-1","max-image-preview":"max-image-preview:large","max-video-preview":"max-video-preview:-1"},"canonical":"https:\/\/transparency.mk\/sq\/2012\/09\/20\/keshilli-i-evropes-maqedonia-progres-ne-efikasitetin-e-gjyqesise\/","og_locale":"sq_AL","og_type":"article","og_title":"K\u00ebshilli i Evrop\u00ebs: Maqedonia, progres n\u00eb efikasitetin e gjyq\u00ebsis\u00eb - Transparency International","og_description":"Strasburg, 20 shtator &#8211; K\u00ebshilli i Evrop\u00ebs do t\u00eb vler\u00ebsoj\u00eb n\u00eb raportin e saj p\u00ebr Maqedonin\u00eb se efikasiteti gjyq\u00ebsorit n\u00eb vendin ton\u00eb ka sh\u00ebnuar p\u00ebrparim. Lajmi b\u00ebhet i ditur nga Agjencia \u201cMIA\u201d, ku thuhet se sot pritet t\u00eb publikohet raporti i Komisionit p\u00ebr Efikasitet t\u00eb Gjyq\u00ebsis\u00eb pran\u00eb K\u00ebshillit t\u00eb Evrop\u00ebs, ku jepen t\u00eb dh\u00ebna dhe&hellip;","og_url":"https:\/\/transparency.mk\/sq\/2012\/09\/20\/keshilli-i-evropes-maqedonia-progres-ne-efikasitetin-e-gjyqesise\/","og_site_name":"Transparency International","article_publisher":"https:\/\/www.facebook.com\/TransparencyMK\/","article_published_time":"2012-09-20T08:11:45+00:00","article_modified_time":"2021-02-15T09:12:29+00:00","og_image":[{"width":400,"height":365,"url":"https:\/\/transparency.mk\/wp-content\/uploads\/2021\/02\/councilofeurope.jpg","type":"image\/jpeg"}],"author":"TI \u0430\u0434\u043c\u0438\u043d\u0438\u0441\u0442\u0440\u0430\u0442\u043e\u0440","twitter_card":"summary_large_image","twitter_creator":"@ti_macedonia","twitter_site":"@ti_macedonia","twitter_misc":{"Written by":"TI \u0430\u0434\u043c\u0438\u043d\u0438\u0441\u0442\u0440\u0430\u0442\u043e\u0440","Est. reading time":"1 minute"},"schema":{"@context":"https:\/\/schema.org","@graph":[{"@type":"Article","@id":"https:\/\/transparency.mk\/sq\/2012\/09\/20\/keshilli-i-evropes-maqedonia-progres-ne-efikasitetin-e-gjyqesise\/#article","isPartOf":{"@id":"https:\/\/transparency.mk\/sq\/2012\/09\/20\/keshilli-i-evropes-maqedonia-progres-ne-efikasitetin-e-gjyqesise\/"},"author":{"name":"TI \u0430\u0434\u043c\u0438\u043d\u0438\u0441\u0442\u0440\u0430\u0442\u043e\u0440","@id":"https:\/\/transparency.mk\/#\/schema\/person\/4ab55c47d82a7d099f63f569c223c903"},"headline":"K\u00ebshilli i Evrop\u00ebs: Maqedonia, progres n\u00eb efikasitetin e gjyq\u00ebsis\u00eb","datePublished":"2012-09-20T08:11:45+00:00","dateModified":"2021-02-15T09:12:29+00:00","mainEntityOfPage":{"@id":"https:\/\/transparency.mk\/sq\/2012\/09\/20\/keshilli-i-evropes-maqedonia-progres-ne-efikasitetin-e-gjyqesise\/"},"wordCount":283,"publisher":{"@id":"https:\/\/transparency.mk\/#organization"},"image":{"@id":"https:\/\/transparency.mk\/sq\/2012\/09\/20\/keshilli-i-evropes-maqedonia-progres-ne-efikasitetin-e-gjyqesise\/#primaryimage"},"thumbnailUrl":"https:\/\/transparency.mk\/wp-content\/uploads\/2021\/02\/councilofeurope.jpg","articleSection":["Lajme"],"inLanguage":"sq-AL"},{"@type":"WebPage","@id":"https:\/\/transparency.mk\/sq\/2012\/09\/20\/keshilli-i-evropes-maqedonia-progres-ne-efikasitetin-e-gjyqesise\/","url":"https:\/\/transparency.mk\/sq\/2012\/09\/20\/keshilli-i-evropes-maqedonia-progres-ne-efikasitetin-e-gjyqesise\/","name":"K\u00ebshilli i Evrop\u00ebs: Maqedonia, progres n\u00eb efikasitetin e gjyq\u00ebsis\u00eb - Transparency International","isPartOf":{"@id":"https:\/\/transparency.mk\/#website"},"primaryImageOfPage":{"@id":"https:\/\/transparency.mk\/sq\/2012\/09\/20\/keshilli-i-evropes-maqedonia-progres-ne-efikasitetin-e-gjyqesise\/#primaryimage"},"image":{"@id":"https:\/\/transparency.mk\/sq\/2012\/09\/20\/keshilli-i-evropes-maqedonia-progres-ne-efikasitetin-e-gjyqesise\/#primaryimage"},"thumbnailUrl":"https:\/\/transparency.mk\/wp-content\/uploads\/2021\/02\/councilofeurope.jpg","datePublished":"2012-09-20T08:11:45+00:00","dateModified":"2021-02-15T09:12:29+00:00","breadcrumb":{"@id":"https:\/\/transparency.mk\/sq\/2012\/09\/20\/keshilli-i-evropes-maqedonia-progres-ne-efikasitetin-e-gjyqesise\/#breadcrumb"},"inLanguage":"sq-AL","potentialAction":[{"@type":"ReadAction","target":["https:\/\/transparency.mk\/sq\/2012\/09\/20\/keshilli-i-evropes-maqedonia-progres-ne-efikasitetin-e-gjyqesise\/"]}]},{"@type":"ImageObject","inLanguage":"sq-AL","@id":"https:\/\/transparency.mk\/sq\/2012\/09\/20\/keshilli-i-evropes-maqedonia-progres-ne-efikasitetin-e-gjyqesise\/#primaryimage","url":"https:\/\/transparency.mk\/wp-content\/uploads\/2021\/02\/councilofeurope.jpg","contentUrl":"https:\/\/transparency.mk\/wp-content\/uploads\/2021\/02\/councilofeurope.jpg","width":400,"height":365},{"@type":"BreadcrumbList","@id":"https:\/\/transparency.mk\/sq\/2012\/09\/20\/keshilli-i-evropes-maqedonia-progres-ne-efikasitetin-e-gjyqesise\/#breadcrumb","itemListElement":[{"@type":"ListItem","position":1,"name":"Home","item":"https:\/\/transparency.mk\/sq\/"},{"@type":"ListItem","position":2,"name":"K\u00ebshilli i Evrop\u00ebs: Maqedonia, progres n\u00eb efikasitetin e gjyq\u00ebsis\u00eb"}]},{"@type":"WebSite","@id":"https:\/\/transparency.mk\/#website","url":"https:\/\/transparency.mk\/","name":"Transparency International","description":"Maqedoni","publisher":{"@id":"https:\/\/transparency.mk\/#organization"},"potentialAction":[{"@type":"SearchAction","target":{"@type":"EntryPoint","urlTemplate":"https:\/\/transparency.mk\/?s={search_term_string}"},"query-input":{"@type":"PropertyValueSpecification","valueRequired":true,"valueName":"search_term_string"}}],"inLanguage":"sq-AL"},{"@type":"Organization","@id":"https:\/\/transparency.mk\/#organization","name":"\u0422\u0440\u0430\u043d\u0441\u043f\u0430\u0440\u0435\u043d\u0441\u0438 \u0418\u043d\u0442\u0435\u0440\u043d\u0435\u0448\u043d\u043b - \u041c\u0430\u043a\u0435\u0434\u043e\u043d\u0438\u0458\u0430","url":"https:\/\/transparency.mk\/","logo":{"@type":"ImageObject","inLanguage":"sq-AL","@id":"https:\/\/transparency.mk\/#\/schema\/logo\/image\/","url":"https:\/\/transparency.mk\/wp-content\/uploads\/2020\/10\/transparency-mk-logo.png","contentUrl":"https:\/\/transparency.mk\/wp-content\/uploads\/2020\/10\/transparency-mk-logo.png","width":250,"height":75,"caption":"\u0422\u0440\u0430\u043d\u0441\u043f\u0430\u0440\u0435\u043d\u0441\u0438 \u0418\u043d\u0442\u0435\u0440\u043d\u0435\u0448\u043d\u043b - \u041c\u0430\u043a\u0435\u0434\u043e\u043d\u0438\u0458\u0430"},"image":{"@id":"https:\/\/transparency.mk\/#\/schema\/logo\/image\/"},"sameAs":["https:\/\/www.facebook.com\/TransparencyMK\/","https:\/\/x.com\/ti_macedonia","https:\/\/www.instagram.com\/timacedonia\/","https:\/\/youtube.com\/user\/tzcmacedonia\/"]},{"@type":"Person","@id":"https:\/\/transparency.mk\/#\/schema\/person\/4ab55c47d82a7d099f63f569c223c903","name":"TI \u0430\u0434\u043c\u0438\u043d\u0438\u0441\u0442\u0440\u0430\u0442\u043e\u0440","sameAs":["https:\/\/transparency.mk"]}]}},"_links":{"self":[{"href":"https:\/\/transparency.mk\/sq\/wp-json\/wp\/v2\/posts\/9479","targetHints":{"allow":["GET"]}}],"collection":[{"href":"https:\/\/transparency.mk\/sq\/wp-json\/wp\/v2\/posts"}],"about":[{"href":"https:\/\/transparency.mk\/sq\/wp-json\/wp\/v2\/types\/post"}],"author":[{"embeddable":true,"href":"https:\/\/transparency.mk\/sq\/wp-json\/wp\/v2\/users\/1"}],"replies":[{"embeddable":true,"href":"https:\/\/transparency.mk\/sq\/wp-json\/wp\/v2\/comments?post=9479"}],"version-history":[{"count":1,"href":"https:\/\/transparency.mk\/sq\/wp-json\/wp\/v2\/posts\/9479\/revisions"}],"predecessor-version":[{"id":9483,"href":"https:\/\/transparency.mk\/sq\/wp-json\/wp\/v2\/posts\/9479\/revisions\/9483"}],"wp:featuredmedia":[{"embeddable":true,"href":"https:\/\/transparency.mk\/sq\/wp-json\/wp\/v2\/media\/9480"}],"wp:attachment":[{"href":"https:\/\/transparency.mk\/sq\/wp-json\/wp\/v2\/media?parent=9479"}],"wp:term":[{"taxonomy":"category","embeddable":true,"href":"https:\/\/transparency.mk\/sq\/wp-json\/wp\/v2\/categories?post=9479"},{"taxonomy":"post_tag","embeddable":true,"href":"https:\/\/transparency.mk\/sq\/wp-json\/wp\/v2\/tags?post=9479"}],"curies":[{"name":"wp","href":"https:\/\/api.w.org\/{rel}","templated":true}]}}