{"id":9556,"date":"2012-12-07T10:21:37","date_gmt":"2012-12-07T09:21:37","guid":{"rendered":"https:\/\/transparency.web.com.mk\/?p=9556"},"modified":"2021-02-15T10:22:06","modified_gmt":"2021-02-15T09:22:06","slug":"shenohet-9-dhjetori-dita-nderkombetare-per-lufte-kunder-korrupsionit","status":"publish","type":"post","link":"https:\/\/transparency.mk\/sq\/2012\/12\/07\/shenohet-9-dhjetori-dita-nderkombetare-per-lufte-kunder-korrupsionit\/","title":{"rendered":"Sh\u00ebnohet 9 dhjetori &#8211; Dita nd\u00ebrkomb\u00ebtare p\u00ebr luft\u00eb kund\u00ebr korrupsionit"},"content":{"rendered":"<div>Shkup, 7 dhjetor 2012 (MIA) &#8211; Me konferenc\u00ebn n\u00eb t\u00eb cil\u00ebn p\u00ebr her\u00eb t\u00eb par\u00eb n\u00eb nj\u00eb tryez\u00eb u ul\u00ebn p\u00ebrfaq\u00ebsues t\u00eb Komisionit shtet\u00ebror p\u00ebr parandalim t\u00eb korrupsionit, t\u00eb sektorit joqeveritar, t\u00eb Ministris\u00eb s\u00eb Drejt\u00ebsis\u00eb, sektorit privat dhe organizatave nd\u00ebrkomb\u00ebtare OSBE dhe UNDP, sot u sh\u00ebnua Dita nd\u00ebrkomb\u00ebtare p\u00ebr luft\u00eb kund\u00ebr korrupsionit, 9 dhjetori.<\/div>\n<div><\/div>\n<div>Maqedonia, si\u00e7 theksuan pjes\u00ebmarr\u00ebsit n\u00eb konferenc\u00eb, ka p\u00ebrparuar n\u00eb luft\u00ebn kund\u00ebr korrupsionit, por v\u00ebrehet n\u00eb implementimin e ligjeve.<\/div>\n<div><\/div>\n<div>N\u00eb baz\u00eb t\u00eb hulumtimit t\u00eb b\u00ebr\u00eb nga OSBE-ja dhe KSHPK-s\u00eb p\u00ebr perceptimin e korrupsionit n\u00eb sferat arsim dhe sport, administrat\u00eb publike, media dhe shoq\u00ebri qytetare, e p\u00ebrgjithshme \u00ebsht\u00eb p\u00ebrshtypja se korrupsioni \u00ebsht\u00eb shum\u00eb i pranish\u00ebm.<\/div>\n<p>&nbsp;<\/p>\n<div>Shumica e qytetar\u00ebve mendojn\u00eb se Qeveria me t\u00eb v\u00ebrtet\u00eb angazhohet p\u00ebr parandalim t\u00eb korrupsionit, por serioze \u00ebsht\u00eb v\u00ebrejtja se lufta n\u00eb parandalimin e korrupsionit \u00ebsht\u00eb shum\u00eb selektive, joobjektive dhe e padrejt\u00eb. &#8220;Edhe ky \u00ebsht\u00eb problem p\u00ebr Maqedonin\u00eb&#8221;, konsideron Mira Dimovska, an\u00ebtare e KSHPK-s\u00eb.<\/div>\n<div><\/div>\n<div>Hulumtimin e b\u00ebri Rejting ndaj 1.080 qytetar\u00ebve sipas zgjedhjes s\u00eb rast\u00ebsishme.<\/div>\n<div><\/div>\n<div>&#8220;Korrupsioni, nga k\u00ebto tre sfera, qytetar\u00ebt m\u00eb s\u00eb shumti e perceptojn\u00eb n\u00eb administrat\u00ebn publike, n\u00eb nivel komb\u00ebtar dhe lokal, sfera e dyt\u00eb jan\u00eb mediat, n\u00eb t\u00eb tretin arsimi, m\u00ebtej organizatat joqeveritare, dhe sporti, posa\u00e7\u00ebrisht, sporti profesional. Nga arsimi, m\u00eb s\u00eb shumti korrupsion perceptohet n\u00eb arsimin e lart\u00eb. Si m\u00eb i korruptuar vler\u00ebsohet sektori sport profesional, nd\u00ebrsa problemi shihet m\u00eb s\u00eb shumti n\u00eb udh\u00ebheq\u00ebsit\u00eb e klubeve sportive. Sa i p\u00ebrket mediave\u00a0e p\u00ebrgjithshme \u00ebsht\u00eb p\u00ebrshtypja e qytetar\u00ebve se ekziston shkall\u00eb e lart\u00eb e partizimit dhe politizimit edhe t\u00eb organizatave joqeveritare&#8221;, tha Dimovska.<\/div>\n<div><\/div>\n<div>Jan\u00eb parashtruar pyetje edhe p\u00ebr at\u00eb se n\u00ebse qytetar\u00ebt kan\u00eb p\u00ebrvoj\u00eb t\u00eb posa\u00e7me me ryshfetin. &#8220;N\u00ebnt\u00ebdhjet\u00eb e tre p\u00ebr qind e t\u00eb anketuarve kan\u00eb th\u00ebn\u00eb se nuk kan\u00eb p\u00ebrvoj\u00eb t\u00eb drejtp\u00ebrdrejt, q\u00eb n\u00eb krahasim me disa vende t\u00eb tjera flet se ryshfeti nuk \u00ebsht\u00eb edhe aq i pranish\u00ebm si nj\u00eb form\u00eb e korrupsionit. Duksh\u00ebm se format e tjera jan\u00eb m\u00eb aktuale. Qytetar\u00ebt q\u00eb jan\u00eb prononcuar se kan\u00eb dh\u00ebn\u00eb ryshfet, kan\u00eb th\u00ebn\u00eb se ryshfeti sa shkon drejtp\u00ebrdrejt aq shkon p\u00ebrmes nd\u00ebrmjet\u00ebsuesit, sa e k\u00ebrkojn\u00eb aq edhe vet\u00eb e ofrojn\u00eb qytetar\u00ebt. Kryesisht shkon n\u00eb t\u00eb holla&#8221;, thot\u00eb Dimovska.<\/div>\n<div><\/div>\n<div>\u00cbsht\u00eb paralajm\u00ebruar se projekti do t\u00eb vazhdoj\u00eb dhe se KSHPK-ja do t\u00eb hulumtoj\u00eb edhe n\u00eb sektor\u00ebt e tjer\u00eb, n\u00eb bashk\u00ebpunim me OSBE-n\u00eb dhe Transparensi internesh\u00ebn\u00ebll.<\/div>\n<div><\/div>\n<div>KSHPK deri m\u00eb tani ka ngritur 130 iniciativa deri te Prokuroria publike, por e vog\u00ebl \u00ebsht\u00eb p\u00ebr qindja e realizimit t\u00eb tyre. E pyetur q\u00eb ta komentoj\u00eb k\u00ebt\u00eb, Dimovska thot\u00eb se qeverisja e t\u00eb drejt\u00ebs do t\u00eb thot\u00eb se ky institucion ta b\u00ebj\u00eb pjes\u00ebn e vet t\u00eb pun\u00ebs, q\u00eb do t\u00eb thot\u00eb t\u00eb b\u00ebj\u00eb hetim t\u00eb mir\u00eb, t&#8217;i mbledh\u00eb t\u00eb gjitha d\u00ebshmit\u00eb&#8230;<\/div>\n<div><\/div>\n<div>Sllagjana Taseva theksoi se vet\u00ebm k\u00ebshtu bashkarisht mund t\u00eb luftojm\u00eb kund\u00ebr korrupsionit. &#8220;Sipas indeksit t\u00eb publikuar para dy dit\u00ebsh pam\u00eb se Republika e Maqedonis\u00eb edhe k\u00ebsaj radhe gjendet n\u00ebn gjysm\u00ebn gjegj\u00ebsisht ka 43 pik\u00eb, q\u00eb \u00ebsht\u00eb indikator se kemi shum\u00eb pun\u00eb n\u00eb luft\u00ebn kund\u00ebr korrupsionit&#8221;, tha Taseva.<\/div>\n<div><\/div>\n<div>Elementi ky\u00e7 q\u00eb i mungon Republik\u00ebs s\u00eb Maqedonis\u00eb n\u00eb luft\u00ebn kund\u00ebr korrupsionit, si\u00e7 tha Taseva, \u00ebsht\u00eb vullneti politik.<\/div>\n<div><\/div>\n<div>P\u00ebrfaq\u00ebsuesi i BE-s\u00eb, Robert Lid\u00ebll theksoi se t\u00eb gjitha institucionet dhe kompanit\u00eb jan\u00eb p\u00ebrgjegj\u00ebse p\u00ebr luft\u00ebn kund\u00ebr korrupsionit. Ai\u00a0u p\u00ebrq\u00ebndrua\u00a0n\u00eb Raportin pozitiv p\u00ebr progresin e Maqedonis\u00eb, duke theksuar se lufta me korrupsionin \u00ebsht\u00eb nj\u00eb prej simboleve m\u00eb t\u00eb r\u00ebnd\u00ebsishme p\u00ebr \u00e7do vend q\u00eb d\u00ebshiron ta realizoj\u00eb perspektiv\u00ebn evropiane.<\/div>\n<div><\/div>\n<div>Mile Boshkov, kryetar i Biznes konfederat\u00ebs theksoi se n\u00eb drejtim t\u00eb p\u00ebrmir\u00ebsimit t\u00eb luft\u00ebs kund\u00ebr korrupsionit \u00ebsht\u00eb nxjerrja e Kodeksit etik afarist n\u00eb drejtim q\u00eb ta p\u00ebrmir\u00ebsojm\u00eb edhe vet\u00ebdijen tek pun\u00ebdh\u00ebn\u00ebsit.<\/div>\n<div><\/div>\n<div>burim: MIA<\/div>\n","protected":false},"excerpt":{"rendered":"<p>Shkup, 7 dhjetor 2012 (MIA) &#8211; Me konferenc\u00ebn n\u00eb t\u00eb cil\u00ebn p\u00ebr her\u00eb t\u00eb par\u00eb n\u00eb nj\u00eb tryez\u00eb u ul\u00ebn p\u00ebrfaq\u00ebsues t\u00eb Komisionit shtet\u00ebror p\u00ebr parandalim t\u00eb korrupsionit, t\u00eb sektorit joqeveritar, t\u00eb Ministris\u00eb s\u00eb Drejt\u00ebsis\u00eb, sektorit privat dhe organizatave nd\u00ebrkomb\u00ebtare OSBE dhe UNDP, sot u sh\u00ebnua Dita nd\u00ebrkomb\u00ebtare p\u00ebr luft\u00eb kund\u00ebr korrupsionit, 9 dhjetori. Maqedonia,&hellip;<\/p>\n","protected":false},"author":1,"featured_media":9557,"comment_status":"closed","ping_status":"open","sticky":false,"template":"","format":"standard","meta":{"_monsterinsights_skip_tracking":false,"_monsterinsights_sitenote_active":false,"_monsterinsights_sitenote_note":"","_monsterinsights_sitenote_category":0,"footnotes":""},"categories":[90],"tags":[],"class_list":["post-9556","post","type-post","status-publish","format-standard","has-post-thumbnail","hentry","category-lajme","category-90","description-off"],"yoast_head":"<!-- This site is optimized with the Yoast SEO plugin v25.8 - https:\/\/yoast.com\/wordpress\/plugins\/seo\/ -->\n<title>Sh\u00ebnohet 9 dhjetori - Dita nd\u00ebrkomb\u00ebtare p\u00ebr luft\u00eb kund\u00ebr korrupsionit - Transparency International<\/title>\n<meta name=\"robots\" content=\"index, follow, max-snippet:-1, max-image-preview:large, max-video-preview:-1\" \/>\n<link rel=\"canonical\" href=\"https:\/\/transparency.mk\/sq\/2012\/12\/07\/shenohet-9-dhjetori-dita-nderkombetare-per-lufte-kunder-korrupsionit\/\" \/>\n<meta property=\"og:locale\" content=\"sq_AL\" \/>\n<meta property=\"og:type\" content=\"article\" \/>\n<meta property=\"og:title\" content=\"Sh\u00ebnohet 9 dhjetori - Dita nd\u00ebrkomb\u00ebtare p\u00ebr luft\u00eb kund\u00ebr korrupsionit - Transparency International\" \/>\n<meta property=\"og:description\" content=\"Shkup, 7 dhjetor 2012 (MIA) &#8211; Me konferenc\u00ebn n\u00eb t\u00eb cil\u00ebn p\u00ebr her\u00eb t\u00eb par\u00eb n\u00eb nj\u00eb tryez\u00eb u ul\u00ebn p\u00ebrfaq\u00ebsues t\u00eb Komisionit shtet\u00ebror p\u00ebr parandalim t\u00eb korrupsionit, t\u00eb sektorit joqeveritar, t\u00eb Ministris\u00eb s\u00eb Drejt\u00ebsis\u00eb, sektorit privat dhe organizatave nd\u00ebrkomb\u00ebtare OSBE dhe UNDP, sot u sh\u00ebnua Dita nd\u00ebrkomb\u00ebtare p\u00ebr luft\u00eb kund\u00ebr korrupsionit, 9 dhjetori. Maqedonia,&hellip;\" \/>\n<meta property=\"og:url\" content=\"https:\/\/transparency.mk\/sq\/2012\/12\/07\/shenohet-9-dhjetori-dita-nderkombetare-per-lufte-kunder-korrupsionit\/\" \/>\n<meta property=\"og:site_name\" content=\"Transparency International\" \/>\n<meta property=\"article:publisher\" content=\"https:\/\/www.facebook.com\/TransparencyMK\/\" \/>\n<meta property=\"article:published_time\" content=\"2012-12-07T09:21:37+00:00\" \/>\n<meta property=\"article:modified_time\" content=\"2021-02-15T09:22:06+00:00\" \/>\n<meta property=\"og:image\" content=\"https:\/\/transparency.mk\/wp-content\/uploads\/2021\/02\/1-1.jpg\" \/>\n\t<meta property=\"og:image:width\" content=\"300\" \/>\n\t<meta property=\"og:image:height\" content=\"267\" \/>\n\t<meta property=\"og:image:type\" content=\"image\/jpeg\" \/>\n<meta name=\"author\" content=\"TI \u0430\u0434\u043c\u0438\u043d\u0438\u0441\u0442\u0440\u0430\u0442\u043e\u0440\" \/>\n<meta name=\"twitter:card\" content=\"summary_large_image\" \/>\n<meta name=\"twitter:creator\" content=\"@ti_macedonia\" \/>\n<meta name=\"twitter:site\" content=\"@ti_macedonia\" \/>\n<meta name=\"twitter:label1\" content=\"Written by\" \/>\n\t<meta name=\"twitter:data1\" content=\"TI \u0430\u0434\u043c\u0438\u043d\u0438\u0441\u0442\u0440\u0430\u0442\u043e\u0440\" \/>\n\t<meta name=\"twitter:label2\" content=\"Est. reading time\" \/>\n\t<meta name=\"twitter:data2\" content=\"4 minutes\" \/>\n<script type=\"application\/ld+json\" class=\"yoast-schema-graph\">{\"@context\":\"https:\/\/schema.org\",\"@graph\":[{\"@type\":\"Article\",\"@id\":\"https:\/\/transparency.mk\/sq\/2012\/12\/07\/shenohet-9-dhjetori-dita-nderkombetare-per-lufte-kunder-korrupsionit\/#article\",\"isPartOf\":{\"@id\":\"https:\/\/transparency.mk\/sq\/2012\/12\/07\/shenohet-9-dhjetori-dita-nderkombetare-per-lufte-kunder-korrupsionit\/\"},\"author\":{\"name\":\"TI \u0430\u0434\u043c\u0438\u043d\u0438\u0441\u0442\u0440\u0430\u0442\u043e\u0440\",\"@id\":\"https:\/\/transparency.mk\/#\/schema\/person\/4ab55c47d82a7d099f63f569c223c903\"},\"headline\":\"Sh\u00ebnohet 9 dhjetori &#8211; Dita nd\u00ebrkomb\u00ebtare p\u00ebr luft\u00eb kund\u00ebr korrupsionit\",\"datePublished\":\"2012-12-07T09:21:37+00:00\",\"dateModified\":\"2021-02-15T09:22:06+00:00\",\"mainEntityOfPage\":{\"@id\":\"https:\/\/transparency.mk\/sq\/2012\/12\/07\/shenohet-9-dhjetori-dita-nderkombetare-per-lufte-kunder-korrupsionit\/\"},\"wordCount\":720,\"publisher\":{\"@id\":\"https:\/\/transparency.mk\/#organization\"},\"image\":{\"@id\":\"https:\/\/transparency.mk\/sq\/2012\/12\/07\/shenohet-9-dhjetori-dita-nderkombetare-per-lufte-kunder-korrupsionit\/#primaryimage\"},\"thumbnailUrl\":\"https:\/\/transparency.mk\/wp-content\/uploads\/2021\/02\/1-1.jpg\",\"articleSection\":[\"Lajme\"],\"inLanguage\":\"sq-AL\"},{\"@type\":\"WebPage\",\"@id\":\"https:\/\/transparency.mk\/sq\/2012\/12\/07\/shenohet-9-dhjetori-dita-nderkombetare-per-lufte-kunder-korrupsionit\/\",\"url\":\"https:\/\/transparency.mk\/sq\/2012\/12\/07\/shenohet-9-dhjetori-dita-nderkombetare-per-lufte-kunder-korrupsionit\/\",\"name\":\"Sh\u00ebnohet 9 dhjetori - Dita nd\u00ebrkomb\u00ebtare p\u00ebr luft\u00eb kund\u00ebr korrupsionit - Transparency International\",\"isPartOf\":{\"@id\":\"https:\/\/transparency.mk\/#website\"},\"primaryImageOfPage\":{\"@id\":\"https:\/\/transparency.mk\/sq\/2012\/12\/07\/shenohet-9-dhjetori-dita-nderkombetare-per-lufte-kunder-korrupsionit\/#primaryimage\"},\"image\":{\"@id\":\"https:\/\/transparency.mk\/sq\/2012\/12\/07\/shenohet-9-dhjetori-dita-nderkombetare-per-lufte-kunder-korrupsionit\/#primaryimage\"},\"thumbnailUrl\":\"https:\/\/transparency.mk\/wp-content\/uploads\/2021\/02\/1-1.jpg\",\"datePublished\":\"2012-12-07T09:21:37+00:00\",\"dateModified\":\"2021-02-15T09:22:06+00:00\",\"breadcrumb\":{\"@id\":\"https:\/\/transparency.mk\/sq\/2012\/12\/07\/shenohet-9-dhjetori-dita-nderkombetare-per-lufte-kunder-korrupsionit\/#breadcrumb\"},\"inLanguage\":\"sq-AL\",\"potentialAction\":[{\"@type\":\"ReadAction\",\"target\":[\"https:\/\/transparency.mk\/sq\/2012\/12\/07\/shenohet-9-dhjetori-dita-nderkombetare-per-lufte-kunder-korrupsionit\/\"]}]},{\"@type\":\"ImageObject\",\"inLanguage\":\"sq-AL\",\"@id\":\"https:\/\/transparency.mk\/sq\/2012\/12\/07\/shenohet-9-dhjetori-dita-nderkombetare-per-lufte-kunder-korrupsionit\/#primaryimage\",\"url\":\"https:\/\/transparency.mk\/wp-content\/uploads\/2021\/02\/1-1.jpg\",\"contentUrl\":\"https:\/\/transparency.mk\/wp-content\/uploads\/2021\/02\/1-1.jpg\",\"width\":300,\"height\":267},{\"@type\":\"BreadcrumbList\",\"@id\":\"https:\/\/transparency.mk\/sq\/2012\/12\/07\/shenohet-9-dhjetori-dita-nderkombetare-per-lufte-kunder-korrupsionit\/#breadcrumb\",\"itemListElement\":[{\"@type\":\"ListItem\",\"position\":1,\"name\":\"Home\",\"item\":\"https:\/\/transparency.mk\/sq\/\"},{\"@type\":\"ListItem\",\"position\":2,\"name\":\"Sh\u00ebnohet 9 dhjetori &#8211; Dita nd\u00ebrkomb\u00ebtare p\u00ebr luft\u00eb kund\u00ebr korrupsionit\"}]},{\"@type\":\"WebSite\",\"@id\":\"https:\/\/transparency.mk\/#website\",\"url\":\"https:\/\/transparency.mk\/\",\"name\":\"Transparency International\",\"description\":\"Maqedoni\",\"publisher\":{\"@id\":\"https:\/\/transparency.mk\/#organization\"},\"potentialAction\":[{\"@type\":\"SearchAction\",\"target\":{\"@type\":\"EntryPoint\",\"urlTemplate\":\"https:\/\/transparency.mk\/?s={search_term_string}\"},\"query-input\":{\"@type\":\"PropertyValueSpecification\",\"valueRequired\":true,\"valueName\":\"search_term_string\"}}],\"inLanguage\":\"sq-AL\"},{\"@type\":\"Organization\",\"@id\":\"https:\/\/transparency.mk\/#organization\",\"name\":\"\u0422\u0440\u0430\u043d\u0441\u043f\u0430\u0440\u0435\u043d\u0441\u0438 \u0418\u043d\u0442\u0435\u0440\u043d\u0435\u0448\u043d\u043b - \u041c\u0430\u043a\u0435\u0434\u043e\u043d\u0438\u0458\u0430\",\"url\":\"https:\/\/transparency.mk\/\",\"logo\":{\"@type\":\"ImageObject\",\"inLanguage\":\"sq-AL\",\"@id\":\"https:\/\/transparency.mk\/#\/schema\/logo\/image\/\",\"url\":\"https:\/\/transparency.mk\/wp-content\/uploads\/2020\/10\/transparency-mk-logo.png\",\"contentUrl\":\"https:\/\/transparency.mk\/wp-content\/uploads\/2020\/10\/transparency-mk-logo.png\",\"width\":250,\"height\":75,\"caption\":\"\u0422\u0440\u0430\u043d\u0441\u043f\u0430\u0440\u0435\u043d\u0441\u0438 \u0418\u043d\u0442\u0435\u0440\u043d\u0435\u0448\u043d\u043b - \u041c\u0430\u043a\u0435\u0434\u043e\u043d\u0438\u0458\u0430\"},\"image\":{\"@id\":\"https:\/\/transparency.mk\/#\/schema\/logo\/image\/\"},\"sameAs\":[\"https:\/\/www.facebook.com\/TransparencyMK\/\",\"https:\/\/x.com\/ti_macedonia\",\"https:\/\/www.instagram.com\/timacedonia\/\",\"https:\/\/youtube.com\/user\/tzcmacedonia\/\"]},{\"@type\":\"Person\",\"@id\":\"https:\/\/transparency.mk\/#\/schema\/person\/4ab55c47d82a7d099f63f569c223c903\",\"name\":\"TI \u0430\u0434\u043c\u0438\u043d\u0438\u0441\u0442\u0440\u0430\u0442\u043e\u0440\",\"sameAs\":[\"https:\/\/transparency.mk\"]}]}<\/script>\n<!-- \/ Yoast SEO plugin. -->","yoast_head_json":{"title":"Sh\u00ebnohet 9 dhjetori - Dita nd\u00ebrkomb\u00ebtare p\u00ebr luft\u00eb kund\u00ebr korrupsionit - Transparency International","robots":{"index":"index","follow":"follow","max-snippet":"max-snippet:-1","max-image-preview":"max-image-preview:large","max-video-preview":"max-video-preview:-1"},"canonical":"https:\/\/transparency.mk\/sq\/2012\/12\/07\/shenohet-9-dhjetori-dita-nderkombetare-per-lufte-kunder-korrupsionit\/","og_locale":"sq_AL","og_type":"article","og_title":"Sh\u00ebnohet 9 dhjetori - Dita nd\u00ebrkomb\u00ebtare p\u00ebr luft\u00eb kund\u00ebr korrupsionit - Transparency International","og_description":"Shkup, 7 dhjetor 2012 (MIA) &#8211; Me konferenc\u00ebn n\u00eb t\u00eb cil\u00ebn p\u00ebr her\u00eb t\u00eb par\u00eb n\u00eb nj\u00eb tryez\u00eb u ul\u00ebn p\u00ebrfaq\u00ebsues t\u00eb Komisionit shtet\u00ebror p\u00ebr parandalim t\u00eb korrupsionit, t\u00eb sektorit joqeveritar, t\u00eb Ministris\u00eb s\u00eb Drejt\u00ebsis\u00eb, sektorit privat dhe organizatave nd\u00ebrkomb\u00ebtare OSBE dhe UNDP, sot u sh\u00ebnua Dita nd\u00ebrkomb\u00ebtare p\u00ebr luft\u00eb kund\u00ebr korrupsionit, 9 dhjetori. Maqedonia,&hellip;","og_url":"https:\/\/transparency.mk\/sq\/2012\/12\/07\/shenohet-9-dhjetori-dita-nderkombetare-per-lufte-kunder-korrupsionit\/","og_site_name":"Transparency International","article_publisher":"https:\/\/www.facebook.com\/TransparencyMK\/","article_published_time":"2012-12-07T09:21:37+00:00","article_modified_time":"2021-02-15T09:22:06+00:00","og_image":[{"width":300,"height":267,"url":"https:\/\/transparency.mk\/wp-content\/uploads\/2021\/02\/1-1.jpg","type":"image\/jpeg"}],"author":"TI \u0430\u0434\u043c\u0438\u043d\u0438\u0441\u0442\u0440\u0430\u0442\u043e\u0440","twitter_card":"summary_large_image","twitter_creator":"@ti_macedonia","twitter_site":"@ti_macedonia","twitter_misc":{"Written by":"TI \u0430\u0434\u043c\u0438\u043d\u0438\u0441\u0442\u0440\u0430\u0442\u043e\u0440","Est. reading time":"4 minutes"},"schema":{"@context":"https:\/\/schema.org","@graph":[{"@type":"Article","@id":"https:\/\/transparency.mk\/sq\/2012\/12\/07\/shenohet-9-dhjetori-dita-nderkombetare-per-lufte-kunder-korrupsionit\/#article","isPartOf":{"@id":"https:\/\/transparency.mk\/sq\/2012\/12\/07\/shenohet-9-dhjetori-dita-nderkombetare-per-lufte-kunder-korrupsionit\/"},"author":{"name":"TI \u0430\u0434\u043c\u0438\u043d\u0438\u0441\u0442\u0440\u0430\u0442\u043e\u0440","@id":"https:\/\/transparency.mk\/#\/schema\/person\/4ab55c47d82a7d099f63f569c223c903"},"headline":"Sh\u00ebnohet 9 dhjetori &#8211; Dita nd\u00ebrkomb\u00ebtare p\u00ebr luft\u00eb kund\u00ebr korrupsionit","datePublished":"2012-12-07T09:21:37+00:00","dateModified":"2021-02-15T09:22:06+00:00","mainEntityOfPage":{"@id":"https:\/\/transparency.mk\/sq\/2012\/12\/07\/shenohet-9-dhjetori-dita-nderkombetare-per-lufte-kunder-korrupsionit\/"},"wordCount":720,"publisher":{"@id":"https:\/\/transparency.mk\/#organization"},"image":{"@id":"https:\/\/transparency.mk\/sq\/2012\/12\/07\/shenohet-9-dhjetori-dita-nderkombetare-per-lufte-kunder-korrupsionit\/#primaryimage"},"thumbnailUrl":"https:\/\/transparency.mk\/wp-content\/uploads\/2021\/02\/1-1.jpg","articleSection":["Lajme"],"inLanguage":"sq-AL"},{"@type":"WebPage","@id":"https:\/\/transparency.mk\/sq\/2012\/12\/07\/shenohet-9-dhjetori-dita-nderkombetare-per-lufte-kunder-korrupsionit\/","url":"https:\/\/transparency.mk\/sq\/2012\/12\/07\/shenohet-9-dhjetori-dita-nderkombetare-per-lufte-kunder-korrupsionit\/","name":"Sh\u00ebnohet 9 dhjetori - Dita nd\u00ebrkomb\u00ebtare p\u00ebr luft\u00eb kund\u00ebr korrupsionit - Transparency International","isPartOf":{"@id":"https:\/\/transparency.mk\/#website"},"primaryImageOfPage":{"@id":"https:\/\/transparency.mk\/sq\/2012\/12\/07\/shenohet-9-dhjetori-dita-nderkombetare-per-lufte-kunder-korrupsionit\/#primaryimage"},"image":{"@id":"https:\/\/transparency.mk\/sq\/2012\/12\/07\/shenohet-9-dhjetori-dita-nderkombetare-per-lufte-kunder-korrupsionit\/#primaryimage"},"thumbnailUrl":"https:\/\/transparency.mk\/wp-content\/uploads\/2021\/02\/1-1.jpg","datePublished":"2012-12-07T09:21:37+00:00","dateModified":"2021-02-15T09:22:06+00:00","breadcrumb":{"@id":"https:\/\/transparency.mk\/sq\/2012\/12\/07\/shenohet-9-dhjetori-dita-nderkombetare-per-lufte-kunder-korrupsionit\/#breadcrumb"},"inLanguage":"sq-AL","potentialAction":[{"@type":"ReadAction","target":["https:\/\/transparency.mk\/sq\/2012\/12\/07\/shenohet-9-dhjetori-dita-nderkombetare-per-lufte-kunder-korrupsionit\/"]}]},{"@type":"ImageObject","inLanguage":"sq-AL","@id":"https:\/\/transparency.mk\/sq\/2012\/12\/07\/shenohet-9-dhjetori-dita-nderkombetare-per-lufte-kunder-korrupsionit\/#primaryimage","url":"https:\/\/transparency.mk\/wp-content\/uploads\/2021\/02\/1-1.jpg","contentUrl":"https:\/\/transparency.mk\/wp-content\/uploads\/2021\/02\/1-1.jpg","width":300,"height":267},{"@type":"BreadcrumbList","@id":"https:\/\/transparency.mk\/sq\/2012\/12\/07\/shenohet-9-dhjetori-dita-nderkombetare-per-lufte-kunder-korrupsionit\/#breadcrumb","itemListElement":[{"@type":"ListItem","position":1,"name":"Home","item":"https:\/\/transparency.mk\/sq\/"},{"@type":"ListItem","position":2,"name":"Sh\u00ebnohet 9 dhjetori &#8211; Dita nd\u00ebrkomb\u00ebtare p\u00ebr luft\u00eb kund\u00ebr korrupsionit"}]},{"@type":"WebSite","@id":"https:\/\/transparency.mk\/#website","url":"https:\/\/transparency.mk\/","name":"Transparency International","description":"Maqedoni","publisher":{"@id":"https:\/\/transparency.mk\/#organization"},"potentialAction":[{"@type":"SearchAction","target":{"@type":"EntryPoint","urlTemplate":"https:\/\/transparency.mk\/?s={search_term_string}"},"query-input":{"@type":"PropertyValueSpecification","valueRequired":true,"valueName":"search_term_string"}}],"inLanguage":"sq-AL"},{"@type":"Organization","@id":"https:\/\/transparency.mk\/#organization","name":"\u0422\u0440\u0430\u043d\u0441\u043f\u0430\u0440\u0435\u043d\u0441\u0438 \u0418\u043d\u0442\u0435\u0440\u043d\u0435\u0448\u043d\u043b - \u041c\u0430\u043a\u0435\u0434\u043e\u043d\u0438\u0458\u0430","url":"https:\/\/transparency.mk\/","logo":{"@type":"ImageObject","inLanguage":"sq-AL","@id":"https:\/\/transparency.mk\/#\/schema\/logo\/image\/","url":"https:\/\/transparency.mk\/wp-content\/uploads\/2020\/10\/transparency-mk-logo.png","contentUrl":"https:\/\/transparency.mk\/wp-content\/uploads\/2020\/10\/transparency-mk-logo.png","width":250,"height":75,"caption":"\u0422\u0440\u0430\u043d\u0441\u043f\u0430\u0440\u0435\u043d\u0441\u0438 \u0418\u043d\u0442\u0435\u0440\u043d\u0435\u0448\u043d\u043b - \u041c\u0430\u043a\u0435\u0434\u043e\u043d\u0438\u0458\u0430"},"image":{"@id":"https:\/\/transparency.mk\/#\/schema\/logo\/image\/"},"sameAs":["https:\/\/www.facebook.com\/TransparencyMK\/","https:\/\/x.com\/ti_macedonia","https:\/\/www.instagram.com\/timacedonia\/","https:\/\/youtube.com\/user\/tzcmacedonia\/"]},{"@type":"Person","@id":"https:\/\/transparency.mk\/#\/schema\/person\/4ab55c47d82a7d099f63f569c223c903","name":"TI \u0430\u0434\u043c\u0438\u043d\u0438\u0441\u0442\u0440\u0430\u0442\u043e\u0440","sameAs":["https:\/\/transparency.mk"]}]}},"_links":{"self":[{"href":"https:\/\/transparency.mk\/sq\/wp-json\/wp\/v2\/posts\/9556","targetHints":{"allow":["GET"]}}],"collection":[{"href":"https:\/\/transparency.mk\/sq\/wp-json\/wp\/v2\/posts"}],"about":[{"href":"https:\/\/transparency.mk\/sq\/wp-json\/wp\/v2\/types\/post"}],"author":[{"embeddable":true,"href":"https:\/\/transparency.mk\/sq\/wp-json\/wp\/v2\/users\/1"}],"replies":[{"embeddable":true,"href":"https:\/\/transparency.mk\/sq\/wp-json\/wp\/v2\/comments?post=9556"}],"version-history":[{"count":1,"href":"https:\/\/transparency.mk\/sq\/wp-json\/wp\/v2\/posts\/9556\/revisions"}],"predecessor-version":[{"id":9560,"href":"https:\/\/transparency.mk\/sq\/wp-json\/wp\/v2\/posts\/9556\/revisions\/9560"}],"wp:featuredmedia":[{"embeddable":true,"href":"https:\/\/transparency.mk\/sq\/wp-json\/wp\/v2\/media\/9557"}],"wp:attachment":[{"href":"https:\/\/transparency.mk\/sq\/wp-json\/wp\/v2\/media?parent=9556"}],"wp:term":[{"taxonomy":"category","embeddable":true,"href":"https:\/\/transparency.mk\/sq\/wp-json\/wp\/v2\/categories?post=9556"},{"taxonomy":"post_tag","embeddable":true,"href":"https:\/\/transparency.mk\/sq\/wp-json\/wp\/v2\/tags?post=9556"}],"curies":[{"name":"wp","href":"https:\/\/api.w.org\/{rel}","templated":true}]}}