{"id":9634,"date":"2013-04-22T09:32:35","date_gmt":"2013-04-22T07:32:35","guid":{"rendered":"https:\/\/transparency.web.com.mk\/?p=9634"},"modified":"2021-02-17T09:33:02","modified_gmt":"2021-02-17T08:33:02","slug":"afera-telekom-implikimet-ne-maqedoni","status":"publish","type":"post","link":"https:\/\/transparency.mk\/sq\/2013\/04\/22\/afera-telekom-implikimet-ne-maqedoni\/","title":{"rendered":"Afera Telekom: Implikimet n\u00eb Maqedoni"},"content":{"rendered":"<div align=\"justify\">22.04.2013 Korrupsioni \u00ebsht\u00eb nj\u00eb dukuri q\u00eb prek pothuajse \u00e7do pore t\u00eb pushteteve n\u00eb bot\u00eb, t\u00eb cilat n\u00eb baz\u00eb t\u00eb leht\u00ebsirave t\u00eb krijuara p\u00ebr kompani t\u00eb ndryshme dhe sh\u00ebrbime t\u00eb ofruara nga ana e qeverive, p\u00ebrfitohen shuma t\u00eb m\u00ebdha parash. Ndoshta \u00ebsht\u00eb kjo lidhja simbioz\u00eb, q\u00eb e b\u00ebn korrupsionin t\u00eb pashmangsh\u00ebm edhe n\u00eb Maqedoni.<br \/>\nSht\u00ebpia juridike \u201cVajt dhe Xhejs\u201d me iniciativ\u00eb p\u00ebr revizion t\u00eb brendsh\u00ebm n\u00eb kompanin\u00eb \u201cMagjar Telekom\u201d, realizoi hetim p\u00ebr pun\u00ebn e saj prej viti 2000 deri m\u00eb vitin 2007. Ky hetim u b\u00eb p\u00ebr shkak se dyshohej p\u00ebr keqp\u00ebrdorimin n\u00eb marr\u00ebveshjet e lidhura dhe pagesat e b\u00ebra nga kompania \u201cPrajs dhe Voterhaus\u201d.<\/div>\n<div align=\"justify\"><\/div>\n<div align=\"justify\"><\/div>\n<div align=\"justify\">N\u00eb fund t\u00eb viti 2008 sht\u00ebpia ligjore \u201cVajt dhe Xhejs\u201d e ka dor\u00ebzuar raportin p\u00ebr \u201cMagjar Telekom\u201d. \u00a0Ky raport pasi q\u00eb \u00ebsht\u00eb shum\u00eb i r\u00ebnd\u00ebsish\u00ebm dhe prekte korrupsionin, i \u00ebsht\u00eb dor\u00ebzuar edhe organeve kompetente ligjore n\u00eb: Hungari, Maqedoni, Gjermani dhe SHBA.<\/div>\n<div align=\"justify\">\nNga Ministria e Pun\u00ebve t\u00eb Brendshme t\u00eb Maqedonis\u00eb jan\u00eb paraqitur 4 persona, n\u00ebn dyshime se n\u00eb vitet 2005-2006, duke keqp\u00ebrdorur pozitat e tyre zyrtare n\u00eb pes\u00eb raste kan\u00eb arritur marr\u00ebveshje me \u201c\u00c7apreks Holdings Limited\u201d p\u00ebr sh\u00ebrbime t\u00eb cilat nuk kan\u00eb qen\u00eb t\u00eb nevojshme t\u00eb kryhen asnj\u00ebher\u00eb. K\u00ebshtu k\u00ebto marr\u00ebveshje kan\u00eb arritur shum\u00ebn prej 3.975.000 euro, n\u00eb d\u00ebm t\u00eb \u201cTelekomunikacionit t\u00eb Maqedonis\u00eb\u201d si dhe aksionar\u00ebve t\u00eb \u201cKomunikacioni Ura e Gurit\u201d, e q\u00eb shkon n\u00eb d\u00ebm t\u00eb Qeveris\u00eb s\u00eb Maqedonis\u00eb si p\u00ebrfaq\u00ebsues e kapitalit shtet\u00ebror\u00eb t\u00eb k\u00ebsaj kompania, sepse \u00ebsht\u00eb pronar\u00eb i 47% t\u00eb aksioneve prej \u201cTelekomunikacionit t\u00eb Maqedonis\u00eb.<\/div>\n<div align=\"justify\">\nGjykimi p\u00ebr korrupsion p\u00ebr implikimet e Telekomit t\u00eb Maqedonis\u00eb dhe at\u00eb malazez e kishte t\u00eb fillonte m\u00eb 8 gusht \u00a0t\u00eb vitit 2012, por u shty p\u00ebr n\u00eb fund t\u00eb po k\u00ebtij muaji. Dhe m\u00eb pas u realizua nj\u00eb gj\u00eb e till\u00eb n\u00eb Nju Jork t\u00eb SHBA-ve, kurse t\u00eb pandehur jan\u00eb tre ish drejtor\u00eb t\u00eb Magjar Telekom-it: Tamash Marvai, Elek Straub dhe Andrash Balog.<\/div>\n<div align=\"justify\">\nPor, ajo q\u00eb e b\u00ebri t\u00eb ket\u00eb kaq jehon\u00eb ky lajm i cili mbase p\u00ebrb\u00ebn afer\u00ebn korruptive m\u00eb t\u00eb madhe gjat\u00eb k\u00ebtyre viteve t\u00eb fundit n\u00eb Maqedoni ishte se \u201cish drejtor\u00ebt t\u00eb Magjar Telekom-it, Tamash Marvai, Elek Straub dhe Andrash Balog kan\u00eb dh\u00ebn\u00eb shuma t\u00eb m\u00ebdha parash si ryshfet p\u00ebr dy partit\u00eb q\u00eb p\u00ebrb\u00ebnin koalicionin qeveris\u00ebs n\u00eb vitin 2005, LSDM dhe BDI. Pushtetar\u00ebt e vendit, nga t\u00eb cil\u00ebt nj\u00ebri ka qen\u00eb maqedonas e tjetri shqiptar\u2026\u201d, si dhe \u201cp\u00ebrve\u00e7 ish-drejtor\u00ebve t\u00eb \u201cMagjar Telekomit\u201d dhe \u201cDoj\u00e7e Telekomit\u201d, n\u00eb seancat gjyq\u00ebsore si t\u00eb akuzuar pritet t\u00eb paraqiten edhe dy funksionar\u00ebt e vendit, t\u00eb cil\u00ebt n\u00eb dokumentet hetimore jan\u00eb koduar si &#8220;Funksionari 1&#8221; (maqedonas) dhe &#8220;Funksionari 2&#8221; (shqiptar).\u201d<\/div>\n<div align=\"justify\">\nN\u00eb lidhje me k\u00ebt\u00eb \u00e7\u00ebshtje \u00ebsht\u00eb prononcuar edhe kryeministri i Maqedonis\u00eb, Nikolla Gruevski i cili ka th\u00ebn\u00eb se tashm\u00eb qytetar\u00ebt e kan\u00eb kuptuar se p\u00ebrse kan\u00eb paguajtur shuma astronomike p\u00ebr thirrjet telefonike gjat\u00eb atyre viteve q\u00eb ka qeverisur LSDM-ja, duke patur k\u00ebshtu nj\u00eb nd\u00ebr sh\u00ebrbimet m\u00eb t\u00eb shtrenjta n\u00eb Evrop\u00eb.<br \/>\n\u201cP\u00ebr t\u00eb gjith\u00eb opinionin maqedonas tashm\u00eb \u00ebsht\u00eb e qart\u00eb se p\u00ebrse gjat\u00eb kat\u00ebr viteve t\u00eb qeverisjes s\u00eb LSDM-s\u00eb nuk \u00ebsht\u00eb hapur asnj\u00eb tender p\u00ebr operator t\u00eb tret\u00eb telefonik, duke i injoruar thirrjet tona dhe t\u00eb gjith\u00eb qytetar\u00ebve t\u00eb cil\u00ebt paguanim shuma astronomike\u201d.<\/div>\n<div align=\"justify\">\nNd\u00ebrkoh\u00eb, edhe partia opozitare maqedonase e cila \u00ebsht\u00eb \u201cprekur\u201d nga ky mega-skandal, LSDM-ja muaj m\u00eb par\u00eb paralajm\u00ebroi se n\u00eb Prokurorin\u00eb p\u00ebr krim t\u00eb organizuar do t\u00eb dor\u00ebzoj\u00eb padi penale p\u00ebr marrje t\u00eb mitos nga kompania hunagereze \u201cMagjar Telekom\u201d, e cila ka korruptuar funksionar\u00eb t\u00eb Qeveris\u00eb dhe drejtor\u00eb ekzekutiv\u00eb n\u00eb Telekom, n\u00eb periudh\u00ebn 2005-2006. P\u00ebrderisa partia shqiptare e cila ka qen\u00eb pjes\u00eb p\u00ebrb\u00ebr\u00ebse e atyre viteve n\u00eb qeveri, BDI-ja, deri m\u00eb tani ka zgjedhur q\u00eb t\u00eb \u201cflet heshtja\u201d, sa i p\u00ebrket k\u00ebsaj afere korruptive, dhe n\u00eb asnj\u00eb rast nuk \u00ebsht\u00eb prononcuar mbi k\u00ebt\u00eb \u00e7\u00ebshtje.<\/div>\n<div align=\"justify\">\nEkspertja p\u00ebr \u00e7\u00ebshtje korrupsioni, Sllagjana Taseva, nj\u00ebherit edhe drejtoresh e \u201cTransparensi International\u201d dega Maqedoni, edhe pse n\u00eb \u00e7astet q\u00eb ju k\u00ebrkua t\u00eb prononcohej rreth ndonj\u00eb fakti t\u00eb ri p\u00ebr sa i p\u00ebrket afer\u00ebs \u201cTelekom\u201d p\u00ebr k\u00ebt\u00eb hulumtim, ajo ishte jasht\u00eb shtetit, mir\u00ebpo nuk ngurroi t\u00eb p\u00ebrgjigjet.<\/div>\n<div align=\"justify\">\n\u201cTI-Maqedoni m\u00eb 21.02.2013 ka dor\u00ebzuar deri te Prokuroria Publike t\u00eb gjitha materialet t\u00eb cilat i ka patur n\u00eb dispozicion n\u00eb lidhje me afer\u00ebn korruptive q\u00eb ka t\u00eb b\u00ebj\u00eb me personat zyrtar t\u00eb \u201cMagjar Telekom\u201d n\u00eb Republik\u00ebn e Maqedonis\u00eb. Kjo u b\u00eb me q\u00ebllim q\u00eb t\u00eb gjitha faktet t\u00eb shfryt\u00ebzohen p\u00ebr l\u00ebnd\u00ebn tashm\u00eb ekzistuese, e q\u00eb mund t\u00eb zgjerohet me lidhje t\u00eb reja, ose me t\u00eb dyshuar apo t\u00eb d\u00ebnuar\u201d \u2013 pohoi Taseva.<\/div>\n<div align=\"justify\">\nSipas saj dokumentet e dor\u00ebzuar p\u00ebr afer\u00ebn \u201cTelekom\u201d n\u00eb Prokurorin\u00eb e Maqedonis\u00eb, p\u00ebr t\u00eb ka edhe kopje prej t\u00eb ashtuquajtur\u00ebs \u201cProtokoll i Bashk\u00ebpunimit\u201d e cila ekziston si d\u00ebshmi n\u00eb SHBA ku p\u00ebrmenden edhe t\u00eb dyshuarit. \u201cK\u00ebto nuk jan\u00eb n\u00ebnshkruar nga ana e tyre, por n\u00eb to jan\u00eb t\u00eb shkruara emrat e funksionar\u00ebve t\u00eb lart\u00eb t\u00eb Qeveris\u00eb s\u00eb at\u00ebhershme t\u00eb Republik\u00ebs s\u00eb Maqedonis\u00eb\u201d.<\/div>\n<div align=\"justify\">\n\u201cMagjar Telekom\u201d dhe \u201cDoj\u00e7e Telekom\u201d n\u00eb procedurat paraprake t\u00eb cilat zhvillohen kund\u00ebr tyre, ata jan\u00eb pajtuar q\u00eb mos t\u00eb kund\u00ebrshtojn\u00eb at\u00eb q\u00eb thot\u00eb Prokuroria Publike n\u00eb SHBA, dhe se k\u00ebto dokumente jan\u00eb n\u00ebnshkruar, por nuk jan\u00eb proceduar n\u00eb arkivat zyrtare t\u00eb institucioneve qeveritare n\u00eb Republik\u00ebn e Maqedonis\u00eb\u201d \u2013 shton m\u00eb tej Taseva.<br \/>\nProcesi gjyq\u00ebsor q\u00eb po zhvillohet n\u00eb SHBA \u00ebsht\u00eb duke mar\u00eb kahen e duhur, kurse sipas Sllagjana Tasev\u00ebs \u201cn\u00eb SHBA do vazhdoj\u00eb ky proces gjyq\u00ebsor t\u00eb zhvillohet kah fundi i muajit Prill t\u00eb k\u00ebtij viti\u201d.<\/div>\n<div align=\"justify\">\nNd\u00ebrkaq, disa ekspert\u00eb ligjor n\u00eb Maqedoni edhe pse t\u00eb pyetur e kontaktuar p\u00ebr tu shprehur n\u00eb lidhje me k\u00ebt\u00eb afer\u00eb korruptive, se p\u00ebrse organet kompetente ligjore t\u00eb Maqedonis\u00eb prit\u00ebn kaq gjat\u00eb dhe nuk hap\u00ebn proces p\u00ebr k\u00ebt\u00eb gj\u00eb para se kjo t\u00eb ndodhte n\u00eb gjykat\u00ebn e Nju Jorkut, ata nuk komentuan asgj\u00eb, e aq m\u00eb pak pranuan t\u00eb diskutojn\u00eb.<br \/>\nSe deri ku ka arritur procesuimi i k\u00ebsaj afere ende nuk dihet, ngase edhe vet\u00eb ish-prokurori publik, Lub\u00e7o Shv\u00ebrgovski n\u00eb disa raste ka deklaruar se \u201cnuk ka fakte p\u00ebr k\u00ebt\u00eb \u00e7\u00ebshtje\u201d, kurse n\u00eb raste t\u00eb tjera ka th\u00ebn\u00eb se \u201c kjo afer\u00eb \u00ebsht\u00eb af\u00ebr zgjidhjes\u201d. K\u00ebshtu duke mos sakt\u00ebsuar detaje se deri ku ka arritur prokuroria me faktet e grumbulluara p\u00ebr afer\u00ebn \u201cTelekom\u201d. Prokuroria nuk ka dal ende publikisht t\u00eb shprehet lidhur me faktet dhe provat q\u00eb mbase mund ti posedojn\u00eb p\u00ebr k\u00ebt\u00eb afer\u00eb, n\u00eb vend t\u00eb k\u00ebsaj institucionet publike kompetente nuk jan\u00eb duke u b\u00ebr\u00eb pjes\u00eb e zgjidhjes t\u00eb k\u00ebtij problemi, por ato gjithnj\u00eb e m\u00eb shum \u201cmbyllen\u201d ndaj medieve dhe gazetar\u00ebve.<\/div>\n<div align=\"justify\">\nNdoshta shum\u00eb gj\u00ebra na Maqedoni kan\u00eb mbetur t\u00eb pazbardhura deri n\u00eb fund, e sidomos aferat korruptive ku b\u00ebjn\u00eb pjes\u00eb edhe politikan\u00eb, me k\u00ebt\u00eb duke l\u00ebn\u00eb t\u00eb hapur q\u00eb opinioni t\u00eb diskutoj\u00eb e damkos\u00eb persona t\u00eb ndrysh\u00ebm mbase edhe t\u00eb &#8220;pafajsh\u00ebm,&#8221; n\u00eb munges\u00eb t\u00eb zgjidhjeve efektive t\u00eb gjykatave n\u00eb vend. Me sa duket edhe k\u00ebt\u00eb afer\u00eb korrupsioni milion\u00ebshe do e mbuloj\u00eb pluhuri i harres\u00ebs, dhe gjith\u00e7ka q\u00eb i p\u00ebrket k\u00ebsaj \u00e7\u00ebshtje q\u00ebllimisht do t\u00eb \u201cmjegullohet\u201d n\u00eb dollapet e gjykatave, k\u00ebshtu duke vazhduar t\u00eb mbetet enigm\u00eb e t\u00eb pyesin me vete qyetar\u00ebt e Maqedonis\u00eb, se vall\u00eb kush mund t\u00eb jet\u00eb Funksionari 1 (maqedonas), dhe Funksionari 2(shqiptar)?!<\/div>\n<div align=\"justify\"><\/div>\n<div align=\"justify\"><\/div>\n<div align=\"justify\"><i>Burimi : Lajm Maqedoni<\/i><\/div>\n","protected":false},"excerpt":{"rendered":"<p>22.04.2013 Korrupsioni \u00ebsht\u00eb nj\u00eb dukuri q\u00eb prek pothuajse \u00e7do pore t\u00eb pushteteve n\u00eb bot\u00eb, t\u00eb cilat n\u00eb baz\u00eb t\u00eb leht\u00ebsirave t\u00eb krijuara p\u00ebr kompani t\u00eb ndryshme dhe sh\u00ebrbime t\u00eb ofruara nga ana e qeverive, p\u00ebrfitohen shuma t\u00eb m\u00ebdha parash. Ndoshta \u00ebsht\u00eb kjo lidhja simbioz\u00eb, q\u00eb e b\u00ebn korrupsionin t\u00eb pashmangsh\u00ebm edhe n\u00eb Maqedoni. Sht\u00ebpia juridike&hellip;<\/p>\n","protected":false},"author":1,"featured_media":9635,"comment_status":"closed","ping_status":"open","sticky":false,"template":"","format":"standard","meta":{"_monsterinsights_skip_tracking":false,"_monsterinsights_sitenote_active":false,"_monsterinsights_sitenote_note":"","_monsterinsights_sitenote_category":0,"footnotes":""},"categories":[90],"tags":[],"class_list":["post-9634","post","type-post","status-publish","format-standard","has-post-thumbnail","hentry","category-lajme","category-90","description-off"],"yoast_head":"<!-- This site is optimized with the Yoast SEO plugin v25.8 - https:\/\/yoast.com\/wordpress\/plugins\/seo\/ -->\n<title>Afera Telekom: Implikimet n\u00eb Maqedoni - Transparency International<\/title>\n<meta name=\"robots\" content=\"index, follow, max-snippet:-1, max-image-preview:large, max-video-preview:-1\" \/>\n<link rel=\"canonical\" href=\"https:\/\/transparency.mk\/sq\/2013\/04\/22\/afera-telekom-implikimet-ne-maqedoni\/\" \/>\n<meta property=\"og:locale\" content=\"sq_AL\" \/>\n<meta property=\"og:type\" content=\"article\" \/>\n<meta property=\"og:title\" content=\"Afera Telekom: Implikimet n\u00eb Maqedoni - Transparency International\" \/>\n<meta property=\"og:description\" content=\"22.04.2013 Korrupsioni \u00ebsht\u00eb nj\u00eb dukuri q\u00eb prek pothuajse \u00e7do pore t\u00eb pushteteve n\u00eb bot\u00eb, t\u00eb cilat n\u00eb baz\u00eb t\u00eb leht\u00ebsirave t\u00eb krijuara p\u00ebr kompani t\u00eb ndryshme dhe sh\u00ebrbime t\u00eb ofruara nga ana e qeverive, p\u00ebrfitohen shuma t\u00eb m\u00ebdha parash. Ndoshta \u00ebsht\u00eb kjo lidhja simbioz\u00eb, q\u00eb e b\u00ebn korrupsionin t\u00eb pashmangsh\u00ebm edhe n\u00eb Maqedoni. Sht\u00ebpia juridike&hellip;\" \/>\n<meta property=\"og:url\" content=\"https:\/\/transparency.mk\/sq\/2013\/04\/22\/afera-telekom-implikimet-ne-maqedoni\/\" \/>\n<meta property=\"og:site_name\" content=\"Transparency International\" \/>\n<meta property=\"article:publisher\" content=\"https:\/\/www.facebook.com\/TransparencyMK\/\" \/>\n<meta property=\"article:published_time\" content=\"2013-04-22T07:32:35+00:00\" \/>\n<meta property=\"article:modified_time\" content=\"2021-02-17T08:33:02+00:00\" \/>\n<meta property=\"og:image\" content=\"https:\/\/transparency.mk\/wp-content\/uploads\/2021\/02\/tmobile-1.jpg\" \/>\n\t<meta property=\"og:image:width\" content=\"250\" \/>\n\t<meta property=\"og:image:height\" content=\"180\" \/>\n\t<meta property=\"og:image:type\" content=\"image\/jpeg\" \/>\n<meta name=\"author\" content=\"TI \u0430\u0434\u043c\u0438\u043d\u0438\u0441\u0442\u0440\u0430\u0442\u043e\u0440\" \/>\n<meta name=\"twitter:card\" content=\"summary_large_image\" \/>\n<meta name=\"twitter:creator\" content=\"@ti_macedonia\" \/>\n<meta name=\"twitter:site\" content=\"@ti_macedonia\" \/>\n<meta name=\"twitter:label1\" content=\"Written by\" \/>\n\t<meta name=\"twitter:data1\" content=\"TI \u0430\u0434\u043c\u0438\u043d\u0438\u0441\u0442\u0440\u0430\u0442\u043e\u0440\" \/>\n\t<meta name=\"twitter:label2\" content=\"Est. reading time\" \/>\n\t<meta name=\"twitter:data2\" content=\"7 minutes\" \/>\n<script type=\"application\/ld+json\" class=\"yoast-schema-graph\">{\"@context\":\"https:\/\/schema.org\",\"@graph\":[{\"@type\":\"Article\",\"@id\":\"https:\/\/transparency.mk\/sq\/2013\/04\/22\/afera-telekom-implikimet-ne-maqedoni\/#article\",\"isPartOf\":{\"@id\":\"https:\/\/transparency.mk\/sq\/2013\/04\/22\/afera-telekom-implikimet-ne-maqedoni\/\"},\"author\":{\"name\":\"TI \u0430\u0434\u043c\u0438\u043d\u0438\u0441\u0442\u0440\u0430\u0442\u043e\u0440\",\"@id\":\"https:\/\/transparency.mk\/#\/schema\/person\/4ab55c47d82a7d099f63f569c223c903\"},\"headline\":\"Afera Telekom: Implikimet n\u00eb Maqedoni\",\"datePublished\":\"2013-04-22T07:32:35+00:00\",\"dateModified\":\"2021-02-17T08:33:02+00:00\",\"mainEntityOfPage\":{\"@id\":\"https:\/\/transparency.mk\/sq\/2013\/04\/22\/afera-telekom-implikimet-ne-maqedoni\/\"},\"wordCount\":1315,\"publisher\":{\"@id\":\"https:\/\/transparency.mk\/#organization\"},\"image\":{\"@id\":\"https:\/\/transparency.mk\/sq\/2013\/04\/22\/afera-telekom-implikimet-ne-maqedoni\/#primaryimage\"},\"thumbnailUrl\":\"https:\/\/transparency.mk\/wp-content\/uploads\/2021\/02\/tmobile-1.jpg\",\"articleSection\":[\"Lajme\"],\"inLanguage\":\"sq-AL\"},{\"@type\":\"WebPage\",\"@id\":\"https:\/\/transparency.mk\/sq\/2013\/04\/22\/afera-telekom-implikimet-ne-maqedoni\/\",\"url\":\"https:\/\/transparency.mk\/sq\/2013\/04\/22\/afera-telekom-implikimet-ne-maqedoni\/\",\"name\":\"Afera Telekom: Implikimet n\u00eb Maqedoni - Transparency International\",\"isPartOf\":{\"@id\":\"https:\/\/transparency.mk\/#website\"},\"primaryImageOfPage\":{\"@id\":\"https:\/\/transparency.mk\/sq\/2013\/04\/22\/afera-telekom-implikimet-ne-maqedoni\/#primaryimage\"},\"image\":{\"@id\":\"https:\/\/transparency.mk\/sq\/2013\/04\/22\/afera-telekom-implikimet-ne-maqedoni\/#primaryimage\"},\"thumbnailUrl\":\"https:\/\/transparency.mk\/wp-content\/uploads\/2021\/02\/tmobile-1.jpg\",\"datePublished\":\"2013-04-22T07:32:35+00:00\",\"dateModified\":\"2021-02-17T08:33:02+00:00\",\"breadcrumb\":{\"@id\":\"https:\/\/transparency.mk\/sq\/2013\/04\/22\/afera-telekom-implikimet-ne-maqedoni\/#breadcrumb\"},\"inLanguage\":\"sq-AL\",\"potentialAction\":[{\"@type\":\"ReadAction\",\"target\":[\"https:\/\/transparency.mk\/sq\/2013\/04\/22\/afera-telekom-implikimet-ne-maqedoni\/\"]}]},{\"@type\":\"ImageObject\",\"inLanguage\":\"sq-AL\",\"@id\":\"https:\/\/transparency.mk\/sq\/2013\/04\/22\/afera-telekom-implikimet-ne-maqedoni\/#primaryimage\",\"url\":\"https:\/\/transparency.mk\/wp-content\/uploads\/2021\/02\/tmobile-1.jpg\",\"contentUrl\":\"https:\/\/transparency.mk\/wp-content\/uploads\/2021\/02\/tmobile-1.jpg\",\"width\":250,\"height\":180},{\"@type\":\"BreadcrumbList\",\"@id\":\"https:\/\/transparency.mk\/sq\/2013\/04\/22\/afera-telekom-implikimet-ne-maqedoni\/#breadcrumb\",\"itemListElement\":[{\"@type\":\"ListItem\",\"position\":1,\"name\":\"Home\",\"item\":\"https:\/\/transparency.mk\/sq\/\"},{\"@type\":\"ListItem\",\"position\":2,\"name\":\"Afera Telekom: Implikimet n\u00eb Maqedoni\"}]},{\"@type\":\"WebSite\",\"@id\":\"https:\/\/transparency.mk\/#website\",\"url\":\"https:\/\/transparency.mk\/\",\"name\":\"Transparency International\",\"description\":\"Maqedoni\",\"publisher\":{\"@id\":\"https:\/\/transparency.mk\/#organization\"},\"potentialAction\":[{\"@type\":\"SearchAction\",\"target\":{\"@type\":\"EntryPoint\",\"urlTemplate\":\"https:\/\/transparency.mk\/?s={search_term_string}\"},\"query-input\":{\"@type\":\"PropertyValueSpecification\",\"valueRequired\":true,\"valueName\":\"search_term_string\"}}],\"inLanguage\":\"sq-AL\"},{\"@type\":\"Organization\",\"@id\":\"https:\/\/transparency.mk\/#organization\",\"name\":\"\u0422\u0440\u0430\u043d\u0441\u043f\u0430\u0440\u0435\u043d\u0441\u0438 \u0418\u043d\u0442\u0435\u0440\u043d\u0435\u0448\u043d\u043b - \u041c\u0430\u043a\u0435\u0434\u043e\u043d\u0438\u0458\u0430\",\"url\":\"https:\/\/transparency.mk\/\",\"logo\":{\"@type\":\"ImageObject\",\"inLanguage\":\"sq-AL\",\"@id\":\"https:\/\/transparency.mk\/#\/schema\/logo\/image\/\",\"url\":\"https:\/\/transparency.mk\/wp-content\/uploads\/2020\/10\/transparency-mk-logo.png\",\"contentUrl\":\"https:\/\/transparency.mk\/wp-content\/uploads\/2020\/10\/transparency-mk-logo.png\",\"width\":250,\"height\":75,\"caption\":\"\u0422\u0440\u0430\u043d\u0441\u043f\u0430\u0440\u0435\u043d\u0441\u0438 \u0418\u043d\u0442\u0435\u0440\u043d\u0435\u0448\u043d\u043b - \u041c\u0430\u043a\u0435\u0434\u043e\u043d\u0438\u0458\u0430\"},\"image\":{\"@id\":\"https:\/\/transparency.mk\/#\/schema\/logo\/image\/\"},\"sameAs\":[\"https:\/\/www.facebook.com\/TransparencyMK\/\",\"https:\/\/x.com\/ti_macedonia\",\"https:\/\/www.instagram.com\/timacedonia\/\",\"https:\/\/youtube.com\/user\/tzcmacedonia\/\"]},{\"@type\":\"Person\",\"@id\":\"https:\/\/transparency.mk\/#\/schema\/person\/4ab55c47d82a7d099f63f569c223c903\",\"name\":\"TI \u0430\u0434\u043c\u0438\u043d\u0438\u0441\u0442\u0440\u0430\u0442\u043e\u0440\",\"sameAs\":[\"https:\/\/transparency.mk\"]}]}<\/script>\n<!-- \/ Yoast SEO plugin. -->","yoast_head_json":{"title":"Afera Telekom: Implikimet n\u00eb Maqedoni - Transparency International","robots":{"index":"index","follow":"follow","max-snippet":"max-snippet:-1","max-image-preview":"max-image-preview:large","max-video-preview":"max-video-preview:-1"},"canonical":"https:\/\/transparency.mk\/sq\/2013\/04\/22\/afera-telekom-implikimet-ne-maqedoni\/","og_locale":"sq_AL","og_type":"article","og_title":"Afera Telekom: Implikimet n\u00eb Maqedoni - Transparency International","og_description":"22.04.2013 Korrupsioni \u00ebsht\u00eb nj\u00eb dukuri q\u00eb prek pothuajse \u00e7do pore t\u00eb pushteteve n\u00eb bot\u00eb, t\u00eb cilat n\u00eb baz\u00eb t\u00eb leht\u00ebsirave t\u00eb krijuara p\u00ebr kompani t\u00eb ndryshme dhe sh\u00ebrbime t\u00eb ofruara nga ana e qeverive, p\u00ebrfitohen shuma t\u00eb m\u00ebdha parash. Ndoshta \u00ebsht\u00eb kjo lidhja simbioz\u00eb, q\u00eb e b\u00ebn korrupsionin t\u00eb pashmangsh\u00ebm edhe n\u00eb Maqedoni. Sht\u00ebpia juridike&hellip;","og_url":"https:\/\/transparency.mk\/sq\/2013\/04\/22\/afera-telekom-implikimet-ne-maqedoni\/","og_site_name":"Transparency International","article_publisher":"https:\/\/www.facebook.com\/TransparencyMK\/","article_published_time":"2013-04-22T07:32:35+00:00","article_modified_time":"2021-02-17T08:33:02+00:00","og_image":[{"width":250,"height":180,"url":"https:\/\/transparency.mk\/wp-content\/uploads\/2021\/02\/tmobile-1.jpg","type":"image\/jpeg"}],"author":"TI \u0430\u0434\u043c\u0438\u043d\u0438\u0441\u0442\u0440\u0430\u0442\u043e\u0440","twitter_card":"summary_large_image","twitter_creator":"@ti_macedonia","twitter_site":"@ti_macedonia","twitter_misc":{"Written by":"TI \u0430\u0434\u043c\u0438\u043d\u0438\u0441\u0442\u0440\u0430\u0442\u043e\u0440","Est. reading time":"7 minutes"},"schema":{"@context":"https:\/\/schema.org","@graph":[{"@type":"Article","@id":"https:\/\/transparency.mk\/sq\/2013\/04\/22\/afera-telekom-implikimet-ne-maqedoni\/#article","isPartOf":{"@id":"https:\/\/transparency.mk\/sq\/2013\/04\/22\/afera-telekom-implikimet-ne-maqedoni\/"},"author":{"name":"TI \u0430\u0434\u043c\u0438\u043d\u0438\u0441\u0442\u0440\u0430\u0442\u043e\u0440","@id":"https:\/\/transparency.mk\/#\/schema\/person\/4ab55c47d82a7d099f63f569c223c903"},"headline":"Afera Telekom: Implikimet n\u00eb Maqedoni","datePublished":"2013-04-22T07:32:35+00:00","dateModified":"2021-02-17T08:33:02+00:00","mainEntityOfPage":{"@id":"https:\/\/transparency.mk\/sq\/2013\/04\/22\/afera-telekom-implikimet-ne-maqedoni\/"},"wordCount":1315,"publisher":{"@id":"https:\/\/transparency.mk\/#organization"},"image":{"@id":"https:\/\/transparency.mk\/sq\/2013\/04\/22\/afera-telekom-implikimet-ne-maqedoni\/#primaryimage"},"thumbnailUrl":"https:\/\/transparency.mk\/wp-content\/uploads\/2021\/02\/tmobile-1.jpg","articleSection":["Lajme"],"inLanguage":"sq-AL"},{"@type":"WebPage","@id":"https:\/\/transparency.mk\/sq\/2013\/04\/22\/afera-telekom-implikimet-ne-maqedoni\/","url":"https:\/\/transparency.mk\/sq\/2013\/04\/22\/afera-telekom-implikimet-ne-maqedoni\/","name":"Afera Telekom: Implikimet n\u00eb Maqedoni - Transparency International","isPartOf":{"@id":"https:\/\/transparency.mk\/#website"},"primaryImageOfPage":{"@id":"https:\/\/transparency.mk\/sq\/2013\/04\/22\/afera-telekom-implikimet-ne-maqedoni\/#primaryimage"},"image":{"@id":"https:\/\/transparency.mk\/sq\/2013\/04\/22\/afera-telekom-implikimet-ne-maqedoni\/#primaryimage"},"thumbnailUrl":"https:\/\/transparency.mk\/wp-content\/uploads\/2021\/02\/tmobile-1.jpg","datePublished":"2013-04-22T07:32:35+00:00","dateModified":"2021-02-17T08:33:02+00:00","breadcrumb":{"@id":"https:\/\/transparency.mk\/sq\/2013\/04\/22\/afera-telekom-implikimet-ne-maqedoni\/#breadcrumb"},"inLanguage":"sq-AL","potentialAction":[{"@type":"ReadAction","target":["https:\/\/transparency.mk\/sq\/2013\/04\/22\/afera-telekom-implikimet-ne-maqedoni\/"]}]},{"@type":"ImageObject","inLanguage":"sq-AL","@id":"https:\/\/transparency.mk\/sq\/2013\/04\/22\/afera-telekom-implikimet-ne-maqedoni\/#primaryimage","url":"https:\/\/transparency.mk\/wp-content\/uploads\/2021\/02\/tmobile-1.jpg","contentUrl":"https:\/\/transparency.mk\/wp-content\/uploads\/2021\/02\/tmobile-1.jpg","width":250,"height":180},{"@type":"BreadcrumbList","@id":"https:\/\/transparency.mk\/sq\/2013\/04\/22\/afera-telekom-implikimet-ne-maqedoni\/#breadcrumb","itemListElement":[{"@type":"ListItem","position":1,"name":"Home","item":"https:\/\/transparency.mk\/sq\/"},{"@type":"ListItem","position":2,"name":"Afera Telekom: Implikimet n\u00eb Maqedoni"}]},{"@type":"WebSite","@id":"https:\/\/transparency.mk\/#website","url":"https:\/\/transparency.mk\/","name":"Transparency International","description":"Maqedoni","publisher":{"@id":"https:\/\/transparency.mk\/#organization"},"potentialAction":[{"@type":"SearchAction","target":{"@type":"EntryPoint","urlTemplate":"https:\/\/transparency.mk\/?s={search_term_string}"},"query-input":{"@type":"PropertyValueSpecification","valueRequired":true,"valueName":"search_term_string"}}],"inLanguage":"sq-AL"},{"@type":"Organization","@id":"https:\/\/transparency.mk\/#organization","name":"\u0422\u0440\u0430\u043d\u0441\u043f\u0430\u0440\u0435\u043d\u0441\u0438 \u0418\u043d\u0442\u0435\u0440\u043d\u0435\u0448\u043d\u043b - \u041c\u0430\u043a\u0435\u0434\u043e\u043d\u0438\u0458\u0430","url":"https:\/\/transparency.mk\/","logo":{"@type":"ImageObject","inLanguage":"sq-AL","@id":"https:\/\/transparency.mk\/#\/schema\/logo\/image\/","url":"https:\/\/transparency.mk\/wp-content\/uploads\/2020\/10\/transparency-mk-logo.png","contentUrl":"https:\/\/transparency.mk\/wp-content\/uploads\/2020\/10\/transparency-mk-logo.png","width":250,"height":75,"caption":"\u0422\u0440\u0430\u043d\u0441\u043f\u0430\u0440\u0435\u043d\u0441\u0438 \u0418\u043d\u0442\u0435\u0440\u043d\u0435\u0448\u043d\u043b - \u041c\u0430\u043a\u0435\u0434\u043e\u043d\u0438\u0458\u0430"},"image":{"@id":"https:\/\/transparency.mk\/#\/schema\/logo\/image\/"},"sameAs":["https:\/\/www.facebook.com\/TransparencyMK\/","https:\/\/x.com\/ti_macedonia","https:\/\/www.instagram.com\/timacedonia\/","https:\/\/youtube.com\/user\/tzcmacedonia\/"]},{"@type":"Person","@id":"https:\/\/transparency.mk\/#\/schema\/person\/4ab55c47d82a7d099f63f569c223c903","name":"TI \u0430\u0434\u043c\u0438\u043d\u0438\u0441\u0442\u0440\u0430\u0442\u043e\u0440","sameAs":["https:\/\/transparency.mk"]}]}},"_links":{"self":[{"href":"https:\/\/transparency.mk\/sq\/wp-json\/wp\/v2\/posts\/9634","targetHints":{"allow":["GET"]}}],"collection":[{"href":"https:\/\/transparency.mk\/sq\/wp-json\/wp\/v2\/posts"}],"about":[{"href":"https:\/\/transparency.mk\/sq\/wp-json\/wp\/v2\/types\/post"}],"author":[{"embeddable":true,"href":"https:\/\/transparency.mk\/sq\/wp-json\/wp\/v2\/users\/1"}],"replies":[{"embeddable":true,"href":"https:\/\/transparency.mk\/sq\/wp-json\/wp\/v2\/comments?post=9634"}],"version-history":[{"count":1,"href":"https:\/\/transparency.mk\/sq\/wp-json\/wp\/v2\/posts\/9634\/revisions"}],"predecessor-version":[{"id":9638,"href":"https:\/\/transparency.mk\/sq\/wp-json\/wp\/v2\/posts\/9634\/revisions\/9638"}],"wp:featuredmedia":[{"embeddable":true,"href":"https:\/\/transparency.mk\/sq\/wp-json\/wp\/v2\/media\/9635"}],"wp:attachment":[{"href":"https:\/\/transparency.mk\/sq\/wp-json\/wp\/v2\/media?parent=9634"}],"wp:term":[{"taxonomy":"category","embeddable":true,"href":"https:\/\/transparency.mk\/sq\/wp-json\/wp\/v2\/categories?post=9634"},{"taxonomy":"post_tag","embeddable":true,"href":"https:\/\/transparency.mk\/sq\/wp-json\/wp\/v2\/tags?post=9634"}],"curies":[{"name":"wp","href":"https:\/\/api.w.org\/{rel}","templated":true}]}}