{"id":9696,"date":"2015-04-09T09:41:44","date_gmt":"2015-04-09T07:41:44","guid":{"rendered":"https:\/\/transparency.web.com.mk\/?p=9696"},"modified":"2021-02-17T09:42:13","modified_gmt":"2021-02-17T08:42:13","slug":"drejtesia-e-gjykatave-per-minatoret-eshte-me-e-thelle-se-gropat","status":"publish","type":"post","link":"https:\/\/transparency.mk\/sq\/2015\/04\/09\/drejtesia-e-gjykatave-per-minatoret-eshte-me-e-thelle-se-gropat\/","title":{"rendered":"Drejt\u00ebsia e gjykatave p\u00ebr minator\u00ebt \u00ebsht\u00eb m\u00eb e thell\u00eb se gropat"},"content":{"rendered":"<p style=\"font-weight: 400;\">09.04.2015 Shtat\u00eb minator\u00eb vdiq\u00ebn n\u00eb minier\u00ebn \u201cSasa\u201d n\u00eb vitet e fundit, por familjet e tyre nuk mund t\u00eb v\u00ebrtetojn\u00eb p\u00ebrgjegj\u00ebsin\u00eb e minier\u00ebs as n\u00ebp\u00ebrmjet gjykatave, por duhet t\u00eb\u00a0 k\u00ebnaqur vet\u00ebm me d\u00ebmshp\u00ebrblimin n\u00eb para. Ata jan\u00eb t\u00eb frik\u00ebsuar p\u00ebr t\u00eb marr\u00eb ndonj\u00eb hap tjet\u00ebr\u00a0 pasi q\u00eb administrata e minier\u00ebs ka nd\u00ebrmend t\u00eb shp\u00ebrb\u00ebn edhe sindikat\u00ebn, q\u00eb vazhdimisht m\u00eb pak, e m\u00eb pak p\u00ebrfaq\u00ebson t\u00eb drejtat e pun\u00ebtor\u00ebve. Pasi shkarkuan\u00a0 zgjidhin udh\u00ebheq\u00ebsve t\u00eb sindikatave, minator\u00eb t\u00eb tjer\u00eb jan\u00eb n\u00ebn presion t\u00eb vazhduesh\u00ebm.<\/p>\n<p>Dit\u00ebt para Pashk\u00ebve, n\u00eb qend\u00ebr t\u00eb Makedonska Kamenica minator\u00ebt nga \u201cSasa\u201d, jan\u00eb renditur p\u00ebr t\u00eb marr nj\u00eb gjysm\u00eb qengji p\u00ebr fest\u00ebn e madhe krishtere.\u00a0 Kjo p\u00ebr nj\u00eb \u00e7ast do t\u00eb zvog\u00eblon varf\u00ebrin\u00eb e tyre dhe t&#8217;i b\u00ebj\u00eb ata t\u00eb lumtur. Banor\u00eb tjer\u00eb t\u00eb qytetit t\u00eb minierave, t\u00eb cil\u00ebt nuk kan\u00eb t\u00eb pun\u00ebsuar n\u00eb \u201cSasa\u201d komento me z\u00eb\u00a0 se n\u00eb k\u00ebt\u00eb m\u00ebnyr\u00eb pronar\u00ebt e minierave i heshtin minator\u00ebt, ua marrin z\u00ebrin n\u00eb betej\u00ebn p\u00ebr t\u00eb drejtat e pun\u00ebtor\u00ebve. Madje thuhet q\u00eb minator\u00ebt zem\u00ebrbut\u00eb, si grupi m\u00eb i madh n\u00eb Makedonska Kamenica manipulohen leht\u00eb, sidomos nga partia n\u00eb pushtet e cila i p\u00ebrdor si votues n\u00eb zgjedhje.<\/p>\n<p style=\"font-weight: 400;\">\n<p style=\"font-weight: 400;\">\n<p style=\"font-weight: 400;\">Prandaj, n\u00eb qoft\u00eb se pyetni qytetar\u00ebt n\u00eb k\u00ebt\u00eb qytet minierash prej tet\u00eb mij\u00eb banor\u00eb, p\u00ebr t\u00eb parashikuar se kush do t\u00eb fitoj\u00eb zgjedhjet, pas audio incizimeve t\u00eb opozit\u00ebs ku d\u00ebgjohen aktivitete kriminale dhe manipulimet politike t\u00eb pushtetit, ata kan\u00eb p\u00ebrgjigjen e nj\u00ebjt\u00eb sikur edhe m\u00eb par\u00eb &#8211; partin\u00eb t\u00eb cil\u00ebn do t\u00eb votojn\u00eb minator\u00ebt.<\/p>\n<p><strong>UDH\u00cbHEQ\u00cbSI I SINDIKAT\u00cbS I GJUNJ\u00cbZUAR,\u00a0 MINATOR\u00cbT E FRIK\u00cbSUAR<\/strong><\/p>\n<p>P\u00ebrsh\u00ebndetja e famshme \u201cme fat\u201d e shkruar n\u00eb hyrje t\u00eb minier\u00ebs, sikur fsheh fat t\u00eb keq p\u00ebr minator\u00ebt. T\u00eb lodhur, t\u00eb vjet\u00ebr, t\u00eb turp\u00ebruar dhe t\u00eb qet\u00eb, ata nuk kan\u00eb fuqi dhe m\u00ebnyr\u00eb p\u00ebr t\u00eb realizuar t\u00eb drejtat e tyre t\u00eb pun\u00ebs para epror\u00ebve, akoma m\u00eb pak ti realizojn\u00eb kur t\u00eb nisin ndonj\u00eb procedur\u00eb gjyq\u00ebsore. Pik\u00ebrisht lajm\u00ebruesit q\u00eb kan\u00eb zbuluar aktivitete t\u00eb paligjshme t\u00eb drejtor\u00ebve t\u00eb minier\u00ebs, por edhe ata q\u00eb raportojn\u00eb se pronar\u00ebt e \u201cSasa\u201d faj\u00ebsohen p\u00ebr vdekjen e disa minator\u00ebve, vite t\u00eb t\u00ebra nuk mund t\u00eb fitojn\u00eb drejt\u00ebsi. T\u00eb gjitha lajm\u00ebruesit dyshojn\u00eb n\u00eb gjyq\u00ebsor t\u00eb korruptuar, sidomos tani pas bisedave t\u00eb p\u00ebrgjuara q\u00eb jan\u00eb b\u00ebr\u00eb publike nga opozita, ku kan\u00eb kuptuar se si n\u00eb Shkup \u201crregullohen\u201d gjyqtar\u00eb, prokuror\u00eb dhe procese, edhe at\u00eb kund\u00ebr personave t\u00eb njohur, at\u00ebher\u00eb \u00e7far\u00eb mbetet p\u00ebr qytetet e vogla dhe gjykatat dhe prokuror\u00ebt vendas, ose p\u00ebr l\u00ebnd\u00eb q\u00eb hapen nga minator\u00ebt dhe familjet e tyre.<br \/>\nN\u00ebp\u00ebrmjet dy shembujve, dhe t\u00eb till\u00eb ka shum\u00eb, ne do t\u00eb zhvillojm\u00eb nj\u00eb analiz\u00eb se si minator\u00eb n\u00ebp\u00ebrmjet gjyqit nuk mund t\u00eb provoj\u00eb se drejt\u00ebsia \u00ebsht\u00eb n\u00eb an\u00ebn e tyre, gjegj\u00ebsisht se\u00a0 autoritetet gjyq\u00ebsore mbyllin syt\u00eb para fakteve dhe q\u00ebndrojn\u00eb n\u00eb an\u00ebn e minier\u00ebs, e cila \u00ebsht\u00eb n\u00eb pron\u00ebsi t\u00eb kompanis\u00eb ruse \u201cSolvej\u201d.<br \/>\nN\u00eb vitin 2011 president i sindikat\u00ebs u zgjodh minatori Sashe Jovanov. At\u00ebher\u00eb sindikata ka pasur 450 an\u00ebtar\u00eb, por k\u00ebmb\u00ebngulja dhe p\u00ebrkushtimi n\u00eb betejat e sindikat\u00ebs e ka rritur an\u00ebtar\u00ebsin\u00eb n\u00eb 580. Me k\u00ebt\u00eb, 80 p\u00ebr qind e minator\u00ebve kan\u00eb qen\u00eb sindikalist\u00eb. N\u00eb vitin 2012 n\u00eb minier\u00eb ka vdekur minatori Vojo Stamenkovski. Sipas raportit t\u00eb inspektoratit t\u00eb minierave, ai \u00ebsht\u00eb helmuar me monoksid karboni p\u00ebr shkak t\u00eb mbrojtjes s\u00eb pamjaftueshme, q\u00eb \u00ebsht\u00eb p\u00ebrgjegj\u00ebsi e menaxhmentit t\u00eb minier\u00ebs. Duke kuptuar faktin se g\u00ebrmimi i nj\u00eb rrjedhe ku \u00ebsht\u00eb\u00a0 vrar\u00eb Stamenkovski \u00ebsht\u00eb b\u00ebr\u00eb pa leje, q\u00eb \u00ebsht\u00eb n\u00eb kund\u00ebrshtim me Ligjin p\u00ebr minerale t\u00eb dor\u00ebs s\u00eb par\u00eb, sindikata la nisur procesin p\u00ebr t\u00eb v\u00ebrtetuar se menaxhimi i minier\u00ebs \u00ebsht\u00eb p\u00ebrgjegj\u00ebs p\u00ebr vdekjen.<br \/>\nPor n\u00eb vend t\u00eb bashk\u00ebpunimit me administrat\u00ebn dhe p\u00ebrcaktimin e t\u00eb v\u00ebrtet\u00ebs, dhe me k\u00ebt\u00eb edhe p\u00ebrgjegj\u00ebsin\u00eb p\u00ebr vdekjen, miniera ka nd\u00ebrprer\u00eb komunikimin me sindikat\u00ebn, gjegj\u00ebsisht ka vazhduar vet\u00ebm me shkrim. P\u00ebr t\u00eb izoluar p\u00ebrgjegj\u00ebsin\u00eb, si\u00e7 tregojn\u00eb minator\u00ebt p\u00ebr \u201cFokus\u201d, menaxhimi ka filluar me shtypje mbi an\u00ebtar\u00ebt e sindikatave.<br \/>\n&#8211; Mua si lider sindikate m\u00eb ofruan para, gjegj\u00ebsisht t\u00eb fillojn\u00eb t\u00eb m\u00eb paguajn\u00eb \u00e7do muaj nj\u00eb shum\u00eb parash p\u00ebr heshtjen time dhe shnd\u00ebrrimin n\u00eb nj\u00eb kukull t\u00eb drejtor\u00ebve. Praktikisht, kishin p\u00ebr q\u00ebllim t\u00eb q\u00ebndroj n\u00eb pozit\u00ebn udh\u00ebheq\u00ebse, por n\u00eb vend q\u00eb t\u00eb mbroj pun\u00ebtor\u00ebt, t\u00eb zbatoj politik\u00ebn e Drejtor\u00ebve. Ashtu desh\u00ebn t\u00eb fshehin p\u00ebrgjegj\u00ebsin\u00eb p\u00ebr vdekjen e minatorit \u2013 tregon Jovanov.<br \/>\nMe propozimin e till\u00eb t\u00eb pahijsh\u00ebm Jovanov nuk \u00ebsht\u00eb pajtuar, p\u00ebrkundrazi, ai ka intensifikuar aktivitetet e sindikat\u00ebs. Vdekja e kolegut e ka detyruar t\u00eb k\u00ebrkon rroga m\u00eb t\u00eb larta, ambulanc\u00eb t\u00eb re q\u00eb t\u00ebr\u00eb koh\u00ebn do t\u00eb gjendet n\u00eb minier\u00ebn, p\u00ebrmir\u00ebsim t\u00eb\u00a0 kushteve t\u00eb pun\u00ebs, si dhe 150 vende t\u00eb reja pune p\u00ebr funksionimin normal t\u00eb minier\u00ebs \u201cSasa\u201d, pasi q\u00eb me numrin m\u00eb t\u00eb vog\u00ebl t\u00eb minator\u00ebve disa prej tyre shpesh kan\u00eb kryer detyra q\u00eb nuk ju takon sipas kualifikimeve t\u00eb tyre.<br \/>\nMiniera ka rreth 700 t\u00eb pun\u00ebsuar, edhe pse 900 jan\u00eb t\u00eb domosdosh\u00ebm. P\u00ebr t\u00eb zvog\u00ebluar rezistenc\u00ebn e sindikat\u00ebs, ve\u00e7an\u00ebrisht n\u00eb lidhje me vdekjen e Stamenkovskit, por edhe p\u00ebr t\u00eb parandaluar presionet e ardhshme t\u00eb minator\u00ebve, drejtor\u00ebt nis\u00ebn me diskualifikimin e udh\u00ebheq\u00ebsit t\u00eb sindikat\u00ebs, sidomos pas suksesit t\u00eb sindikat\u00ebs p\u00ebr t\u00eb rikthyer n\u00eb pun\u00eb dy minator\u00eb t\u00eb larguar nga puna.<br \/>\nP\u00ebr t\u00eb provuar legjitimitetin e tij dhe mb\u00ebshtetjen q\u00eb ka nga minator\u00ebt, nd\u00ebrsa u \u00ebsht\u00eb p\u00ebrball me nj\u00eb kund\u00ebrshtim nga \u201cSasa\u201d q\u00eb \u00ebsht\u00eb sindikalist i paligjsh\u00ebm, Jovanov \u00ebsht\u00eb dashur t\u00eb planifikoj\u00eb nj\u00eb sesion n\u00eb Kuvend. K\u00ebt\u00eb edhe ka b\u00ebr\u00eb. Por, dy dit\u00eb para sesionit, kur ai ka pasur takim n\u00eb Shkup me ministrin p\u00ebr Pun\u00eb dhe Politik\u00eb Sociale, Spiro Ristovski dhe kan\u00eb folur p\u00ebr gjendjen n\u00eb minier\u00eb, n\u00eb Makedonska Kamenica \u00ebsht\u00eb mbajtur sesion p\u00ebr t\u00eb cilin pretendon se \u00ebsht\u00eb larguar nga posti n\u00eb m\u00ebnyr\u00eb t\u00eb paligjshme.<br \/>\n&#8211; P\u00ebr t\u00eb m\u00eb larguar nga funksioni i kryetarit t\u00eb sindikat\u00ebs duhet t\u00eb jet\u00eb iniciativ\u00eb nga s\u00eb paku nj\u00eb e treta e an\u00ebtar\u00ebsis\u00eb, q\u00eb n\u00eb k\u00ebt\u00eb rast nuk ka pasur. Dy dit\u00eb m\u00eb von\u00eb, m\u00eb shum\u00eb se 300 minator\u00eb n\u00eb sesionin tim nuk u pajtuan me dor\u00ebheqjen q\u00eb ofrova.\u00a0 Por p\u00ebrfundimisht, duke iu k\u00ebrc\u00ebnuar me vendet e pun\u00ebs, si dhe me premtime p\u00ebr t\u00eb pun\u00ebsuar an\u00ebtar\u00eb t\u00eb familjeve t\u00eb tyre, dhe do t\u00eb rrisin rrogat p\u00ebr 20 p\u00ebr qind, drejtor\u00ebt kan\u00eb detyruar minator\u00ebt t\u00eb m\u00eb shesin dhe t\u00eb pajtohen me shkarkimin tim \u2013 pretendon\u00a0 Jovanov.<br \/>\nI vet\u00ebdijsh\u00ebm se n\u00eb qoft\u00eb se vazhdon me aktivitetet do t\u00eb k\u00ebrc\u00ebnon ekzistenc\u00ebn e minator\u00ebve, por edhe p\u00ebr t\u00eb ndaluar presionet (at\u00ebher\u00eb 15 minator\u00eb t\u00eb cil\u00ebve u kan\u00eb skaduar kontratat kan\u00eb humbur vendet e pun\u00ebs), ai \u00ebsht\u00eb munduar edhe nj\u00eb her\u00eb t\u00eb mban seanc\u00eb t\u00eb Kuvendit, q\u00eb minator\u00ebt t\u00eb mund t\u00eb votojn\u00eb n\u00eb m\u00ebnyr\u00eb t\u00eb fsheht\u00eb, edhe pse ju kishin premtuar rroga m\u00eb t\u00eb larta vet\u00ebm p\u00ebr t\u00eb kund\u00ebrshtuar Jovanovin.<br \/>\nDhe sigurisht q\u00eb atje ku ka pushtet, nuk ka drejt\u00ebsi, Jovanovi \u00ebsht\u00eb detyruar t\u00eb largohet, dhe n\u00eb kuvendin n\u00eb tetor t\u00eb vitit 2012 \u00ebsht\u00eb em\u00ebruar si z\u00ebvend\u00ebs kryetar i sindikat\u00ebs, dhe \u00ebsht\u00eb vendosur q\u00eb brenda gjasht\u00eb muajve t\u00eb ardhshme t\u00eb mbahen zgjedhje, t\u00eb cilat ende nuk jan\u00eb organizuar. N\u00eb k\u00ebt\u00eb m\u00ebnyr\u00eb, sindikata k\u00ebrce sipas muzik\u00ebs s\u00eb administrat\u00ebs. N\u00eb nd\u00ebrkoh\u00eb, p\u00ebr t\u00eb larguar rrezikun nga nj\u00eb kthim i mundsh\u00ebm i Jovanovit, ai \u00ebsht\u00eb ri-vendosur n\u00eb nj\u00eb pozit\u00eb m\u00eb t\u00eb ul\u00ebt, n\u00eb nj\u00eb tjet\u00ebr sektor, Horizont 16, q\u00eb \u00ebsht\u00eb gati p\u00ebr t\u00eb mbyllur. K\u00ebshtu dyshon se do t\u00eb mbetet edhe pa pun\u00eb.<br \/>\nN\u00eb qershor t\u00eb vitit 2013 ai u shpall i tep\u00ebrt sepse pozita e tij si betonues i hap\u00ebsirave gropore n\u00eb sektorin Horizont 830 \u00ebsht\u00eb anuluar, edhe pse ai k\u00ebt\u00eb pozit\u00eb ka me kontrat\u00ebn origjinale, dhe n\u00eb nd\u00ebrkoh\u00eb pasi ka p\u00ebrparuar, ka marr vendim p\u00ebr minator\u00eb me aktivitete nd\u00ebrtimi, pozit\u00eb q\u00eb nuk anulohet. Ky ka qen\u00eb shkaku pse Jovanov ka dor\u00ebzuar ankes\u00eb gjyq\u00ebsor n\u00eb gjyqin n\u00eb Dell\u00e7ev\u00eb. Duke pasur parasysh se drejt\u00ebsia ka qen\u00eb n\u00eb an\u00ebn e tij, gjykata fillimisht nuk ka pasur dilem\u00eb dhe ka urdh\u00ebruar q\u00eb t\u00eb kthehen n\u00eb pun\u00eb, dhe kjo \u00ebsht\u00eb konfirmuar edhe nga Gjykata e Apelit n\u00eb Shtip.<br \/>\nPor k\u00ebtu nuk p\u00ebrfundon agonia e Jovanit. Ai \u00ebsht\u00eb p\u00ebrball me nj\u00eb ndales\u00eb p\u00ebr\u00a0 hyrje n\u00eb minier\u00eb, t\u00eb cil\u00ebn ia kan\u00eb komunikuar siguruesit e port\u00ebs. Dometh\u00ebn\u00eb \u00ebsht\u00eb detyruar q\u00eb t\u00eb dor\u00ebzon padi t\u00eb re p\u00ebr mos-zbatimin e vendimit t\u00eb gjykat\u00ebs. Pastaj, p\u00ebr arsye t\u00eb\u00a0 paqarta ndodh nj\u00eb ndryshim. E nj\u00ebjta gjykat\u00eb n\u00eb Dell\u00e7ev\u00eb tani pretendon se nuk e ka kuptuar vendimin e m\u00ebparsh\u00ebm, gjegj\u00ebsisht nuk duan t\u00eb pranojn\u00eb faktin se me tepric\u00ebn teknologjike \u00ebsht\u00eb anuluar vendi i pun\u00ebs ku Jovanovi \u00ebsht\u00eb pun\u00ebsuar fillimisht, e jo vendin e pun\u00ebs q\u00eb e ka pasur n\u00eb momentin kur e kan\u00eb larguar nga puna. Tani l\u00ebnda \u00ebsht\u00eb n\u00eb Gjykat\u00ebn e Apelit n\u00eb Shtip. N\u00eb nd\u00ebrkoh\u00eb, q\u00eb mos t\u00eb shkon n\u00eb pun\u00eb dhe q\u00eb ta qet\u00ebsojn\u00eb, miniera ia jep pag\u00ebn baz\u00eb dhe i ka urdh\u00ebruar t\u00eb kryen kontrollet<br \/>\nSistematike, t\u00eb siguron certifikat\u00ebn e siguris\u00eb, i japin disa pushime vjetore, vet\u00ebm q\u00eb t\u00eb jet\u00eb jasht\u00eb nga miniera, duke u frik\u00ebsuar se p\u00ebrs\u00ebri mund t\u00eb organizon pun\u00ebtor\u00ebt n\u00ebp\u00ebrmjet sindikat\u00ebs.<\/p>\n<p><strong>ME PARA HESHTIN FAMILJET E MINATOR\u00cbVE?<\/strong><\/p>\n<p>Rasti i Jovanovit tregon se lajm\u00ebruesit e veprimeve t\u00eb paligjshme nuk kan\u00eb mbrojtje ligjore dhe q\u00eb m\u00eb t\u00eb fuqishmit mund t\u00eb ndikojn\u00eb n\u00eb vendimet gjyq\u00ebsore. Nj\u00eb shembull i ndrysh\u00ebm, por n\u00eb kontekst t\u00eb asaj q\u00eb minator\u00ebt v\u00ebshtir\u00eb mund t\u00eb provoj\u00eb t\u00eb v\u00ebrtet\u00ebn n\u00ebp\u00ebrmjet institucioneve gjyq\u00ebsore \u00ebsht\u00eb edhe rasti me minatorin\u00a0 vdekur. Familja Ivanovski disa vite mundohet t\u00eb provon se vdekja e minatorit Divanis Ivanovski \u00ebsht\u00eb faj i udh\u00ebheq\u00ebsis\u00eb s\u00eb \u201cSasa\u201d. Ai ka vdekur n\u00eb maj t\u00eb vitit 2011, gjat\u00eb rr\u00ebzimit t\u00eb\u00a0 bllokut derisa \u00ebsht\u00eb g\u00ebrmuar dhe \u00ebsht\u00eb kryer nj\u00eb proces i njohur si n\u00ebn-nd\u00ebrtim.<br \/>\nPas ngjarjes tragjike inspektorati ka konstatuar se, sipas rregullores p\u00ebr eksploatim t\u00eb n\u00ebndhesh\u00ebm, askund nuk \u00ebsht\u00eb parapar\u00eb ai lloj i n\u00ebn-nd\u00ebrtimit, q\u00eb do t\u00eb thot\u00eb se dikush duhet t\u00eb jet\u00eb p\u00ebrgjegj\u00ebs q\u00eb ka lejuar minator\u00ebt t\u00eb veprojn\u00eb ashtu. Sipas raportit, n\u00ebn-nd\u00ebrtimi \u00ebsht\u00eb kryer n\u00eb vende t\u00eb palejuara, dhe nuk \u00ebsht\u00eb p\u00ebrdorur pajisja p\u00ebrkat\u00ebse p\u00ebr mbrojtje. Familja Ivanovski supozon se kjo \u00ebsht\u00eb b\u00ebr\u00eb p\u00ebr t\u00eb kursyer shpenzime, madje thon\u00eb se ka pasur nj\u00eb ndales\u00eb p\u00ebr n\u00ebn-nd\u00ebrtim t\u00eb territorit ku ka ndodhur aksidenti.<br \/>\n&#8211; Babai im ishte i pun\u00ebsuar si shpues manual me \u00e7ekan dore, q\u00eb dometh\u00ebn\u00eb se nuk \u00ebsht\u00eb dashur t\u00eb d\u00ebrgohet p\u00ebr t\u00eb kryer nj\u00eb detyr\u00eb t\u00eb till\u00eb. Ky \u00ebsht\u00eb gabimi i par\u00eb i administrat\u00ebs. Pastaj, n\u00eb at\u00eb hap\u00ebsir\u00eb aspak nuk ka pasur kushte p\u00ebr n\u00ebn-nd\u00ebrtim, dhe d\u00ebshtimi i tret\u00eb para cilit p\u00ebrgjegj\u00ebsit kan\u00eb mbyllur syt\u00eb \u00ebsht\u00eb se ka pasur ndales\u00eb p\u00ebr t\u00eb nd\u00ebrhyr\u00eb n\u00eb at\u00eb pjes\u00eb t\u00eb rrezikshme. Por asnj\u00eb nga k\u00ebto nuk \u00ebsht\u00eb e mjaftueshme p\u00ebr autoritetet hetuese p\u00ebr t\u00eb p\u00ebrcaktuar p\u00ebrgjegj\u00ebsin\u00eb e drejtor\u00ebve t\u00eb minier\u00ebs &#8211; thot\u00eb Dejan Ivanovski, i biri i minatorit t\u00eb vdekur.<br \/>\nQ\u00eb dhimbja t\u00eb jet\u00eb akoma m\u00eb e madhe, pas kontrollit t\u00eb kryer n\u00eb teren Prokuroria publike n\u00eb Dell\u00e7ev\u00eb jep njoftim me nj\u00eb fjali ku thuhet se nuk ka elemente t\u00eb nj\u00eb krimi q\u00eb duhet t\u00eb ndiqet sipas detyr\u00ebs zyrtare dhe p\u00ebr k\u00ebt\u00eb arsye nuk do t\u00eb vazhdojn\u00eb me hetimin. Kjo do t\u00eb thot\u00eb se prokuroria d\u00ebshiron t\u00eb mbyll\u00eb \u00e7\u00ebshtjen si nj\u00eb aksident dhe kaq. Madje familja Ivanovski tregojn\u00eb se disa p\u00ebrfaq\u00ebsues t\u00eb prokuroris\u00eb i kan\u00eb paralajm\u00ebruar se n\u00eb nj\u00eb gjyq\u00ebsor t\u00eb till\u00eb t\u00eb korruptuar \u00ebsht\u00eb m\u00eb e mir\u00eb t\u00eb marrin pages\u00eb p\u00ebr d\u00ebmin, t\u00eb marrin parat\u00eb dhe t\u00eb harrojm\u00eb p\u00ebr p\u00ebrgjegj\u00ebsin\u00eb e drejt\u00ebsis\u00eb gjyq\u00ebsore t\u00eb pun\u00ebdh\u00ebn\u00ebsit.<br \/>\nKjo, megjithat\u00eb, nuk ka qen\u00eb e mjaftueshme p\u00ebr familjen Ivanovski, sepse p\u00ebr ta parat q\u00eb ju takojn\u00eb nuk kan\u00eb lidhje me p\u00ebrgjegj\u00ebsin\u00eb penale. Edhe pse ata jan\u00eb kat\u00ebr an\u00ebtar\u00eb t\u00eb familjes dhe kan\u00eb marr 70 mij\u00eb euro, ende nuk mund t\u00eb pajtohen me faktin se askush nuk do t\u00eb mbahet p\u00ebrgjegj\u00ebs p\u00ebr marr\u00ebdh\u00ebnie jo-profesionale me minator\u00ebt dhe ekspozimin e tyre ndaj rrezikut. Prandaj kan\u00eb nisur procedura kund\u00ebr minier\u00ebs \u201cSasa\u201d dhe kund\u00ebr drejtorit duke shpresuar se ndonj\u00ebher\u00eb\u00a0 do t\u00eb arrijn\u00eb t\u00eb provojn\u00eb se dikush tjet\u00ebr \u00ebsht\u00eb fajtor p\u00ebr vdekjen e minatorit, e jo q\u00eb ka qen\u00eb aksident. P\u00ebrve\u00e7 k\u00ebsaj, ata shpresojn\u00eb se shembulli i tyre do t\u00eb inkurajoj\u00eb familjet tjera q\u00eb kan\u00eb t\u00eb af\u00ebrm t\u00eb vrar\u00eb, q\u00eb tani heshtin pas marrjes s\u00eb kompensimit. Edhe pse dokumentacioni \u00ebsht\u00eb dor\u00ebzuar n\u00eb mars t\u00eb vitit t\u00eb kaluar, nj\u00eb vit Prokuroria Publike nuk flet edhe pse provat jan\u00eb t\u00eb dukshme.<br \/>\nEdhe qendra e Zyr\u00ebs s\u00eb Prokurorit Publik \u00ebsht\u00eb deklaruar\u00a0 p\u00ebr rastin se\u00a0 prokuroria lokale n\u00eb Dell\u00e7ev\u00eb ka nxituar me p\u00ebrfundimin se askush nuk \u00ebsht\u00eb p\u00ebrgjegj\u00ebs dhe se nuk ka elemente t\u00eb vepr\u00ebs penale. Kjo do t\u00eb thot\u00eb se nuk jan\u00eb marr\u00eb n\u00eb konsiderat\u00eb t\u00eb gjitha faktet, q\u00eb natyrisht krijon dyshim p\u00ebr korrupsion ose ndikim t\u00eb disa prokuror\u00ebve t\u00eb fuqish\u00ebm. Statistikat tregojn\u00eb se nga gjithsej shtat\u00eb raste me vdekje n\u00eb dhjet\u00eb vitet e fundit, n\u00eb pes\u00eb prej tyre, prokuroria ka t\u00eb nj\u00ebjtin informacion q\u00eb nuk do t\u00eb vepron, edhe pse minator\u00ebt argumentojn\u00eb se p\u00ebrgjegj\u00ebsia \u00ebsht\u00eb e qart\u00eb dhe e leht\u00eb p\u00ebr ta provuar, dhe \u00ebsht\u00eb p\u00ebrgjegj\u00ebsi e menaxhmentit t\u00eb \u201cSasa\u201d.<br \/>\n&#8211; Procedurat e autoriteteve gjyq\u00ebsore tregojn\u00eb se ata jan\u00eb ose t\u00eb shurdh\u00ebt e t\u00eb verb\u00ebr ose t\u00eb paguar, tjet\u00ebr nuk ka. T\u00eb gjith\u00eb n\u00eb minier\u00eb e kuptoj pse minator\u00ebt vuajn\u00eb dhe kush \u00ebsht\u00eb p\u00ebrgjegj\u00ebs, por akoma m\u00eb e qart\u00eb \u00ebsht\u00eb se dikush mbron drejtor\u00ebt, t\u00eb cil\u00ebt me d\u00ebmshp\u00ebrblime n\u00eb para amnistohen nga p\u00ebrgjegj\u00ebsia \u2013 t\u00eb revoltuar tregojn\u00eb nga familja Ivanovski.<br \/>\nPor a \u00ebsht\u00eb e sakt\u00eb logjika q\u00eb duhet paguar d\u00ebmshp\u00ebrblim, dhe mos t\u00eb merren masa paraprake? Llogaritja e p\u00ebraf\u00ebrt tregon se n\u00ebse nj\u00eb familje \u00ebsht\u00eb paguar prej 50 deri n\u00eb 100 mij\u00eb euro, dhe n\u00eb vitet e fundit ka disa t\u00eb tilla, dometh\u00ebn\u00eb q\u00eb miniera ka<br \/>\nshpenzuar rreth gjysm\u00eb milion\u00eb euro, para me t\u00eb cilat m\u00eb par\u00eb \u00ebsht\u00eb mundur t\u00eb investohet n\u00eb sigurimin e kushteve p\u00ebr pun\u00eb, dhe n\u00eb k\u00ebt\u00eb m\u00ebnyr\u00eb t\u00eb shp\u00ebton jeta.\n<\/p>\n<p style=\"font-weight: 400;\">\n<strong>XEHE MINOHEN PA KONTROLL<\/strong><\/p>\n<p>K\u00ebta dy shembuj tregojn\u00eb qart\u00eb se drejt\u00ebsia gjyq\u00ebsore p\u00ebr minator\u00ebt \u00ebsht\u00eb m\u00eb\u00a0 thell\u00eb e fshehur edhe nga xehet q\u00eb ata i g\u00ebrmojn\u00eb \u00e7do dit\u00eb. \u201cSasa\u201d \u00ebsht\u00eb e njohur p\u00ebr g\u00ebrmim t\u00eb xeheve t\u00eb plumbit &#8211; zinkut, kurse her\u00eb pas here shfaqen argjendi dhe metale t\u00eb tjera. Minator\u00ebt tregojn\u00eb q\u00eb koh\u00ebt e fundit g\u00ebrmohen vet\u00ebm xehe me yndyr\u00eb ose me p\u00ebrfaq\u00ebsim t\u00eb metaleve nga shtat\u00eb, tet\u00eb deri 10 p\u00ebr qind. \u00cbsht\u00eb e paqart\u00eb se pse nuk eksploatohen edhe xehet q\u00eb kan\u00eb m\u00eb pak, tre deri kat\u00ebr p\u00ebr qind. Nd\u00ebrkoh\u00eb, vazhdojn\u00eb largimet nga vendi i pun\u00ebs p\u00ebr minator\u00ebt, ve\u00e7an\u00ebrisht ata q\u00eb angazhohen me kontrat\u00eb me koh\u00eb t\u00eb caktuar t\u00eb pun\u00ebs, kurse ata, t\u00eb m\u00ebsuar nga praktika, nuk kan\u00eb fuqi t\u00eb k\u00ebrkojn\u00eb drejt\u00ebsi n\u00eb gjykat\u00eb.<br \/>\nEdhe pse gjat\u00eb shitblerjes s\u00eb minier\u00ebs me kontrat\u00eb ishte parapar\u00eb t\u00eb ket\u00eb 900 punonj\u00ebs, megjithat\u00eb, sipas politik\u00ebs s\u00eb biznesit, kjo shif\u00ebr \u00ebsht\u00eb e paarritshme. P\u00ebr k\u00ebt\u00eb shkak bashk\u00ebbiseduesit tan\u00eb tregojn\u00eb q\u00eb ndodh q\u00eb shum\u00eb minator\u00eb t\u00eb angazhohen n\u00eb pozita p\u00ebr t\u00eb cilat ata nuk jan\u00eb t\u00eb kualifikuar, e kjo do t\u00eb thot\u00eb vet\u00ebm rrezik dhe g\u00ebrmime jocil\u00ebsore. Madje ekzistojn\u00eb informacione dhe dyshime n\u00eb mesin e t\u00eb pun\u00ebsuarve q\u00eb prodhimi i plot\u00eb nuk tregohet n\u00eb dokumentacion. P\u00ebrmendin q\u00eb askush nuk e di numrin e sakt\u00eb t\u00eb kamion\u00ebve q\u00eb nxjerrin xehe, e as sa jan\u00eb fitimet.<br \/>\nPik\u00ebrisht n\u00eb k\u00ebt\u00eb Jovanov dhe Ivanovski e shohin shkakun se pse sindikata \u00ebsht\u00eb dashur t\u00eb shuhet, kurse disa minator\u00eb t\u00eb largohen na vendi i pun\u00ebs \u2013 p\u00ebr t\u00eb zvog\u00ebluar reagimet e z\u00ebshme dhe q\u00eb mos t\u00eb ket\u00eb njeri q\u00eb t\u00eb kund\u00ebrshton pronar\u00ebt.<br \/>\nPaga baz\u00eb e minator\u00ebve \u00ebsht\u00eb rreth 25 mij\u00eb denar\u00eb. P\u00ebr t\u00eb arritur shum\u00ebn m\u00eb t\u00eb mir\u00eb prej 35 mij\u00eb, e cila do t\u00eb ishte e p\u00ebrshtatshme p\u00ebr pun\u00ebn dhe rrezikun e tyre, ata duhet t\u00eb ken\u00eb disa nd\u00ebrrime dhe kujdestari nate n\u00eb fundjav\u00eb ose festa. Ajo q\u00eb \u00ebsht\u00eb karakteristik\u00eb p\u00ebr minator\u00ebt e \u201cSasa\u201d-s \u00ebsht\u00eb q\u00eb pas eliminimit t\u00eb Jovanovit nga sindikata, ata jan\u00eb kthyer n\u00eb pun\u00ebtor\u00eb t\u00eb heshtur. T\u00eb frik\u00ebsuar p\u00ebr ekzistenc\u00ebn nuk mund t\u00eb ndjekin shembullin e minator\u00ebve t\u00eb tjer\u00eb, si ato t\u00eb \u201cToranica\u201d-s, e t\u00eb mbrojn\u00eb t\u00eb drejtat e tyre n\u00ebp\u00ebrmjet protestave. Edhe m\u00eb tep\u00ebr, kur p\u00ebrballen me l\u00ebvizje hakmarr\u00ebse t\u00eb drejtoris\u00eb. N\u00eb mend i kan\u00eb rastet kur koleg\u00eb kan\u00eb mbetur pa pun\u00eb derisa kan\u00eb qen\u00eb n\u00eb pushim mjek\u00ebsor apo kur dikush \u00ebsht\u00eb s\u00ebmur\u00eb, n\u00eb vend q\u00eb t\u00eb transferohet n\u00eb postin e duhur, ai \u00ebsht\u00eb larguar nga puna. Thjesht, lufta p\u00ebr ekzistenc\u00eb i detyron minator\u00ebt t\u00eb heshtin dhe t\u00eb v\u00ebn\u00eb jet\u00ebn n\u00eb rrezik \u00e7do dit\u00eb. Prandaj, minator\u00eb, me fat!<\/p>\n<p><strong>MINIERA \u00cbSHT\u00cb BURIM KRYESOR I EKZISTENC\u00cbS<br \/>\n<\/strong><br \/>\nP\u00ebrve\u00e7 minier\u00ebs \u201cSasa\u201d n\u00eb Makedonska Kamenica ka dy konfeksione me nga rreth 150 t\u00eb pun\u00ebsuar dhe dy kompani t\u00eb nd\u00ebrtimit me nga rreth dhjet\u00eb t\u00eb pun\u00ebsuar. Ata jan\u00eb motori kryesor i ekonomis\u00eb n\u00eb qytet. Por ata nuk mund t\u00eb plot\u00ebsojn\u00eb nevojat e t\u00eb rinjve t\u00eb cil\u00ebt shp\u00ebrngulen pa ndal\u00eb. Statistika e thjesht\u00eb tregon q\u00eb deri para disa viteve n\u00eb shkoll\u00ebn fillore jan\u00eb regjistruar edhe nga 150 nx\u00ebn\u00ebs t\u00eb klas\u00ebs s\u00eb par\u00eb, tani vet\u00ebm nj\u00eb klas\u00eb me 40 nx\u00ebn\u00ebs.<\/p>\n<p><strong>JOVANOV \u00cbSHT\u00cb LARGUAR NGA T\u00cb GJITHA ORGANET E MINIER\u00cbS<\/strong><\/p>\n<p style=\"font-weight: 400;\">\nSashe Jovanov jo vet\u00ebm q\u00eb nuk \u00ebsht\u00eb larguar nga posti i udh\u00ebheq\u00ebsit t\u00eb\u00a0 sindikat\u00ebs,\u00a0 por atij i \u00ebsht\u00eb pezulluar an\u00ebtar\u00ebsimi edhe n\u00eb sindikat\u00eb me at\u00eb q\u00eb miniera nuk i ka ndalon shum\u00ebn p\u00ebr an\u00ebtar\u00ebsim nga rroga, t\u00ebr\u00eb kjo pa k\u00ebrkes\u00eb t\u00eb tij ose pa e informuar at\u00eb. Por ai \u00ebsht\u00eb larguar edhe si an\u00ebtar n\u00eb Bordin Ekzekutiv. Kur ka k\u00ebrkuar shpjegim me shkrim pse \u00ebsht\u00eb larguar nga bordi, ka marr\u00eb p\u00ebrgjigje q\u00eb pas atij vendimi jan\u00eb rreth 30 an\u00ebtar\u00eb, edhe pse ai dyshon q\u00eb n\u00ebnshkrimet e tyre jan\u00eb falsifikuar. P\u00ebr k\u00ebt\u00eb ka informuar Sindikat\u00ebn qendrore p\u00ebr industri, energjetik\u00eb, dhe miniera n\u00eb Shkup (SIEM), q\u00eb ka marr\u00eb q\u00ebndrim kund\u00ebr tij, q\u00eb \u00ebsht\u00eb shkarkuar n\u00eb m\u00ebnyr\u00eb legjitime. Jovanov thot\u00eb q\u00eb SIEM nuk ka pasur t\u00ebr\u00eb dokumentacionin para vetes kur ka marr\u00eb vendimin.<br \/>\n&#8211; Pres q\u00eb SIEM t\u00eb jap deklarat\u00eb se si jam shkarkuar dhe n\u00eb \u00e7far\u00eb baz\u00eb? A \u00ebsht\u00eb shantazhuar dhe presionuar edhe ajo sindikat\u00eb q\u00eb t\u00eb pranoj\u00eb at\u00eb, q\u00eb \u00ebsht\u00eb praktikisht e paligjshme &#8211; pyet Jovanov.<br \/>\n<strong><\/p>\n<p>PRIVATIZIMI I \u201cSASA\u201d \u00cbSHT\u00cb I DISKUTUESH\u00cbM?<\/strong><\/p>\n<p>Gjykata Supreme para disa dit\u00ebsh solli vendim me t\u00eb cil\u00ebn konfirmoi q\u00eb privatizimi i minier\u00ebs \u201cSASA\u201d \u00ebsht\u00eb i ligjsh\u00ebm, edhe pse m\u00eb her\u00ebt gjykata n\u00eb Ko\u00e7ani dhe Gjykata e Apelit n\u00eb Shtip e anuluan sepse ka pasur shum\u00eb kund\u00ebrth\u00ebnie. Mosmarr\u00ebveshja u nis nga ish-pronari Blazho Tasev, biznesmen nga Sllovenia dhe drejtohej kund\u00ebr Kuvendit t\u00eb kreditor\u00ebve. Pas marrjes s\u00eb minier\u00ebs nga Tasev, pronar u b\u00eb kompania ruse \u201cSolvej\u201d.<\/p>\n<p style=\"font-weight: 400;\">\n<p style=\"font-weight: 400;\">\n<p><em><strong>Autor: Ljubisha ARSI\u00c7<\/strong><\/em><\/p>\n<p><em><strong>\u00a0<\/strong><\/em><\/p>\n<p>\u201c<em><strong>Transparency International Maqedoni zbaton projektin \u201cP\u00ebrfaq\u00ebsimi p\u00ebr mbrojtje t\u00eb parashtruesve p\u00ebrfshir\u00eb edhe mediat dhe shoq\u00ebrin\u00eb qytetare\u201d, t\u00eb mb\u00ebshtetur nga Ambasada e Mbret\u00ebris\u00eb Holand\u00eb. Artikujt investigativ jan\u00eb p\u00ebrgatitur n\u00eb kuad\u00ebr t\u00eb projektit megjithat\u00eb nuk i pasqyrojn\u00eb q\u00ebndrimet e Ambasad\u00ebs s\u00eb Mbret\u00ebris\u00eb Holand\u00eb\u201d<\/strong>.\u00a0<\/em><\/p>\n","protected":false},"excerpt":{"rendered":"<p>09.04.2015 Shtat\u00eb minator\u00eb vdiq\u00ebn n\u00eb minier\u00ebn \u201cSasa\u201d n\u00eb vitet e fundit, por familjet e tyre nuk mund t\u00eb v\u00ebrtetojn\u00eb p\u00ebrgjegj\u00ebsin\u00eb e minier\u00ebs as n\u00ebp\u00ebrmjet gjykatave, por duhet t\u00eb\u00a0 k\u00ebnaqur vet\u00ebm me d\u00ebmshp\u00ebrblimin n\u00eb para. Ata jan\u00eb t\u00eb frik\u00ebsuar p\u00ebr t\u00eb marr\u00eb ndonj\u00eb hap tjet\u00ebr\u00a0 pasi q\u00eb administrata e minier\u00ebs ka nd\u00ebrmend t\u00eb shp\u00ebrb\u00ebn edhe sindikat\u00ebn,&hellip;<\/p>\n","protected":false},"author":1,"featured_media":9688,"comment_status":"closed","ping_status":"open","sticky":false,"template":"","format":"standard","meta":{"_monsterinsights_skip_tracking":false,"_monsterinsights_sitenote_active":false,"_monsterinsights_sitenote_note":"","_monsterinsights_sitenote_category":0,"footnotes":""},"categories":[90],"tags":[],"class_list":["post-9696","post","type-post","status-publish","format-standard","has-post-thumbnail","hentry","category-lajme","category-90","description-off"],"yoast_head":"<!-- This site is optimized with the Yoast SEO plugin v25.8 - https:\/\/yoast.com\/wordpress\/plugins\/seo\/ -->\n<title>Drejt\u00ebsia e gjykatave p\u00ebr minator\u00ebt \u00ebsht\u00eb m\u00eb e thell\u00eb se gropat - Transparency International<\/title>\n<meta name=\"robots\" content=\"index, follow, max-snippet:-1, max-image-preview:large, max-video-preview:-1\" \/>\n<link rel=\"canonical\" href=\"https:\/\/transparency.mk\/sq\/2015\/04\/09\/drejtesia-e-gjykatave-per-minatoret-eshte-me-e-thelle-se-gropat\/\" \/>\n<meta property=\"og:locale\" content=\"sq_AL\" \/>\n<meta property=\"og:type\" content=\"article\" \/>\n<meta property=\"og:title\" content=\"Drejt\u00ebsia e gjykatave p\u00ebr minator\u00ebt \u00ebsht\u00eb m\u00eb e thell\u00eb se gropat - Transparency International\" \/>\n<meta property=\"og:description\" content=\"09.04.2015 Shtat\u00eb minator\u00eb vdiq\u00ebn n\u00eb minier\u00ebn \u201cSasa\u201d n\u00eb vitet e fundit, por familjet e tyre nuk mund t\u00eb v\u00ebrtetojn\u00eb p\u00ebrgjegj\u00ebsin\u00eb e minier\u00ebs as n\u00ebp\u00ebrmjet gjykatave, por duhet t\u00eb\u00a0 k\u00ebnaqur vet\u00ebm me d\u00ebmshp\u00ebrblimin n\u00eb para. Ata jan\u00eb t\u00eb frik\u00ebsuar p\u00ebr t\u00eb marr\u00eb ndonj\u00eb hap tjet\u00ebr\u00a0 pasi q\u00eb administrata e minier\u00ebs ka nd\u00ebrmend t\u00eb shp\u00ebrb\u00ebn edhe sindikat\u00ebn,&hellip;\" \/>\n<meta property=\"og:url\" content=\"https:\/\/transparency.mk\/sq\/2015\/04\/09\/drejtesia-e-gjykatave-per-minatoret-eshte-me-e-thelle-se-gropat\/\" \/>\n<meta property=\"og:site_name\" content=\"Transparency International\" \/>\n<meta property=\"article:publisher\" content=\"https:\/\/www.facebook.com\/TransparencyMK\/\" \/>\n<meta property=\"article:published_time\" content=\"2015-04-09T07:41:44+00:00\" \/>\n<meta property=\"article:modified_time\" content=\"2021-02-17T08:42:13+00:00\" \/>\n<meta property=\"og:image\" content=\"https:\/\/transparency.mk\/wp-content\/uploads\/2021\/02\/wb_logo_alb.jpg\" \/>\n\t<meta property=\"og:image:width\" content=\"582\" \/>\n\t<meta property=\"og:image:height\" content=\"156\" \/>\n\t<meta property=\"og:image:type\" content=\"image\/jpeg\" \/>\n<meta name=\"author\" content=\"TI \u0430\u0434\u043c\u0438\u043d\u0438\u0441\u0442\u0440\u0430\u0442\u043e\u0440\" \/>\n<meta name=\"twitter:card\" content=\"summary_large_image\" \/>\n<meta name=\"twitter:creator\" content=\"@ti_macedonia\" \/>\n<meta name=\"twitter:site\" content=\"@ti_macedonia\" \/>\n<meta name=\"twitter:label1\" content=\"Written by\" \/>\n\t<meta name=\"twitter:data1\" content=\"TI \u0430\u0434\u043c\u0438\u043d\u0438\u0441\u0442\u0440\u0430\u0442\u043e\u0440\" \/>\n\t<meta name=\"twitter:label2\" content=\"Est. reading time\" \/>\n\t<meta name=\"twitter:data2\" content=\"18 minutes\" \/>\n<script type=\"application\/ld+json\" class=\"yoast-schema-graph\">{\"@context\":\"https:\/\/schema.org\",\"@graph\":[{\"@type\":\"Article\",\"@id\":\"https:\/\/transparency.mk\/sq\/2015\/04\/09\/drejtesia-e-gjykatave-per-minatoret-eshte-me-e-thelle-se-gropat\/#article\",\"isPartOf\":{\"@id\":\"https:\/\/transparency.mk\/sq\/2015\/04\/09\/drejtesia-e-gjykatave-per-minatoret-eshte-me-e-thelle-se-gropat\/\"},\"author\":{\"name\":\"TI \u0430\u0434\u043c\u0438\u043d\u0438\u0441\u0442\u0440\u0430\u0442\u043e\u0440\",\"@id\":\"https:\/\/transparency.mk\/#\/schema\/person\/4ab55c47d82a7d099f63f569c223c903\"},\"headline\":\"Drejt\u00ebsia e gjykatave p\u00ebr minator\u00ebt \u00ebsht\u00eb m\u00eb e thell\u00eb se gropat\",\"datePublished\":\"2015-04-09T07:41:44+00:00\",\"dateModified\":\"2021-02-17T08:42:13+00:00\",\"mainEntityOfPage\":{\"@id\":\"https:\/\/transparency.mk\/sq\/2015\/04\/09\/drejtesia-e-gjykatave-per-minatoret-eshte-me-e-thelle-se-gropat\/\"},\"wordCount\":3595,\"publisher\":{\"@id\":\"https:\/\/transparency.mk\/#organization\"},\"image\":{\"@id\":\"https:\/\/transparency.mk\/sq\/2015\/04\/09\/drejtesia-e-gjykatave-per-minatoret-eshte-me-e-thelle-se-gropat\/#primaryimage\"},\"thumbnailUrl\":\"https:\/\/transparency.mk\/wp-content\/uploads\/2021\/02\/wb_logo_alb.jpg\",\"articleSection\":[\"Lajme\"],\"inLanguage\":\"sq-AL\"},{\"@type\":\"WebPage\",\"@id\":\"https:\/\/transparency.mk\/sq\/2015\/04\/09\/drejtesia-e-gjykatave-per-minatoret-eshte-me-e-thelle-se-gropat\/\",\"url\":\"https:\/\/transparency.mk\/sq\/2015\/04\/09\/drejtesia-e-gjykatave-per-minatoret-eshte-me-e-thelle-se-gropat\/\",\"name\":\"Drejt\u00ebsia e gjykatave p\u00ebr minator\u00ebt \u00ebsht\u00eb m\u00eb e thell\u00eb se gropat - Transparency International\",\"isPartOf\":{\"@id\":\"https:\/\/transparency.mk\/#website\"},\"primaryImageOfPage\":{\"@id\":\"https:\/\/transparency.mk\/sq\/2015\/04\/09\/drejtesia-e-gjykatave-per-minatoret-eshte-me-e-thelle-se-gropat\/#primaryimage\"},\"image\":{\"@id\":\"https:\/\/transparency.mk\/sq\/2015\/04\/09\/drejtesia-e-gjykatave-per-minatoret-eshte-me-e-thelle-se-gropat\/#primaryimage\"},\"thumbnailUrl\":\"https:\/\/transparency.mk\/wp-content\/uploads\/2021\/02\/wb_logo_alb.jpg\",\"datePublished\":\"2015-04-09T07:41:44+00:00\",\"dateModified\":\"2021-02-17T08:42:13+00:00\",\"breadcrumb\":{\"@id\":\"https:\/\/transparency.mk\/sq\/2015\/04\/09\/drejtesia-e-gjykatave-per-minatoret-eshte-me-e-thelle-se-gropat\/#breadcrumb\"},\"inLanguage\":\"sq-AL\",\"potentialAction\":[{\"@type\":\"ReadAction\",\"target\":[\"https:\/\/transparency.mk\/sq\/2015\/04\/09\/drejtesia-e-gjykatave-per-minatoret-eshte-me-e-thelle-se-gropat\/\"]}]},{\"@type\":\"ImageObject\",\"inLanguage\":\"sq-AL\",\"@id\":\"https:\/\/transparency.mk\/sq\/2015\/04\/09\/drejtesia-e-gjykatave-per-minatoret-eshte-me-e-thelle-se-gropat\/#primaryimage\",\"url\":\"https:\/\/transparency.mk\/wp-content\/uploads\/2021\/02\/wb_logo_alb.jpg\",\"contentUrl\":\"https:\/\/transparency.mk\/wp-content\/uploads\/2021\/02\/wb_logo_alb.jpg\",\"width\":582,\"height\":156},{\"@type\":\"BreadcrumbList\",\"@id\":\"https:\/\/transparency.mk\/sq\/2015\/04\/09\/drejtesia-e-gjykatave-per-minatoret-eshte-me-e-thelle-se-gropat\/#breadcrumb\",\"itemListElement\":[{\"@type\":\"ListItem\",\"position\":1,\"name\":\"Home\",\"item\":\"https:\/\/transparency.mk\/sq\/\"},{\"@type\":\"ListItem\",\"position\":2,\"name\":\"Drejt\u00ebsia e gjykatave p\u00ebr minator\u00ebt \u00ebsht\u00eb m\u00eb e thell\u00eb se gropat\"}]},{\"@type\":\"WebSite\",\"@id\":\"https:\/\/transparency.mk\/#website\",\"url\":\"https:\/\/transparency.mk\/\",\"name\":\"Transparency International\",\"description\":\"Maqedoni\",\"publisher\":{\"@id\":\"https:\/\/transparency.mk\/#organization\"},\"potentialAction\":[{\"@type\":\"SearchAction\",\"target\":{\"@type\":\"EntryPoint\",\"urlTemplate\":\"https:\/\/transparency.mk\/?s={search_term_string}\"},\"query-input\":{\"@type\":\"PropertyValueSpecification\",\"valueRequired\":true,\"valueName\":\"search_term_string\"}}],\"inLanguage\":\"sq-AL\"},{\"@type\":\"Organization\",\"@id\":\"https:\/\/transparency.mk\/#organization\",\"name\":\"\u0422\u0440\u0430\u043d\u0441\u043f\u0430\u0440\u0435\u043d\u0441\u0438 \u0418\u043d\u0442\u0435\u0440\u043d\u0435\u0448\u043d\u043b - \u041c\u0430\u043a\u0435\u0434\u043e\u043d\u0438\u0458\u0430\",\"url\":\"https:\/\/transparency.mk\/\",\"logo\":{\"@type\":\"ImageObject\",\"inLanguage\":\"sq-AL\",\"@id\":\"https:\/\/transparency.mk\/#\/schema\/logo\/image\/\",\"url\":\"https:\/\/transparency.mk\/wp-content\/uploads\/2020\/10\/transparency-mk-logo.png\",\"contentUrl\":\"https:\/\/transparency.mk\/wp-content\/uploads\/2020\/10\/transparency-mk-logo.png\",\"width\":250,\"height\":75,\"caption\":\"\u0422\u0440\u0430\u043d\u0441\u043f\u0430\u0440\u0435\u043d\u0441\u0438 \u0418\u043d\u0442\u0435\u0440\u043d\u0435\u0448\u043d\u043b - \u041c\u0430\u043a\u0435\u0434\u043e\u043d\u0438\u0458\u0430\"},\"image\":{\"@id\":\"https:\/\/transparency.mk\/#\/schema\/logo\/image\/\"},\"sameAs\":[\"https:\/\/www.facebook.com\/TransparencyMK\/\",\"https:\/\/x.com\/ti_macedonia\",\"https:\/\/www.instagram.com\/timacedonia\/\",\"https:\/\/youtube.com\/user\/tzcmacedonia\/\"]},{\"@type\":\"Person\",\"@id\":\"https:\/\/transparency.mk\/#\/schema\/person\/4ab55c47d82a7d099f63f569c223c903\",\"name\":\"TI \u0430\u0434\u043c\u0438\u043d\u0438\u0441\u0442\u0440\u0430\u0442\u043e\u0440\",\"sameAs\":[\"https:\/\/transparency.mk\"]}]}<\/script>\n<!-- \/ Yoast SEO plugin. -->","yoast_head_json":{"title":"Drejt\u00ebsia e gjykatave p\u00ebr minator\u00ebt \u00ebsht\u00eb m\u00eb e thell\u00eb se gropat - Transparency International","robots":{"index":"index","follow":"follow","max-snippet":"max-snippet:-1","max-image-preview":"max-image-preview:large","max-video-preview":"max-video-preview:-1"},"canonical":"https:\/\/transparency.mk\/sq\/2015\/04\/09\/drejtesia-e-gjykatave-per-minatoret-eshte-me-e-thelle-se-gropat\/","og_locale":"sq_AL","og_type":"article","og_title":"Drejt\u00ebsia e gjykatave p\u00ebr minator\u00ebt \u00ebsht\u00eb m\u00eb e thell\u00eb se gropat - Transparency International","og_description":"09.04.2015 Shtat\u00eb minator\u00eb vdiq\u00ebn n\u00eb minier\u00ebn \u201cSasa\u201d n\u00eb vitet e fundit, por familjet e tyre nuk mund t\u00eb v\u00ebrtetojn\u00eb p\u00ebrgjegj\u00ebsin\u00eb e minier\u00ebs as n\u00ebp\u00ebrmjet gjykatave, por duhet t\u00eb\u00a0 k\u00ebnaqur vet\u00ebm me d\u00ebmshp\u00ebrblimin n\u00eb para. Ata jan\u00eb t\u00eb frik\u00ebsuar p\u00ebr t\u00eb marr\u00eb ndonj\u00eb hap tjet\u00ebr\u00a0 pasi q\u00eb administrata e minier\u00ebs ka nd\u00ebrmend t\u00eb shp\u00ebrb\u00ebn edhe sindikat\u00ebn,&hellip;","og_url":"https:\/\/transparency.mk\/sq\/2015\/04\/09\/drejtesia-e-gjykatave-per-minatoret-eshte-me-e-thelle-se-gropat\/","og_site_name":"Transparency International","article_publisher":"https:\/\/www.facebook.com\/TransparencyMK\/","article_published_time":"2015-04-09T07:41:44+00:00","article_modified_time":"2021-02-17T08:42:13+00:00","og_image":[{"width":582,"height":156,"url":"https:\/\/transparency.mk\/wp-content\/uploads\/2021\/02\/wb_logo_alb.jpg","type":"image\/jpeg"}],"author":"TI \u0430\u0434\u043c\u0438\u043d\u0438\u0441\u0442\u0440\u0430\u0442\u043e\u0440","twitter_card":"summary_large_image","twitter_creator":"@ti_macedonia","twitter_site":"@ti_macedonia","twitter_misc":{"Written by":"TI \u0430\u0434\u043c\u0438\u043d\u0438\u0441\u0442\u0440\u0430\u0442\u043e\u0440","Est. reading time":"18 minutes"},"schema":{"@context":"https:\/\/schema.org","@graph":[{"@type":"Article","@id":"https:\/\/transparency.mk\/sq\/2015\/04\/09\/drejtesia-e-gjykatave-per-minatoret-eshte-me-e-thelle-se-gropat\/#article","isPartOf":{"@id":"https:\/\/transparency.mk\/sq\/2015\/04\/09\/drejtesia-e-gjykatave-per-minatoret-eshte-me-e-thelle-se-gropat\/"},"author":{"name":"TI \u0430\u0434\u043c\u0438\u043d\u0438\u0441\u0442\u0440\u0430\u0442\u043e\u0440","@id":"https:\/\/transparency.mk\/#\/schema\/person\/4ab55c47d82a7d099f63f569c223c903"},"headline":"Drejt\u00ebsia e gjykatave p\u00ebr minator\u00ebt \u00ebsht\u00eb m\u00eb e thell\u00eb se gropat","datePublished":"2015-04-09T07:41:44+00:00","dateModified":"2021-02-17T08:42:13+00:00","mainEntityOfPage":{"@id":"https:\/\/transparency.mk\/sq\/2015\/04\/09\/drejtesia-e-gjykatave-per-minatoret-eshte-me-e-thelle-se-gropat\/"},"wordCount":3595,"publisher":{"@id":"https:\/\/transparency.mk\/#organization"},"image":{"@id":"https:\/\/transparency.mk\/sq\/2015\/04\/09\/drejtesia-e-gjykatave-per-minatoret-eshte-me-e-thelle-se-gropat\/#primaryimage"},"thumbnailUrl":"https:\/\/transparency.mk\/wp-content\/uploads\/2021\/02\/wb_logo_alb.jpg","articleSection":["Lajme"],"inLanguage":"sq-AL"},{"@type":"WebPage","@id":"https:\/\/transparency.mk\/sq\/2015\/04\/09\/drejtesia-e-gjykatave-per-minatoret-eshte-me-e-thelle-se-gropat\/","url":"https:\/\/transparency.mk\/sq\/2015\/04\/09\/drejtesia-e-gjykatave-per-minatoret-eshte-me-e-thelle-se-gropat\/","name":"Drejt\u00ebsia e gjykatave p\u00ebr minator\u00ebt \u00ebsht\u00eb m\u00eb e thell\u00eb se gropat - Transparency International","isPartOf":{"@id":"https:\/\/transparency.mk\/#website"},"primaryImageOfPage":{"@id":"https:\/\/transparency.mk\/sq\/2015\/04\/09\/drejtesia-e-gjykatave-per-minatoret-eshte-me-e-thelle-se-gropat\/#primaryimage"},"image":{"@id":"https:\/\/transparency.mk\/sq\/2015\/04\/09\/drejtesia-e-gjykatave-per-minatoret-eshte-me-e-thelle-se-gropat\/#primaryimage"},"thumbnailUrl":"https:\/\/transparency.mk\/wp-content\/uploads\/2021\/02\/wb_logo_alb.jpg","datePublished":"2015-04-09T07:41:44+00:00","dateModified":"2021-02-17T08:42:13+00:00","breadcrumb":{"@id":"https:\/\/transparency.mk\/sq\/2015\/04\/09\/drejtesia-e-gjykatave-per-minatoret-eshte-me-e-thelle-se-gropat\/#breadcrumb"},"inLanguage":"sq-AL","potentialAction":[{"@type":"ReadAction","target":["https:\/\/transparency.mk\/sq\/2015\/04\/09\/drejtesia-e-gjykatave-per-minatoret-eshte-me-e-thelle-se-gropat\/"]}]},{"@type":"ImageObject","inLanguage":"sq-AL","@id":"https:\/\/transparency.mk\/sq\/2015\/04\/09\/drejtesia-e-gjykatave-per-minatoret-eshte-me-e-thelle-se-gropat\/#primaryimage","url":"https:\/\/transparency.mk\/wp-content\/uploads\/2021\/02\/wb_logo_alb.jpg","contentUrl":"https:\/\/transparency.mk\/wp-content\/uploads\/2021\/02\/wb_logo_alb.jpg","width":582,"height":156},{"@type":"BreadcrumbList","@id":"https:\/\/transparency.mk\/sq\/2015\/04\/09\/drejtesia-e-gjykatave-per-minatoret-eshte-me-e-thelle-se-gropat\/#breadcrumb","itemListElement":[{"@type":"ListItem","position":1,"name":"Home","item":"https:\/\/transparency.mk\/sq\/"},{"@type":"ListItem","position":2,"name":"Drejt\u00ebsia e gjykatave p\u00ebr minator\u00ebt \u00ebsht\u00eb m\u00eb e thell\u00eb se gropat"}]},{"@type":"WebSite","@id":"https:\/\/transparency.mk\/#website","url":"https:\/\/transparency.mk\/","name":"Transparency International","description":"Maqedoni","publisher":{"@id":"https:\/\/transparency.mk\/#organization"},"potentialAction":[{"@type":"SearchAction","target":{"@type":"EntryPoint","urlTemplate":"https:\/\/transparency.mk\/?s={search_term_string}"},"query-input":{"@type":"PropertyValueSpecification","valueRequired":true,"valueName":"search_term_string"}}],"inLanguage":"sq-AL"},{"@type":"Organization","@id":"https:\/\/transparency.mk\/#organization","name":"\u0422\u0440\u0430\u043d\u0441\u043f\u0430\u0440\u0435\u043d\u0441\u0438 \u0418\u043d\u0442\u0435\u0440\u043d\u0435\u0448\u043d\u043b - \u041c\u0430\u043a\u0435\u0434\u043e\u043d\u0438\u0458\u0430","url":"https:\/\/transparency.mk\/","logo":{"@type":"ImageObject","inLanguage":"sq-AL","@id":"https:\/\/transparency.mk\/#\/schema\/logo\/image\/","url":"https:\/\/transparency.mk\/wp-content\/uploads\/2020\/10\/transparency-mk-logo.png","contentUrl":"https:\/\/transparency.mk\/wp-content\/uploads\/2020\/10\/transparency-mk-logo.png","width":250,"height":75,"caption":"\u0422\u0440\u0430\u043d\u0441\u043f\u0430\u0440\u0435\u043d\u0441\u0438 \u0418\u043d\u0442\u0435\u0440\u043d\u0435\u0448\u043d\u043b - \u041c\u0430\u043a\u0435\u0434\u043e\u043d\u0438\u0458\u0430"},"image":{"@id":"https:\/\/transparency.mk\/#\/schema\/logo\/image\/"},"sameAs":["https:\/\/www.facebook.com\/TransparencyMK\/","https:\/\/x.com\/ti_macedonia","https:\/\/www.instagram.com\/timacedonia\/","https:\/\/youtube.com\/user\/tzcmacedonia\/"]},{"@type":"Person","@id":"https:\/\/transparency.mk\/#\/schema\/person\/4ab55c47d82a7d099f63f569c223c903","name":"TI \u0430\u0434\u043c\u0438\u043d\u0438\u0441\u0442\u0440\u0430\u0442\u043e\u0440","sameAs":["https:\/\/transparency.mk"]}]}},"_links":{"self":[{"href":"https:\/\/transparency.mk\/sq\/wp-json\/wp\/v2\/posts\/9696","targetHints":{"allow":["GET"]}}],"collection":[{"href":"https:\/\/transparency.mk\/sq\/wp-json\/wp\/v2\/posts"}],"about":[{"href":"https:\/\/transparency.mk\/sq\/wp-json\/wp\/v2\/types\/post"}],"author":[{"embeddable":true,"href":"https:\/\/transparency.mk\/sq\/wp-json\/wp\/v2\/users\/1"}],"replies":[{"embeddable":true,"href":"https:\/\/transparency.mk\/sq\/wp-json\/wp\/v2\/comments?post=9696"}],"version-history":[{"count":1,"href":"https:\/\/transparency.mk\/sq\/wp-json\/wp\/v2\/posts\/9696\/revisions"}],"predecessor-version":[{"id":9697,"href":"https:\/\/transparency.mk\/sq\/wp-json\/wp\/v2\/posts\/9696\/revisions\/9697"}],"wp:featuredmedia":[{"embeddable":true,"href":"https:\/\/transparency.mk\/sq\/wp-json\/wp\/v2\/media\/9688"}],"wp:attachment":[{"href":"https:\/\/transparency.mk\/sq\/wp-json\/wp\/v2\/media?parent=9696"}],"wp:term":[{"taxonomy":"category","embeddable":true,"href":"https:\/\/transparency.mk\/sq\/wp-json\/wp\/v2\/categories?post=9696"},{"taxonomy":"post_tag","embeddable":true,"href":"https:\/\/transparency.mk\/sq\/wp-json\/wp\/v2\/tags?post=9696"}],"curies":[{"name":"wp","href":"https:\/\/api.w.org\/{rel}","templated":true}]}}