{"id":9698,"date":"2015-06-20T09:42:22","date_gmt":"2015-06-20T07:42:22","guid":{"rendered":"https:\/\/transparency.web.com.mk\/?p=9698"},"modified":"2021-02-17T09:42:44","modified_gmt":"2021-02-17T08:42:44","slug":"sulmohet-nje-e-punesuar-ne-dap-mos-valle-e-kane-detyruar-te-fsheh-tatim-milionesh","status":"publish","type":"post","link":"https:\/\/transparency.mk\/sq\/2015\/06\/20\/sulmohet-nje-e-punesuar-ne-dap-mos-valle-e-kane-detyruar-te-fsheh-tatim-milionesh\/","title":{"rendered":"SULMOHET NJ\u00cb E PUN\u00cbSUAR N\u00cb DAP: MOS VALL\u00cb E KAN\u00cb DETYRUAR T\u00cb FSHEH TATIM MILION\u00cbSH?"},"content":{"rendered":"<p style=\"font-weight: 400;\">20.06.2015 Nj\u00eb e pun\u00ebsuar n\u00eb Drejtorin\u00eb e t\u00eb Ardhurave Publike (DAP) personalisht \u00ebsht\u00eb v\u00ebrtetuar q\u00eb fuqia dhe parat\u00eb jan\u00eb mbi ligjet dhe dispozitat. Jo vet\u00ebm q\u00eb ka qen\u00eb e p\u00ebrballuar me shtypje q\u00eb t\u00eb shkel ligjin p\u00ebr ndonj\u00eb tjet\u00ebr q\u00eb t\u00eb p\u00ebrfitoj\u00eb me dobi n\u00eb pron\u00eb, por edhe ka p\u00ebsuar fizikisht pasi q\u00eb ka kund\u00ebrshtuar dhe pasi q\u00eb ka menduar q\u00eb ligji gjithsesi \u00ebsht\u00eb i barabart\u00eb p\u00ebr t\u00eb gjith\u00eb. N\u00eb nj\u00eb tentim p\u00ebr t\u00eb qen\u00eb e drejt\u00eb n\u00eb kuptim t\u00eb ligjit dhe mos t\u00eb d\u00ebmtoj\u00eb shtetin, arkivistja n\u00eb nj\u00ebsin\u00eb rajonale t\u00eb DAP n\u00eb Shkup ka refuzuar t\u00eb falsifikoj\u00eb dokumente me t\u00eb cilat do t\u00eb fshihet nj\u00eb tatim t\u00eb nj\u00eb biznesmeni t\u00eb fuqish\u00ebm. N\u00eb gjith\u00eb operacionin kan\u00eb qen\u00eb p\u00ebrfshir\u00eb t\u00eb pun\u00ebsuar n\u00eb DAP, n\u00eb pozita t\u00eb larta, n\u00ebp\u00ebrmjet t\u00eb cil\u00ebve jan\u00eb zhvilluar k\u00ebrc\u00ebnimet ndaj t\u00eb pun\u00ebsuar\u00ebs dhe shtypjet q\u00eb t\u00eb ndryshohet dokumentacioni. E gjith\u00eb historia rreth tentimit p\u00ebr t\u00eb fshehur tatim, nd\u00ebrsa dikush tjet\u00ebr t\u00eb p\u00ebrfitoj\u00eb nj\u00eb shum\u00eb t\u00eb madhe fillon me nj\u00eb paraqitje anonime t\u00eb nj\u00eb t\u00eb pun\u00ebsuari n\u00eb DAP i cili n\u00eb njoftimin p\u00ebr Transparensi Internesh\u00ebn\u00ebll \u2013 Maqedoni ka theksuar q\u00eb epror\u00ebt e tij n\u00eb drejtorin\u00eb kan\u00eb shfryt\u00ebzuar pozit\u00ebn por edhe ndikimin partiak p\u00ebr t\u00eb vepruar q\u00eb arkivistja t\u00eb b\u00ebj\u00eb nj\u00eb pun\u00eb t\u00eb paligjshme. Kush ka dashur t\u00eb p\u00ebrfitoj\u00eb n\u00ebp\u00ebrmjet saj? Cilin person kan\u00eb mbrojtur t\u00eb em\u00ebruarit n\u00eb flet\u00ebparaqitjen? A jan\u00eb marr\u00eb n\u00eb t\u00eb v\u00ebrtet\u00eb masa ndaj aktor\u00ebve t\u00eb fuqish\u00ebm?<\/p>\n<p style=\"font-weight: 400;\">\n<p style=\"font-weight: 400;\">\n<p style=\"font-weight: 400;\"><strong>PARTIT\u00cb QEVERIS\u00cbSE MBROHEN N\u00cb INTERES T\u00cb KOALICIONIT\u00a0<\/strong><\/p>\n<p style=\"font-weight: 400;\">\n<p style=\"font-weight: 400;\">N\u00eb k\u00ebrkim t\u00eb p\u00ebrgjigjeve arrit\u00ebm t\u00eb gjejm\u00eb disa informacione dhe t\u00eb dh\u00ebna t\u00eb cilat n\u00eb nj\u00eb m\u00ebnyr\u00eb e formojn\u00eb mozaikun rreth dokumentit t\u00eb famsh\u00ebm q\u00eb ka dashur t\u00eb mbroj\u00eb nj\u00eb biznesmen privat, gjegj\u00ebsisht t\u2019i mund\u00ebsohet q\u00eb mos t\u00eb paguaj\u00eb shum\u00ebn e v\u00ebrtet\u00eb t\u00eb tatimit mbi pron\u00ebn, gjegj\u00ebsisht t\u00eb barazohet n\u00eb zero. N\u00eb paraqitjen e qytetarit anonim, por edhe sipas t\u00eb dh\u00ebnave dhe njohurve q\u00eb i ka, me siguri i pun\u00ebsuar n\u00eb DAP, thekson edhe disa emra por edhe transmeton se si ka ndodhur incidenti me arkivisten.<\/p>\n<p style=\"font-weight: 400;\">\n<p style=\"font-weight: 400;\">\u201cJu shkruaj si nj\u00eb qytetar dhe dua t\u2019ju njoftoj q\u00eb para pak kohe n\u00eb zyrat e DAP, z\u00ebvend\u00ebs drejtori i drejtoris\u00eb rajonale Ismet Guri n\u00eb m\u00ebnyr\u00eb t\u00eb dhunshme ka sulmuar nj\u00eb grua, e pun\u00ebsuar si arkiviste. Nga goditjet dhe t\u00ebrheqjet gruas ju ishin b\u00ebr\u00eb l\u00ebndime t\u00eb dukshme. Sh\u00ebrbimet sh\u00ebndet\u00ebsore kan\u00eb konstatuar mavijosje, nd\u00ebrsa p\u00ebr rastin ishte njoftuar edhe policia dhe sh\u00ebrbimet disiplinore. Megjithat\u00eb, i gjith\u00eb rasti ishte fshehur nga drejtori i drejtoris\u00eb rajonale Petar Esmerov i cili me k\u00ebrc\u00ebnime dhe shantazh ndaj t\u00eb pun\u00ebsuar\u00ebs ka theksuar q\u00eb n\u00ebse ajo vazhdon t\u00eb ankohet dhe t\u00eb paraqet do t\u00eb mbetet pa vendin e pun\u00ebs sepse ai do t\u00eb kishte p\u00ebrdorur fuqin\u00eb q\u00eb i jep partia n\u00eb pushtet. P\u00ebrse Esmerov mbroj dhe fsheh nj\u00eb vep\u00ebr t\u00eb z\u00ebvend\u00ebsit t\u00eb tij i cili nga sh\u00ebrbimet tjera ishte pezulluar? Kush i jep fuqin\u00eb t\u00eb gjykoj\u00eb dhe t\u00eb b\u00ebj\u00eb drejt\u00ebsi? A do t\u00eb p\u00ebrfundonte kjo histori n\u00ebse un\u00eb nuk kisha lajm\u00ebruar? Kush ju jep k\u00ebtyre njer\u00ebzve fuqin\u00eb q\u00eb t\u00eb luajn\u00eb me fatet e njer\u00ebzve t\u00eb thjesht\u00eb?<\/p>\n<p style=\"font-weight: 400;\">\n<p style=\"font-weight: 400;\">Me k\u00ebto pyetje personi q\u00eb parqet e p\u00ebrfundon letr\u00ebn e tij. V\u00ebrehet q\u00eb mungesa e mbrojtjes p\u00ebrkat\u00ebse ligjore p\u00ebr personat q\u00eb paraqesin vepra kriminale por edhe frika q\u00eb po mbjell pushteti n\u00eb p\u00ebrballimin e gjith\u00ebve atyre q\u00eb do t\u00eb kund\u00ebrshtojn\u00eb, ve\u00e7an\u00ebrisht individ\u00eb n\u00eb pozita ky\u00e7e, personi anonim nuk ka pasur guximin q\u00eb t\u00eb njoftoj\u00eb organet kompetente t\u00eb marrin masa, andaj ka menduar q\u00eb Transparensi Internesh\u00ebn\u00ebll \u2013 Maqedoni do t\u00eb mund t\u00eb ndihmoj\u00eb dhe do t\u00eb zbardhoj\u00eb rastin, por edhe do t\u00eb ket\u00eb nd\u00ebshkime p\u00ebr personat e p\u00ebrfshir\u00eb.<\/p>\n<p style=\"font-weight: 400;\">N\u00eb pajtim me ligjin p\u00ebr qasje n\u00eb informacione me karakter publik ne d\u00ebrguar tek DAP disa pyetje lidhur me ngjarjen dhe personat e p\u00ebrfshir\u00eb, kryesisht n\u00ebse ka mekaniz\u00ebm p\u00ebr paraqitjen e incidenteve t\u00eb tilla? A jan\u00eb marr\u00eb dhe kund\u00ebr kujt masa p\u00ebrkat\u00ebse? A ka paraqitur DAP-i rastin tek organet kompetente? A ekziston mekaniz\u00ebm p\u00ebr mbrojtjen e personave q\u00eb paraqesin raste t\u00eb k\u00ebtilla?<\/p>\n<p style=\"font-weight: 400;\">\n<p style=\"font-weight: 400;\">Nga p\u00ebrgjigjet e DAP v\u00ebrehet qart\u00eb q\u00eb ata mb\u00ebshteten n\u00eb procedurat. E gjith\u00eb puna p\u00ebr rastin si zakonisht e transmetojn\u00eb n\u00eb Nj\u00ebsin\u00eb p\u00ebr Standarde Profesionale q\u00eb \u00ebsht\u00eb p\u00ebrgjegj\u00ebse p\u00ebr k\u00ebto raste. Atje mund secili t\u00eb paraqet, nd\u00ebrsa kjo nj\u00ebsi do t\u00eb vendos kush dhe p\u00ebr \u00e7far\u00eb \u00ebsht\u00eb fajtor. Mir\u00ebpo ajo q\u00eb \u00ebsht\u00eb m\u00eb e r\u00ebnd\u00ebsishme n\u00eb p\u00ebrgjigjen, dhe ajo konfirmohet edhe me incidentin, gjegj\u00ebsisht versioni i personit anonim q\u00eb ka paraqitur rastin, \u00ebsht\u00eb se Ismet Guri \u00ebsht\u00eb pezulluar dhe kund\u00ebr tij \u00ebsht\u00eb ngritur procedur\u00eb para komisionit disiplinor. Sa i p\u00ebrket organeve hetuese, DAP njofton q\u00eb e pun\u00ebsuara vet\u00eb ka njoftuar policin\u00eb menj\u00ebher\u00eb pas dhun\u00ebs n\u00eb zyr\u00ebn e saj.<\/p>\n<p style=\"font-weight: 400;\">Andaj, hapi i radh\u00ebs logjik ishte t\u00eb pyesim n\u00eb MPB. Atje nj\u00eblloj i kemi d\u00ebrguar disa pyetje kryesisht n\u00ebse rasti \u00ebsht\u00eb paraqitur dhe n\u00ebse dhe si ka vepruar policia? Interesante \u00ebsht\u00eb q\u00eb policia ka regjistruar dhun\u00ebn si prishte t\u00eb rendit publik dhe paqes, por paralajm\u00ebron q\u00eb \u00ebsht\u00eb n\u00eb ngritje e sip\u00ebr e procedur\u00ebs nd\u00ebshkuese kund\u00ebr Guri. Megjithat\u00eb, koha do t\u00eb tregoj\u00eb n\u00ebse dhe si do t\u00eb sanksionohet kuadri i BDI-s\u00eb n\u00eb pushtet?<\/p>\n<p style=\"font-weight: 400;\">\n<p style=\"font-weight: 400;\">N\u00eb periudh\u00ebn q\u00eb kem hetuar p\u00ebr cilin dokument b\u00ebhej fjal\u00eb dhe p\u00ebrse Guri ka ardhur n\u00eb pozit\u00eb q\u00eb t\u00eb sulmoj\u00eb arkivisten, kemi d\u00ebrguar pyetje t\u00eb reja n\u00eb DAP p\u00ebr t\u00eb kontrolluar se \u00e7far\u00eb ka vendosur komisioni p\u00ebr disiplin\u00eb q\u00eb ka hapur l\u00ebnd\u00eb p\u00ebr sulmin fizik mbi t\u00eb pun\u00ebsuar\u00ebn. Nuk \u00ebsht\u00eb e qart\u00eb arsyeja p\u00ebrse, megjithat\u00eb DAP refuzoi t\u00eb prezantoj\u00eb vendimin p\u00ebr pezullimin e Gurit dhe nuk e b\u00ebri t\u00eb ditur edhe vendimin e komisionit p\u00ebr disiplin\u00eb, gjegj\u00ebsisht u p\u00ebrgjigj\u00ebn q\u00eb rasti \u00ebsht\u00eb shqyrtuar dhe do t\u00eb vijoj\u00eb vendimi.<\/p>\n<p style=\"font-weight: 400;\">\n<p style=\"font-weight: 400;\">N\u00eb k\u00ebt\u00eb rast, ngjash\u00ebm me shum\u00eb raste tjera t\u00eb ngjashme kur b\u00ebhet fjal\u00eb p\u00ebr funksionar\u00eb t\u00eb qeveris\u00eb, qart\u00eb \u00ebsht\u00eb se mbrojtje e nd\u00ebrsjell\u00eb \u00ebsht\u00eb dominuese. Zakonisht, duke marr\u00eb parasysh q\u00eb nuk ka mekanizma mbrojt\u00ebs p\u00ebr personat q\u00eb paraqesin vepra kriminele, viktimat, nga frika p\u00ebr ekzistenc\u00eb, t\u00ebrhiqen dhe heshtin, gjegj\u00ebsisht nuk i njoftojn\u00eb p\u00ebrgjegj\u00ebsit dhe publikun, nd\u00ebrsa t\u00eb fuqishmit leht\u00eb menaxhojn\u00eb me komisionit q\u00eb n\u00eb fund p\u00ebrballohen me realitetin politik dhe mbyllin syt\u00eb para t\u00eb v\u00ebrtet\u00ebs dhe i mbyllin rastet pa mos t\u00eb caktuar sanksione. A do t\u00eb jet\u00eb k\u00ebshtu edhe me k\u00ebt\u00eb rast?<\/p>\n<p style=\"font-weight: 400;\">\n<p style=\"font-weight: 400;\">Dy drejtor\u00ebt q\u00eb p\u00ebrmend personi anonim jan\u00eb nga VMRO-DPMNE dhe BDI. Pa dallim sa d\u00ebshiron funksioni i lart\u00eb t\u00eb nd\u00ebshkoj\u00eb at\u00eb m\u00eb t\u00eb ult\u00eb, s\u00ebrish do t\u00eb duhet t\u00eb njoftohen partit\u00eb. Ajo q\u00eb prej koh\u00ebsh funksionon ashtu n\u00eb Maqedoni. Nd\u00ebrsa p\u00ebrse nj\u00eb p\u00ebrballim i drejtor\u00ebve do t\u00eb shqet\u00ebsonte ministra ose kryetar\u00eb t\u00eb partive? At\u00ebher\u00eb do t\u00eb duhet t\u00eb njoftohet edhe p\u00ebrse ka qen\u00eb sulmi, \u00e7far\u00eb p\u00ebrgatitej me dokumentin? A ka qen\u00eb patjet\u00ebr p\u00ebr at\u00eb t\u00eb din\u00eb edhe funksionar\u00eb m\u00eb t\u00eb lart\u00eb se Esmerov dhe Guri? Andaj, q\u00eb mos t\u00eb t\u00ebrheqin p\u00ebrballime tjera dhe mos t\u00eb ngren\u00eb pluhur n\u00eb publik, duke q\u00eb k\u00ebto dy n\u00eb heshte do t\u00eb kryejn\u00eb pun\u00ebn. \u00c7far\u00ebdo q\u00eb t\u00eb jen\u00eb sanksionet p\u00ebr Guri, nuk do t\u00eb krijohet konflikt, kuptohet p\u00ebr qet\u00ebsi n\u00eb sht\u00ebpi.<\/p>\n<p style=\"font-weight: 400;\">\n<p style=\"font-weight: 400;\">\n<p style=\"font-weight: 400;\"><strong>\u00c7FAR\u00cb LLOJ DOKUMENTI KA QEN\u00cb DHE K\u00cb KA MBROJTUR?<\/strong><\/p>\n<p style=\"font-weight: 400;\">\n<p style=\"font-weight: 400;\">Por skandali me arkivisten e rrahur nuk u qet\u00ebsua vet\u00ebm p\u00ebr shkak t\u00eb njoftimit anonim q\u00eb ishte pista jon\u00eb e par\u00eb. Nj\u00eb tjet\u00ebr i pun\u00ebsuar n\u00eb DAP, identitetin e t\u00eb cilit e njohim, duke insistuar n\u00eb anonimitet, sikur edhe njoftuesi i par\u00eb, n\u00ebp\u00ebrmjet post\u00ebs elektronike na njoftoi m\u00eb konkretisht se pse ka ndodhur incidenti. Pa mos treguar se kush q\u00ebndron pas k\u00ebtij operacioni, t\u00eb dh\u00ebn\u00eb q\u00eb e la si test p\u00ebr gazetar\u00ebt dhe publikun, ve\u00e7an\u00ebrisht p\u00ebr ato q\u00eb kan\u00eb pasur informata p\u00ebr k\u00ebt\u00eb, dhe m\u00eb s\u00eb shumti p\u00ebr ato q\u00eb kan\u00eb qen\u00eb t\u00eb detyruar t\u00eb veprojn\u00eb n\u00eb m\u00ebnyr\u00eb t\u00eb paligjshme. Si duket, arkivistja e sulmuar \u00ebsht\u00eb nj\u00eb prej tyre.<\/p>\n<p style=\"font-weight: 400;\">\n<p style=\"font-weight: 400;\">Gjegj\u00ebsisht, sipas burimit ton\u00eb, ose personit q\u00eb ka paraqitur rastin, b\u00ebhet fjal\u00eb p\u00ebr tatim prone p\u00ebr nj\u00eb biznesmen t\u00eb njohur. Emrin e tij nuk mundeshim ta gjejm\u00eb n\u00eb list\u00ebn e sponsor\u00ebve t\u00eb partive politike gjat\u00eb kampanjave zgjedhore, edhe pse t\u00eb gjith\u00eb e lidhin me nj\u00eb parti t\u00eb caktuar. \u00cbsht\u00eb importues i disa markave t\u00eb cigareve dhe pijeve alkoolike. Ai \u00ebsht\u00eb dashur t\u00eb paguan gati se nj\u00eb milion euro tatim t\u00eb pron\u00ebs ose dhjet\u00eb p\u00ebr qind nga vlera e p\u00ebrgjithshme. Ndonj\u00eb i pun\u00ebsuar, gjoja ka insistuar nga t\u00eb n\u00ebnrenditurit n\u00eb DAP t\u2019i p\u00ebrgatisin vendim p\u00ebr regjistrim t\u00eb gjendjes s\u00eb past\u00ebr (zero borxh). Prona \u00ebsht\u00eb private dhe e regjistruar n\u00eb em\u00ebr t\u00eb biznesmenit.<\/p>\n<p style=\"font-weight: 400;\">\n<p style=\"font-weight: 400;\">Burimi yn\u00eb na njofton edhe se ndonj\u00eb nga kryesor\u00ebt e DAP-it ka p\u00ebrgatitur vendim me t\u00eb cilin v\u00ebrtetohet se biznesmeni nuk duhet t\u00eb paguan tatim. Edhe pse personi q\u00eb ka paraqitur i ka theksuar me em\u00ebr dhe mbiem\u00ebr t\u00eb gjith\u00eb q\u00eb jan\u00eb p\u00ebrfshir\u00eb n\u00eb k\u00ebt\u00eb aksion, ne nuk do ti shpallim se rasti \u00ebsht\u00eb shum\u00eb serioz dhe jemi t\u00eb vet\u00ebdijsh\u00ebm se si qeveria ballafaqohet me gazetar\u00eb q\u00eb shkruajn\u00eb p\u00ebr veprat e saja kriminele. Ajo q\u00eb \u00ebsht\u00eb e r\u00ebnd\u00ebsishme \u00ebsht\u00eb fakti se pik\u00ebrisht incidenti me arkivisten lidhet me k\u00ebt\u00eb dokument. T\u00eb frik\u00ebsuar p\u00ebr situat\u00ebn, t\u00eb pun\u00ebsuarit n\u00eb DAP nuk kan\u00eb guxuar t\u00eb thon\u00eb gj\u00eb, dhe sigurisht q\u00eb as t\u2019i kund\u00ebrshtojn\u00eb p\u00ebrpjekjeve p\u00ebr falsifikat. Kontaktuam me t\u00eb pun\u00ebsuar\u00ebn q\u00eb ka qen\u00eb fizikisht e l\u00ebnduar, pasi identitetin e saj e ka shpalosur nj\u00eb nga personave q\u00eb \u00ebsht\u00eb paraqitur. Ajo konfirmoi incidentin dhe se informatat p\u00ebr rastin jan\u00eb t\u00eb sakta, po nuk deshi t\u00eb shpalos detaje tjera pasi pranoi se kishte frik\u00eb dhe nuk mundej t\u00eb flet me gazetar\u00eb. Duke marr parasysh se \u00ebsht\u00eb e moshuar dhe \u00ebsht\u00eb para pensionimit, u shqet\u00ebsua nga pyetjet tona, ku m\u00eb s\u00eb lehti p\u00ebrs\u00ebriti disa her\u00eb se nuk ka p\u00ebrgjigje dhe se nuk mund t\u00eb flet p\u00ebr situat\u00ebn. Ajo nuk deshi t\u00eb p\u00ebrgjigjet n\u00ebse ka dyshime se nuk fund mund t\u00eb shpallet fajtore, pasi gjoja nuk ka qen\u00eb n\u00eb vendin e pun\u00ebs. Burimi i dyt\u00eb na tregon se gjith\u00e7ka q\u00eb \u00ebsht\u00eb nisur kund\u00ebr Gurit, k\u00ebtu mendohet p\u00ebr procedur\u00ebn disiplinore t\u00eb nisur, ka qen\u00eb vet\u00ebm nj\u00eb fars\u00eb dhe m\u00ebnyr\u00eb p\u00ebr t\u00eb qet\u00ebsohen t\u00eb pun\u00ebsuarit dhe gazetar\u00ebt n\u00ebse parashtrojn\u00eb pyetje, kurse n\u00eb t\u00eb v\u00ebrtet nuk do t\u00eb ket\u00eb gj\u00eb.<\/p>\n<p style=\"font-weight: 400;\">\n<p style=\"font-weight: 400;\">N\u00eb raste t\u00eb tilla, kur dikush n\u00eb DAP do mundohet t\u00eb fsheh tatim p\u00ebr dik\u00eb, ve\u00e7an\u00ebrisht n\u00ebse \u00ebsht\u00eb shum\u00eb m\u00eb e lart\u00eb, sikur kjo nga nj\u00eb milion euro, at\u00ebher\u00eb biznesmeni i mbrojtur duhet t\u00eb paguan dik\u00eb nj\u00eb shum\u00eb parash. \u00a0Nuk dim\u00eb shum\u00ebn e sakt\u00eb, por duk marr parasysh faktin se burimet tona kan\u00eb informata t\u00eb t\u00ebr\u00ebsishme p\u00ebr rastin dhe i konsiderojm\u00eb si relevante, at\u00ebher\u00eb ju besojm\u00eb se n\u00eb vend q\u00eb t\u00eb paguhet nj\u00eb milion euro tatim, pronari i disa firmave ka paguar ose ka pasur nd\u00ebrmend t\u00eb paguan 200 mij\u00eb euro. Parat\u00eb, sipas burimeve tona \u00ebsht\u00eb dashur t\u00eb ndahen mes s\u00eb paku dy personave, kuadro t\u00eb partive t\u00eb ndryshme n\u00eb DAP. Me k\u00ebt\u00eb vet\u00ebm v\u00ebrtetohet se korrupsioni nuk njeh kufij etnik ose partiak. E r\u00ebnd\u00ebsishme \u00ebsht\u00eb t\u00eb merren para, madje edhe n\u00eb d\u00ebm t\u00eb shtetit.<\/p>\n<p style=\"font-weight: 400;\">Nuk arrit\u00ebm t\u00eb kuptojm\u00eb n\u00ebse Guri \u00ebsht\u00eb edhe drejtp\u00ebrdrejt i p\u00ebrfshir\u00eb n\u00eb gjith\u00eb rastin dhe p\u00ebr k\u00ebt\u00eb arsye ka shkaktuar incidentin. Edhe pse burimet tona komentojn\u00eb se pik\u00ebrisht dokumenti ka kaluar n\u00eb duart e arkivistes. A ka rezistuar ajo regjistrimin, ose ka shpalosur falsifikimin dhe ka dashur ta paraqet, nuk arrit\u00ebm t\u00eb kuptojm\u00eb.<\/p>\n<p style=\"font-weight: 400;\">\n<p style=\"font-weight: 400;\">Disa informata jozyrtare theksojn\u00eb se rasti do ishte mbyllur para shum\u00eb kohe, por duke marr parasysh interesimin ton\u00eb duke parashtruar pyetje, l\u00ebnda \u00ebsht\u00eb v\u00ebn\u00eb n\u00eb pushim. Sigurisht pritet q\u00eb pas humbjes s\u00eb interesit ton\u00eb funksionar\u00ebt n\u00eb DAP t\u00eb p\u00ebrfundojn\u00eb l\u00ebnd\u00ebn, si\u00e7 e kan\u00eb parapar\u00eb. Madje theksohet se n\u00eb fund do t\u00eb p\u00ebsojn\u00eb t\u00eb pun\u00ebsuarit q\u00eb kan\u00eb p\u00ebrgatitur dokumentin, edhe pse kan\u00eb b\u00ebr\u00eb at\u00eb me urdh\u00ebr dhe shtypje nga epror\u00ebt.<\/p>\n<p style=\"font-weight: 400;\">\n<p style=\"font-weight: 400;\">N\u00ebp\u00ebrmjet komunikimit me shkrim me personat q\u00eb kan\u00eb paraqitur rastin e kuptuam se ata nuk kan\u00eb nd\u00ebrmend t\u00eb shpalosin n\u00eb prokurori ose polici njohurin\u00eb se t\u00eb gjith\u00eb nga pushteti jan\u00eb t\u00eb lidhur, dhe n\u00eb vend t\u00eb atyre p\u00ebrgjegj\u00ebs p\u00ebr veprat kriminele, do t\u00eb p\u00ebsojn\u00eb t\u00eb pun\u00ebsuarit. Pik\u00ebs\u00ebpari jan\u00eb t\u00eb frik\u00ebsuar p\u00ebr vendet e tyre t\u00eb pun\u00ebs dhe as q\u00eb mendojn\u00eb t\u00eb dor\u00ebzojn\u00eb parashtres\u00eb, p\u00ebr k\u00ebt\u00eb shkak shpresat e vetme i kan\u00eb tek mediet dhe organizatat joqeveritare. Frika e tyre \u00ebsht\u00eb e dukshme edhe n\u00eb lutjet q\u00eb mos t\u00eb publikojm\u00eb identitetin e tyre, pasi na bind\u00ebn se kuadrot partiake q\u00eb drejtojn\u00eb DP-in jan\u00eb t\u00eb gatsh\u00ebm p\u00ebr hakmarrje, jan\u00eb t\u00eb nevrikosur se ka gjasa q\u00eb t\u2019ju d\u00ebshton plani.<\/p>\n<p style=\"font-weight: 400;\">\n<p style=\"font-weight: 400;\">Kontaktuam autoritet nga Drejtoria p\u00ebr t\u00eb ardhura publike q\u00eb t\u00eb kuptojm\u00eb q\u00ebndrimin e tyre zyrtar. Edhe pse parashtruam nj\u00eb s\u00ebr\u00eb pyetjesh, pik\u00ebs\u00ebpari t\u00eb lidhur me sulmin fizik t\u00eb arkivistes dhe p\u00ebrpjekjes p\u00ebr fshihje t\u00eb tatimit milion\u00ebsh, fituam vet\u00ebm nj\u00eb p\u00ebrgjigje t\u00eb sublimuar se Ismet Gurit i \u00ebsht\u00eb shqiptuar mas\u00eb disiplinore sipas Marr\u00ebveshjes kolektive dhe se policia ka njoftuar Drejtorin\u00eb se ka ndodhur incident. Aq. As informat\u00eb mbi p\u00ebrfshirjen e Esmerovit n\u00eb incident, as a ka ndodhur incidenti si pasoj\u00eb e refuzimit t\u00eb pun\u00ebsuar\u00ebs p\u00ebr t\u00eb p\u00ebrpiluar vendim t\u00eb paligjsh\u00ebm, as n\u00ebse biznesmeni ka paguar tatimin ndaj shtetit. P\u00ebr t\u00eb fundmen, as nuk guxohet t\u00eb njoftohet publiku pasi qenka sekret.<\/p>\n<p style=\"font-weight: 400;\">\n<p style=\"font-weight: 400;\">Prap\u00ebseprap\u00eb, burimet tona lidhin rastin e sulit fizik me falsifikimin e vendimit p\u00ebr tatim dhe sigurisht q\u00eb ajo p\u00ebrs\u00ebri hap pyetjen p\u00ebr mbrojtjen e personave q\u00eb paraqesin raste. Por, si\u00e7 dihet, fuqia dhe parat\u00eb dominojn\u00eb, kurse qytetar\u00ebt mund t\u00eb heshtin dhe t\u00eb mbyllin syt\u00eb. N\u00ebse flasin dhe shikojn\u00eb, nuk ka shp\u00ebtim p\u00ebr ato.<\/p>\n<p style=\"font-weight: 400;\">\n<p style=\"font-weight: 400;\">\n<p style=\"font-weight: 400;\"><strong><em>Autor: Ljubisha Arsi\u00e7 <\/em><\/strong><\/p>\n<p style=\"font-weight: 400;\"><strong><em>Transparensi Internesh\u00ebn\u00ebll Maqedonia zbaton projektin \u201cP\u00ebrfaq\u00ebsimi i mbrojtjes s\u00eb lajm\u00ebruese, p\u00ebrfshir\u00eb mediet dhe shoq\u00ebrin\u00eb civile\u201d i p\u00ebrkrahur nga Ambasada e Mbret\u00ebris\u00eb s\u00eb Holand\u00ebs.\u00a0<\/em><\/strong><\/p>\n<p style=\"font-weight: 400;\"><strong><em>Storia hulumtuese \u00ebsht\u00eb p\u00ebrgatitur n\u00eb suaza t\u00eb projektit, dhe nuk pasqyron q\u00ebndrimet e Ambasad\u00ebs s\u00eb Mbret\u00ebris\u00eb s\u00eb Holand\u00ebs.\u00a0<\/em><\/strong><\/p>\n","protected":false},"excerpt":{"rendered":"<p>20.06.2015 Nj\u00eb e pun\u00ebsuar n\u00eb Drejtorin\u00eb e t\u00eb Ardhurave Publike (DAP) personalisht \u00ebsht\u00eb v\u00ebrtetuar q\u00eb fuqia dhe parat\u00eb jan\u00eb mbi ligjet dhe dispozitat. Jo vet\u00ebm q\u00eb ka qen\u00eb e p\u00ebrballuar me shtypje q\u00eb t\u00eb shkel ligjin p\u00ebr ndonj\u00eb tjet\u00ebr q\u00eb t\u00eb p\u00ebrfitoj\u00eb me dobi n\u00eb pron\u00eb, por edhe ka p\u00ebsuar fizikisht pasi q\u00eb ka kund\u00ebrshtuar&hellip;<\/p>\n","protected":false},"author":1,"featured_media":9688,"comment_status":"closed","ping_status":"open","sticky":false,"template":"","format":"standard","meta":{"_monsterinsights_skip_tracking":false,"_monsterinsights_sitenote_active":false,"_monsterinsights_sitenote_note":"","_monsterinsights_sitenote_category":0,"footnotes":""},"categories":[90],"tags":[],"class_list":["post-9698","post","type-post","status-publish","format-standard","has-post-thumbnail","hentry","category-lajme","category-90","description-off"],"yoast_head":"<!-- This site is optimized with the Yoast SEO plugin v25.8 - https:\/\/yoast.com\/wordpress\/plugins\/seo\/ -->\n<title>SULMOHET NJ\u00cb E PUN\u00cbSUAR N\u00cb DAP: MOS VALL\u00cb E KAN\u00cb DETYRUAR T\u00cb FSHEH TATIM MILION\u00cbSH? - Transparency International<\/title>\n<meta name=\"robots\" content=\"index, follow, max-snippet:-1, max-image-preview:large, max-video-preview:-1\" \/>\n<link rel=\"canonical\" href=\"https:\/\/transparency.mk\/sq\/2015\/06\/20\/sulmohet-nje-e-punesuar-ne-dap-mos-valle-e-kane-detyruar-te-fsheh-tatim-milionesh\/\" \/>\n<meta property=\"og:locale\" content=\"sq_AL\" \/>\n<meta property=\"og:type\" content=\"article\" \/>\n<meta property=\"og:title\" content=\"SULMOHET NJ\u00cb E PUN\u00cbSUAR N\u00cb DAP: MOS VALL\u00cb E KAN\u00cb DETYRUAR T\u00cb FSHEH TATIM MILION\u00cbSH? - Transparency International\" \/>\n<meta property=\"og:description\" content=\"20.06.2015 Nj\u00eb e pun\u00ebsuar n\u00eb Drejtorin\u00eb e t\u00eb Ardhurave Publike (DAP) personalisht \u00ebsht\u00eb v\u00ebrtetuar q\u00eb fuqia dhe parat\u00eb jan\u00eb mbi ligjet dhe dispozitat. Jo vet\u00ebm q\u00eb ka qen\u00eb e p\u00ebrballuar me shtypje q\u00eb t\u00eb shkel ligjin p\u00ebr ndonj\u00eb tjet\u00ebr q\u00eb t\u00eb p\u00ebrfitoj\u00eb me dobi n\u00eb pron\u00eb, por edhe ka p\u00ebsuar fizikisht pasi q\u00eb ka kund\u00ebrshtuar&hellip;\" \/>\n<meta property=\"og:url\" content=\"https:\/\/transparency.mk\/sq\/2015\/06\/20\/sulmohet-nje-e-punesuar-ne-dap-mos-valle-e-kane-detyruar-te-fsheh-tatim-milionesh\/\" \/>\n<meta property=\"og:site_name\" content=\"Transparency International\" \/>\n<meta property=\"article:publisher\" content=\"https:\/\/www.facebook.com\/TransparencyMK\/\" \/>\n<meta property=\"article:published_time\" content=\"2015-06-20T07:42:22+00:00\" \/>\n<meta property=\"article:modified_time\" content=\"2021-02-17T08:42:44+00:00\" \/>\n<meta property=\"og:image\" content=\"https:\/\/transparency.mk\/wp-content\/uploads\/2021\/02\/wb_logo_alb.jpg\" \/>\n\t<meta property=\"og:image:width\" content=\"582\" \/>\n\t<meta property=\"og:image:height\" content=\"156\" \/>\n\t<meta property=\"og:image:type\" content=\"image\/jpeg\" \/>\n<meta name=\"author\" content=\"TI \u0430\u0434\u043c\u0438\u043d\u0438\u0441\u0442\u0440\u0430\u0442\u043e\u0440\" \/>\n<meta name=\"twitter:card\" content=\"summary_large_image\" \/>\n<meta name=\"twitter:creator\" content=\"@ti_macedonia\" \/>\n<meta name=\"twitter:site\" content=\"@ti_macedonia\" \/>\n<meta name=\"twitter:label1\" content=\"Written by\" \/>\n\t<meta name=\"twitter:data1\" content=\"TI \u0430\u0434\u043c\u0438\u043d\u0438\u0441\u0442\u0440\u0430\u0442\u043e\u0440\" \/>\n\t<meta name=\"twitter:label2\" content=\"Est. reading time\" \/>\n\t<meta name=\"twitter:data2\" content=\"13 minutes\" \/>\n<script type=\"application\/ld+json\" class=\"yoast-schema-graph\">{\"@context\":\"https:\/\/schema.org\",\"@graph\":[{\"@type\":\"Article\",\"@id\":\"https:\/\/transparency.mk\/sq\/2015\/06\/20\/sulmohet-nje-e-punesuar-ne-dap-mos-valle-e-kane-detyruar-te-fsheh-tatim-milionesh\/#article\",\"isPartOf\":{\"@id\":\"https:\/\/transparency.mk\/sq\/2015\/06\/20\/sulmohet-nje-e-punesuar-ne-dap-mos-valle-e-kane-detyruar-te-fsheh-tatim-milionesh\/\"},\"author\":{\"name\":\"TI \u0430\u0434\u043c\u0438\u043d\u0438\u0441\u0442\u0440\u0430\u0442\u043e\u0440\",\"@id\":\"https:\/\/transparency.mk\/#\/schema\/person\/4ab55c47d82a7d099f63f569c223c903\"},\"headline\":\"SULMOHET NJ\u00cb E PUN\u00cbSUAR N\u00cb DAP: MOS VALL\u00cb E KAN\u00cb DETYRUAR T\u00cb FSHEH TATIM MILION\u00cbSH?\",\"datePublished\":\"2015-06-20T07:42:22+00:00\",\"dateModified\":\"2021-02-17T08:42:44+00:00\",\"mainEntityOfPage\":{\"@id\":\"https:\/\/transparency.mk\/sq\/2015\/06\/20\/sulmohet-nje-e-punesuar-ne-dap-mos-valle-e-kane-detyruar-te-fsheh-tatim-milionesh\/\"},\"wordCount\":2625,\"publisher\":{\"@id\":\"https:\/\/transparency.mk\/#organization\"},\"image\":{\"@id\":\"https:\/\/transparency.mk\/sq\/2015\/06\/20\/sulmohet-nje-e-punesuar-ne-dap-mos-valle-e-kane-detyruar-te-fsheh-tatim-milionesh\/#primaryimage\"},\"thumbnailUrl\":\"https:\/\/transparency.mk\/wp-content\/uploads\/2021\/02\/wb_logo_alb.jpg\",\"articleSection\":[\"Lajme\"],\"inLanguage\":\"sq-AL\"},{\"@type\":\"WebPage\",\"@id\":\"https:\/\/transparency.mk\/sq\/2015\/06\/20\/sulmohet-nje-e-punesuar-ne-dap-mos-valle-e-kane-detyruar-te-fsheh-tatim-milionesh\/\",\"url\":\"https:\/\/transparency.mk\/sq\/2015\/06\/20\/sulmohet-nje-e-punesuar-ne-dap-mos-valle-e-kane-detyruar-te-fsheh-tatim-milionesh\/\",\"name\":\"SULMOHET NJ\u00cb E PUN\u00cbSUAR N\u00cb DAP: MOS VALL\u00cb E KAN\u00cb DETYRUAR T\u00cb FSHEH TATIM MILION\u00cbSH? - Transparency International\",\"isPartOf\":{\"@id\":\"https:\/\/transparency.mk\/#website\"},\"primaryImageOfPage\":{\"@id\":\"https:\/\/transparency.mk\/sq\/2015\/06\/20\/sulmohet-nje-e-punesuar-ne-dap-mos-valle-e-kane-detyruar-te-fsheh-tatim-milionesh\/#primaryimage\"},\"image\":{\"@id\":\"https:\/\/transparency.mk\/sq\/2015\/06\/20\/sulmohet-nje-e-punesuar-ne-dap-mos-valle-e-kane-detyruar-te-fsheh-tatim-milionesh\/#primaryimage\"},\"thumbnailUrl\":\"https:\/\/transparency.mk\/wp-content\/uploads\/2021\/02\/wb_logo_alb.jpg\",\"datePublished\":\"2015-06-20T07:42:22+00:00\",\"dateModified\":\"2021-02-17T08:42:44+00:00\",\"breadcrumb\":{\"@id\":\"https:\/\/transparency.mk\/sq\/2015\/06\/20\/sulmohet-nje-e-punesuar-ne-dap-mos-valle-e-kane-detyruar-te-fsheh-tatim-milionesh\/#breadcrumb\"},\"inLanguage\":\"sq-AL\",\"potentialAction\":[{\"@type\":\"ReadAction\",\"target\":[\"https:\/\/transparency.mk\/sq\/2015\/06\/20\/sulmohet-nje-e-punesuar-ne-dap-mos-valle-e-kane-detyruar-te-fsheh-tatim-milionesh\/\"]}]},{\"@type\":\"ImageObject\",\"inLanguage\":\"sq-AL\",\"@id\":\"https:\/\/transparency.mk\/sq\/2015\/06\/20\/sulmohet-nje-e-punesuar-ne-dap-mos-valle-e-kane-detyruar-te-fsheh-tatim-milionesh\/#primaryimage\",\"url\":\"https:\/\/transparency.mk\/wp-content\/uploads\/2021\/02\/wb_logo_alb.jpg\",\"contentUrl\":\"https:\/\/transparency.mk\/wp-content\/uploads\/2021\/02\/wb_logo_alb.jpg\",\"width\":582,\"height\":156},{\"@type\":\"BreadcrumbList\",\"@id\":\"https:\/\/transparency.mk\/sq\/2015\/06\/20\/sulmohet-nje-e-punesuar-ne-dap-mos-valle-e-kane-detyruar-te-fsheh-tatim-milionesh\/#breadcrumb\",\"itemListElement\":[{\"@type\":\"ListItem\",\"position\":1,\"name\":\"Home\",\"item\":\"https:\/\/transparency.mk\/sq\/\"},{\"@type\":\"ListItem\",\"position\":2,\"name\":\"SULMOHET NJ\u00cb E PUN\u00cbSUAR N\u00cb DAP: MOS VALL\u00cb E KAN\u00cb DETYRUAR T\u00cb FSHEH TATIM MILION\u00cbSH?\"}]},{\"@type\":\"WebSite\",\"@id\":\"https:\/\/transparency.mk\/#website\",\"url\":\"https:\/\/transparency.mk\/\",\"name\":\"Transparency International\",\"description\":\"Maqedoni\",\"publisher\":{\"@id\":\"https:\/\/transparency.mk\/#organization\"},\"potentialAction\":[{\"@type\":\"SearchAction\",\"target\":{\"@type\":\"EntryPoint\",\"urlTemplate\":\"https:\/\/transparency.mk\/?s={search_term_string}\"},\"query-input\":{\"@type\":\"PropertyValueSpecification\",\"valueRequired\":true,\"valueName\":\"search_term_string\"}}],\"inLanguage\":\"sq-AL\"},{\"@type\":\"Organization\",\"@id\":\"https:\/\/transparency.mk\/#organization\",\"name\":\"\u0422\u0440\u0430\u043d\u0441\u043f\u0430\u0440\u0435\u043d\u0441\u0438 \u0418\u043d\u0442\u0435\u0440\u043d\u0435\u0448\u043d\u043b - \u041c\u0430\u043a\u0435\u0434\u043e\u043d\u0438\u0458\u0430\",\"url\":\"https:\/\/transparency.mk\/\",\"logo\":{\"@type\":\"ImageObject\",\"inLanguage\":\"sq-AL\",\"@id\":\"https:\/\/transparency.mk\/#\/schema\/logo\/image\/\",\"url\":\"https:\/\/transparency.mk\/wp-content\/uploads\/2020\/10\/transparency-mk-logo.png\",\"contentUrl\":\"https:\/\/transparency.mk\/wp-content\/uploads\/2020\/10\/transparency-mk-logo.png\",\"width\":250,\"height\":75,\"caption\":\"\u0422\u0440\u0430\u043d\u0441\u043f\u0430\u0440\u0435\u043d\u0441\u0438 \u0418\u043d\u0442\u0435\u0440\u043d\u0435\u0448\u043d\u043b - \u041c\u0430\u043a\u0435\u0434\u043e\u043d\u0438\u0458\u0430\"},\"image\":{\"@id\":\"https:\/\/transparency.mk\/#\/schema\/logo\/image\/\"},\"sameAs\":[\"https:\/\/www.facebook.com\/TransparencyMK\/\",\"https:\/\/x.com\/ti_macedonia\",\"https:\/\/www.instagram.com\/timacedonia\/\",\"https:\/\/youtube.com\/user\/tzcmacedonia\/\"]},{\"@type\":\"Person\",\"@id\":\"https:\/\/transparency.mk\/#\/schema\/person\/4ab55c47d82a7d099f63f569c223c903\",\"name\":\"TI \u0430\u0434\u043c\u0438\u043d\u0438\u0441\u0442\u0440\u0430\u0442\u043e\u0440\",\"sameAs\":[\"https:\/\/transparency.mk\"]}]}<\/script>\n<!-- \/ Yoast SEO plugin. -->","yoast_head_json":{"title":"SULMOHET NJ\u00cb E PUN\u00cbSUAR N\u00cb DAP: MOS VALL\u00cb E KAN\u00cb DETYRUAR T\u00cb FSHEH TATIM MILION\u00cbSH? - Transparency International","robots":{"index":"index","follow":"follow","max-snippet":"max-snippet:-1","max-image-preview":"max-image-preview:large","max-video-preview":"max-video-preview:-1"},"canonical":"https:\/\/transparency.mk\/sq\/2015\/06\/20\/sulmohet-nje-e-punesuar-ne-dap-mos-valle-e-kane-detyruar-te-fsheh-tatim-milionesh\/","og_locale":"sq_AL","og_type":"article","og_title":"SULMOHET NJ\u00cb E PUN\u00cbSUAR N\u00cb DAP: MOS VALL\u00cb E KAN\u00cb DETYRUAR T\u00cb FSHEH TATIM MILION\u00cbSH? - Transparency International","og_description":"20.06.2015 Nj\u00eb e pun\u00ebsuar n\u00eb Drejtorin\u00eb e t\u00eb Ardhurave Publike (DAP) personalisht \u00ebsht\u00eb v\u00ebrtetuar q\u00eb fuqia dhe parat\u00eb jan\u00eb mbi ligjet dhe dispozitat. Jo vet\u00ebm q\u00eb ka qen\u00eb e p\u00ebrballuar me shtypje q\u00eb t\u00eb shkel ligjin p\u00ebr ndonj\u00eb tjet\u00ebr q\u00eb t\u00eb p\u00ebrfitoj\u00eb me dobi n\u00eb pron\u00eb, por edhe ka p\u00ebsuar fizikisht pasi q\u00eb ka kund\u00ebrshtuar&hellip;","og_url":"https:\/\/transparency.mk\/sq\/2015\/06\/20\/sulmohet-nje-e-punesuar-ne-dap-mos-valle-e-kane-detyruar-te-fsheh-tatim-milionesh\/","og_site_name":"Transparency International","article_publisher":"https:\/\/www.facebook.com\/TransparencyMK\/","article_published_time":"2015-06-20T07:42:22+00:00","article_modified_time":"2021-02-17T08:42:44+00:00","og_image":[{"width":582,"height":156,"url":"https:\/\/transparency.mk\/wp-content\/uploads\/2021\/02\/wb_logo_alb.jpg","type":"image\/jpeg"}],"author":"TI \u0430\u0434\u043c\u0438\u043d\u0438\u0441\u0442\u0440\u0430\u0442\u043e\u0440","twitter_card":"summary_large_image","twitter_creator":"@ti_macedonia","twitter_site":"@ti_macedonia","twitter_misc":{"Written by":"TI \u0430\u0434\u043c\u0438\u043d\u0438\u0441\u0442\u0440\u0430\u0442\u043e\u0440","Est. reading time":"13 minutes"},"schema":{"@context":"https:\/\/schema.org","@graph":[{"@type":"Article","@id":"https:\/\/transparency.mk\/sq\/2015\/06\/20\/sulmohet-nje-e-punesuar-ne-dap-mos-valle-e-kane-detyruar-te-fsheh-tatim-milionesh\/#article","isPartOf":{"@id":"https:\/\/transparency.mk\/sq\/2015\/06\/20\/sulmohet-nje-e-punesuar-ne-dap-mos-valle-e-kane-detyruar-te-fsheh-tatim-milionesh\/"},"author":{"name":"TI \u0430\u0434\u043c\u0438\u043d\u0438\u0441\u0442\u0440\u0430\u0442\u043e\u0440","@id":"https:\/\/transparency.mk\/#\/schema\/person\/4ab55c47d82a7d099f63f569c223c903"},"headline":"SULMOHET NJ\u00cb E PUN\u00cbSUAR N\u00cb DAP: MOS VALL\u00cb E KAN\u00cb DETYRUAR T\u00cb FSHEH TATIM MILION\u00cbSH?","datePublished":"2015-06-20T07:42:22+00:00","dateModified":"2021-02-17T08:42:44+00:00","mainEntityOfPage":{"@id":"https:\/\/transparency.mk\/sq\/2015\/06\/20\/sulmohet-nje-e-punesuar-ne-dap-mos-valle-e-kane-detyruar-te-fsheh-tatim-milionesh\/"},"wordCount":2625,"publisher":{"@id":"https:\/\/transparency.mk\/#organization"},"image":{"@id":"https:\/\/transparency.mk\/sq\/2015\/06\/20\/sulmohet-nje-e-punesuar-ne-dap-mos-valle-e-kane-detyruar-te-fsheh-tatim-milionesh\/#primaryimage"},"thumbnailUrl":"https:\/\/transparency.mk\/wp-content\/uploads\/2021\/02\/wb_logo_alb.jpg","articleSection":["Lajme"],"inLanguage":"sq-AL"},{"@type":"WebPage","@id":"https:\/\/transparency.mk\/sq\/2015\/06\/20\/sulmohet-nje-e-punesuar-ne-dap-mos-valle-e-kane-detyruar-te-fsheh-tatim-milionesh\/","url":"https:\/\/transparency.mk\/sq\/2015\/06\/20\/sulmohet-nje-e-punesuar-ne-dap-mos-valle-e-kane-detyruar-te-fsheh-tatim-milionesh\/","name":"SULMOHET NJ\u00cb E PUN\u00cbSUAR N\u00cb DAP: MOS VALL\u00cb E KAN\u00cb DETYRUAR T\u00cb FSHEH TATIM MILION\u00cbSH? - Transparency International","isPartOf":{"@id":"https:\/\/transparency.mk\/#website"},"primaryImageOfPage":{"@id":"https:\/\/transparency.mk\/sq\/2015\/06\/20\/sulmohet-nje-e-punesuar-ne-dap-mos-valle-e-kane-detyruar-te-fsheh-tatim-milionesh\/#primaryimage"},"image":{"@id":"https:\/\/transparency.mk\/sq\/2015\/06\/20\/sulmohet-nje-e-punesuar-ne-dap-mos-valle-e-kane-detyruar-te-fsheh-tatim-milionesh\/#primaryimage"},"thumbnailUrl":"https:\/\/transparency.mk\/wp-content\/uploads\/2021\/02\/wb_logo_alb.jpg","datePublished":"2015-06-20T07:42:22+00:00","dateModified":"2021-02-17T08:42:44+00:00","breadcrumb":{"@id":"https:\/\/transparency.mk\/sq\/2015\/06\/20\/sulmohet-nje-e-punesuar-ne-dap-mos-valle-e-kane-detyruar-te-fsheh-tatim-milionesh\/#breadcrumb"},"inLanguage":"sq-AL","potentialAction":[{"@type":"ReadAction","target":["https:\/\/transparency.mk\/sq\/2015\/06\/20\/sulmohet-nje-e-punesuar-ne-dap-mos-valle-e-kane-detyruar-te-fsheh-tatim-milionesh\/"]}]},{"@type":"ImageObject","inLanguage":"sq-AL","@id":"https:\/\/transparency.mk\/sq\/2015\/06\/20\/sulmohet-nje-e-punesuar-ne-dap-mos-valle-e-kane-detyruar-te-fsheh-tatim-milionesh\/#primaryimage","url":"https:\/\/transparency.mk\/wp-content\/uploads\/2021\/02\/wb_logo_alb.jpg","contentUrl":"https:\/\/transparency.mk\/wp-content\/uploads\/2021\/02\/wb_logo_alb.jpg","width":582,"height":156},{"@type":"BreadcrumbList","@id":"https:\/\/transparency.mk\/sq\/2015\/06\/20\/sulmohet-nje-e-punesuar-ne-dap-mos-valle-e-kane-detyruar-te-fsheh-tatim-milionesh\/#breadcrumb","itemListElement":[{"@type":"ListItem","position":1,"name":"Home","item":"https:\/\/transparency.mk\/sq\/"},{"@type":"ListItem","position":2,"name":"SULMOHET NJ\u00cb E PUN\u00cbSUAR N\u00cb DAP: MOS VALL\u00cb E KAN\u00cb DETYRUAR T\u00cb FSHEH TATIM MILION\u00cbSH?"}]},{"@type":"WebSite","@id":"https:\/\/transparency.mk\/#website","url":"https:\/\/transparency.mk\/","name":"Transparency International","description":"Maqedoni","publisher":{"@id":"https:\/\/transparency.mk\/#organization"},"potentialAction":[{"@type":"SearchAction","target":{"@type":"EntryPoint","urlTemplate":"https:\/\/transparency.mk\/?s={search_term_string}"},"query-input":{"@type":"PropertyValueSpecification","valueRequired":true,"valueName":"search_term_string"}}],"inLanguage":"sq-AL"},{"@type":"Organization","@id":"https:\/\/transparency.mk\/#organization","name":"\u0422\u0440\u0430\u043d\u0441\u043f\u0430\u0440\u0435\u043d\u0441\u0438 \u0418\u043d\u0442\u0435\u0440\u043d\u0435\u0448\u043d\u043b - \u041c\u0430\u043a\u0435\u0434\u043e\u043d\u0438\u0458\u0430","url":"https:\/\/transparency.mk\/","logo":{"@type":"ImageObject","inLanguage":"sq-AL","@id":"https:\/\/transparency.mk\/#\/schema\/logo\/image\/","url":"https:\/\/transparency.mk\/wp-content\/uploads\/2020\/10\/transparency-mk-logo.png","contentUrl":"https:\/\/transparency.mk\/wp-content\/uploads\/2020\/10\/transparency-mk-logo.png","width":250,"height":75,"caption":"\u0422\u0440\u0430\u043d\u0441\u043f\u0430\u0440\u0435\u043d\u0441\u0438 \u0418\u043d\u0442\u0435\u0440\u043d\u0435\u0448\u043d\u043b - \u041c\u0430\u043a\u0435\u0434\u043e\u043d\u0438\u0458\u0430"},"image":{"@id":"https:\/\/transparency.mk\/#\/schema\/logo\/image\/"},"sameAs":["https:\/\/www.facebook.com\/TransparencyMK\/","https:\/\/x.com\/ti_macedonia","https:\/\/www.instagram.com\/timacedonia\/","https:\/\/youtube.com\/user\/tzcmacedonia\/"]},{"@type":"Person","@id":"https:\/\/transparency.mk\/#\/schema\/person\/4ab55c47d82a7d099f63f569c223c903","name":"TI \u0430\u0434\u043c\u0438\u043d\u0438\u0441\u0442\u0440\u0430\u0442\u043e\u0440","sameAs":["https:\/\/transparency.mk"]}]}},"_links":{"self":[{"href":"https:\/\/transparency.mk\/sq\/wp-json\/wp\/v2\/posts\/9698","targetHints":{"allow":["GET"]}}],"collection":[{"href":"https:\/\/transparency.mk\/sq\/wp-json\/wp\/v2\/posts"}],"about":[{"href":"https:\/\/transparency.mk\/sq\/wp-json\/wp\/v2\/types\/post"}],"author":[{"embeddable":true,"href":"https:\/\/transparency.mk\/sq\/wp-json\/wp\/v2\/users\/1"}],"replies":[{"embeddable":true,"href":"https:\/\/transparency.mk\/sq\/wp-json\/wp\/v2\/comments?post=9698"}],"version-history":[{"count":1,"href":"https:\/\/transparency.mk\/sq\/wp-json\/wp\/v2\/posts\/9698\/revisions"}],"predecessor-version":[{"id":9699,"href":"https:\/\/transparency.mk\/sq\/wp-json\/wp\/v2\/posts\/9698\/revisions\/9699"}],"wp:featuredmedia":[{"embeddable":true,"href":"https:\/\/transparency.mk\/sq\/wp-json\/wp\/v2\/media\/9688"}],"wp:attachment":[{"href":"https:\/\/transparency.mk\/sq\/wp-json\/wp\/v2\/media?parent=9698"}],"wp:term":[{"taxonomy":"category","embeddable":true,"href":"https:\/\/transparency.mk\/sq\/wp-json\/wp\/v2\/categories?post=9698"},{"taxonomy":"post_tag","embeddable":true,"href":"https:\/\/transparency.mk\/sq\/wp-json\/wp\/v2\/tags?post=9698"}],"curies":[{"name":"wp","href":"https:\/\/api.w.org\/{rel}","templated":true}]}}