{"id":9700,"date":"2015-07-08T09:42:57","date_gmt":"2015-07-08T07:42:57","guid":{"rendered":"https:\/\/transparency.web.com.mk\/?p=9700"},"modified":"2021-02-17T09:43:23","modified_gmt":"2021-02-17T08:43:23","slug":"akuzat-dhe-deshmite-per-diskriminim-politik","status":"publish","type":"post","link":"https:\/\/transparency.mk\/sq\/2015\/07\/08\/akuzat-dhe-deshmite-per-diskriminim-politik\/","title":{"rendered":"AKUZAT DHE D\u00cbSHMIT\u00cb P\u00cbR DISKRIMINIM POLITIK"},"content":{"rendered":"<div align=\"justify\">08.07.2015 Ka m\u00eb shum\u00eb se kat\u00ebr vite q\u00eb Ligji p\u00ebr mbrojtje nga diskriminimi \u00ebsht\u00eb miratuar n\u00eb Maqedoni, por si duket ende gjendemi n\u00eb nismat dhe nuk dim\u00eb ose nuk duam t\u00eb mbrohemi.\u00a0\u00a0\u00a0 P\u00ebr k\u00ebt\u00eb periudh\u00eb kohore asnj\u00eb institucion kompetent nuk ka arritur t\u00eb sheh diskriminimin politik, ose m\u00eb mir\u00eb, nuk ka guxuar ta sheh.\u00a0 T\u00eb pun\u00ebsuarit vazhdojn\u00eb t\u00eb largohen nga puna pasi nuk sillen ose nuk mendojn\u00eb n\u00eb frym\u00ebn e partis\u00eb n\u00eb pushtet.<br \/>\nSi k\u00ebnaq\u00ebsi t\u00eb vetme kan\u00eb mund\u00ebsin\u00eb q\u00eb publikisht t\u00eb shprehin golgot\u00ebn dhe tortur\u00ebn q\u00eb kan\u00eb p\u00ebrjetuar, dhe drejt\u00ebsin\u00eb, si zakonisht, do ta k\u00ebrkojn\u00eb jasht\u00eb vendit.<\/p>\n<p>Libreza partiake, p\u00ebrkund\u00ebr diplom\u00ebs universitare, njohjes s\u00eb gjuh\u00ebve t\u00eb huaja, p\u00ebrvoj\u00ebs s\u00eb pun\u00ebs dhe kompetenc\u00ebs vazhdon t\u00eb jet\u00eb letra e fort\u00eb gjat\u00eb pun\u00ebsimit, ve\u00e7an\u00ebrisht n\u00eb administrat\u00ebn publike ose shtet\u00ebrore.\u00a0\u00a0 Ajo hap dyert shum\u00eb m\u00eb leht\u00eb, dhe i mbyll p\u00ebr ato q\u00eb nuk e posedojn\u00eb, n\u00eb t\u00eb v\u00ebrtet, q\u00eb nuk e posedojn\u00eb letr\u00ebn e v\u00ebrtet\u00eb.\u00a0 Dhe k\u00ebshtu, derisa disa i g\u00ebzohen pun\u00ebs s\u00eb re shtet\u00ebrore, t\u00eb tjer\u00ebt \u00e7do dit\u00eb frik\u00ebsohen se do t\u00eb humbasin kafshat\u00ebn e pun\u00ebs, pasi nuk posedojn\u00eb dokumentin e duhur n\u00eb xhep, prov\u00ebn p\u00ebr \u201ckualifikimin\u201d e tyre.<br \/>\nDeri tani, shum\u00eb qytetar\u00eb kan\u00eb humbur pun\u00ebn p\u00ebr shkak t\u00eb diskriminimit politik, por fatkeq\u00ebsisht gati se asnj\u00eb prej tyre nuk ka arritur t\u00eb v\u00ebrteton padrejt\u00ebsin\u00eb.\u00a0\u00a0 Ligji p\u00ebr mbrojtje nga diskriminimi \u00ebsht\u00eb miratuar prej m\u00eb shum\u00eb se kat\u00ebr vjet, por gjat\u00eb k\u00ebsaj kohe asnj\u00eb qytetar nuk ka arritur t\u00eb v\u00ebrteton se \u00ebsht\u00eb diskriminuar n\u00eb vendin e pun\u00ebs p\u00ebr shkak t\u00eb p\u00ebrkat\u00ebsis\u00eb politike q\u00eb \u00ebsht\u00eb e pabesueshme, pasi partizimi i administrat\u00ebs shtet\u00ebrore \u00ebsht\u00eb shum\u00eb i duksh\u00ebm.<\/p><\/div>\n<div align=\"justify\"><\/div>\n<div align=\"justify\"><\/div>\n<p align=\"justify\">Si duket, \u00ebsht\u00eb m\u00eb leht\u00eb p\u00ebr gjyqet t\u00eb mbajn\u00eb an\u00ebn e organeve shtet\u00ebrore se sa an\u00ebn e qytetar\u00ebve.\u00a0 Dhe p\u00ebr k\u00ebt\u00eb shkak qytetar\u00ebt m\u00eb rrall\u00eb i paraqesin rastet e tilla, duke ditur prej m\u00eb her\u00ebt se betej\u00ebn e kan\u00eb humbur.<\/p>\n<p align=\"justify\">\n<p align=\"justify\">\n<p align=\"justify\">I<b>A KAN\u00cb ZVOG\u00cbLUAR RROG\u00cbN, PASI KA MARR NGA UJI P\u00cbR PIJE<br \/>\n<\/b><br \/>\nPor, p\u00ebrs\u00ebri ka disa paraqit\u00ebs, t\u00eb cil\u00ebt duan t\u00eb l\u00ebn\u00eb gjurm\u00eb institucionale p\u00ebr padrejt\u00ebsin\u00eb q\u00eb kan\u00eb p\u00ebrjetuar, dhe nj\u00eb pjes\u00eb e tyre zgjedhin t\u00eb njoftojn\u00eb publikun q\u00eb qart\u00eb t\u00eb kuptohet se \u00e7far\u00eb kan\u00eb p\u00ebrjetuar.<br \/>\nNj\u00eb prej tyre, q\u00eb ka vendosur t\u00eb futet n\u00eb betej\u00eb institucionale \u00ebsht\u00eb Nebojsha Trajkovski, ai para 10 dit\u00ebsh \u00ebsht\u00eb larguar nga vendi i pun\u00ebs n\u00eb Kriva Pallank\u00eb, ku ka qen\u00eb i pun\u00ebsuar prej vitit 2007.\u00a0\u00a0 Ai zgjodhi t\u00eb flet publikisht edhe p\u00ebr \u201cFokus\u201d, q\u00eb t\u00eb gjith\u00eb t\u00eb kuptojn\u00eb se me vite ka qen\u00eb i n\u00ebnshtruar shtypjes s\u00eb madhe, manipulimeve dhe tortur\u00ebs pasi nuk ka qen\u00eb simpatizues i VMRO-DPMNE.\u00a0 Tre muajt e fundit ka qen\u00eb i suspenduar, q\u00eb me 22-in e k\u00ebtij muaji t&#8217;ia dor\u00ebzojn\u00eb shkres\u00ebn p\u00ebr largim nga puna.<br \/>\n-Kur kryetari i komun\u00ebs Arsen\u00e7o Aleksovski erdhi n\u00eb pozit\u00ebn e kryetarit t\u00eb komun\u00ebs, ai largoi nga puna 18 t\u00eb pun\u00ebsuar, t\u00eb cil\u00ebt nuk i takonin partis\u00eb n\u00eb pushtet, n\u00ebn pretekstin se nuk paska financa.<br \/>\nKurse beteja e tij p\u00ebr vendin e pun\u00ebs ka nisur n\u00eb shtator t\u00eb vitit 2013.\u00a0 At\u00ebher\u00eb, sipas tij, kryetari i komun\u00ebs p\u00ebr shkak t\u00eb mostolerimit dhe frustracionit personal ndaj tij, n\u00eb m\u00ebnyr\u00eb t\u00eb paligjshme e ka anuluar vendin e tij t\u00eb pun\u00ebs si bashk\u00ebpun\u00ebtor p\u00ebr evidentim t\u00eb tatimeve dhe taksave lokale, vend q\u00eb ka r\u00ebnd\u00ebsi thelb\u00ebsore p\u00ebr komun\u00ebn pasi n\u00ebp\u00ebrmjet atij mblidhen 80 p\u00ebr qind t\u00eb t\u00eb ardhurave t\u00eb komun\u00ebs.<br \/>\n-Me k\u00ebt\u00eb v\u00ebrtetohet se kryetari i komun\u00ebs \u00ebsht\u00eb i gatsh\u00ebm t\u00eb b\u00ebn keqp\u00ebrdorim t\u00eb drejtp\u00ebrdrejt\u00eb t\u00eb t\u00eb ardhurave t\u00eb komun\u00ebs, vet\u00ebm me q\u00ebllim q\u00eb plot\u00ebson d\u00ebshir\u00ebn e vet dhe t\u00eb hakmerret, thot\u00eb Trajkovski.<br \/>\nAi \u00ebsht\u00eb ankuar tek Agjencia p\u00ebr administrat\u00eb, ku ia kan\u00eb pranuar ankes\u00ebn, por pas 20 dit\u00eb kryetari i komun\u00ebs p\u00ebrs\u00ebri ka anuluar vendin e pun\u00ebs.\u00a0 P\u00ebr k\u00ebt\u00eb shkak, me sistematizimin e ri n\u00eb vitin 2014 \u00ebsht\u00eb vendosur n\u00eb vend t\u00eb ri t\u00eb pun\u00ebs, ku nuk ka pasur kushte elementare p\u00ebr pun\u00eb, as kompjuter, as tavolin\u00eb.\u00a0 Thot\u00eb se \u00e7do dit\u00eb, me shkrim dhe me goj\u00eb ka k\u00ebrkuar kushte elementare p\u00ebr pun\u00eb, por nga drejtuesi i \u00ebsht\u00eb th\u00ebn\u00eb se pik\u00ebrisht ky qenka edhe q\u00ebllimi, q\u00eb ai mos t\u00eb mund t\u00eb kryen pun\u00ebn e vet dhe n\u00eb fund t\u00eb largohet prej pune.<br \/>\n-Prej asaj dite shtypjet dhe kontrollet u shpeshtuan dhe gjendesha n\u00eb situata shum\u00eb t\u00eb pak\u00ebndshme, madje edhe kur kisha nevoja fiziologjike dhe duhet t\u00eb shkoj n\u00eb tualet, duheshe t\u00eb k\u00ebrkoj leje. Tani, kjo tortur\u00eb dhe maltretim psikik m\u00eb kan\u00eb shkaktuar probleme serioze sh\u00ebndet\u00ebsore. M\u00eb kan\u00eb nd\u00ebshkuar me disa d\u00ebnime sepse m\u00eb kan\u00eb v\u00ebrejtur n\u00eb arkiv t\u00eb vendos disa dokumente zyrtare si dhe p\u00ebr at\u00eb q\u00eb kam dal\u00eb t\u00eb bush uj\u00eb n\u00eb shishe, sepse n\u00eb zyr\u00ebn nuk kemi pasur \u00e7ezm\u00eb, thot\u00eb Trajkovski.<br \/>\nAjo shton q\u00eb ver\u00ebn e kaluar, p\u00ebr dit\u00eblindje, nga ana tjet\u00ebr, si \u201ckartolin\u00eb\u201d nga kryetari ka marr\u00eb nj\u00eb vendim p\u00ebr ndalimin e pushimit vjetor ndon\u00ebse vendimi ka qen\u00eb i plotfuqish\u00ebm juridikisht. P\u00ebr shkak t\u00eb situat\u00ebs s\u00eb re ka dashur t\u00eb mungoj\u00eb n\u00eb udh\u00ebtimin vet\u00ebm t\u00eb paguar n\u00eb Paris.<br \/>\n&#8211; N\u00eb dit\u00ebn para se t\u00eb nisem p\u00ebr n\u00eb pushim mora nj\u00eb detyre pune p\u00ebr selektimin e m\u00eb tep\u00ebr se 5,000 vendimeve p\u00ebr tatim t\u00eb pron\u00ebs, q\u00eb \u00ebsht\u00eb e pamundshme t\u00eb b\u00ebhet p\u00ebr nj\u00eb dit\u00eb, thot\u00eb Trajkovski, q\u00eb shton se p\u00ebr k\u00ebt\u00eb tortur\u00eb q\u00eb ka qen\u00eb i ekspozuar si n\u00ebpun\u00ebs administrativ ka paraqitur me tep\u00ebr parashtresa tek institucione t\u00eb shumt\u00eb.<\/p>\n<p align=\"justify\">\n<p align=\"justify\"><b>I PUN\u00cbSUAR POHON Q\u00cb \u00cbSHT\u00cb KURDISJE, KRYETARI I KOMUN\u00cbS MOHON<\/b><\/p>\n<p>Goditjen e fundit, si\u00e7 sqaron edhe vet\u00eb, e kishte p\u00ebsuar para disa muajsh kur ishte i akuzuar q\u00eb me vullnetin e tij kishte pun\u00ebsuar person t\u00eb d\u00ebrgesa n\u00eb komun\u00eb?! M\u00eb sakt\u00eb, n\u00eb vendimin e tij p\u00ebr nd\u00ebrprerjen e marr\u00ebdh\u00ebnieve t\u00eb pun\u00ebs theksohet q\u00eb Trajkovski, madje 143 her\u00eb i ka dh\u00ebn\u00eb dokumente zyrtare p\u00ebr dor\u00ebzim, n\u00eb afat prej dy muajve, nj\u00eb personi p\u00ebr dor\u00ebzim q\u00eb nuk ka pasur p\u00eblqim nga udh\u00ebheq\u00ebsi ose kryetari i komun\u00ebs. N\u00eb fakt, del q\u00eb ai vet\u00eb ka b\u00ebr\u00eb pun\u00ebsimin n\u00eb komun\u00eb, q\u00eb ka ana tjet\u00ebr gjat\u00eb dor\u00ebzimit t\u00eb materialeve nuk ka b\u00ebr\u00eb asnj\u00eb gabim, gjegj\u00ebsisht n\u00eb asnj\u00eb m\u00ebnyr\u00eb nuk ka d\u00ebmtuar komun\u00ebn.<br \/>\nTrajkovski sqaron se nuk ka pasur kompetenca dhe nuk ka mundur t\u00eb pun\u00ebsoj\u00eb dik\u00eb. Thot\u00eb q\u00eb personin p\u00ebr d\u00ebrgesa e kan\u00eb takuar dhe v\u00ebrejtur t\u00eb gjith\u00eb n\u00eb komun\u00eb, nd\u00ebrsa p\u00ebr at\u00eb ka qen\u00eb informuar edhe udh\u00ebheq\u00ebsja e saj, me an\u00eb t\u00eb raporteve me shkrim q\u00eb i jan\u00eb dor\u00ebzuar \u00e7do dit\u00eb, gjegj\u00ebsisht aty Trajkovski me em\u00ebr dhe mbiem\u00ebr e p\u00ebrmend personin p\u00ebr d\u00ebrgesa si nj\u00eb person t\u00eb cilit i jep dokumentet. Udh\u00ebheq\u00ebsja ka pranuar se gjat\u00eb procedur\u00ebs disiplinore i ka n\u00ebnshkruar raportet, por \u00ebsht\u00eb arsyetuar se ato raporte nuk i ka lexuar?!<br \/>\n-Kisha edhe deklarat\u00eb t\u00eb v\u00ebrtetuar nga vet personi p\u00ebr d\u00ebrgesa se un\u00eb nuk e kam angazhuar n\u00eb komun\u00eb, por pasi kishte pasur shtypje, e ndryshoi deklarat\u00ebn. Gjithashtu, ai kat\u00ebr muaj hynte dhe dilte prej komun\u00ebs \u00e7do dit\u00eb, madje mori pjes\u00eb edhe n\u00eb ahengun e vitit t\u00eb ri. Urdhrin q\u00eb atij t\u2019ia jap d\u00ebrgesat e mora nga drejtuesja ime, pasi un\u00eb kisha ndales\u00eb p\u00ebr tu larguar nga zyra. Ky \u00ebsht\u00eb nj\u00eb manipulim i lig\u00ebt, me q\u00ebllim q\u00eb t\u00eb m\u00eb largojn\u00eb nga vendi i pun\u00ebs, q\u00eb n\u00eb fund edhe arrit\u00ebn ta b\u00ebjn\u00eb, thekson Trajkovski.<br \/>\nTrajkovski \u00ebsht\u00eb ankuar tek Agjencia p\u00ebr administrat\u00eb p\u00ebr vendimin p\u00ebr tu larguar prej pune, por si\u00e7 ka pritur, p\u00ebr shkak t\u00eb intervenimeve dhe shtypjeve t\u00eb m\u00ebdha ka marr p\u00ebrgjigje negative. Thot\u00eb se tani nuk do t\u00eb dor\u00ebzohet, por do t\u00eb vazhdon betej\u00ebn n\u00eb Gjyqin e Kriva Pallank\u00ebs.<br \/>\nKryetari i komun\u00ebs Aleksovski, k\u00ebmb\u00ebngul se i pun\u00ebsuari \u00ebsht\u00eb larguar nga puna p\u00ebr shkak t\u00eb shkeljeve n\u00eb vendin e pun\u00ebs.<br \/>\n-Ai nuk mund t\u00eb pun\u00ebson n\u00eb komun\u00eb. \u00cbsht\u00eb e dukshme se ka vepruar gabimisht, gjith\u00e7ka tjet\u00ebr \u00ebsht\u00eb spekulim. Kur u zgjodha si kryetar komune i nuk i ndryshova t\u00eb gjith\u00eb drejtuesit q\u00eb punonin n\u00eb vendet e tyre t\u00eb pun\u00ebs. Po t\u00eb nj\u00ebjtit jan\u00eb edhe sot. Ajo leht\u00eb mund t\u00eb kontrollohet. K\u00ebshtu q\u00eb, nuk \u00ebsht\u00eb e v\u00ebrtet se jam hakmarr\u00eb politikisht, thekson kryetari i komun\u00ebs Aleksovski.<\/p>\n<p align=\"justify\">\n<p align=\"justify\">\n<p align=\"justify\"><b>M\u00cb LARGUAN NGA PUNA PASI NUK U B\u00cbRA VMRO-DPMNE<\/b><\/p>\n<p>Edhe i riu Martin Stefanovski thot\u00eb se pasi nuk \u00ebsht\u00eb p\u00ebrshtat me frym\u00ebn e VMRO-DPMNE n\u00eb pushtet, e ka humbur pun\u00ebn para do kohe. Ai, si\u00e7 shpjegon, \u00ebsht\u00eb larguar nga vendi i pun\u00ebs si ciceron i muzeut &#8211;\u00a0 edukues n\u00eb Muzeun Arkeologjik n\u00eb Maqedoni, por jo p\u00ebr shkak t\u00eb pun\u00ebs s\u00eb pak\u00ebnaqshme, por p\u00ebr shkak t\u00eb q\u00ebndrimeve t\u00eb tija p\u00ebr ngjarjet aktuale politike dhe sjelljen n\u00eb jet\u00ebn private.<br \/>\n-M\u00eb larguan nga puna pasi nuk iu n\u00ebnshtrova partis\u00eb, por mendoja me kok\u00ebn time. Vet drejtoresha m\u00eb ka t\u00ebrhequr v\u00ebmendjen disa her\u00eb q\u00eb edhe pse obligimet e pun\u00ebs i kryeja shk\u00eblqyesh\u00ebm, m\u00ebnyra si sillet jasht\u00eb vendit t\u00eb pun\u00ebs, pjes\u00ebmarrja e shpesht\u00eb n\u00eb protestat antiqeveritare dhe statuset e mia n\u00eb Fejsbuk nuk jan\u00eb t\u00eb pranueshme n\u00eb institucionin ku punoja, pasi nuk qenka n\u00eb rregull t\u00eb p\u00ebshtyj mbi ato q\u00eb m\u00eb ushqejn\u00eb, thot\u00eb Stefanovski, q\u00eb ka qen\u00eb pjes\u00eb e protest\u00ebs p\u00ebr rastin me n\u00ebnt\u00ebvje\u00e7aren Tamara Dimovska, p\u00ebr rastin Martin Neshkovski dhe p\u00ebr disa t\u00eb tjer\u00eb t\u00eb cil\u00ebve ju k\u00ebrkohej p\u00ebrgjegj\u00ebsi nga institucionet qeveritare ose funksionar\u00ebve.\u00a0 Ai, si\u00e7 thot\u00eb, edhe pse \u00ebsht\u00eb i vet\u00ebdijsh\u00ebm se me l\u00ebmine e tij arkeolog i diplomuar dhe historian i diplomuar v\u00ebshtir\u00eb do t\u00eb gjen pun\u00eb jasht\u00eb institucioneve qeveritare, nuk don\u00eb t\u2019i p\u00ebrulet partis\u00eb.<br \/>\nStefanovski tregon se ka menduar se \u00ebsht\u00eb qesharake q\u00eb dikush t\u2019i jep v\u00ebrejtje p\u00ebr at\u00eb q\u00eb b\u00ebn e si sillet jasht\u00eb vendit t\u00eb pun\u00ebs.<br \/>\n-N\u00ebse ato v\u00ebrejtje do ishin p\u00ebr vonesa n\u00eb vendin e pun\u00ebs, p\u00ebr kryerje joprofesionale t\u00eb obligimeve t\u00eb mia t\u00eb pun\u00ebs, \u00e7far\u00eb do gj\u00ebje q\u00eb ka lidhje me pun\u00ebn time, un\u00eb do isha p\u00ebrmir\u00ebsuar, por absolutisht askush nuk ka t\u00eb drejt\u00eb t\u00eb m\u00eb tregon se si t\u00eb mendoj, n\u00eb \u00e7far\u00eb t\u00eb besoj, p\u00ebr k\u00eb t\u00eb votoj n\u00eb zgjedhje, \u00e7far\u00eb muzike t\u00eb d\u00ebgjoj ose ku t\u00eb v\u00eb llajka n\u00eb Fejsbuk. Un\u00eb isha i pun\u00ebsuar n\u00eb pozit\u00ebn ciceron i muzeut &#8211;\u00a0 edukues, dhe jo n\u00eb pozit\u00ebn \ufffd robit t\u00eb DPMNE. Mua nuk m\u00eb ushqente Gruevski, mua m\u00eb ushqente dedikimi dhe dashuria ime ndaj vendit t\u00eb pun\u00ebs, thot\u00eb Stefanovski, i cili shton se shum\u00eb koleg t\u00eb tij kan\u00eb qen\u00eb t\u00eb detyruar t\u00eb marrin pjes\u00eb n\u00eb mitingjet qeveritare dhe n\u00eb Muze jan\u00eb mbajtur lista p\u00ebr pranin\u00eb e tyre n\u00eb ato ngjarje.<br \/>\nAi, si\u00e7 shpjegon p\u00ebr \u201cFokus\u201d, nuk k\u00ebrkon drejt\u00ebsi institucionale p\u00ebr padrejt\u00ebsin\u00eb q\u00eb ka p\u00ebrjetuat, dhe nuk e pret at\u00eb, duke marr parasysh, si\u00e7 thot\u00eb vendin n\u00eb t\u00eb cilin jetojm\u00eb. Por, p\u00ebr at\u00eb shkak ka pasur guximin dhe n\u00ebp\u00ebrmjet nj\u00eb letre ka njoftuar publikun p\u00ebr at\u00eb q\u00eb shumica vet\u00ebm m\u00eb e din\u00eb por nuk guxojn\u00eb ta shqiptojn\u00eb.<br \/>\n-Nuk kam librez\u00eb partiake, as q\u00eb planifikoj t\u00eb marr. Dua t\u00eb arrij vet n\u00eb jet\u00eb, me duart dhe trurin tim, pa mos huazuar nga partia. Fatkeq\u00ebsisht, institucionet shtet\u00ebrore na jan\u00eb kidnapuar nga tiran\u00ebt partiak dhe ata mbajn\u00eb peng jet\u00ebn normale t\u00eb qytetar\u00ebve n\u00eb k\u00ebt\u00eb shtet, konstatoi Stefanovski.<br \/>\nNga Muzeu arkeologjik, i cili funksionon nj\u00eb vit t\u00eb paplot\u00eb nuk arrit\u00ebm t\u00eb marrim deklarat\u00eb p\u00ebr largimin nga puna t\u00eb k\u00ebtij djaloshi dhe tre koleg\u00eb t\u00eb tjer\u00eb. Zyrtarisht,\u00a0 ju \u00ebsht\u00eb th\u00ebn\u00eb se jan\u00eb larguar nga puna p\u00ebr shkak t\u00eb munges\u00ebs s\u00eb financave. Si\u00e7 ju \u00ebsht\u00eb th\u00ebn\u00eb, nuk ka pasur pajtim nga Ministria p\u00ebr Financa p\u00ebr pun\u00ebsim t\u00eb vazhduesh\u00ebm pasi kan\u00eb pasur statusin e n\u00ebpun\u00ebsve shtet\u00ebror n\u00eb marr\u00ebveshje t\u00eb p\u00ebrkohshme p\u00ebr marr\u00ebdh\u00ebnie pune, dhe jan\u00eb miratuar mjete vet\u00ebm p\u00ebr shtat\u00eb veta, pasi aq para kan\u00eb pasur, kurse kat\u00ebr \u00ebsht\u00eb dashur t\u00eb largohen nga puna.<\/p>\n<p align=\"justify\">\n<p align=\"justify\">\n<p align=\"justify\">\n<p align=\"justify\"><b>KOMISIONI P\u00cbR DISKRIMINIM I VERB\u00cbR PARA DISKRIMINIMIT POLITIK<\/b><\/p>\n<p>Ka edhe t\u00eb till\u00eb q\u00eb aspak nuk kan\u00eb arritur t\u00eb pun\u00ebsohen pasi vendi ka qen\u00eb i rezervuar p\u00ebr kandidat p\u00ebrkat\u00ebs me p\u00ebrkrahje partiake. Pasi q\u00eb n\u00eb k\u00ebt\u00eb m\u00ebnyr\u00eb \u00ebsht\u00eb ndjer\u00eb e diskriminuar sipas p\u00ebrkat\u00ebsis\u00eb partiake, vitin e kaluar Juliana Mileska ka dor\u00ebzuar parashtes\u00eb tek Komisioni p\u00ebr mbrojtje nga diskriminimi, n\u00ebp\u00ebrmjet Komitetit t\u00eb Helsinkit p\u00ebr t\u00eb drejta t\u00eb njeriut.<br \/>\nAjo \u00ebsht\u00eb ankuar pasi \u00ebsht\u00eb refuzuar n\u00eb konkursin p\u00ebr m\u00ebsimdh\u00ebn\u00ebs n\u00eb SH.F. \u201cZhivko \u00c7ingo\u201d fshati Velogoshti, Oh\u00ebr, pasi sipas asaj q\u00eb thot\u00eb, drejtori i ka th\u00ebn\u00eb se nuk do zgjidhet p\u00ebrskaj kualifikimeve q\u00eb i posedon, pasi nga shtabi i VMRO-DPMNE i \u00ebsht\u00eb th\u00ebn\u00eb se tjet\u00ebr kush do t\u00eb merret p\u00ebr at\u00eb pozit\u00eb. M\u00eb sakt\u00ebsisht, sipas parashtres\u00ebs, Mileska ka konkurruar n\u00eb pozit\u00ebn e m\u00ebsimdh\u00ebn\u00ebsit p\u00ebr arsim teknik, por pas disa dit\u00ebve \u00ebsht\u00eb njoftuar se tjet\u00ebr kandidat \u00ebsht\u00eb zgjedhur n\u00eb at\u00eb vend.<br \/>\nE pak\u00ebnaqur nga vendimi ka dor\u00ebzuar kund\u00ebrshtim tek K\u00ebshilli shkollor, i cili \u00ebsht\u00eb refuzuar me arsyetimin se drejtori i shkoll\u00ebs e ka anuluar vendimin e m\u00ebparsh\u00ebm, sipas urdhrit t\u00eb Inspektoratit shtet\u00ebror t\u00eb arsimit. M\u00eb von\u00eb, drejtori p\u00ebrs\u00ebri ka hapur shpallje p\u00ebr plot\u00ebsim t\u00eb vendit t\u00eb nj\u00ebjt\u00eb t\u00eb pun\u00ebs, ku Mileska p\u00ebrs\u00ebri konkurron. S\u00eb shpejti, njoftohet se n\u00eb konkurs \u00ebsht\u00eb zgjedhur kund\u00ebrkandidati i saj.<br \/>\nMel\u00ebses i \u00ebsht\u00eb dukur e \u00e7uditshme q\u00eb kandidati i zgjedhur, pa mos pasur prov\u00eb p\u00ebr p\u00ebrgatitje psikologjike dhe metodike, \u00ebsht\u00eb angazhuar para shpalljes s\u00eb konkursit t\u00eb par\u00eb si m\u00ebsimdh\u00ebn\u00ebs me p\u00eblqimin e kryetarit t\u00eb Ohrit.<br \/>\n\u201cDrejtori i shkoll\u00ebs dhe k\u00ebshilli i shkoll\u00ebs me zgjedhjen e kandidatit t\u00eb pap\u00ebrshtatsh\u00ebm n\u00eb dy shpallje t\u00eb nj\u00ebjta p\u00ebr shkak t\u00eb lidhjes partiake n\u00eb rastin konkret, pa baz\u00eb ia ka kufizuar t\u00eb drejt\u00ebn e pun\u00ebs zonj\u00ebs q\u00eb ka dor\u00ebzuar parashtres\u00ebn, gjegj\u00ebsisht e la diskriminuar sipas p\u00ebrkat\u00ebsis\u00eb partiake n\u00eb procesin e realizimit t\u00eb t\u00eb drejt\u00ebs s\u00eb pun\u00ebsimit dhe t\u00eb drejt\u00ebs s\u00eb pun\u00ebs dhe obligimeve t\u00eb pun\u00ebs\u201d, theksohet n\u00eb parashtres\u00ebn.<br \/>\nSipas vendimit t\u00eb Komisionit p\u00ebr mbrojtje nga diskriminimi, n\u00eb k\u00ebt\u00eb rast nuk ka diskriminim politik.<br \/>\nSipas arsyetimit t\u00eb tyre, t\u00eb tre kandidat\u00ebt nuk kan\u00eb poseduar arsimimin e nevojsh\u00ebm por \u00ebsht\u00eb dashur t\u00eb zgjidhet nj\u00eb prej tyre pasi n\u00eb Agjencin\u00eb p\u00ebr pun\u00ebsim nuk ka pasur kandidat p\u00ebrkat\u00ebs. At\u00ebher\u00eb drejtori ka vendosur t\u00eb pun\u00ebson kandidatin T.D. Dy kandidatet tjera kan\u00eb dor\u00ebzuar parashtresa, dhe nj\u00ebra prej tyre e ka paraqitur zgjidhjen n\u00eb Inspektoratin shtet\u00ebror t\u00eb arsimit. Inspektorati ka v\u00ebrtetuar se kandidati nuk ka p\u00ebrgatitje pedagogjike dhe metodike, dhe pastaj kan\u00eb dh\u00ebn\u00eb urdh\u00ebr q\u00eb t\u00eb anulohet. N\u00eb konkursin e ardhsh\u00ebm p\u00ebrs\u00ebri jan\u00eb paraqitur kandidat\u00ebt e nj\u00ebjt\u00eb dhe t\u00eb gjith\u00eb kan\u00eb dor\u00ebzuar v\u00ebrtetim p\u00ebr kualifikim shtes\u00eb pedagogjiko-psikologjik. Pas k\u00ebsaj shpallje p\u00ebrs\u00ebri \u00ebsht\u00eb zgjedhur T.D. Nga shkolla thon\u00eb se kandidati \u00ebsht\u00eb zgjedhur pasi ka punuar tek shkolla edhe m\u00eb her\u00ebt, me p\u00eblqimin e kryetarit t\u00eb komun\u00ebs, pasi m\u00ebsimdh\u00ebn\u00ebsi i at\u00ebhersh\u00ebm \u00ebsht\u00eb zgjedhur p\u00ebr drejtor t\u00eb p\u00ebrkohsh\u00ebm. Nga shkolla than\u00eb se nuk ka pasur diskriminim gjat\u00eb zgjedhjes s\u00eb kandidatit, pasi askund n\u00eb shpallje nuk \u00ebsht\u00eb theksuar se kandidat\u00ebt duhet t\u00eb ken\u00eb p\u00ebrkat\u00ebsi ose mosp\u00ebrkat\u00ebsi politike, kurse shpallja \u00ebsht\u00eb publikuar n\u00eb m\u00ebnyr\u00eb transparente.<br \/>\nKomisioni ka vendosur se n\u00eb k\u00ebt\u00eb rast nuk ka diskriminim, pasi akuzat e Milesk\u00ebs se drejtori e ka njoftuar se zgjedhja e m\u00ebsimdh\u00ebn\u00ebsit b\u00ebhet nga shtabi i VMRO-DPMNE nuk \u00ebsht\u00eb p\u00ebrkrahur me prova dhe fakte t\u00eb besueshme.<\/p>\n<p align=\"justify\">\n<p align=\"justify\">\n<p align=\"justify\">\n<p align=\"justify\"><b>DISKRIMINIMIN POLITIK E D\u00cbGJUAM EDHE N\u00cb BOMBAT<\/b><\/p>\n<p>N\u00ebse Komisioni pre q\u00eb ndonj\u00eb drejtor me shkrim do t\u00eb shkruaj\u00eb dhe pastaj do t\u00eb regjistroj\u00eb deklarat\u00ebn n\u00eb noter, q\u00eb nga partia ka qen\u00eb i detyruar t\u00eb pun\u00ebsoj\u00eb ndonj\u00eb kuadro t\u00eb caktuar, at\u00ebher\u00eb shihet qart\u00eb q\u00eb nuk do t\u00eb v\u00ebrejn\u00eb diskriminimin politik asnj\u00ebher\u00eb.<br \/>\nK\u00ebto loj\u00ebra partiake gjat\u00eb pun\u00ebsimit jan\u00eb m\u00eb vet\u00ebm t\u00eb njohura dhe strukturuar me vite nd\u00ebrsa publiku pak para ka pasur mund\u00ebsi t\u00eb d\u00ebgjoj\u00eb at\u00eb edhe nga dora e par\u00eb, gjegj\u00ebsisht nga bisedat e p\u00ebrgjuara t\u00eb cilat i publikon lideri i LSDM-s\u00eb, Zoran Zaev. Nga ato kemi mundur t\u00eb d\u00ebgjojm\u00eb si ministra merren vesh p\u00ebr pun\u00ebsim t\u00eb kuadrove partiak, cil\u00ebt kan\u00eb marr\u00eb drit\u00eb jeshile nga komitetet partiake. Mir\u00ebpo, d\u00ebgjuam edhe si pastrohet kuadri, q\u00eb nuk \u00ebsht\u00eb nga VMRO-DPMNE.<br \/>\nN\u00eb nj\u00eb prej bisedave, ministra p\u00ebr pun\u00eb t\u00eb brendshme q\u00eb u largua Gordana Jankullovska me Violeta Andonova, thekson nj\u00eb ide me t\u00eb cil\u00ebn do t\u00eb shp\u00ebtohen nga kuadri q\u00eb nuk d\u00ebgjon. Duke theksuar q\u00eb ka dashur t\u00eb paraqesin suficit dhe deficit t\u00eb kuadrove, n\u00eb suficit t\u00eb vendosin gjitha ato t\u00eb pun\u00ebsuar q\u00eb jan\u00eb duke paditur ministrin\u00eb ose si\u00e7 thot\u00eb, \u201cdo t\u00eb zhdukim vendet e pun\u00ebs, dhe ata le t\u00eb b\u00ebjn\u00eb \u00e7\u2019t\u00eb duan&#8230;\u201d.<br \/>\nN\u00eb nj\u00eb bised\u00eb tjet\u00ebr, Jankullovska dhe ish drejtori i DSK, Sasho Mijalkov, t\u00eb dy bisedojn\u00eb p\u00ebr largimin nga puna t\u00eb kuadrit p\u00ebr t\u00eb cil\u00ebn supozojn\u00eb q\u00eb jan\u00eb t\u00eb af\u00ebrt me opozit\u00ebn.<br \/>\n\u201cDuhet t\u00eb shohin ndonj\u00eb komunjar tjet\u00ebr q\u00eb mos t\u00eb kemi ashtu t\u00eb renditur, t\u00eb mos i harrojm\u00eb, tani ka ardhur koha p\u00ebr t\u2019i pastruar\u201d, i thot\u00eb Jankullovska Mijalkovit, p\u00ebr t\u00eb cil\u00ebn ai bie dakord. Bisedohet edhe p\u00ebr largimin e nj\u00eb polici q\u00eb ka qen\u00eb n\u00eb protestat p\u00ebr mb\u00ebshtetje t\u00eb Lube Boshkoski. Gjegj\u00ebsisht, merren vesh q\u00eb polici t\u00eb degradohet dhe t\u00eb vendoset n\u00eb nj\u00eb pozit\u00eb q\u00eb nuk i konvenon me q\u00ebllim q\u00eb ai vet\u00eb t\u00eb jep dor\u00ebheqje. P\u00ebr shembull, merren vesh q\u00eb t\u00eb vendosin n\u00eb stacionin policor n\u00eb Hara\u00e7in\u00eb ose t\u00eb vendosin si shofer n\u00eb parkingun e policis\u00eb.<br \/>\nKjo metod\u00eb \u00ebsht\u00eb mjaft e p\u00ebrdorur, gjegj\u00ebsisht n\u00eb vend q\u00eb t\u00eb marrin largim t\u00eb menj\u00ebhersh\u00ebm nga puna, q\u00eb do t\u00eb ishte e paligjshme, b\u00ebhet rivendosje nga nj\u00eb pozit\u00eb n\u00eb pozit\u00eb tjet\u00ebr m\u00eb t\u00eb ult\u00eb ose n\u00eb qytet tjet\u00ebr. N\u00eb k\u00ebt\u00eb m\u00ebnyr\u00eb, duke mos mundur t\u00eb p\u00ebrballohen me shtypjen, japin vet\u00ebm dor\u00ebheqje.<br \/>\nNga \u201cbombat\u201d e LSDM-s\u00eb d\u00ebgjohet edhe p\u00ebr marr\u00ebveshjen politike q\u00eb t\u00eb humbasin vendet e pun\u00ebs Biljana Jovanovska dhe bashk\u00ebshorti i saj Tom\u00e7e Gjurovski. Ata, n\u00eb vitin 2011, p\u00ebr shkak t\u00eb nj\u00eb hakmarrje politike kan\u00eb mbetur pa vendet e tyre t\u00eb pun\u00ebs sepse si an\u00ebtare t\u00eb m\u00ebhersh\u00ebm t\u00eb VMRO-DPMNE ka filluar q\u00eb mos t\u00eb pajtohen me q\u00ebndrimet e tyre dhe kan\u00eb dal\u00eb nga partia. Jovanovska ishte drejtor i Agjencis\u00eb p\u00ebr Pun\u00ebsim nd\u00ebrsa Gjurovski z\u00ebvend\u00ebs drejtor i Fondit p\u00ebr Sh\u00ebndet\u00ebsi. Jovanovska, si\u00e7 rr\u00ebfen p\u00ebr \u201cFokus\u201d, drejt\u00ebsin\u00eb e ka k\u00ebrkuar n\u00eb gjyq, megjithat\u00eb nga atje ka marr\u00eb vet\u00ebm t\u00eb drejt\u00eb p\u00ebr apanazh\u00eb, gjegj\u00ebsisht t\u00eb merr t\u00eb holla p\u00ebr nj\u00eb periudh\u00eb prej nj\u00eb viti, si\u00e7 e ka pasur rrog\u00ebn dhe nj\u00eb kompensim n\u00eb t\u00eb holla. Ajo thot\u00eb q\u00eb pak para i \u00ebsht\u00eb paguar nj\u00eb pjes\u00eb t\u00eb apanazh\u00ebs edhe at\u00eb n\u00ebn shtypje t\u00eb mediave t\u00eb cilat kan\u00eb filluar t\u00eb interesohen p\u00ebr rastin e saj. Bashk\u00ebshorti i saj, nga ana tjet\u00ebr, do t\u00eb nis betej\u00ebn juridike para Gjykat\u00ebs Administrative.<br \/>\nP\u00ebrve\u00e7 q\u00eb kan\u00eb humbur vendet e pun\u00ebs shtet\u00ebrore, ata jan\u00eb ndaluar edhe n\u00eb m\u00ebnyr\u00eb private t\u00eb fitojn\u00eb p\u00ebr ekzistenc\u00ebn e tyre sepse edhe pas gjitha dokumentet dhe certifikatat, autoritetet komunale ju kan\u00eb k\u00ebrc\u00ebnuar se do t\u00eb rr\u00ebzojn\u00eb objektin n\u00eb montim t\u00eb cil\u00ebn e nd\u00ebrtojn\u00eb si pjes\u00eb p\u00ebrb\u00ebr\u00ebse t\u00eb restorantit, n\u00eb sht\u00ebpin\u00eb e tyre familjare.<br \/>\n-Madje edhe pas aq shum\u00eb vitesh, shtypja nga pushteti nuk ka t\u00eb ndaluar, me vendosm\u00ebri thekson Jovanovska.<\/p>\n<p align=\"justify\">\n<p><b>EDHE GJYKATA E VERB\u00cbRUAR NGA DISKRIMINIMI POLITIK<\/b><\/p>\n<p>N\u00eb adres\u00ebn e Komitetit t\u00eb Helsinkit p\u00ebr t\u00eb Drejta t\u00eb Njeriut shpeshher\u00eb arrijn\u00eb parashtresa nga qytetar\u00ebt q\u00eb ankohen p\u00ebr diskriminim politik. Nga atje theksojn\u00eb q\u00eb kan\u00eb mund\u00ebsuar ndihm\u00eb juridike falas p\u00ebr tet\u00eb drejtor\u00ebt e shkarkuar t\u00eb shkollave fillore dhe t\u00eb mesme n\u00eb komun\u00ebn e Gostivarit, q\u00eb kan\u00eb mbetur pa pun\u00eb kur n\u00eb kolltukun ishte ulur kryetari i ri i komun\u00ebs.<br \/>\n-Kan\u00eb qen\u00eb t\u00eb shkarkuar pa mos respektuar procedur\u00ebn e shkarkimit, gjegj\u00ebsisht shkarkimi t\u00eb miratohet nga k\u00ebshillat e shkollave n\u00eb shkollat konkrete, thon\u00eb nga Komiteti i Helsinkit, nga e cila kan\u00eb shfryt\u00ebzuar t\u00eb drejt\u00ebn n\u00eb procedur\u00eb n\u00eb cil\u00ebsi t\u00eb p\u00ebrzier\u00ebsve, si organizata gjegj\u00ebsisht shoqata t\u00eb qytetar\u00ebve q\u00eb n\u00eb kuad\u00ebr t\u00eb veprimtaris\u00eb s\u00eb tyre merren edhe me mbrojtjen e t\u00eb drejtave t\u00eb veprimit t\u00eb barabart\u00eb. Nga organizata joqeveritare theksojn\u00eb q\u00eb ndon\u00ebse gjat\u00eb procedur\u00ebs gjyq\u00ebsore jan\u00eb dor\u00ebzuar nj\u00eb num\u00ebr i madh i d\u00ebshmive, n\u00eb baz\u00eb t\u00eb cil\u00ebn Gjykata Themelore Gostivar ka mundur t\u00eb konstatoj\u00eb diskriminimin e b\u00ebr\u00eb, s\u00ebrish \u00ebsht\u00eb marr\u00eb vendim negativ. T\u00eb nj\u00ebjtin vendim ka marr\u00eb edhe Gjykata e Apelit, pa ankes\u00ebs s\u00eb parashtruar.<br \/>\n-Ndon\u00ebse d\u00ebshmi me t\u00eb cilat ka mundur t\u00eb d\u00ebshmohet q\u00eb n\u00eb rastin konkret \u00ebsht\u00eb b\u00ebre diskriminim nga ana e t\u00eb paditurve, gjykata vendosi mos t\u00eb bart barr\u00ebn e t\u00eb d\u00ebshmuarit n\u00eb an\u00ebn e t\u00eb paditurve dhe ka zhvilluar procedur\u00ebn si procedur\u00eb t\u00eb thjesht\u00eb civile n\u00eb t\u00eb cil\u00ebn padit\u00ebsit duhet t\u00eb d\u00ebshmojn\u00eb baz\u00ebn e k\u00ebrkes\u00ebs p\u00ebr padi. Ne konsiderojm\u00eb q\u00eb procedurat gjyq\u00ebsore n\u00eb t\u00eb cilat k\u00ebrkohet p\u00ebrcaktim i diskriminimin nuk mund t\u00eb trajtohen n\u00eb m\u00ebnyr\u00eb t\u00eb nj\u00ebjt\u00eb sikur edhe procedurat tjera civile p\u00ebr shkak t\u00eb ndjeshm\u00ebris\u00eb s\u00eb l\u00ebnd\u00ebve si dhe p\u00ebr shkak t\u00eb faktit q\u00eb n\u00eb numrin e madh t\u00eb rasteve, t\u00eb diskriminuarit nuk disponojn\u00eb me informacione dhe t\u00eb dh\u00ebna t\u00eb cilat zakonisht t\u00eb paditurit i kan\u00eb n\u00eb dor\u00eb, sqarojn\u00eb nga Komiteti i Helsinkit.<br \/>\nNga atje thon\u00eb q\u00eb n\u00eb Ligjin p\u00ebr Mbrojtje nga Diskriminimi qart\u00eb shkruan se t\u00eb d\u00ebshmuarit q\u00eb nuk ka pasur diskriminim bie n\u00eb barr\u00eb t\u00eb pal\u00ebs s\u00eb kund\u00ebrt. Pik\u00ebrisht p\u00ebr k\u00ebt\u00eb, kan\u00eb paralajm\u00ebruar q\u00eb p\u00ebr k\u00ebt\u00eb rast do t\u00eb parashtrohet k\u00ebrkese p\u00ebr mbrojtje t\u00eb lirive dhe t\u00eb drejtave n\u00eb Gjykat\u00ebn Kushtetuese.<br \/>\nStatistika e disfatave dhe shembujt q\u00eb asnj\u00eb institucion kompetent n\u00eb vend nuk e v\u00ebren diskriminimin politik, vepron negativisht n\u00eb popullat\u00ebn, t\u00eb cil\u00ebt kan\u00eb qen\u00eb viktima dhe t\u00eb k\u00ebrkojn\u00eb drejt\u00ebsin\u00eb. Nj\u00eb pjes\u00eb e tyre s\u00eb paku marrin guximin t\u00eb informojn\u00eb publikun ndon\u00ebse vet\u00ebm m\u00eb dihet prej kur q\u00eb pa librez\u00eb partiake dyert e administrat\u00ebs shtet\u00ebrore jan\u00eb t\u00eb mbyllura. Ata tjer\u00ebt, nga ana tjet\u00ebr, q\u00eb rast\u00ebsisht jan\u00eb humbur ose kan\u00eb mbetur n\u00eb t\u00eb kaluar\u00ebn, duhet t\u00eb mundohen t\u00eb sigurojn\u00eb mb\u00ebshtetje partiake, sepse n\u00eb t\u00eb kund\u00ebrt\u00ebn p\u00ebrballohen me degradim n\u00eb profesion, dhe shpeshher\u00eb edhe largim nga puna. Evidente \u00ebsht\u00eb q\u00eb njohuria \u00ebsht\u00eb n\u00eb diplom\u00ebn universitare, por fuqia \u00ebsht\u00eb akoma n\u00eb librez\u00ebn partiake0!<\/p>\n<p><b>GJYKATA KUSHTETUESE N\u00cb TESTIM<\/b><\/p>\n<p>Gjykata nuk ka v\u00ebrejtur diskriminim politik as n\u00eb procedur\u00ebn q\u00eb ishte nisur kund\u00ebr . drejtorit t\u00eb p\u00ebrkohsh\u00ebm t\u00eb NP Komunalec Gostivar, nga ana e disa prej udh\u00ebheq\u00ebsve n\u00eb nd\u00ebrmarrjen, t\u00eb cil\u00ebt kan\u00eb qen\u00eb t\u00eb vendosur n\u00eb vende tjera t\u00eb pun\u00ebs p\u00ebr shkak t\u00eb p\u00ebrkat\u00ebsis\u00eb s\u00eb tyre politike. Procedura ka hyr\u00eb n\u00eb fuqi nd\u00ebrsa vendimi \u00ebsht\u00eb negativ.<br \/>\nMegjithat\u00eb, nga informacionet q\u00eb kemi nga Komiteti i Helsinkit p\u00ebr t\u00eb Drejta t\u00eb Njeriut, shenj\u00eb pozitive \u00ebsht\u00eb q\u00eb p\u00ebr k\u00ebt\u00eb rast pasi q\u00eb ishte parashtruar k\u00ebrkes\u00eb p\u00ebr mbrojtje t\u00eb lirive dhe t\u00eb drejtave tek Gjykata Kushtetuese, \u00ebsht\u00eb marr\u00eb vendim p\u00ebr zhvillimin e nj\u00eb debati publik.<br \/>\nN\u00eb vendimin negativ t\u00eb gjykat\u00ebs themelore ishte konstatuar q\u00eb padit\u00ebsit para se t\u00eb parashtrojn\u00eb padin\u00eb ka dashur t\u00eb paraqesin parashtres\u00eb tek Komisioni p\u00ebr Mbrojtje nga Diskriminimi (KMD).<br \/>\n-Kjo paraqet nj\u00eb shembull evident p\u00ebr q\u00ebndrim dhe praktik\u00eb t\u00eb gabuar, sepse ne theksoj\u00eb q\u00eb KMD-ja \u00ebsht\u00eb nj\u00eb organ i pavarur q\u00eb sjell vet\u00ebm mendim dhe rekomandime n\u00eb baz\u00eb t\u00eb parashtresave t\u00eb paraqitur dhe funksioni n\u00eb asnj\u00eb m\u00ebnyr\u00eb nuk \u00ebsht\u00eb nd\u00ebrlidhur me mbrojtjen gjyq\u00ebsore nga diskriminimi. Ne theksojm\u00eb q\u00eb mendimi i KMD-s\u00eb n\u00eb t\u00eb cil\u00ebn v\u00ebrtetohet q\u00eb ka pasur diskriminim mund vet\u00ebm t\u00eb p\u00ebrdoret si material d\u00ebshmie n\u00eb procedur\u00ebn gjyq\u00ebsore, por nuk duhet t\u00eb jet\u00eb e obligueshme p\u00ebr gjykat\u00ebn kompetente gjat\u00eb marrjes s\u00eb vendimit, thon\u00eb nga Helsinki. N\u00ebse k\u00ebto qytetar\u00eb nuk marrin drejt\u00ebsin\u00eb e tyre as nga Gjykata Kushtetuese, sepse nga 17 l\u00ebnd\u00eb t\u00eb k\u00ebtij lloji, asnj\u00eb nuk ka p\u00ebrfunduar n\u00eb dobi t\u00eb pal\u00ebs s\u00eb diskriminuar, at\u00ebher\u00eb paralajm\u00ebrojn\u00eb q\u00eb do t\u00eb parashtrojn\u00eb ankes\u00eb tek Gjykata p\u00ebr t\u00eb Drejta t\u00eb Njeriut n\u00eb Strasburg.<\/p>\n<p><b>MEMETI: P\u00cbRKAT\u00cbSIA PARTIAKE KUSHT I VET\u00cbM P\u00cbR PUN\u00cbSIM<\/b><\/p>\n<p>P\u00ebr faktin q\u00eb p\u00ebrkat\u00ebsia partiake \u00ebsht\u00eb kushti themelor p\u00ebr pun\u00ebsim n\u00eb sektorin publik ka konstatuar edhe avokati i popullit Ixhet Memeti, n\u00eb raportin e k\u00ebtij viti.<br \/>\n-Publikimi i shpalljeve p\u00ebr pranim t\u00eb grupeve t\u00eb m\u00ebdha t\u00eb personave n\u00eb baza t\u00eb ndryshme dhe p\u00ebr nevoja t\u00eb pap\u00ebrcaktuar n\u00eb sektorin publik \u00ebsht\u00eb nj\u00eb praktik\u00eb shum\u00eb e keqe, p\u00ebr t\u00eb cil\u00ebn un\u00eb rekomandoj q\u00eb t\u00eb nd\u00ebrpritet. A ju kujtohen shpalljet p\u00ebr pun\u00ebsim n\u00eb grupe, me nga 1.000, 500 persona, thot\u00eb avokati i popullit Memeti.<\/p>\n<p align=\"justify\">\n<p align=\"justify\"><b><i>Autor: Valentina STOJAN\u00c7EVSKA<\/p>\n<p>Transparensi Internesh\u00ebn\u00ebll Maqedonia zbaton projektin \u201cP\u00ebrfaq\u00ebsimi i mbrojtjes s\u00eb lajm\u00ebruese, p\u00ebrfshir\u00eb mediet dhe shoq\u00ebrin\u00eb civile\u201d i p\u00ebrkrahur nga Ambasada e Mbret\u00ebris\u00eb s\u00eb Holand\u00ebs. Storia hulumtuese \u00ebsht\u00eb p\u00ebrgatitur n\u00eb suaza t\u00eb projektit, dhe nuk pasqyron q\u00ebndrimet e Ambasad\u00ebs s\u00eb Mbret\u00ebris\u00eb s\u00eb Holand\u00ebs.<\/i><\/b><\/p>\n","protected":false},"excerpt":{"rendered":"<p>08.07.2015 Ka m\u00eb shum\u00eb se kat\u00ebr vite q\u00eb Ligji p\u00ebr mbrojtje nga diskriminimi \u00ebsht\u00eb miratuar n\u00eb Maqedoni, por si duket ende gjendemi n\u00eb nismat dhe nuk dim\u00eb ose nuk duam t\u00eb mbrohemi.\u00a0\u00a0\u00a0 P\u00ebr k\u00ebt\u00eb periudh\u00eb kohore asnj\u00eb institucion kompetent nuk ka arritur t\u00eb sheh diskriminimin politik, ose m\u00eb mir\u00eb, nuk ka guxuar ta sheh.\u00a0 T\u00eb&hellip;<\/p>\n","protected":false},"author":1,"featured_media":9688,"comment_status":"closed","ping_status":"open","sticky":false,"template":"","format":"standard","meta":{"_monsterinsights_skip_tracking":false,"_monsterinsights_sitenote_active":false,"_monsterinsights_sitenote_note":"","_monsterinsights_sitenote_category":0,"footnotes":""},"categories":[90],"tags":[],"class_list":["post-9700","post","type-post","status-publish","format-standard","has-post-thumbnail","hentry","category-lajme","category-90","description-off"],"yoast_head":"<!-- This site is optimized with the Yoast SEO plugin v25.8 - https:\/\/yoast.com\/wordpress\/plugins\/seo\/ -->\n<title>AKUZAT DHE D\u00cbSHMIT\u00cb P\u00cbR DISKRIMINIM POLITIK - Transparency International<\/title>\n<meta name=\"robots\" content=\"index, follow, max-snippet:-1, max-image-preview:large, max-video-preview:-1\" \/>\n<link rel=\"canonical\" href=\"https:\/\/transparency.mk\/sq\/2015\/07\/08\/akuzat-dhe-deshmite-per-diskriminim-politik\/\" \/>\n<meta property=\"og:locale\" content=\"sq_AL\" \/>\n<meta property=\"og:type\" content=\"article\" \/>\n<meta property=\"og:title\" content=\"AKUZAT DHE D\u00cbSHMIT\u00cb P\u00cbR DISKRIMINIM POLITIK - Transparency International\" \/>\n<meta property=\"og:description\" content=\"08.07.2015 Ka m\u00eb shum\u00eb se kat\u00ebr vite q\u00eb Ligji p\u00ebr mbrojtje nga diskriminimi \u00ebsht\u00eb miratuar n\u00eb Maqedoni, por si duket ende gjendemi n\u00eb nismat dhe nuk dim\u00eb ose nuk duam t\u00eb mbrohemi.\u00a0\u00a0\u00a0 P\u00ebr k\u00ebt\u00eb periudh\u00eb kohore asnj\u00eb institucion kompetent nuk ka arritur t\u00eb sheh diskriminimin politik, ose m\u00eb mir\u00eb, nuk ka guxuar ta sheh.\u00a0 T\u00eb&hellip;\" \/>\n<meta property=\"og:url\" content=\"https:\/\/transparency.mk\/sq\/2015\/07\/08\/akuzat-dhe-deshmite-per-diskriminim-politik\/\" \/>\n<meta property=\"og:site_name\" content=\"Transparency International\" \/>\n<meta property=\"article:publisher\" content=\"https:\/\/www.facebook.com\/TransparencyMK\/\" \/>\n<meta property=\"article:published_time\" content=\"2015-07-08T07:42:57+00:00\" \/>\n<meta property=\"article:modified_time\" content=\"2021-02-17T08:43:23+00:00\" \/>\n<meta property=\"og:image\" content=\"https:\/\/transparency.mk\/wp-content\/uploads\/2021\/02\/wb_logo_alb.jpg\" \/>\n\t<meta property=\"og:image:width\" content=\"582\" \/>\n\t<meta property=\"og:image:height\" content=\"156\" \/>\n\t<meta property=\"og:image:type\" content=\"image\/jpeg\" \/>\n<meta name=\"author\" content=\"TI \u0430\u0434\u043c\u0438\u043d\u0438\u0441\u0442\u0440\u0430\u0442\u043e\u0440\" \/>\n<meta name=\"twitter:card\" content=\"summary_large_image\" \/>\n<meta name=\"twitter:creator\" content=\"@ti_macedonia\" \/>\n<meta name=\"twitter:site\" content=\"@ti_macedonia\" \/>\n<meta name=\"twitter:label1\" content=\"Written by\" \/>\n\t<meta name=\"twitter:data1\" content=\"TI \u0430\u0434\u043c\u0438\u043d\u0438\u0441\u0442\u0440\u0430\u0442\u043e\u0440\" \/>\n\t<meta name=\"twitter:label2\" content=\"Est. reading time\" \/>\n\t<meta name=\"twitter:data2\" content=\"23 minutes\" \/>\n<script type=\"application\/ld+json\" class=\"yoast-schema-graph\">{\"@context\":\"https:\/\/schema.org\",\"@graph\":[{\"@type\":\"Article\",\"@id\":\"https:\/\/transparency.mk\/sq\/2015\/07\/08\/akuzat-dhe-deshmite-per-diskriminim-politik\/#article\",\"isPartOf\":{\"@id\":\"https:\/\/transparency.mk\/sq\/2015\/07\/08\/akuzat-dhe-deshmite-per-diskriminim-politik\/\"},\"author\":{\"name\":\"TI \u0430\u0434\u043c\u0438\u043d\u0438\u0441\u0442\u0440\u0430\u0442\u043e\u0440\",\"@id\":\"https:\/\/transparency.mk\/#\/schema\/person\/4ab55c47d82a7d099f63f569c223c903\"},\"headline\":\"AKUZAT DHE D\u00cbSHMIT\u00cb P\u00cbR DISKRIMINIM POLITIK\",\"datePublished\":\"2015-07-08T07:42:57+00:00\",\"dateModified\":\"2021-02-17T08:43:23+00:00\",\"mainEntityOfPage\":{\"@id\":\"https:\/\/transparency.mk\/sq\/2015\/07\/08\/akuzat-dhe-deshmite-per-diskriminim-politik\/\"},\"wordCount\":4641,\"publisher\":{\"@id\":\"https:\/\/transparency.mk\/#organization\"},\"image\":{\"@id\":\"https:\/\/transparency.mk\/sq\/2015\/07\/08\/akuzat-dhe-deshmite-per-diskriminim-politik\/#primaryimage\"},\"thumbnailUrl\":\"https:\/\/transparency.mk\/wp-content\/uploads\/2021\/02\/wb_logo_alb.jpg\",\"articleSection\":[\"Lajme\"],\"inLanguage\":\"sq-AL\"},{\"@type\":\"WebPage\",\"@id\":\"https:\/\/transparency.mk\/sq\/2015\/07\/08\/akuzat-dhe-deshmite-per-diskriminim-politik\/\",\"url\":\"https:\/\/transparency.mk\/sq\/2015\/07\/08\/akuzat-dhe-deshmite-per-diskriminim-politik\/\",\"name\":\"AKUZAT DHE D\u00cbSHMIT\u00cb P\u00cbR DISKRIMINIM POLITIK - Transparency International\",\"isPartOf\":{\"@id\":\"https:\/\/transparency.mk\/#website\"},\"primaryImageOfPage\":{\"@id\":\"https:\/\/transparency.mk\/sq\/2015\/07\/08\/akuzat-dhe-deshmite-per-diskriminim-politik\/#primaryimage\"},\"image\":{\"@id\":\"https:\/\/transparency.mk\/sq\/2015\/07\/08\/akuzat-dhe-deshmite-per-diskriminim-politik\/#primaryimage\"},\"thumbnailUrl\":\"https:\/\/transparency.mk\/wp-content\/uploads\/2021\/02\/wb_logo_alb.jpg\",\"datePublished\":\"2015-07-08T07:42:57+00:00\",\"dateModified\":\"2021-02-17T08:43:23+00:00\",\"breadcrumb\":{\"@id\":\"https:\/\/transparency.mk\/sq\/2015\/07\/08\/akuzat-dhe-deshmite-per-diskriminim-politik\/#breadcrumb\"},\"inLanguage\":\"sq-AL\",\"potentialAction\":[{\"@type\":\"ReadAction\",\"target\":[\"https:\/\/transparency.mk\/sq\/2015\/07\/08\/akuzat-dhe-deshmite-per-diskriminim-politik\/\"]}]},{\"@type\":\"ImageObject\",\"inLanguage\":\"sq-AL\",\"@id\":\"https:\/\/transparency.mk\/sq\/2015\/07\/08\/akuzat-dhe-deshmite-per-diskriminim-politik\/#primaryimage\",\"url\":\"https:\/\/transparency.mk\/wp-content\/uploads\/2021\/02\/wb_logo_alb.jpg\",\"contentUrl\":\"https:\/\/transparency.mk\/wp-content\/uploads\/2021\/02\/wb_logo_alb.jpg\",\"width\":582,\"height\":156},{\"@type\":\"BreadcrumbList\",\"@id\":\"https:\/\/transparency.mk\/sq\/2015\/07\/08\/akuzat-dhe-deshmite-per-diskriminim-politik\/#breadcrumb\",\"itemListElement\":[{\"@type\":\"ListItem\",\"position\":1,\"name\":\"Home\",\"item\":\"https:\/\/transparency.mk\/sq\/\"},{\"@type\":\"ListItem\",\"position\":2,\"name\":\"AKUZAT DHE D\u00cbSHMIT\u00cb P\u00cbR DISKRIMINIM POLITIK\"}]},{\"@type\":\"WebSite\",\"@id\":\"https:\/\/transparency.mk\/#website\",\"url\":\"https:\/\/transparency.mk\/\",\"name\":\"Transparency International\",\"description\":\"Maqedoni\",\"publisher\":{\"@id\":\"https:\/\/transparency.mk\/#organization\"},\"potentialAction\":[{\"@type\":\"SearchAction\",\"target\":{\"@type\":\"EntryPoint\",\"urlTemplate\":\"https:\/\/transparency.mk\/?s={search_term_string}\"},\"query-input\":{\"@type\":\"PropertyValueSpecification\",\"valueRequired\":true,\"valueName\":\"search_term_string\"}}],\"inLanguage\":\"sq-AL\"},{\"@type\":\"Organization\",\"@id\":\"https:\/\/transparency.mk\/#organization\",\"name\":\"\u0422\u0440\u0430\u043d\u0441\u043f\u0430\u0440\u0435\u043d\u0441\u0438 \u0418\u043d\u0442\u0435\u0440\u043d\u0435\u0448\u043d\u043b - \u041c\u0430\u043a\u0435\u0434\u043e\u043d\u0438\u0458\u0430\",\"url\":\"https:\/\/transparency.mk\/\",\"logo\":{\"@type\":\"ImageObject\",\"inLanguage\":\"sq-AL\",\"@id\":\"https:\/\/transparency.mk\/#\/schema\/logo\/image\/\",\"url\":\"https:\/\/transparency.mk\/wp-content\/uploads\/2020\/10\/transparency-mk-logo.png\",\"contentUrl\":\"https:\/\/transparency.mk\/wp-content\/uploads\/2020\/10\/transparency-mk-logo.png\",\"width\":250,\"height\":75,\"caption\":\"\u0422\u0440\u0430\u043d\u0441\u043f\u0430\u0440\u0435\u043d\u0441\u0438 \u0418\u043d\u0442\u0435\u0440\u043d\u0435\u0448\u043d\u043b - \u041c\u0430\u043a\u0435\u0434\u043e\u043d\u0438\u0458\u0430\"},\"image\":{\"@id\":\"https:\/\/transparency.mk\/#\/schema\/logo\/image\/\"},\"sameAs\":[\"https:\/\/www.facebook.com\/TransparencyMK\/\",\"https:\/\/x.com\/ti_macedonia\",\"https:\/\/www.instagram.com\/timacedonia\/\",\"https:\/\/youtube.com\/user\/tzcmacedonia\/\"]},{\"@type\":\"Person\",\"@id\":\"https:\/\/transparency.mk\/#\/schema\/person\/4ab55c47d82a7d099f63f569c223c903\",\"name\":\"TI \u0430\u0434\u043c\u0438\u043d\u0438\u0441\u0442\u0440\u0430\u0442\u043e\u0440\",\"sameAs\":[\"https:\/\/transparency.mk\"]}]}<\/script>\n<!-- \/ Yoast SEO plugin. -->","yoast_head_json":{"title":"AKUZAT DHE D\u00cbSHMIT\u00cb P\u00cbR DISKRIMINIM POLITIK - Transparency International","robots":{"index":"index","follow":"follow","max-snippet":"max-snippet:-1","max-image-preview":"max-image-preview:large","max-video-preview":"max-video-preview:-1"},"canonical":"https:\/\/transparency.mk\/sq\/2015\/07\/08\/akuzat-dhe-deshmite-per-diskriminim-politik\/","og_locale":"sq_AL","og_type":"article","og_title":"AKUZAT DHE D\u00cbSHMIT\u00cb P\u00cbR DISKRIMINIM POLITIK - Transparency International","og_description":"08.07.2015 Ka m\u00eb shum\u00eb se kat\u00ebr vite q\u00eb Ligji p\u00ebr mbrojtje nga diskriminimi \u00ebsht\u00eb miratuar n\u00eb Maqedoni, por si duket ende gjendemi n\u00eb nismat dhe nuk dim\u00eb ose nuk duam t\u00eb mbrohemi.\u00a0\u00a0\u00a0 P\u00ebr k\u00ebt\u00eb periudh\u00eb kohore asnj\u00eb institucion kompetent nuk ka arritur t\u00eb sheh diskriminimin politik, ose m\u00eb mir\u00eb, nuk ka guxuar ta sheh.\u00a0 T\u00eb&hellip;","og_url":"https:\/\/transparency.mk\/sq\/2015\/07\/08\/akuzat-dhe-deshmite-per-diskriminim-politik\/","og_site_name":"Transparency International","article_publisher":"https:\/\/www.facebook.com\/TransparencyMK\/","article_published_time":"2015-07-08T07:42:57+00:00","article_modified_time":"2021-02-17T08:43:23+00:00","og_image":[{"width":582,"height":156,"url":"https:\/\/transparency.mk\/wp-content\/uploads\/2021\/02\/wb_logo_alb.jpg","type":"image\/jpeg"}],"author":"TI \u0430\u0434\u043c\u0438\u043d\u0438\u0441\u0442\u0440\u0430\u0442\u043e\u0440","twitter_card":"summary_large_image","twitter_creator":"@ti_macedonia","twitter_site":"@ti_macedonia","twitter_misc":{"Written by":"TI \u0430\u0434\u043c\u0438\u043d\u0438\u0441\u0442\u0440\u0430\u0442\u043e\u0440","Est. reading time":"23 minutes"},"schema":{"@context":"https:\/\/schema.org","@graph":[{"@type":"Article","@id":"https:\/\/transparency.mk\/sq\/2015\/07\/08\/akuzat-dhe-deshmite-per-diskriminim-politik\/#article","isPartOf":{"@id":"https:\/\/transparency.mk\/sq\/2015\/07\/08\/akuzat-dhe-deshmite-per-diskriminim-politik\/"},"author":{"name":"TI \u0430\u0434\u043c\u0438\u043d\u0438\u0441\u0442\u0440\u0430\u0442\u043e\u0440","@id":"https:\/\/transparency.mk\/#\/schema\/person\/4ab55c47d82a7d099f63f569c223c903"},"headline":"AKUZAT DHE D\u00cbSHMIT\u00cb P\u00cbR DISKRIMINIM POLITIK","datePublished":"2015-07-08T07:42:57+00:00","dateModified":"2021-02-17T08:43:23+00:00","mainEntityOfPage":{"@id":"https:\/\/transparency.mk\/sq\/2015\/07\/08\/akuzat-dhe-deshmite-per-diskriminim-politik\/"},"wordCount":4641,"publisher":{"@id":"https:\/\/transparency.mk\/#organization"},"image":{"@id":"https:\/\/transparency.mk\/sq\/2015\/07\/08\/akuzat-dhe-deshmite-per-diskriminim-politik\/#primaryimage"},"thumbnailUrl":"https:\/\/transparency.mk\/wp-content\/uploads\/2021\/02\/wb_logo_alb.jpg","articleSection":["Lajme"],"inLanguage":"sq-AL"},{"@type":"WebPage","@id":"https:\/\/transparency.mk\/sq\/2015\/07\/08\/akuzat-dhe-deshmite-per-diskriminim-politik\/","url":"https:\/\/transparency.mk\/sq\/2015\/07\/08\/akuzat-dhe-deshmite-per-diskriminim-politik\/","name":"AKUZAT DHE D\u00cbSHMIT\u00cb P\u00cbR DISKRIMINIM POLITIK - Transparency International","isPartOf":{"@id":"https:\/\/transparency.mk\/#website"},"primaryImageOfPage":{"@id":"https:\/\/transparency.mk\/sq\/2015\/07\/08\/akuzat-dhe-deshmite-per-diskriminim-politik\/#primaryimage"},"image":{"@id":"https:\/\/transparency.mk\/sq\/2015\/07\/08\/akuzat-dhe-deshmite-per-diskriminim-politik\/#primaryimage"},"thumbnailUrl":"https:\/\/transparency.mk\/wp-content\/uploads\/2021\/02\/wb_logo_alb.jpg","datePublished":"2015-07-08T07:42:57+00:00","dateModified":"2021-02-17T08:43:23+00:00","breadcrumb":{"@id":"https:\/\/transparency.mk\/sq\/2015\/07\/08\/akuzat-dhe-deshmite-per-diskriminim-politik\/#breadcrumb"},"inLanguage":"sq-AL","potentialAction":[{"@type":"ReadAction","target":["https:\/\/transparency.mk\/sq\/2015\/07\/08\/akuzat-dhe-deshmite-per-diskriminim-politik\/"]}]},{"@type":"ImageObject","inLanguage":"sq-AL","@id":"https:\/\/transparency.mk\/sq\/2015\/07\/08\/akuzat-dhe-deshmite-per-diskriminim-politik\/#primaryimage","url":"https:\/\/transparency.mk\/wp-content\/uploads\/2021\/02\/wb_logo_alb.jpg","contentUrl":"https:\/\/transparency.mk\/wp-content\/uploads\/2021\/02\/wb_logo_alb.jpg","width":582,"height":156},{"@type":"BreadcrumbList","@id":"https:\/\/transparency.mk\/sq\/2015\/07\/08\/akuzat-dhe-deshmite-per-diskriminim-politik\/#breadcrumb","itemListElement":[{"@type":"ListItem","position":1,"name":"Home","item":"https:\/\/transparency.mk\/sq\/"},{"@type":"ListItem","position":2,"name":"AKUZAT DHE D\u00cbSHMIT\u00cb P\u00cbR DISKRIMINIM POLITIK"}]},{"@type":"WebSite","@id":"https:\/\/transparency.mk\/#website","url":"https:\/\/transparency.mk\/","name":"Transparency International","description":"Maqedoni","publisher":{"@id":"https:\/\/transparency.mk\/#organization"},"potentialAction":[{"@type":"SearchAction","target":{"@type":"EntryPoint","urlTemplate":"https:\/\/transparency.mk\/?s={search_term_string}"},"query-input":{"@type":"PropertyValueSpecification","valueRequired":true,"valueName":"search_term_string"}}],"inLanguage":"sq-AL"},{"@type":"Organization","@id":"https:\/\/transparency.mk\/#organization","name":"\u0422\u0440\u0430\u043d\u0441\u043f\u0430\u0440\u0435\u043d\u0441\u0438 \u0418\u043d\u0442\u0435\u0440\u043d\u0435\u0448\u043d\u043b - \u041c\u0430\u043a\u0435\u0434\u043e\u043d\u0438\u0458\u0430","url":"https:\/\/transparency.mk\/","logo":{"@type":"ImageObject","inLanguage":"sq-AL","@id":"https:\/\/transparency.mk\/#\/schema\/logo\/image\/","url":"https:\/\/transparency.mk\/wp-content\/uploads\/2020\/10\/transparency-mk-logo.png","contentUrl":"https:\/\/transparency.mk\/wp-content\/uploads\/2020\/10\/transparency-mk-logo.png","width":250,"height":75,"caption":"\u0422\u0440\u0430\u043d\u0441\u043f\u0430\u0440\u0435\u043d\u0441\u0438 \u0418\u043d\u0442\u0435\u0440\u043d\u0435\u0448\u043d\u043b - \u041c\u0430\u043a\u0435\u0434\u043e\u043d\u0438\u0458\u0430"},"image":{"@id":"https:\/\/transparency.mk\/#\/schema\/logo\/image\/"},"sameAs":["https:\/\/www.facebook.com\/TransparencyMK\/","https:\/\/x.com\/ti_macedonia","https:\/\/www.instagram.com\/timacedonia\/","https:\/\/youtube.com\/user\/tzcmacedonia\/"]},{"@type":"Person","@id":"https:\/\/transparency.mk\/#\/schema\/person\/4ab55c47d82a7d099f63f569c223c903","name":"TI \u0430\u0434\u043c\u0438\u043d\u0438\u0441\u0442\u0440\u0430\u0442\u043e\u0440","sameAs":["https:\/\/transparency.mk"]}]}},"_links":{"self":[{"href":"https:\/\/transparency.mk\/sq\/wp-json\/wp\/v2\/posts\/9700","targetHints":{"allow":["GET"]}}],"collection":[{"href":"https:\/\/transparency.mk\/sq\/wp-json\/wp\/v2\/posts"}],"about":[{"href":"https:\/\/transparency.mk\/sq\/wp-json\/wp\/v2\/types\/post"}],"author":[{"embeddable":true,"href":"https:\/\/transparency.mk\/sq\/wp-json\/wp\/v2\/users\/1"}],"replies":[{"embeddable":true,"href":"https:\/\/transparency.mk\/sq\/wp-json\/wp\/v2\/comments?post=9700"}],"version-history":[{"count":2,"href":"https:\/\/transparency.mk\/sq\/wp-json\/wp\/v2\/posts\/9700\/revisions"}],"predecessor-version":[{"id":9702,"href":"https:\/\/transparency.mk\/sq\/wp-json\/wp\/v2\/posts\/9700\/revisions\/9702"}],"wp:featuredmedia":[{"embeddable":true,"href":"https:\/\/transparency.mk\/sq\/wp-json\/wp\/v2\/media\/9688"}],"wp:attachment":[{"href":"https:\/\/transparency.mk\/sq\/wp-json\/wp\/v2\/media?parent=9700"}],"wp:term":[{"taxonomy":"category","embeddable":true,"href":"https:\/\/transparency.mk\/sq\/wp-json\/wp\/v2\/categories?post=9700"},{"taxonomy":"post_tag","embeddable":true,"href":"https:\/\/transparency.mk\/sq\/wp-json\/wp\/v2\/tags?post=9700"}],"curies":[{"name":"wp","href":"https:\/\/api.w.org\/{rel}","templated":true}]}}