{"id":9703,"date":"2015-07-16T09:43:33","date_gmt":"2015-07-16T07:43:33","guid":{"rendered":"https:\/\/transparency.web.com.mk\/?p=9703"},"modified":"2021-02-17T09:44:47","modified_gmt":"2021-02-17T08:44:47","slug":"apel-i-platformes-kunder-korrupsionit","status":"publish","type":"post","link":"https:\/\/transparency.mk\/sq\/2015\/07\/16\/apel-i-platformes-kunder-korrupsionit\/","title":{"rendered":"Apel i Platform\u00ebs kund\u00ebr korrupsionit"},"content":{"rendered":"<div>16.07.2015 Platforma e organizatave qytetare p\u00ebr luft\u00eb kund\u00ebr korrupsionit edhe nj\u00eb her\u00eb drejton apel deri te Prokuroria publike, p\u00ebr veprim m\u00eb efikas dhe m\u00eb transparent mbi \u00e7\u00ebshtjet t\u00eb cilat kan\u00eb t\u00eb b\u00ebjn\u00eb me keqp\u00ebrdorimet e cekura, veprimin e paligjsh\u00ebm, korrupsionin dhe shkeljen e t\u00eb drejtave t\u00eb njeriut t\u00eb cilat kan\u00eb t\u00eb b\u00ebjn\u00eb me komunikimet e p\u00ebrgjuara telefonike t\u00eb publikuara n\u00eb muajt e shkuar, gj\u00eb q\u00eb do t\u00eb kontribuonte n\u00eb nd\u00ebrtimin e mir\u00ebbesimit n\u00eb institucionet.<\/div>\n<div><\/div>\n<div>Krahas k\u00ebsaj, Platforma k\u00ebrkon q\u00eb Qeveria ta ky\u00e7\u00eb sektorin civil n\u00eb implementimin e rekomandimeve nga Raporti i Pribes, e para s\u00eb gjithash n\u00eb vrojtimin e efikasitetit dhe efekteve nga zbatimi i Planeve aksionale t\u00eb cilat i anoncoi.<\/div>\n<div><\/div>\n<div>An\u00ebtaret e Platform\u00ebs shprehin shqet\u00ebsim nga sjellja e Komisionit shtet\u00ebror p\u00ebr parandalim t\u00eb korrupsionit i cili edhe m\u00eb tutje vazhdon me pun\u00ebn e vet t\u00eb izoluar dhe jo transparente. Komisioni si organ i pavarur shtet\u00ebror me kompetenc\u00eb t\u00eb gjer\u00eb dhe autorizime p\u00ebr veprim n\u00eb rastet n\u00eb t\u00eb cilat ka t\u00eb b\u00ebj\u00eb ky apel publik, akoma nuk ka reaguar ndaj apelit t\u00eb 25 marsit t\u00eb k\u00ebtij viti e as \u00ebsht\u00eb p\u00ebrgjigjur mbi k\u00ebrkes\u00ebn p\u00ebr takim t\u00eb drejtuar m\u00eb 15 maj 2015.<\/div>\n<div><\/div>\n<div>Platforma e 15 majit 2015 k\u00ebrkoi informata nga Prokurori publik i RM-s\u00eb, Marko Zv\u00ebrleski, t\u00eb cilat kan\u00eb t\u00eb b\u00ebjn\u00eb me keqp\u00ebrdorimet eventuale, veprim t\u00eb paligjsh\u00ebm dhe shkelje t\u00eb t\u00eb drejtave t\u00eb njeriut t\u00eb cilat p\u00ebrmenden n\u00eb komunikimet e p\u00ebrgjuara telefonik\u00eb t\u00eb cilat u publikuan n\u00eb muajt e shkuar. K\u00ebrkesa pasoi kur mungoi p\u00ebrgjigja n\u00eb apelin publik deri te institucionet kompetente n\u00eb afat prej 30 dit\u00ebsh t\u00eb veprojn\u00eb n\u00eb lidhje me k\u00ebto \u00e7\u00ebshtje drejtuar m\u00eb 25 mars 2015.<\/div>\n<div><\/div>\n<div>Pasur parasysh nenin 8 t\u00eb Ligjit p\u00ebr prokurori publike sipas t\u00eb cilit Prokurori publik ka p\u00ebr detyr\u00eb q\u00eb ta informoj\u00eb publikun p\u00ebr \u00e7\u00ebshtje nga puna e tij dhe duke pasur parasysh seriozitetin e pohimeve t\u00eb cilat PP duhet t\u2019i hulumtoj\u00eb dhe interesin m\u00eb t\u00eb gjer\u00eb shoq\u00ebror t\u00eb cilin ata e bartin mbi vete, konsiderojm\u00eb se PP \u00ebsht\u00eb e obliguar q\u00eb t\u00eb del me m\u00eb shum\u00eb informata. N\u00eb nj\u00eb shkres\u00eb t\u00eb dat\u00ebs 15 maj 2015 pyet\u00ebm:<\/div>\n<div><\/div>\n<div>1.A \u00ebsht\u00eb formuar ekip i hetuesve dhe a disponon Prokuroria publike me kapacitete adekuate p\u00ebr zbatimin e hetimeve t\u00eb nevojshme?<\/div>\n<div><\/div>\n<div>2.Sa dhe \u00e7far\u00eb veprimesh deri m\u00eb tani (p\u00ebrfundimisht me 14 maj 2015) jan\u00eb nd\u00ebrmarr\u00eb?<\/div>\n<div><\/div>\n<div>3.A bashk\u00ebpunojn\u00eb institucionet prej t\u00eb cilave k\u00ebrkohen informacione?<\/div>\n<div><\/div>\n<div>PP u p\u00ebrgjigj n\u00eb k\u00ebt\u00eb pyetje ton\u00ebn. Na njoftoi se l\u00ebnd\u00ebt u jan\u00eb shp\u00ebrndar\u00eb gjithsej 23 prokuror\u00ebve publik\u00eb dhe se PP disponon me kapacitetin e nevojsh\u00ebm p\u00ebr zbatimin e hetimeve. N\u00eb pyetjen e dyt\u00eb dhe t\u00eb tret\u00eb nuk mor\u00ebm p\u00ebrgjigje. Nga PP na u tha se nuk do t\u00eb japin detaje p\u00ebr shkak t\u00eb mbrojtjes s\u00eb diskrecionit t\u00eb procedur\u00ebs hetuese dhe se PP bashk\u00ebpunon me t\u00eb gjitha organet e p\u00ebrndjekjes, si dhe me t\u00eb gjith\u00eb personat fizik\u00eb dhe juridik\u00eb dhe se ai bashk\u00ebpunim zhvillohet pa pengesa dhe n\u00eb kontinuitet.<\/div>\n<div><\/div>\n<div>Me pun\u00ebn e PP ka t\u00eb b\u00ebj\u00eb edhe nj\u00ebri nga rekomandimet e Raportit t\u00eb Pribes, i p\u00ebrpiluar nga grupi i ekspert\u00ebve me p\u00ebrvoj\u00eb t\u00eb udh\u00ebhequr nga Rajnhard Pribe: \u201cHetimet dhe p\u00ebrndjekjet penale duhet t\u00eb jen\u00eb n\u00ebn secilin dyshim n\u00eb lidhje me trajtimin e tyre t\u00eb paansh\u00ebm dhe t\u00eb barabart\u00eb t\u00eb secilit person n\u00ebn hetime. Kjo p\u00ebrfshin edhe koh\u00ebzgjatjen \u00a0e hetimeve dhe intensitetin m\u00eb t\u00eb cilin ato zbatohen\u201d.<\/div>\n<div><\/div>\n<div>Platforma konsideron se transparenca e Prokuroris\u00eb publike \u00ebsht\u00eb nj\u00eb parakusht esencial n\u00eb luft\u00ebn kund\u00ebr korrupsionit \u00a0dhe n\u00eb nd\u00ebrrimin e mir\u00ebbesimit n\u00eb institucionet. P\u00ebrgjigjet jo t\u00eb plota me t\u00eb cilat anashkalohet dh\u00ebnia e informative t\u00eb cilat mund ta d\u00ebmtojn\u00eb ecurin\u00eb e hetimeve e b\u00ebjn\u00eb k\u00ebt\u00eb procedur\u00eb jo transparente. Nj\u00ebkoh\u00ebsisht PP me sjelljen e vet hap rrug\u00ebn p\u00ebr dyshim rreth pavar\u00ebsis\u00eb s\u00eb saj n\u00eb veprimet, p\u00ebrkushtimin e hetimeve, si dhe numrin e dhe intensitetin e veprimeve hetuese t\u00eb cilat nd\u00ebrmerren n\u00eb ecurin\u00eb e saj.<\/div>\n<div><\/div>\n<div>Platforma e organizatave qytetare p\u00ebr luft\u00eb kund\u00ebr korrupsionit \u00ebsht\u00eb themeluar m\u00eb 9 dhjetor 2014 nga ana e 15 organizatave qytetare. Platforma ka p\u00ebr synim shoq\u00ebri m\u00eb aktive, m\u00eb dinamike dhe t\u00eb aft\u00ebsuar e cila do t\u00eb luaj\u00eb rol t\u00eb r\u00ebnd\u00ebsish\u00ebm n\u00eb luft\u00ebn kund\u00ebr korrupsionit.<\/div>\n","protected":false},"excerpt":{"rendered":"<p>16.07.2015 Platforma e organizatave qytetare p\u00ebr luft\u00eb kund\u00ebr korrupsionit edhe nj\u00eb her\u00eb drejton apel deri te Prokuroria publike, p\u00ebr veprim m\u00eb efikas dhe m\u00eb transparent mbi \u00e7\u00ebshtjet t\u00eb cilat kan\u00eb t\u00eb b\u00ebjn\u00eb me keqp\u00ebrdorimet e cekura, veprimin e paligjsh\u00ebm, korrupsionin dhe shkeljen e t\u00eb drejtave t\u00eb njeriut t\u00eb cilat kan\u00eb t\u00eb b\u00ebjn\u00eb me komunikimet e&hellip;<\/p>\n","protected":false},"author":1,"featured_media":9704,"comment_status":"closed","ping_status":"open","sticky":false,"template":"","format":"standard","meta":{"_monsterinsights_skip_tracking":false,"_monsterinsights_sitenote_active":false,"_monsterinsights_sitenote_note":"","_monsterinsights_sitenote_category":0,"footnotes":""},"categories":[90],"tags":[],"class_list":["post-9703","post","type-post","status-publish","format-standard","has-post-thumbnail","hentry","category-lajme","category-90","description-off"],"yoast_head":"<!-- This site is optimized with the Yoast SEO plugin v25.8 - https:\/\/yoast.com\/wordpress\/plugins\/seo\/ -->\n<title>Apel i Platform\u00ebs kund\u00ebr korrupsionit - Transparency International<\/title>\n<meta name=\"robots\" content=\"index, follow, max-snippet:-1, max-image-preview:large, max-video-preview:-1\" \/>\n<link rel=\"canonical\" href=\"https:\/\/transparency.mk\/sq\/2015\/07\/16\/apel-i-platformes-kunder-korrupsionit\/\" \/>\n<meta property=\"og:locale\" content=\"sq_AL\" \/>\n<meta property=\"og:type\" content=\"article\" \/>\n<meta property=\"og:title\" content=\"Apel i Platform\u00ebs kund\u00ebr korrupsionit - Transparency International\" \/>\n<meta property=\"og:description\" content=\"16.07.2015 Platforma e organizatave qytetare p\u00ebr luft\u00eb kund\u00ebr korrupsionit edhe nj\u00eb her\u00eb drejton apel deri te Prokuroria publike, p\u00ebr veprim m\u00eb efikas dhe m\u00eb transparent mbi \u00e7\u00ebshtjet t\u00eb cilat kan\u00eb t\u00eb b\u00ebjn\u00eb me keqp\u00ebrdorimet e cekura, veprimin e paligjsh\u00ebm, korrupsionin dhe shkeljen e t\u00eb drejtave t\u00eb njeriut t\u00eb cilat kan\u00eb t\u00eb b\u00ebjn\u00eb me komunikimet e&hellip;\" \/>\n<meta property=\"og:url\" content=\"https:\/\/transparency.mk\/sq\/2015\/07\/16\/apel-i-platformes-kunder-korrupsionit\/\" \/>\n<meta property=\"og:site_name\" content=\"Transparency International\" \/>\n<meta property=\"article:publisher\" content=\"https:\/\/www.facebook.com\/TransparencyMK\/\" \/>\n<meta property=\"article:published_time\" content=\"2015-07-16T07:43:33+00:00\" \/>\n<meta property=\"article:modified_time\" content=\"2021-02-17T08:44:47+00:00\" \/>\n<meta property=\"og:image\" content=\"https:\/\/transparency.mk\/wp-content\/uploads\/2021\/02\/platforma_logoa-1.jpg\" \/>\n\t<meta property=\"og:image:width\" content=\"1168\" \/>\n\t<meta property=\"og:image:height\" content=\"391\" \/>\n\t<meta property=\"og:image:type\" content=\"image\/jpeg\" \/>\n<meta name=\"author\" content=\"TI \u0430\u0434\u043c\u0438\u043d\u0438\u0441\u0442\u0440\u0430\u0442\u043e\u0440\" \/>\n<meta name=\"twitter:card\" content=\"summary_large_image\" \/>\n<meta name=\"twitter:creator\" content=\"@ti_macedonia\" \/>\n<meta name=\"twitter:site\" content=\"@ti_macedonia\" \/>\n<meta name=\"twitter:label1\" content=\"Written by\" \/>\n\t<meta name=\"twitter:data1\" content=\"TI \u0430\u0434\u043c\u0438\u043d\u0438\u0441\u0442\u0440\u0430\u0442\u043e\u0440\" \/>\n\t<meta name=\"twitter:label2\" content=\"Est. reading time\" \/>\n\t<meta name=\"twitter:data2\" content=\"4 minutes\" \/>\n<script type=\"application\/ld+json\" class=\"yoast-schema-graph\">{\"@context\":\"https:\/\/schema.org\",\"@graph\":[{\"@type\":\"Article\",\"@id\":\"https:\/\/transparency.mk\/sq\/2015\/07\/16\/apel-i-platformes-kunder-korrupsionit\/#article\",\"isPartOf\":{\"@id\":\"https:\/\/transparency.mk\/sq\/2015\/07\/16\/apel-i-platformes-kunder-korrupsionit\/\"},\"author\":{\"name\":\"TI \u0430\u0434\u043c\u0438\u043d\u0438\u0441\u0442\u0440\u0430\u0442\u043e\u0440\",\"@id\":\"https:\/\/transparency.mk\/#\/schema\/person\/4ab55c47d82a7d099f63f569c223c903\"},\"headline\":\"Apel i Platform\u00ebs kund\u00ebr korrupsionit\",\"datePublished\":\"2015-07-16T07:43:33+00:00\",\"dateModified\":\"2021-02-17T08:44:47+00:00\",\"mainEntityOfPage\":{\"@id\":\"https:\/\/transparency.mk\/sq\/2015\/07\/16\/apel-i-platformes-kunder-korrupsionit\/\"},\"wordCount\":760,\"publisher\":{\"@id\":\"https:\/\/transparency.mk\/#organization\"},\"image\":{\"@id\":\"https:\/\/transparency.mk\/sq\/2015\/07\/16\/apel-i-platformes-kunder-korrupsionit\/#primaryimage\"},\"thumbnailUrl\":\"https:\/\/transparency.mk\/wp-content\/uploads\/2021\/02\/platforma_logoa-1.jpg\",\"articleSection\":[\"Lajme\"],\"inLanguage\":\"sq-AL\"},{\"@type\":\"WebPage\",\"@id\":\"https:\/\/transparency.mk\/sq\/2015\/07\/16\/apel-i-platformes-kunder-korrupsionit\/\",\"url\":\"https:\/\/transparency.mk\/sq\/2015\/07\/16\/apel-i-platformes-kunder-korrupsionit\/\",\"name\":\"Apel i Platform\u00ebs kund\u00ebr korrupsionit - Transparency International\",\"isPartOf\":{\"@id\":\"https:\/\/transparency.mk\/#website\"},\"primaryImageOfPage\":{\"@id\":\"https:\/\/transparency.mk\/sq\/2015\/07\/16\/apel-i-platformes-kunder-korrupsionit\/#primaryimage\"},\"image\":{\"@id\":\"https:\/\/transparency.mk\/sq\/2015\/07\/16\/apel-i-platformes-kunder-korrupsionit\/#primaryimage\"},\"thumbnailUrl\":\"https:\/\/transparency.mk\/wp-content\/uploads\/2021\/02\/platforma_logoa-1.jpg\",\"datePublished\":\"2015-07-16T07:43:33+00:00\",\"dateModified\":\"2021-02-17T08:44:47+00:00\",\"breadcrumb\":{\"@id\":\"https:\/\/transparency.mk\/sq\/2015\/07\/16\/apel-i-platformes-kunder-korrupsionit\/#breadcrumb\"},\"inLanguage\":\"sq-AL\",\"potentialAction\":[{\"@type\":\"ReadAction\",\"target\":[\"https:\/\/transparency.mk\/sq\/2015\/07\/16\/apel-i-platformes-kunder-korrupsionit\/\"]}]},{\"@type\":\"ImageObject\",\"inLanguage\":\"sq-AL\",\"@id\":\"https:\/\/transparency.mk\/sq\/2015\/07\/16\/apel-i-platformes-kunder-korrupsionit\/#primaryimage\",\"url\":\"https:\/\/transparency.mk\/wp-content\/uploads\/2021\/02\/platforma_logoa-1.jpg\",\"contentUrl\":\"https:\/\/transparency.mk\/wp-content\/uploads\/2021\/02\/platforma_logoa-1.jpg\",\"width\":1168,\"height\":391},{\"@type\":\"BreadcrumbList\",\"@id\":\"https:\/\/transparency.mk\/sq\/2015\/07\/16\/apel-i-platformes-kunder-korrupsionit\/#breadcrumb\",\"itemListElement\":[{\"@type\":\"ListItem\",\"position\":1,\"name\":\"Home\",\"item\":\"https:\/\/transparency.mk\/sq\/\"},{\"@type\":\"ListItem\",\"position\":2,\"name\":\"Apel i Platform\u00ebs kund\u00ebr korrupsionit\"}]},{\"@type\":\"WebSite\",\"@id\":\"https:\/\/transparency.mk\/#website\",\"url\":\"https:\/\/transparency.mk\/\",\"name\":\"Transparency International\",\"description\":\"Maqedoni\",\"publisher\":{\"@id\":\"https:\/\/transparency.mk\/#organization\"},\"potentialAction\":[{\"@type\":\"SearchAction\",\"target\":{\"@type\":\"EntryPoint\",\"urlTemplate\":\"https:\/\/transparency.mk\/?s={search_term_string}\"},\"query-input\":{\"@type\":\"PropertyValueSpecification\",\"valueRequired\":true,\"valueName\":\"search_term_string\"}}],\"inLanguage\":\"sq-AL\"},{\"@type\":\"Organization\",\"@id\":\"https:\/\/transparency.mk\/#organization\",\"name\":\"\u0422\u0440\u0430\u043d\u0441\u043f\u0430\u0440\u0435\u043d\u0441\u0438 \u0418\u043d\u0442\u0435\u0440\u043d\u0435\u0448\u043d\u043b - \u041c\u0430\u043a\u0435\u0434\u043e\u043d\u0438\u0458\u0430\",\"url\":\"https:\/\/transparency.mk\/\",\"logo\":{\"@type\":\"ImageObject\",\"inLanguage\":\"sq-AL\",\"@id\":\"https:\/\/transparency.mk\/#\/schema\/logo\/image\/\",\"url\":\"https:\/\/transparency.mk\/wp-content\/uploads\/2020\/10\/transparency-mk-logo.png\",\"contentUrl\":\"https:\/\/transparency.mk\/wp-content\/uploads\/2020\/10\/transparency-mk-logo.png\",\"width\":250,\"height\":75,\"caption\":\"\u0422\u0440\u0430\u043d\u0441\u043f\u0430\u0440\u0435\u043d\u0441\u0438 \u0418\u043d\u0442\u0435\u0440\u043d\u0435\u0448\u043d\u043b - \u041c\u0430\u043a\u0435\u0434\u043e\u043d\u0438\u0458\u0430\"},\"image\":{\"@id\":\"https:\/\/transparency.mk\/#\/schema\/logo\/image\/\"},\"sameAs\":[\"https:\/\/www.facebook.com\/TransparencyMK\/\",\"https:\/\/x.com\/ti_macedonia\",\"https:\/\/www.instagram.com\/timacedonia\/\",\"https:\/\/youtube.com\/user\/tzcmacedonia\/\"]},{\"@type\":\"Person\",\"@id\":\"https:\/\/transparency.mk\/#\/schema\/person\/4ab55c47d82a7d099f63f569c223c903\",\"name\":\"TI \u0430\u0434\u043c\u0438\u043d\u0438\u0441\u0442\u0440\u0430\u0442\u043e\u0440\",\"sameAs\":[\"https:\/\/transparency.mk\"]}]}<\/script>\n<!-- \/ Yoast SEO plugin. -->","yoast_head_json":{"title":"Apel i Platform\u00ebs kund\u00ebr korrupsionit - Transparency International","robots":{"index":"index","follow":"follow","max-snippet":"max-snippet:-1","max-image-preview":"max-image-preview:large","max-video-preview":"max-video-preview:-1"},"canonical":"https:\/\/transparency.mk\/sq\/2015\/07\/16\/apel-i-platformes-kunder-korrupsionit\/","og_locale":"sq_AL","og_type":"article","og_title":"Apel i Platform\u00ebs kund\u00ebr korrupsionit - Transparency International","og_description":"16.07.2015 Platforma e organizatave qytetare p\u00ebr luft\u00eb kund\u00ebr korrupsionit edhe nj\u00eb her\u00eb drejton apel deri te Prokuroria publike, p\u00ebr veprim m\u00eb efikas dhe m\u00eb transparent mbi \u00e7\u00ebshtjet t\u00eb cilat kan\u00eb t\u00eb b\u00ebjn\u00eb me keqp\u00ebrdorimet e cekura, veprimin e paligjsh\u00ebm, korrupsionin dhe shkeljen e t\u00eb drejtave t\u00eb njeriut t\u00eb cilat kan\u00eb t\u00eb b\u00ebjn\u00eb me komunikimet e&hellip;","og_url":"https:\/\/transparency.mk\/sq\/2015\/07\/16\/apel-i-platformes-kunder-korrupsionit\/","og_site_name":"Transparency International","article_publisher":"https:\/\/www.facebook.com\/TransparencyMK\/","article_published_time":"2015-07-16T07:43:33+00:00","article_modified_time":"2021-02-17T08:44:47+00:00","og_image":[{"width":1168,"height":391,"url":"https:\/\/transparency.mk\/wp-content\/uploads\/2021\/02\/platforma_logoa-1.jpg","type":"image\/jpeg"}],"author":"TI \u0430\u0434\u043c\u0438\u043d\u0438\u0441\u0442\u0440\u0430\u0442\u043e\u0440","twitter_card":"summary_large_image","twitter_creator":"@ti_macedonia","twitter_site":"@ti_macedonia","twitter_misc":{"Written by":"TI \u0430\u0434\u043c\u0438\u043d\u0438\u0441\u0442\u0440\u0430\u0442\u043e\u0440","Est. reading time":"4 minutes"},"schema":{"@context":"https:\/\/schema.org","@graph":[{"@type":"Article","@id":"https:\/\/transparency.mk\/sq\/2015\/07\/16\/apel-i-platformes-kunder-korrupsionit\/#article","isPartOf":{"@id":"https:\/\/transparency.mk\/sq\/2015\/07\/16\/apel-i-platformes-kunder-korrupsionit\/"},"author":{"name":"TI \u0430\u0434\u043c\u0438\u043d\u0438\u0441\u0442\u0440\u0430\u0442\u043e\u0440","@id":"https:\/\/transparency.mk\/#\/schema\/person\/4ab55c47d82a7d099f63f569c223c903"},"headline":"Apel i Platform\u00ebs kund\u00ebr korrupsionit","datePublished":"2015-07-16T07:43:33+00:00","dateModified":"2021-02-17T08:44:47+00:00","mainEntityOfPage":{"@id":"https:\/\/transparency.mk\/sq\/2015\/07\/16\/apel-i-platformes-kunder-korrupsionit\/"},"wordCount":760,"publisher":{"@id":"https:\/\/transparency.mk\/#organization"},"image":{"@id":"https:\/\/transparency.mk\/sq\/2015\/07\/16\/apel-i-platformes-kunder-korrupsionit\/#primaryimage"},"thumbnailUrl":"https:\/\/transparency.mk\/wp-content\/uploads\/2021\/02\/platforma_logoa-1.jpg","articleSection":["Lajme"],"inLanguage":"sq-AL"},{"@type":"WebPage","@id":"https:\/\/transparency.mk\/sq\/2015\/07\/16\/apel-i-platformes-kunder-korrupsionit\/","url":"https:\/\/transparency.mk\/sq\/2015\/07\/16\/apel-i-platformes-kunder-korrupsionit\/","name":"Apel i Platform\u00ebs kund\u00ebr korrupsionit - Transparency International","isPartOf":{"@id":"https:\/\/transparency.mk\/#website"},"primaryImageOfPage":{"@id":"https:\/\/transparency.mk\/sq\/2015\/07\/16\/apel-i-platformes-kunder-korrupsionit\/#primaryimage"},"image":{"@id":"https:\/\/transparency.mk\/sq\/2015\/07\/16\/apel-i-platformes-kunder-korrupsionit\/#primaryimage"},"thumbnailUrl":"https:\/\/transparency.mk\/wp-content\/uploads\/2021\/02\/platforma_logoa-1.jpg","datePublished":"2015-07-16T07:43:33+00:00","dateModified":"2021-02-17T08:44:47+00:00","breadcrumb":{"@id":"https:\/\/transparency.mk\/sq\/2015\/07\/16\/apel-i-platformes-kunder-korrupsionit\/#breadcrumb"},"inLanguage":"sq-AL","potentialAction":[{"@type":"ReadAction","target":["https:\/\/transparency.mk\/sq\/2015\/07\/16\/apel-i-platformes-kunder-korrupsionit\/"]}]},{"@type":"ImageObject","inLanguage":"sq-AL","@id":"https:\/\/transparency.mk\/sq\/2015\/07\/16\/apel-i-platformes-kunder-korrupsionit\/#primaryimage","url":"https:\/\/transparency.mk\/wp-content\/uploads\/2021\/02\/platforma_logoa-1.jpg","contentUrl":"https:\/\/transparency.mk\/wp-content\/uploads\/2021\/02\/platforma_logoa-1.jpg","width":1168,"height":391},{"@type":"BreadcrumbList","@id":"https:\/\/transparency.mk\/sq\/2015\/07\/16\/apel-i-platformes-kunder-korrupsionit\/#breadcrumb","itemListElement":[{"@type":"ListItem","position":1,"name":"Home","item":"https:\/\/transparency.mk\/sq\/"},{"@type":"ListItem","position":2,"name":"Apel i Platform\u00ebs kund\u00ebr korrupsionit"}]},{"@type":"WebSite","@id":"https:\/\/transparency.mk\/#website","url":"https:\/\/transparency.mk\/","name":"Transparency International","description":"Maqedoni","publisher":{"@id":"https:\/\/transparency.mk\/#organization"},"potentialAction":[{"@type":"SearchAction","target":{"@type":"EntryPoint","urlTemplate":"https:\/\/transparency.mk\/?s={search_term_string}"},"query-input":{"@type":"PropertyValueSpecification","valueRequired":true,"valueName":"search_term_string"}}],"inLanguage":"sq-AL"},{"@type":"Organization","@id":"https:\/\/transparency.mk\/#organization","name":"\u0422\u0440\u0430\u043d\u0441\u043f\u0430\u0440\u0435\u043d\u0441\u0438 \u0418\u043d\u0442\u0435\u0440\u043d\u0435\u0448\u043d\u043b - \u041c\u0430\u043a\u0435\u0434\u043e\u043d\u0438\u0458\u0430","url":"https:\/\/transparency.mk\/","logo":{"@type":"ImageObject","inLanguage":"sq-AL","@id":"https:\/\/transparency.mk\/#\/schema\/logo\/image\/","url":"https:\/\/transparency.mk\/wp-content\/uploads\/2020\/10\/transparency-mk-logo.png","contentUrl":"https:\/\/transparency.mk\/wp-content\/uploads\/2020\/10\/transparency-mk-logo.png","width":250,"height":75,"caption":"\u0422\u0440\u0430\u043d\u0441\u043f\u0430\u0440\u0435\u043d\u0441\u0438 \u0418\u043d\u0442\u0435\u0440\u043d\u0435\u0448\u043d\u043b - \u041c\u0430\u043a\u0435\u0434\u043e\u043d\u0438\u0458\u0430"},"image":{"@id":"https:\/\/transparency.mk\/#\/schema\/logo\/image\/"},"sameAs":["https:\/\/www.facebook.com\/TransparencyMK\/","https:\/\/x.com\/ti_macedonia","https:\/\/www.instagram.com\/timacedonia\/","https:\/\/youtube.com\/user\/tzcmacedonia\/"]},{"@type":"Person","@id":"https:\/\/transparency.mk\/#\/schema\/person\/4ab55c47d82a7d099f63f569c223c903","name":"TI \u0430\u0434\u043c\u0438\u043d\u0438\u0441\u0442\u0440\u0430\u0442\u043e\u0440","sameAs":["https:\/\/transparency.mk"]}]}},"_links":{"self":[{"href":"https:\/\/transparency.mk\/sq\/wp-json\/wp\/v2\/posts\/9703","targetHints":{"allow":["GET"]}}],"collection":[{"href":"https:\/\/transparency.mk\/sq\/wp-json\/wp\/v2\/posts"}],"about":[{"href":"https:\/\/transparency.mk\/sq\/wp-json\/wp\/v2\/types\/post"}],"author":[{"embeddable":true,"href":"https:\/\/transparency.mk\/sq\/wp-json\/wp\/v2\/users\/1"}],"replies":[{"embeddable":true,"href":"https:\/\/transparency.mk\/sq\/wp-json\/wp\/v2\/comments?post=9703"}],"version-history":[{"count":1,"href":"https:\/\/transparency.mk\/sq\/wp-json\/wp\/v2\/posts\/9703\/revisions"}],"predecessor-version":[{"id":9707,"href":"https:\/\/transparency.mk\/sq\/wp-json\/wp\/v2\/posts\/9703\/revisions\/9707"}],"wp:featuredmedia":[{"embeddable":true,"href":"https:\/\/transparency.mk\/sq\/wp-json\/wp\/v2\/media\/9704"}],"wp:attachment":[{"href":"https:\/\/transparency.mk\/sq\/wp-json\/wp\/v2\/media?parent=9703"}],"wp:term":[{"taxonomy":"category","embeddable":true,"href":"https:\/\/transparency.mk\/sq\/wp-json\/wp\/v2\/categories?post=9703"},{"taxonomy":"post_tag","embeddable":true,"href":"https:\/\/transparency.mk\/sq\/wp-json\/wp\/v2\/tags?post=9703"}],"curies":[{"name":"wp","href":"https:\/\/api.w.org\/{rel}","templated":true}]}}