{"id":9708,"date":"2015-07-17T09:44:55","date_gmt":"2015-07-17T07:44:55","guid":{"rendered":"https:\/\/transparency.web.com.mk\/?p=9708"},"modified":"2021-02-17T09:45:20","modified_gmt":"2021-02-17T08:45:20","slug":"funksionare-policor-kane-vjedhur-nga-mpb-nepunesja-qe-i-ka-denoncuar-ka-mbetur-pa-pune","status":"publish","type":"post","link":"https:\/\/transparency.mk\/sq\/2015\/07\/17\/funksionare-policor-kane-vjedhur-nga-mpb-nepunesja-qe-i-ka-denoncuar-ka-mbetur-pa-pune\/","title":{"rendered":"Funksionar\u00eb policor kan\u00eb vjedhur nga MPB, n\u00ebpun\u00ebsja q\u00eb i ka denoncuar ka mbetur pa pun\u00eb"},"content":{"rendered":"<div>17.07.2015 Praktika maqedonase shum\u00eb her\u00eb ka treguar q\u00eb n\u00eb vend t\u00eb vjedh\u00ebsit, fajtor \u00ebsht\u00eb ai q\u00eb e ka denoncuar. Kjo gjithsesi q\u00eb p\u00ebrkujton situat\u00ebn politiko-ligjore t\u00eb momentit me audio-incizimet nga p\u00ebrgjimet. Zoran Zaev \u00ebsht\u00eb p\u00ebrgjegj\u00ebs q\u00eb i ka materialet dhe q\u00eb i publikon dhe p\u00ebr k\u00ebt\u00eb dosja \u201ePu\u00e7\u201c shtyhet nga institucionet shtet\u00ebrore, por jo edhe Nikolla Gruevski dhe bashk\u00ebpun\u00ebtor\u00ebt e tij t\u00eb cil\u00ebt flasin se si marrin provizione, si montojn\u00eb raste, \u00a0si pun\u00ebsojn\u00eb puthador\u00eb partiak, si e kontrollojn\u00eb gjyq\u00ebsorin, si i mbrojn\u00eb aktivitetet e veta t\u00eb dyshimta&#8230; Padit\u00eb penale kund\u00ebr tyre dhe dyshimet p\u00ebr veprat e tyre jan\u00eb vet\u00ebm n\u00eb let\u00ebr dhe n\u00eb k\u00ebt\u00eb rregullim t\u00eb organeve kompetente asnj\u00ebher\u00eb edhe nuk do t\u00eb zgjidhen.<\/div>\n<div>Kur situata me udh\u00ebheqjen politike \u00ebsht\u00eb e till\u00eb, mund t\u00eb paramendojm\u00eb se si \u00ebsht\u00eb n\u00eb strukturat m\u00eb t\u00eb ul\u00ebta n\u00eb shoq\u00ebri, me ata me t\u00eb cil\u00ebt nuk kan\u00eb se si t\u00eb interesojn\u00eb publikun ose nga frika p\u00ebr jet\u00ebn dhe ekzistenc\u00ebn e tyre, as q\u00eb mundohen t\u00eb denoncojn\u00eb. I till\u00eb \u00ebsht\u00eb rasti me Zorica Llazareska nga Shkupi, e cila pas 32 vitesh pun\u00eb n\u00eb Ministrin\u00eb e Pun\u00ebve t\u00eb Brendshme kalon n\u00ebp\u00ebr ferr. \u00a0N\u00eb momentin \u00ebsht\u00eb n\u00eb sht\u00ebpi, e larguar nga vendi i pun\u00ebs p\u00ebr shkak se ka zbuluar krim t\u00eb epror\u00ebve. Por n\u00eb vend q\u00eb institucionet shtet\u00ebrore t\u00eb ndjekin ata q\u00eb kan\u00eb vjedhur dhe kan\u00eb falsifikuar dokumente e n\u00eb k\u00ebt\u00eb m\u00ebnyr\u00eb kan\u00eb d\u00ebmtuar shtetin dhe kan\u00eb b\u00ebr\u00eb profit t\u00eb paligjsh\u00ebm, ajo \u00ebsht\u00eb ballafaquar me gjoba, me procese gjyq\u00ebsore dhe n\u00eb fund me largim nga puna. P\u00ebr at\u00eb me siguri q\u00eb vlen th\u00ebnia e njohur \u2013 ku ka fuqi, nuk ka drejt\u00ebsi.<\/div>\n<div><\/div>\n<div><\/div>\n<div><\/div>\n<div>\u201eFokus\u201c q\u00eb para disa vitesh shkroi p\u00ebr k\u00ebt\u00eb rast, kur Llazarevska ende ishte e pun\u00ebsuar n\u00eb MPB, para se t\u00eb largohet nga puna. Prej at\u00ebher\u00eb, pas disa vitesh, k\u00ebrkimi i saj p\u00ebr t\u00eb v\u00ebrtet\u00ebn akoma nuk ka mbaruar, por nuk kan\u00eb ndalur as shtypjet, k\u00ebrc\u00ebnimet dhe shantazhet. E l\u00ebn\u00eb vet n\u00eb luft\u00ebn e saj ajo p\u00ebrs\u00ebri e hap frontin kund\u00ebr pushtetit, kund\u00ebr atyre q\u00eb i din\u00eb apo kan\u00eb qen\u00eb t\u00eb p\u00ebrfshir\u00eb n\u00eb aktivitete joligjore, por askush nuk ka dashur apo nuk ka mundur t\u2019i hetoj\u00eb, t\u2019i zbuloj\u00eb e t\u2019i d\u00ebnoj\u00eb.<\/div>\n<div><\/div>\n<div><\/div>\n<div><\/div>\n<div><b>I KA Z\u00cbN\u00cb N\u00cb FLAGRANC\u00cb, SIKUR KA B\u00cbR\u00cb KRIM<\/b><\/div>\n<div><\/div>\n<div>Shkojm\u00eb me rend, q\u00eb t\u00eb b\u00ebjm\u00eb rikonstruimin e ndodhive dhe t\u00eb tregojm\u00eb si nj\u00eb n\u00ebpun\u00ebse n\u00eb administrat\u00ebn shtet\u00ebrore nj\u00eb dekad\u00eb lufton kund\u00ebr shtetit dhe kund\u00ebr pushtetit me q\u00ebllim q\u00eb t\u00eb d\u00ebnohen fajtor\u00ebt. Nga pozicioni n\u00eb sektorin financiar t\u00eb MPB ose m\u00eb sakt\u00eb si lexues i llogarive n\u00eb parkun e automjeteve t\u00eb policis\u00eb, Llazarevska ka filluar t\u00eb dyshoj\u00eb q\u00eb ndodhin veprime t\u00eb paligjshme dhe t\u00eb palogjikshme. Kjo ka ndodhur n\u00eb vitin 2000 kur eprori i Lazarevsk\u00ebs k\u00ebrkon nga ajo t\u00eb b\u00ebj\u00eb revizion kontrolli t\u00eb parave t\u00eb harxhuara p\u00ebr karburant dhe p\u00ebr pjes\u00eb rezerve t\u00eb blera p\u00ebr disa automjete zyrtare.<\/div>\n<div>Duke kryer revizionin, ajo gjen dh\u00ebna t\u00eb pabesueshme, aq t\u00eb dyshimta q\u00eb \u00e7do institucionit hetues do t\u2019i hapte procedur\u00eb p\u00ebr ndjekje penale. Gjegj\u00ebsisht, Llazarevska ka zbuluar q\u00eb disa t\u00eb pun\u00ebsuar n\u00eb MPB kan\u00eb harxhuar deri m\u00eb 1000 litra karburant n\u00eb muaj. Shpjegim tjet\u00ebr, p\u00ebrve\u00e7 q\u00eb karburanti ka p\u00ebrfunduar n\u00eb automjetet private, nuk ka mundur t\u00eb ket\u00eb, ve\u00e7an\u00ebrisht n\u00ebse dihet q\u00eb drejtuesit q\u00eb e kan\u00eb b\u00ebr\u00eb k\u00ebt\u00eb as q\u00eb kan\u00eb pasur t\u00eb drejt\u00eb t\u00eb p\u00ebrdorin automjetet zyrtare \u00e7do dit\u00eb. Akoma m\u00eb e tmerrshme \u00ebsht\u00eb q\u00eb dyshimet e revizionit kan\u00eb arritur deri n\u00eb marrjen e t\u00eb hollave p\u00ebr karburant, kurse mbushja e karburantit ka qen\u00eb fiktive dhe n\u00eb automjete jasht\u00eb sistemit dhe jasht\u00eb p\u00ebrdorimit, q\u00eb nuk kan\u00eb qen\u00eb n\u00eb gjendje p\u00ebr vozitje.<\/div>\n<div>E nxitur nga dyshimet fillestare, edhe pse nuk ka qen\u00eb me vendim e pun\u00ebsuar n\u00eb at\u00eb pozit\u00eb, por ka pasur nevoj\u00eb t\u00eb kryej\u00eb funksionin, ark\u00ebtarja Llazarevska ka filluar me kontroll m\u00eb t\u00eb thell\u00eb t\u00eb dokumentacionit. Ta kishte ditur se si do t\u00eb mbaroj\u00eb, ndoshta nuk do t\u00eb kishte hapur asnj\u00eb fatur\u00eb dhe do t\u00eb kishte heshtur, por ajo ka menduar q\u00eb t\u00ebr\u00eb krimi q\u00eb e ka zbuluar do t\u00eb jet\u00eb shkak p\u00ebr hetim t\u00eb institucioneve kompetente. Kuptohet q\u00eb ka gabuar, pasi ata t\u00eb cil\u00ebt kan\u00eb fituar nga parat\u00eb shtet\u00ebrore p\u00ebr karburant akoma jan\u00eb n\u00eb pozita t\u00eb larta n\u00eb MPB, kurse ajo si denoncues i paligjshm\u00ebris\u00eb \u00ebsht\u00eb larguar nga puna.<\/div>\n<div>Si ilustrim \u2013 kontrolli i dokumenteve p\u00ebr nj\u00eb automjet ka treguar q\u00eb p\u00ebr nj\u00eb muaj e gjysm\u00eb jan\u00eb harxhuar mbi 11,5 mij\u00eb marka gjermane t\u00eb koh\u00ebs p\u00ebr pjes\u00eb, e n\u00eb at\u00eb koh\u00eb p\u00ebr at\u00eb t\u00eb holla mundej t\u00eb blihet automjet i ri. Automjetit t\u00eb nj\u00ebjt\u00eb p\u00ebr 15 dit\u00eb i jan\u00eb nd\u00ebrruar shtat\u00eb goma t\u00eb jashtme. Numrat e palogjikshme kan\u00eb qen\u00eb t\u00eb mjaftueshme q\u00eb Llazarevska t\u00eb mundohet t\u00eb denoncoj\u00eb krimin me shpres\u00eb q\u00eb fajtor\u00ebt t\u00eb jen\u00eb t\u00eb d\u00ebnuar dhe t\u00eb larguar, por ajo vet ka p\u00ebsuar. Thjesht, kilometrazhi dhe sasia e karburantit t\u00eb harxhuar nuk jan\u00eb p\u00ebrputhur, kurse pjes\u00ebt rezerv\u00eb jan\u00eb bler\u00eb si me qen\u00eb t\u00eb letr\u00ebs.<\/div>\n<div>Sapo q\u00eb ka zbuluar krimin, \u00a0disa drejtues n\u00eb MPB, me q\u00ebllim q\u00eb t\u00eb shp\u00ebtojn\u00eb veten, kan\u00eb filluar t\u2019i hakmerren. N\u00eb fillim kan\u00eb nisur ta kontrollojn\u00eb \u00e7do dit\u00eb kur ka dal\u00eb nga puna, t\u00eb frik\u00ebsuar q\u00eb Llazarevska do t\u00eb \u00e7oj\u00eb pjes\u00eb nga dokumentacioni n\u00eb prokurorin\u00eb publike q\u00eb t\u00eb hap\u00eb hetim. Pas mbarimit \u00eb koh\u00ebs s\u00eb pun\u00ebs, ajo \u00ebsht\u00eb kontrolluar posa\u00e7\u00ebrisht, edhe pse nuk kan\u00eb pasur t\u00eb drejt\u00eb t\u00eb b\u00ebjn\u00eb k\u00ebt\u00eb, por frika q\u00eb do t\u00eb kuptohet p\u00ebr karburantin dhe pjes\u00ebt rezerv\u00eb t\u00eb vjedhura i ka \u00e7uar drejtuesit t\u00eb dalin jasht\u00eb nga kompetencat dhe rregulloret e tyre. Por nj\u00eb dit\u00eb Lazarevsk\u00ebn e kan\u00eb kidnapuar n\u00eb ministrin\u00eb, e at\u00ebher\u00eb Siteli raportoi q\u00eb n\u00eb MPB ka dram\u00eb pengjesh.<\/div>\n<div><\/div>\n<div><\/div>\n<div><\/div>\n<div><b>N\u00cb VEND T\u00cb T\u00cb DENONCUARVE, E NDJEKIN DENONCUESIN<\/b><\/div>\n<div><\/div>\n<div>Ta kishte ditur \u00e7ka e pret m\u00eb tutje, pasi e ka zbuluar vjedhjen, Llazarevska ndoshta edhe do kishte heshtur, por besimi n\u00eb institucionet i ka dh\u00ebn\u00eb shpres\u00eb q\u00eb nj\u00eb dit\u00eb ata q\u00eb jan\u00eb p\u00ebrgjegj\u00ebs do t\u00eb d\u00ebnohen. Sidoqoft\u00eb, ata, n\u00eb vend q\u00eb t\u00eb ballafaqohen me ligjin, i kan\u00eb p\u00ebrdorur pozitat dhe kan\u00eb filluar t\u00eb hakmerren. N\u00eb fillim, m\u00eb leht\u00eb e kan\u00eb pasur ta transferojn\u00eb n\u00eb vend tjet\u00ebr pune i cili menj\u00ebher\u00eb \u00ebsht\u00eb nd\u00ebrprer\u00eb, e pastaj \u00ebsht\u00eb dashur t\u00eb punoj\u00eb si pastruese, sa m\u00eb larg nga sektori i financave dhe nga dokumentacioni. Por jo vet\u00ebm kjo, disa dit\u00eb patrull\u00eb policore ka q\u00ebndruar para sht\u00ebpis\u00eb s\u00eb saj dhe e ka ndjekur at\u00eb. E frik\u00ebsuar p\u00ebr veten dhe p\u00ebr f\u00ebmij\u00ebn e saj t\u00eb mitur, ajo ka filluar t\u00eb punoj\u00eb n\u00eb kuzhin\u00ebn n\u00eb stacionin policor n\u00eb lagjen Lisi\u00e7e. Kjo do t\u00eb thot\u00eb q\u00eb jo vet\u00ebm q\u00eb e kan\u00eb transferuar, por edhe e kan\u00eb degraduar.<\/div>\n<div>Prej at\u00ebher\u00eb fillon beteja e saj\u00eb institucionale &#8211; n\u00eb fillim ka dor\u00ebzuar ankes\u00eb p\u00ebr vendimin p\u00ebr vendin e ri t\u00eb pun\u00ebs. Por kjo nuk \u00ebsht\u00eb asgj\u00eb n\u00eb krahasim me at\u00eb q\u00eb ka vijuar. \u00a0Eprori i atjesh\u00ebm i ka treguar se vendi i ri i pun\u00ebs \u00ebsht\u00eb d\u00ebnim pasi q\u00eb n\u00eb MPB \u00ebsht\u00eb z\u00ebn\u00eb n\u00eb krim!? Krejt\u00ebsisht e kund\u00ebrt nga realiteti. Atje \u00ebsht\u00eb torturuar vrazhd\u00eb, nga sp\u00ebrkatja deri n\u00eb l\u00ebkur\u00eb me uj\u00eb t\u00eb ftoht\u00eb nga gypi p\u00ebr sp\u00ebrkatje, fyerje, por edhe sulm fizik, si q\u00eb thot\u00eb ajo, nga ana e R.J., dhe ka p\u00ebrfunduar n\u00eb spital dhe n\u00eb pushim mjek\u00ebsor p\u00ebr tre muaj.<\/div>\n<div>Pasi q\u00eb ka paditur p\u00ebr nd\u00ebrrimin e vendit t\u00eb pun\u00ebs, i kan\u00eb dh\u00ebn\u00eb vendim t\u00eb ri me t\u00eb cilin e kan\u00eb \u00a0shpallur tepric\u00eb teknologjike. Nga MPB kan\u00eb pranuar q\u00eb vendi n\u00eb t\u00eb cilin e kan\u00eb nd\u00ebrruar, me t\u00eb v\u00ebrtet\u00eb \u00ebsht\u00eb nd\u00ebrprer\u00eb dhe sjellin vendim t\u00eb ri p\u00ebr ndalim t\u00eb pun\u00ebs sipas nevoj\u00ebs s\u00eb sh\u00ebrbimit. Kuptohet q\u00eb ajo parashtron ankes\u00eb dhe padi, por para se t\u00eb merret vendimi, nga MPB e kthejn\u00eb n\u00eb vendin e pun\u00ebs t\u00eb cilin vet\u00eb e kan\u00eb nd\u00ebrprer\u00eb.<\/div>\n<div>P\u00ebr shkak t\u00eb nd\u00ebrrimit t\u00eb paligjsh\u00ebm t\u00eb vendit t\u00eb pun\u00ebs, Zorica e aktivizon padin\u00eb e par\u00eb dhe tre vjet t\u00eb plota punon si pastruese dhe n\u00ebp\u00ebr gjykata e k\u00ebrkon drejt\u00ebsin\u00eb dhe t\u00eb v\u00ebrtet\u00ebn e shkelur. Edhe pse gjykata vendos n\u00eb dobi t\u00eb saj, sidoqoft\u00eb udh\u00ebheq\u00ebsia e MPB n\u00eb vend t\u00eb sektorit t\u00eb financave, e d\u00ebrgon at\u00eb n\u00eb sh\u00ebrbimin kadrovik t\u00eb ministris\u00eb. Duke i kryer detyrat e pun\u00ebs, ajo n\u00ebp\u00ebr dosjet zbulon q\u00eb i pun\u00ebsuar n\u00eb MPB q\u00eb ka kryer vrasje ende nuk \u00ebsht\u00eb larguar nga lista dhe merr rrog\u00eb. Duke menduar q\u00eb b\u00ebhet fjal\u00eb p\u00ebr gabim, e njofton eprorin, por n\u00eb vend q\u00eb t\u00eb k\u00ebrkohet fajtori p\u00ebr k\u00ebt\u00eb gabim, Zoric\u00ebs i ndalohet qasja me dosjet e t\u00eb pun\u00ebsuarve n\u00eb SPB Shkup.<\/div>\n<div>Pastaj e angazhojn\u00eb p\u00ebr regjistrim t\u00eb jasht\u00ebzakonsh\u00ebm t\u00eb inventarit n\u00eb MPB dhe t\u00eb gjitha stacionet policore n\u00eb SPB Shkup. S\u00eb pari \u00ebsht\u00eb an\u00ebtar i komisionit n\u00eb regjistrim t\u00eb zakonsh\u00ebm n\u00eb SPB Shkup, e pasi e kryen m\u00eb s\u00eb miri regjistrimin, e v\u00ebn\u00eb n\u00eb m\u00eb tep\u00ebr komisione t\u00eb regjistrimit si kryetar i regjistrimit t\u00eb jasht\u00ebzakonsh\u00ebm. P\u00ebrgjegj\u00ebsia ndaj detyrave t\u00eb pun\u00ebs edhe k\u00ebtu e v\u00eb n\u00eb konflikt me funksionar\u00eb t\u00eb lart\u00eb, kur zbulon q\u00eb automjete t\u00eb reja \u00e7regjistrohen nga inventari si t\u00eb braktisura, kurse ato i ngasin persona drejtues, nd\u00ebrsa automjetet e rr\u00ebnuara dhe t\u00eb braktisura regjistrohen n\u00eb parkun e automjeteve t\u00eb MPB.<\/div>\n<div>P\u00ebr shkak t\u00eb m\u00eb tep\u00ebr padive kund\u00ebr MPB, q\u00eb t\u00eb jet\u00eb m\u00eb larg qendr\u00ebs, n\u00eb shtator t\u00eb vitit 2007 ia nd\u00ebrrojn\u00eb vendin e pun\u00ebs jasht\u00eb Shkupit n\u00eb SPB Kumanov\u00eb, n\u00eb qendr\u00ebn operative kujdestare. Pozicioni ka k\u00ebrkuar q\u00eb t\u00eb mban uniform\u00eb t\u00eb cil\u00ebn kurr\u00eb nuk ia kan\u00eb dh\u00ebn\u00eb zyrtarisht. Epror\u00ebve n\u00eb Kumanov\u00eb ju kan\u00eb urdh\u00ebruar mos e l\u00ebshojn\u00eb n\u00eb vendin e pun\u00ebs pa uniform\u00eb, kurse nga MPB nuk ia kan\u00eb dh\u00ebn\u00eb uniform\u00ebn! Zorica at\u00ebher\u00eb ka qen\u00eb e detyruar t\u00eb kaloj\u00eb nga 12 or\u00eb n\u00eb ul\u00ebse jasht\u00eb stacionit. Nuk i \u00ebsht\u00eb lejuar as t\u00eb p\u00ebrdor\u00eb tualetin, edhe pse \u00ebsht\u00eb dashur q\u00eb doemos t\u00eb jet\u00eb n\u00eb pun\u00eb nga 12 or\u00eb, q\u00eb mos t\u00eb ndalet marr\u00ebdh\u00ebnia e pun\u00ebs.<\/div>\n<div><\/div>\n<div>Duke mos mundur t\u00eb duron shtypjen, ajo ka paraqitur tek Inspektorati i pun\u00ebs dhe tek Avokati i popullit. Ka k\u00ebrkuar edhe televizionet t\u00eb incizojn\u00eb por kur nj\u00eb gazetare nga TV Telma ka dashur t\u00eb incizon, e ka p\u00ebrz\u00ebn\u00eb Drejtoresha e analitikes n\u00eb SPB Kumanov\u00eb. Pas reagimit t\u00eb Avokatit t\u00eb popullit dhe inspektorit nga inspektorati i pun\u00ebs, dhe keqtrajtimit nj\u00ebmujor n\u00eb ul\u00ebset para stacionit kan\u00eb marr urdhrin ta l\u00ebshojn\u00eb n\u00eb pun\u00eb. E kan\u00eb v\u00ebn\u00eb t\u00eb punon n\u00eb tri nd\u00ebrrime, ku nj\u00ebra i ka p\u00ebrfunduar n\u00eb ora 23, kurse ka pasur autobus vet\u00ebm deri n\u00eb ora 20.<\/div>\n<div>N\u00eb sektorin p\u00ebr analitik\u00eb, p\u00ebr shkak t\u00eb rezultateve t\u00eb arritura \u00ebsht\u00eb propozuar t\u00eb shp\u00ebrblehet me 15 p\u00ebr qind t\u00eb t\u00eb ardhurave personale, p\u00ebr shkak t\u00eb notave t\u00eb larta q\u00eb i ka fituar. Notimi nuk ju ka p\u00eblqyer funksionar\u00ebve t\u00eb lart\u00eb n\u00eb MPB, kurse \u00e7mimin nga propozimi kurr\u00eb nuk e ka marr pasi ministrja Gordana Jankullovska personalisht i ka th\u00ebn\u00eb se ajo kurr\u00eb nuk do t\u00eb lejon t\u00eb shp\u00ebrblehem me shpjegimin se \u201cti p\u00ebrgjigjesh para meje, jo un\u00eb para teje\u201d.<\/div>\n<div>Prej fillimit t\u00eb k\u00ebtyre ngjarjeve nga viti 2000, kur p\u00ebr her\u00eb t\u00eb par\u00eb \u00ebsht\u00eb zbuluar krimi, e deri sot, personat p\u00ebr t\u00eb cil\u00ebt \u00ebsht\u00eb kuptuar se kan\u00eb vjedhur karburant dhe pjes\u00eb rezerve arrijn\u00eb n\u00eb funksione t\u00eb larta, pa d\u00ebnime, dhe t\u00ebr\u00eb koh\u00ebn ato nuk dor\u00ebzohen nga q\u00ebllimi q\u00eb t\u00eb d\u00ebmtojn\u00eb Llazarevsk\u00ebn.<\/div>\n<div><\/div>\n<div><\/div>\n<div><\/div>\n<div><b>E PAFUQISHME KUND\u00cbR MPB KA DOR\u00cbZUAR PARASHTRESA N\u00cb GJYKAT\u00cb \u00a0\u00a0<\/b><\/div>\n<div><\/div>\n<div>Pasi ka kuptuar se nuk mund t\u00eb provoj\u00eb t\u00eb v\u00ebrtet\u00ebn me organet e brendshme t\u00eb MPB, Llazarevska ka nisur t\u00eb dor\u00ebzon parashtresa gjyqeve. Paralelisht ka nisur tre procedura, pik\u00ebrisht p\u00ebr rastet q\u00eb kan\u00eb dashur ti shfryt\u00ebzojn\u00eb q\u00eb t\u2019i merret autorizimi si person zyrtar dhe m\u00eb leht\u00eb ta largojn\u00eb nga vendi i pun\u00ebs. Nj\u00ebher\u00eb ka paraqitur rastin ku derisa ka qen\u00eb n\u00eb pushim mjek\u00ebsor kinse nuk ka njoftuar epror\u00ebt, por gjykata p\u00ebrkund\u00ebr deklaratave dhe provave merr vendim n\u00eb d\u00ebm t\u00eb saj, gjegj\u00ebsisht n\u00eb dobi t\u00eb MPB. Tani kjo l\u00ebnd\u00eb \u00ebsht\u00eb n\u00eb revizion n\u00eb Gjykat\u00ebn Supreme.<\/div>\n<div>Pastaj Llazarevska nis proces tjet\u00ebr p\u00ebr rastin me vendimin ku ajo d\u00ebnohet me marrje rroge p\u00ebr tre muaj. Kur ia kan\u00eb dh\u00ebn\u00eb vendimin, ka shkruar se ka edhe shtojca, por aso nuk ka pranuar as sh\u00ebnime, as procesverbale, as arsyetim se pse konkretisht d\u00ebnohet. \u00a0Prandaj ajo ka fshir\u00eb me vij\u00eb pjes\u00ebn ku thot\u00eb se i kan\u00eb dh\u00ebn\u00eb edhe shtojca me vendimin. P\u00ebr k\u00ebt\u00eb kan\u00eb nisur mas\u00eb disiplinore p\u00ebr shkelje t\u00eb r\u00ebnd\u00eb t\u00eb disiplin\u00ebs. Habit fakti se n\u00eb k\u00ebto raste t\u00eb pushimi mjek\u00ebsor Llazarevsk\u00ebs i kan\u00eb ndal nj\u00eb pjes\u00eb t\u00eb rrog\u00ebs, kurse pastaj gjat\u00eb proceseve \u00ebsht\u00eb deklaruar se ajo nuk ka dor\u00ebzuar dokumente me k\u00ebrkesat.<\/div>\n<div>Procesi i tret\u00eb \u00ebsht\u00eb p\u00ebr nj\u00eb ngjarje q\u00eb ka ndodhur n\u00eb nj\u00eb vikend. At\u00eb kan\u00eb thirrur t\u00eb vije n\u00eb pun\u00eb t\u00eb shtun\u00ebn, s\u00eb bashku me t\u00eb gjith\u00eb koleg\u00ebt nga Analitika, por n\u00eb vend q\u00eb t\u00eb vijn\u00eb t\u00eb gjith\u00eb vjen vet\u00ebm Zorica dhe nj\u00eb nga koleget. N\u00eb pun\u00eb nuk \u00ebsht\u00eb paraqitur kolegia q\u00eb ka pasur procesverbalin p\u00ebr aktpadi p\u00ebr kund\u00ebrvajtje ku Zorica \u00ebsht\u00eb dashur t\u00eb sh\u00ebnon parashtresat tjera p\u00ebr kund\u00ebrvajtje dhe p\u00ebr k\u00ebt\u00eb shkak \u00ebsht\u00eb dashur t\u00eb vjen n\u00eb pun\u00eb edhe t\u00eb nes\u00ebrmen, t\u00eb diel\u00ebn, q\u00eb t\u00eb p\u00ebrfundon pun\u00ebn. T\u00eb h\u00ebn\u00ebn ka pritur t\u2019i n\u00ebnshkruhen n\u00eb procesverbal , pasi i ka \u00a0p\u00ebrfunduar t\u00eb gjitha parashtresa, por n\u00eb vend t\u00eb asaj i kan\u00eb nisur procedur\u00eb disiplinore ose me iniciativ\u00ebn e vet ka ardhur n\u00eb pun\u00eb t\u00eb diel\u00ebn!?<\/div>\n<div>&#8211; N\u00eb k\u00ebt\u00eb proces gjyq\u00ebsor jan\u00eb paraqitur edhe dokumente t\u00eb falsifikuara se gjoja at\u00eb vikend kam qen\u00eb n\u00eb pushim, q\u00eb jan\u00eb p\u00ebrdorur si prov\u00eb e rrejshme \u201cfalsifikat p\u00ebr t\u00eb cil\u00ebn k\u00ebrkohet p\u00ebrgjegj\u00ebsi penale\u201d. Th\u00ebn\u00eb thjesht\u00eb, p\u00ebr secil\u00ebn imt\u00ebsi, pa marr parasysh se sa mundohesha t\u00eb tregohem si pun\u00ebtore, funksionar\u00ebt e fuqish\u00ebm e kthenin t\u00eb v\u00ebrtet\u00ebn kund\u00ebr meje \u2013 ankohet Llazarevska.<\/div>\n<div>Por, t\u00eb b\u00ebhej fjal\u00eb vet\u00ebm p\u00ebr k\u00ebto tre raste gjyq\u00ebsore ku MPB gjithmon\u00eb del si fitues ndoshta edhe do ishte m\u00eb leht\u00eb. Por Llazarevska \u00ebsht\u00eb detyruar t\u00eb hap edhe dy raste t\u00eb reja. Gjegj\u00ebsisht, n\u00eb vitin 2011 askush nuk ka vler\u00ebsuar pun\u00ebn e saj, edhe pse ajo \u00ebsht\u00eb e domosdoshme. E nj\u00ebjta ka ndodhur edhe n\u00eb vitin 2012. N\u00eb mars t\u00eb vitit 2013 ka dor\u00ebzuar k\u00ebrkes\u00eb me shkrim q\u00eb t\u00eb vler\u00ebsohet tek drejtori i drejtori SPB , por ka fituar p\u00ebrgjigjen se vet\u00ebm m\u00eb ka qen\u00eb e notuar nga drejtorja p\u00ebr analitik\u00eb, pasi m\u00eb her\u00ebt ka refuzuar t\u00eb n\u00ebnshkruhet n\u00eb formular. Absurdi \u00ebsht\u00eb se formulari \u00ebsht\u00eb plot\u00ebsuar n\u00eb mars, kurse n\u00eb dokument shkruan se kinse ka refuzuar t\u00eb n\u00ebnshkruhet n\u00eb shkurt.<\/div>\n<div>Para se t\u00eb arsyetojm\u00eb edhe rastin e pest\u00eb dhe ndoshta m\u00eb t\u00eb r\u00ebnd\u00ebsish\u00ebm n\u00eb fatin e Llazarevsk\u00ebs, t\u00eb theksojm\u00eb se tre padit\u00eb e para p\u00ebr procedurat disiplinore jan\u00eb n\u00eb Gjykat\u00ebn supreme, kurse ajo p\u00ebr vler\u00ebsimin e pun\u00ebs s\u00eb saj n\u00eb Gjykat\u00ebn e apelit.<\/div>\n<div>T\u00eb plot\u00ebsojm\u00eb se problemet m\u00eb t\u00eb m\u00ebdha n\u00eb Kumanov\u00eb paraqiten kur ajo njofton me shkrim Gruevskin dhe Jankullovsk\u00ebn se n\u00eb stacion fshihen aktpadit\u00eb p\u00ebr kund\u00ebrvajtje deri sa t\u00eb vjet\u00ebrsohen.<\/div>\n<div>&#8211; T\u00eb gjitha proceset ndiqen me peripeci dhe situata t\u00eb \u00e7uditshme, prandaj kjo zgjat me vite, me ndryshime t\u00eb gjykat\u00ebsve, me ri-hapjen e rasteve disa her\u00eb dhe vazhdimisht me paraqitjen e provave t\u00eb reja, gjitha me q\u00ebllim q\u00eb un\u00eb t\u00eb posht\u00ebrohem dhe eliminohem \u2013 tregon Llazarevska. Edhe pse disa nga proceset i ka fituar fillimisht, asnj\u00eb nga p\u00ebrgjegj\u00ebsit n\u00eb MPB nuk \u00ebsht\u00eb p\u00ebrgjigjur p\u00ebr veprat e tyre.<\/div>\n<div><\/div>\n<div><\/div>\n<div><\/div>\n<div><b>MISIONI \u00cbSHT\u00cb I SUKSESSH\u00cbM \u2013 E PUN\u00cbSUARA \u00cbSHT\u00cb LARGUAR\u00a0<\/b><\/div>\n<div><\/div>\n<div>Sigurisht q\u00eb kur nj\u00eb individ nis betej\u00eb me shtetin, n\u00eb k\u00ebt\u00eb rast MPB, nuk i ik d\u00ebshtimi. Q\u00ebllimi i individ\u00ebve t\u00eb p\u00ebrzier\u00eb n\u00eb akte t\u00eb paligjshme arrihet. Pas s\u00ebr\u00eb p\u00ebrpjekjesh dhe peripecish \u00a0n\u00eb rastet gjyq\u00ebsore Llazarevska p\u00ebrfundimisht \u00ebsht\u00eb larguar nga vendi i pun\u00ebs. Por, mbetet pyetja n\u00ebse ajo \u00ebsht\u00eb b\u00ebr\u00eb n\u00eb m\u00ebnyr\u00eb t\u00eb ligjshme. Duke mos gjetur m\u00ebnyr\u00eb se si ta largojn\u00eb nga vendi i pun\u00ebs, epror\u00ebt e d\u00ebrgojn\u00eb n\u00eb pension, por edhe k\u00ebtu ka mosp\u00ebrputhshm\u00ebri. Sipas marr\u00ebveshjes kolektive, i pun\u00ebsuari shkon n\u00eb pension kur do t\u00eb mbush 40 vjet p\u00ebrvoj\u00eb pune pa marr parasysh mosh\u00ebn, dhe k\u00ebshtu plot\u00ebsohet e drejta p\u00ebr pension t\u00eb plot\u00eb. Por, edhe pse n\u00eb SPIM ekzistojn\u00eb t\u00eb gjitha vitet e pun\u00ebs q\u00eb figurojn\u00eb edhe n\u00eb list\u00ebn p\u00ebr rroga n\u00eb MPB m\u00eb shum\u00eb se 22 vjet, nga MPB i fshijn\u00eb nj\u00eb pjes\u00eb t\u00eb p\u00ebrvoj\u00ebs s\u00eb pun\u00ebs q\u00eb ta l\u00ebn\u00eb me 15 vjet p\u00ebrvoj\u00eb pune.<\/div>\n<div>-Ata gjet\u00ebn m\u00ebnyr\u00eb se si t\u00eb fshijn\u00eb vite nga p\u00ebrvoja ime e pun\u00ebs. Edhe pse n\u00eb Fondin pensional ende ka t\u00eb dh\u00ebna se sa kam punuar, ata b\u00ebjn\u00eb gjith\u00e7ka q\u00eb mos t\u00eb realizoj\u00eb t\u00eb drejt\u00ebn time. Vendimin q\u00eb ma dhan\u00eb \u00ebsht\u00eb se pensionohem me vet\u00ebm 15 vjet p\u00ebrvoj\u00eb pune, dhe jo me 40. Dor\u00ebzova v\u00ebrejtje tek Komisioni i shkall\u00ebs s\u00eb dyt\u00eb, q\u00eb p\u00ebr \u00e7udi mu pranua, dhe me k\u00ebt\u00eb duhet t\u00eb vazhdoj t\u00eb shkoj n\u00eb pun\u00eb deri sa t\u00eb plot\u00ebsoj vitet q\u00eb m\u00eb mungojn\u00eb deri n\u00eb 40, p\u00ebr t\u00eb cilat m\u00eb mungojn\u00eb disa muaj. \u00a0Por, n\u00eb vend q\u00eb t\u00eb m\u00eb lejojn\u00eb t\u00eb shkoj n\u00eb pun\u00eb, p\u00ebrs\u00ebri polic\u00ebt tek dyert nuk m\u00eb lejojn\u00eb t\u00eb hyj brenda, p\u00ebr shkaqe q\u00eb vet\u00ebm ato i din\u00eb \u2013 tregon Llazarevska.<\/div>\n<div>Kjo ndodh n\u00eb tetor t\u00eb vitit 2013, kurse ajo shkon n\u00eb pun\u00eb deri n\u00eb korrik t\u00eb vitit 2014 kur edhe e mbush kushtin p\u00ebr 40 vjet p\u00ebrvoj\u00eb pune. P\u00ebr k\u00ebt\u00eb periudh\u00eb q\u00eb kontestohet Llazarevska ka dokumentacion se ka qen\u00eb n\u00eb pun\u00eb dhe e ka plot\u00ebsuar kushtin p\u00ebr pension t\u00eb plot\u00eb. Por, p\u00ebrskaj k\u00ebsaj, p\u00ebrs\u00ebri i japin vendim p\u00ebr pension me p\u00ebrvoj\u00eb m\u00eb t\u00eb vog\u00ebl t\u00eb pun\u00ebs, q\u00eb tani ka edhe ankes\u00eb dhe pritet vendim gati dy vite. N\u00eb nd\u00ebrkoh\u00eb, Llazarevska nuk pranon as pension, e as q\u00eb i paguhen kontributet. Me k\u00ebt\u00eb, 15 vjet i hakmerren vet\u00ebm se ka zbuluar krim me karburant dhe pjes\u00eb rezerve. 18 muajt e fundit gjendet n\u00eb udh\u00ebkryq, duke pritur ndihm\u00ebn e gjykat\u00ebs dhe institucioneve tjera. Thjesht\u00eb, \u00a0edhe pse Maqedonia para shum\u00eb kohe duhej t\u00eb ket\u00eb ligj me t\u00eb cilin do t\u00eb mbrohen personat q\u00eb paraqesin krime, fakti \u00ebsht\u00eb se kur t\u00eb till\u00ebt inkurajohen, pastaj vuajn\u00eb, pasi ato q\u00eb jan\u00eb paraqitur jan\u00eb m\u00eb t\u00eb fuqish\u00ebm.<\/div>\n<div><\/div>\n<div><\/div>\n<div><\/div>\n<div><b>GRUEVSKI DHE \u00c7AVKOV E NJOHIN RASTIN\u00a0<\/b><\/div>\n<div><\/div>\n<div>Llazarevska \u00a0disa her\u00eb ka njoftuar edhe kryeministrin Gruevski edhe ministrin \u00c7avkov p\u00ebr peripecit\u00eb e veta, t\u00eb cil\u00ebt madje kan\u00eb k\u00ebrkuar edhe prova shtes\u00eb p\u00ebr krimin me karburantin dhe pjes\u00ebt rezerve, por ajo ka qen\u00eb vet\u00ebm mask\u00eb. Asnj\u00ebri nuk ka shfaqur interes p\u00ebr hetim. Sipas supozimeve t\u00eb Llazarevsk\u00ebs, pasi q\u00eb edhe bashk\u00ebpun\u00ebtor\u00ebt e tyre kan\u00eb qen\u00eb t\u00eb p\u00ebrzier\u00eb n\u00eb k\u00ebt\u00eb pun\u00eb, dhe po t\u00eb nj\u00ebjtit n\u00eb vend q\u00eb t\u00eb ndiqen, jan\u00eb shp\u00ebrblyer dhe avancuar n\u00eb karrier\u00eb. Llazarevska ka arritur t\u00eb siguron dokumentacionin p\u00ebr t\u00eb gjitha dyshimet p\u00ebr krime dhe ta dor\u00ebzon tek autoritetet kompetente, por edhe tek autoritetet politike, por edhe ato nuk kan\u00eb shfaqur interes, edhe pse \u00ebsht\u00eb n\u00eb interes t\u00eb shtetit q\u00eb ky rast t\u00eb hetohet dhe t\u00eb zbulohet se kush ka vjedhur.<\/div>\n<div><\/div>\n<div><\/div>\n<div><\/div>\n<div><b>LLAZAREVSKA KA NJOHUR RASTIN E VET N\u00cb \u201cBOMBAT\u201d E ZAEVIT\u00a0<\/b><\/div>\n<div><\/div>\n<div>N\u00eb nj\u00eb prej audio-incizimeve nga bisedat telefonike t\u00eb p\u00ebrgjuara q\u00eb i shpalos opozita, t\u00eb ish ministres Jankullovska dhe ish drejtorit t\u00eb DSK Mijallkov flasin p\u00ebr padit\u00eb q\u00eb t\u00eb pun\u00ebsuarit i kan\u00eb dor\u00ebzuar kund\u00ebr MPB. E hidh\u00ebruar nga numri i madh i padive, Jankullovska k\u00ebrc\u00ebnohet se do t\u2019i largon t\u00eb gjith\u00eb nga puna n\u00ebse nuk i t\u00ebrheqin padit\u00eb. Madje, vitet e fundit sindikata e policis\u00eb kishte njoftime tek t\u00eb pun\u00ebsuarit q\u00eb t\u00eb t\u00ebrheqin padit\u00eb. Q\u00eb frika t\u00eb jet\u00eb m\u00eb e madhe, num\u00ebr i madh i polic\u00ebve q\u00eb kan\u00eb fituar vendime t\u00eb gjyqit me nga tre mij\u00eb euro, n\u00eb fund, n\u00ebn shtypje kan\u00eb vendosur ti t\u00ebrheqin padit\u00eb dhe mos ta marrin d\u00ebmshp\u00ebrblimin.<\/div>\n<div><\/div>\n<div><b>LLAZAREVSKA: M\u00cb KIDNAPUAN Q\u00cb T\u00cb M\u00cb LIKUIDOJN\u00cb\u00a0<\/b><\/div>\n<div><\/div>\n<div>Pasi ka zbuluar krimin dhe para se t\u00eb nisin proceset gjyq\u00ebsore, Llazarevska pretendon se e kan\u00eb kidnapuar dhe e kan\u00eb mbyllur n\u00eb zyr\u00eb t\u00eb MPB. \u00a0Telefonin ia kan\u00eb fikur dhe e kan\u00eb penguar q\u00eb t\u00eb komunikon me f\u00ebmij\u00ebn. \u2013 E dija se donin t\u00eb m\u00eb likuidojn\u00eb, t\u00eb m\u00eb hedhin nga dritarja q\u00eb t\u00eb duket si vet\u00ebvrasje. Madje edhe paraprakisht kishin thirrur mjek q\u00eb t\u00eb konstaton vdekjen time. M\u00eb liruan von\u00eb nat\u00ebn pasi erdh\u00ebn p\u00ebrfaq\u00ebsues t\u00eb lart\u00eb t\u00eb MPB dhe Qeveris\u00eb, si duket vendos\u00ebn se m\u00eb mir\u00eb \u00ebsht\u00eb t\u00eb m\u00eb l\u00ebn\u00eb t\u00eb gjall\u00eb dhe t\u00eb ballafaqohemi n\u00eb gjyq se sa t\u00eb m\u00eb vrasin \u2013 kujtohet Llazarevska.<\/div>\n<div><\/div>\n<div><\/div>\n<div><i><b>Autor: Ljubisha ARSI\u00c7<\/b><\/i><\/div>\n<div><\/div>\n<div><\/div>\n<div>\u00a0\u00a0<b><i>Transparensi Internesh\u00ebn\u00ebll Maqedonia zbaton projektin \u201cP\u00ebrfaq\u00ebsimi i mbrojtjes s\u00eb lajm\u00ebruese, p\u00ebrfshir\u00eb mediet dhe shoq\u00ebrin\u00eb civile\u201d i p\u00ebrkrahur nga Ambasada e Mbret\u00ebris\u00eb s\u00eb Holand\u00ebs.\u00a0<\/i><\/b><\/div>\n<div><b><i>\u00a0<\/i><\/b><\/div>\n<div><b><i>Storia hulumtuese \u00ebsht\u00eb p\u00ebrgatitur n\u00eb suaza t\u00eb projektit, dhe nuk pasqyron q\u00ebndrimet e Ambasad\u00ebs s\u00eb Mbret\u00ebris\u00eb s\u00eb Holand\u00ebs.\u00a0<\/i><\/b><\/div>\n","protected":false},"excerpt":{"rendered":"<p>17.07.2015 Praktika maqedonase shum\u00eb her\u00eb ka treguar q\u00eb n\u00eb vend t\u00eb vjedh\u00ebsit, fajtor \u00ebsht\u00eb ai q\u00eb e ka denoncuar. Kjo gjithsesi q\u00eb p\u00ebrkujton situat\u00ebn politiko-ligjore t\u00eb momentit me audio-incizimet nga p\u00ebrgjimet. Zoran Zaev \u00ebsht\u00eb p\u00ebrgjegj\u00ebs q\u00eb i ka materialet dhe q\u00eb i publikon dhe p\u00ebr k\u00ebt\u00eb dosja \u201ePu\u00e7\u201c shtyhet nga institucionet shtet\u00ebrore, por jo edhe&hellip;<\/p>\n","protected":false},"author":1,"featured_media":9688,"comment_status":"closed","ping_status":"open","sticky":false,"template":"","format":"standard","meta":{"_monsterinsights_skip_tracking":false,"_monsterinsights_sitenote_active":false,"_monsterinsights_sitenote_note":"","_monsterinsights_sitenote_category":0,"footnotes":""},"categories":[90],"tags":[],"class_list":["post-9708","post","type-post","status-publish","format-standard","has-post-thumbnail","hentry","category-lajme","category-90","description-off"],"yoast_head":"<!-- This site is optimized with the Yoast SEO plugin v25.8 - https:\/\/yoast.com\/wordpress\/plugins\/seo\/ -->\n<title>Funksionar\u00eb policor kan\u00eb vjedhur nga MPB, n\u00ebpun\u00ebsja q\u00eb i ka denoncuar ka mbetur pa pun\u00eb - Transparency International<\/title>\n<meta name=\"robots\" content=\"index, follow, max-snippet:-1, max-image-preview:large, max-video-preview:-1\" \/>\n<link rel=\"canonical\" href=\"https:\/\/transparency.mk\/sq\/2015\/07\/17\/funksionare-policor-kane-vjedhur-nga-mpb-nepunesja-qe-i-ka-denoncuar-ka-mbetur-pa-pune\/\" \/>\n<meta property=\"og:locale\" content=\"sq_AL\" \/>\n<meta property=\"og:type\" content=\"article\" \/>\n<meta property=\"og:title\" content=\"Funksionar\u00eb policor kan\u00eb vjedhur nga MPB, n\u00ebpun\u00ebsja q\u00eb i ka denoncuar ka mbetur pa pun\u00eb - Transparency International\" \/>\n<meta property=\"og:description\" content=\"17.07.2015 Praktika maqedonase shum\u00eb her\u00eb ka treguar q\u00eb n\u00eb vend t\u00eb vjedh\u00ebsit, fajtor \u00ebsht\u00eb ai q\u00eb e ka denoncuar. Kjo gjithsesi q\u00eb p\u00ebrkujton situat\u00ebn politiko-ligjore t\u00eb momentit me audio-incizimet nga p\u00ebrgjimet. Zoran Zaev \u00ebsht\u00eb p\u00ebrgjegj\u00ebs q\u00eb i ka materialet dhe q\u00eb i publikon dhe p\u00ebr k\u00ebt\u00eb dosja \u201ePu\u00e7\u201c shtyhet nga institucionet shtet\u00ebrore, por jo edhe&hellip;\" \/>\n<meta property=\"og:url\" content=\"https:\/\/transparency.mk\/sq\/2015\/07\/17\/funksionare-policor-kane-vjedhur-nga-mpb-nepunesja-qe-i-ka-denoncuar-ka-mbetur-pa-pune\/\" \/>\n<meta property=\"og:site_name\" content=\"Transparency International\" \/>\n<meta property=\"article:publisher\" content=\"https:\/\/www.facebook.com\/TransparencyMK\/\" \/>\n<meta property=\"article:published_time\" content=\"2015-07-17T07:44:55+00:00\" \/>\n<meta property=\"article:modified_time\" content=\"2021-02-17T08:45:20+00:00\" \/>\n<meta property=\"og:image\" content=\"https:\/\/transparency.mk\/wp-content\/uploads\/2021\/02\/wb_logo_alb.jpg\" \/>\n\t<meta property=\"og:image:width\" content=\"582\" \/>\n\t<meta property=\"og:image:height\" content=\"156\" \/>\n\t<meta property=\"og:image:type\" content=\"image\/jpeg\" \/>\n<meta name=\"author\" content=\"TI \u0430\u0434\u043c\u0438\u043d\u0438\u0441\u0442\u0440\u0430\u0442\u043e\u0440\" \/>\n<meta name=\"twitter:card\" content=\"summary_large_image\" \/>\n<meta name=\"twitter:creator\" content=\"@ti_macedonia\" \/>\n<meta name=\"twitter:site\" content=\"@ti_macedonia\" \/>\n<meta name=\"twitter:label1\" content=\"Written by\" \/>\n\t<meta name=\"twitter:data1\" content=\"TI \u0430\u0434\u043c\u0438\u043d\u0438\u0441\u0442\u0440\u0430\u0442\u043e\u0440\" \/>\n\t<meta name=\"twitter:label2\" content=\"Est. reading time\" \/>\n\t<meta name=\"twitter:data2\" content=\"19 minutes\" \/>\n<script type=\"application\/ld+json\" class=\"yoast-schema-graph\">{\"@context\":\"https:\/\/schema.org\",\"@graph\":[{\"@type\":\"Article\",\"@id\":\"https:\/\/transparency.mk\/sq\/2015\/07\/17\/funksionare-policor-kane-vjedhur-nga-mpb-nepunesja-qe-i-ka-denoncuar-ka-mbetur-pa-pune\/#article\",\"isPartOf\":{\"@id\":\"https:\/\/transparency.mk\/sq\/2015\/07\/17\/funksionare-policor-kane-vjedhur-nga-mpb-nepunesja-qe-i-ka-denoncuar-ka-mbetur-pa-pune\/\"},\"author\":{\"name\":\"TI \u0430\u0434\u043c\u0438\u043d\u0438\u0441\u0442\u0440\u0430\u0442\u043e\u0440\",\"@id\":\"https:\/\/transparency.mk\/#\/schema\/person\/4ab55c47d82a7d099f63f569c223c903\"},\"headline\":\"Funksionar\u00eb policor kan\u00eb vjedhur nga MPB, n\u00ebpun\u00ebsja q\u00eb i ka denoncuar ka mbetur pa pun\u00eb\",\"datePublished\":\"2015-07-17T07:44:55+00:00\",\"dateModified\":\"2021-02-17T08:45:20+00:00\",\"mainEntityOfPage\":{\"@id\":\"https:\/\/transparency.mk\/sq\/2015\/07\/17\/funksionare-policor-kane-vjedhur-nga-mpb-nepunesja-qe-i-ka-denoncuar-ka-mbetur-pa-pune\/\"},\"wordCount\":3840,\"publisher\":{\"@id\":\"https:\/\/transparency.mk\/#organization\"},\"image\":{\"@id\":\"https:\/\/transparency.mk\/sq\/2015\/07\/17\/funksionare-policor-kane-vjedhur-nga-mpb-nepunesja-qe-i-ka-denoncuar-ka-mbetur-pa-pune\/#primaryimage\"},\"thumbnailUrl\":\"https:\/\/transparency.mk\/wp-content\/uploads\/2021\/02\/wb_logo_alb.jpg\",\"articleSection\":[\"Lajme\"],\"inLanguage\":\"sq-AL\"},{\"@type\":\"WebPage\",\"@id\":\"https:\/\/transparency.mk\/sq\/2015\/07\/17\/funksionare-policor-kane-vjedhur-nga-mpb-nepunesja-qe-i-ka-denoncuar-ka-mbetur-pa-pune\/\",\"url\":\"https:\/\/transparency.mk\/sq\/2015\/07\/17\/funksionare-policor-kane-vjedhur-nga-mpb-nepunesja-qe-i-ka-denoncuar-ka-mbetur-pa-pune\/\",\"name\":\"Funksionar\u00eb policor kan\u00eb vjedhur nga MPB, n\u00ebpun\u00ebsja q\u00eb i ka denoncuar ka mbetur pa pun\u00eb - Transparency International\",\"isPartOf\":{\"@id\":\"https:\/\/transparency.mk\/#website\"},\"primaryImageOfPage\":{\"@id\":\"https:\/\/transparency.mk\/sq\/2015\/07\/17\/funksionare-policor-kane-vjedhur-nga-mpb-nepunesja-qe-i-ka-denoncuar-ka-mbetur-pa-pune\/#primaryimage\"},\"image\":{\"@id\":\"https:\/\/transparency.mk\/sq\/2015\/07\/17\/funksionare-policor-kane-vjedhur-nga-mpb-nepunesja-qe-i-ka-denoncuar-ka-mbetur-pa-pune\/#primaryimage\"},\"thumbnailUrl\":\"https:\/\/transparency.mk\/wp-content\/uploads\/2021\/02\/wb_logo_alb.jpg\",\"datePublished\":\"2015-07-17T07:44:55+00:00\",\"dateModified\":\"2021-02-17T08:45:20+00:00\",\"breadcrumb\":{\"@id\":\"https:\/\/transparency.mk\/sq\/2015\/07\/17\/funksionare-policor-kane-vjedhur-nga-mpb-nepunesja-qe-i-ka-denoncuar-ka-mbetur-pa-pune\/#breadcrumb\"},\"inLanguage\":\"sq-AL\",\"potentialAction\":[{\"@type\":\"ReadAction\",\"target\":[\"https:\/\/transparency.mk\/sq\/2015\/07\/17\/funksionare-policor-kane-vjedhur-nga-mpb-nepunesja-qe-i-ka-denoncuar-ka-mbetur-pa-pune\/\"]}]},{\"@type\":\"ImageObject\",\"inLanguage\":\"sq-AL\",\"@id\":\"https:\/\/transparency.mk\/sq\/2015\/07\/17\/funksionare-policor-kane-vjedhur-nga-mpb-nepunesja-qe-i-ka-denoncuar-ka-mbetur-pa-pune\/#primaryimage\",\"url\":\"https:\/\/transparency.mk\/wp-content\/uploads\/2021\/02\/wb_logo_alb.jpg\",\"contentUrl\":\"https:\/\/transparency.mk\/wp-content\/uploads\/2021\/02\/wb_logo_alb.jpg\",\"width\":582,\"height\":156},{\"@type\":\"BreadcrumbList\",\"@id\":\"https:\/\/transparency.mk\/sq\/2015\/07\/17\/funksionare-policor-kane-vjedhur-nga-mpb-nepunesja-qe-i-ka-denoncuar-ka-mbetur-pa-pune\/#breadcrumb\",\"itemListElement\":[{\"@type\":\"ListItem\",\"position\":1,\"name\":\"Home\",\"item\":\"https:\/\/transparency.mk\/sq\/\"},{\"@type\":\"ListItem\",\"position\":2,\"name\":\"Funksionar\u00eb policor kan\u00eb vjedhur nga MPB, n\u00ebpun\u00ebsja q\u00eb i ka denoncuar ka mbetur pa pun\u00eb\"}]},{\"@type\":\"WebSite\",\"@id\":\"https:\/\/transparency.mk\/#website\",\"url\":\"https:\/\/transparency.mk\/\",\"name\":\"Transparency International\",\"description\":\"Maqedoni\",\"publisher\":{\"@id\":\"https:\/\/transparency.mk\/#organization\"},\"potentialAction\":[{\"@type\":\"SearchAction\",\"target\":{\"@type\":\"EntryPoint\",\"urlTemplate\":\"https:\/\/transparency.mk\/?s={search_term_string}\"},\"query-input\":{\"@type\":\"PropertyValueSpecification\",\"valueRequired\":true,\"valueName\":\"search_term_string\"}}],\"inLanguage\":\"sq-AL\"},{\"@type\":\"Organization\",\"@id\":\"https:\/\/transparency.mk\/#organization\",\"name\":\"\u0422\u0440\u0430\u043d\u0441\u043f\u0430\u0440\u0435\u043d\u0441\u0438 \u0418\u043d\u0442\u0435\u0440\u043d\u0435\u0448\u043d\u043b - \u041c\u0430\u043a\u0435\u0434\u043e\u043d\u0438\u0458\u0430\",\"url\":\"https:\/\/transparency.mk\/\",\"logo\":{\"@type\":\"ImageObject\",\"inLanguage\":\"sq-AL\",\"@id\":\"https:\/\/transparency.mk\/#\/schema\/logo\/image\/\",\"url\":\"https:\/\/transparency.mk\/wp-content\/uploads\/2020\/10\/transparency-mk-logo.png\",\"contentUrl\":\"https:\/\/transparency.mk\/wp-content\/uploads\/2020\/10\/transparency-mk-logo.png\",\"width\":250,\"height\":75,\"caption\":\"\u0422\u0440\u0430\u043d\u0441\u043f\u0430\u0440\u0435\u043d\u0441\u0438 \u0418\u043d\u0442\u0435\u0440\u043d\u0435\u0448\u043d\u043b - \u041c\u0430\u043a\u0435\u0434\u043e\u043d\u0438\u0458\u0430\"},\"image\":{\"@id\":\"https:\/\/transparency.mk\/#\/schema\/logo\/image\/\"},\"sameAs\":[\"https:\/\/www.facebook.com\/TransparencyMK\/\",\"https:\/\/x.com\/ti_macedonia\",\"https:\/\/www.instagram.com\/timacedonia\/\",\"https:\/\/youtube.com\/user\/tzcmacedonia\/\"]},{\"@type\":\"Person\",\"@id\":\"https:\/\/transparency.mk\/#\/schema\/person\/4ab55c47d82a7d099f63f569c223c903\",\"name\":\"TI \u0430\u0434\u043c\u0438\u043d\u0438\u0441\u0442\u0440\u0430\u0442\u043e\u0440\",\"sameAs\":[\"https:\/\/transparency.mk\"]}]}<\/script>\n<!-- \/ Yoast SEO plugin. -->","yoast_head_json":{"title":"Funksionar\u00eb policor kan\u00eb vjedhur nga MPB, n\u00ebpun\u00ebsja q\u00eb i ka denoncuar ka mbetur pa pun\u00eb - Transparency International","robots":{"index":"index","follow":"follow","max-snippet":"max-snippet:-1","max-image-preview":"max-image-preview:large","max-video-preview":"max-video-preview:-1"},"canonical":"https:\/\/transparency.mk\/sq\/2015\/07\/17\/funksionare-policor-kane-vjedhur-nga-mpb-nepunesja-qe-i-ka-denoncuar-ka-mbetur-pa-pune\/","og_locale":"sq_AL","og_type":"article","og_title":"Funksionar\u00eb policor kan\u00eb vjedhur nga MPB, n\u00ebpun\u00ebsja q\u00eb i ka denoncuar ka mbetur pa pun\u00eb - Transparency International","og_description":"17.07.2015 Praktika maqedonase shum\u00eb her\u00eb ka treguar q\u00eb n\u00eb vend t\u00eb vjedh\u00ebsit, fajtor \u00ebsht\u00eb ai q\u00eb e ka denoncuar. Kjo gjithsesi q\u00eb p\u00ebrkujton situat\u00ebn politiko-ligjore t\u00eb momentit me audio-incizimet nga p\u00ebrgjimet. Zoran Zaev \u00ebsht\u00eb p\u00ebrgjegj\u00ebs q\u00eb i ka materialet dhe q\u00eb i publikon dhe p\u00ebr k\u00ebt\u00eb dosja \u201ePu\u00e7\u201c shtyhet nga institucionet shtet\u00ebrore, por jo edhe&hellip;","og_url":"https:\/\/transparency.mk\/sq\/2015\/07\/17\/funksionare-policor-kane-vjedhur-nga-mpb-nepunesja-qe-i-ka-denoncuar-ka-mbetur-pa-pune\/","og_site_name":"Transparency International","article_publisher":"https:\/\/www.facebook.com\/TransparencyMK\/","article_published_time":"2015-07-17T07:44:55+00:00","article_modified_time":"2021-02-17T08:45:20+00:00","og_image":[{"width":582,"height":156,"url":"https:\/\/transparency.mk\/wp-content\/uploads\/2021\/02\/wb_logo_alb.jpg","type":"image\/jpeg"}],"author":"TI \u0430\u0434\u043c\u0438\u043d\u0438\u0441\u0442\u0440\u0430\u0442\u043e\u0440","twitter_card":"summary_large_image","twitter_creator":"@ti_macedonia","twitter_site":"@ti_macedonia","twitter_misc":{"Written by":"TI \u0430\u0434\u043c\u0438\u043d\u0438\u0441\u0442\u0440\u0430\u0442\u043e\u0440","Est. reading time":"19 minutes"},"schema":{"@context":"https:\/\/schema.org","@graph":[{"@type":"Article","@id":"https:\/\/transparency.mk\/sq\/2015\/07\/17\/funksionare-policor-kane-vjedhur-nga-mpb-nepunesja-qe-i-ka-denoncuar-ka-mbetur-pa-pune\/#article","isPartOf":{"@id":"https:\/\/transparency.mk\/sq\/2015\/07\/17\/funksionare-policor-kane-vjedhur-nga-mpb-nepunesja-qe-i-ka-denoncuar-ka-mbetur-pa-pune\/"},"author":{"name":"TI \u0430\u0434\u043c\u0438\u043d\u0438\u0441\u0442\u0440\u0430\u0442\u043e\u0440","@id":"https:\/\/transparency.mk\/#\/schema\/person\/4ab55c47d82a7d099f63f569c223c903"},"headline":"Funksionar\u00eb policor kan\u00eb vjedhur nga MPB, n\u00ebpun\u00ebsja q\u00eb i ka denoncuar ka mbetur pa pun\u00eb","datePublished":"2015-07-17T07:44:55+00:00","dateModified":"2021-02-17T08:45:20+00:00","mainEntityOfPage":{"@id":"https:\/\/transparency.mk\/sq\/2015\/07\/17\/funksionare-policor-kane-vjedhur-nga-mpb-nepunesja-qe-i-ka-denoncuar-ka-mbetur-pa-pune\/"},"wordCount":3840,"publisher":{"@id":"https:\/\/transparency.mk\/#organization"},"image":{"@id":"https:\/\/transparency.mk\/sq\/2015\/07\/17\/funksionare-policor-kane-vjedhur-nga-mpb-nepunesja-qe-i-ka-denoncuar-ka-mbetur-pa-pune\/#primaryimage"},"thumbnailUrl":"https:\/\/transparency.mk\/wp-content\/uploads\/2021\/02\/wb_logo_alb.jpg","articleSection":["Lajme"],"inLanguage":"sq-AL"},{"@type":"WebPage","@id":"https:\/\/transparency.mk\/sq\/2015\/07\/17\/funksionare-policor-kane-vjedhur-nga-mpb-nepunesja-qe-i-ka-denoncuar-ka-mbetur-pa-pune\/","url":"https:\/\/transparency.mk\/sq\/2015\/07\/17\/funksionare-policor-kane-vjedhur-nga-mpb-nepunesja-qe-i-ka-denoncuar-ka-mbetur-pa-pune\/","name":"Funksionar\u00eb policor kan\u00eb vjedhur nga MPB, n\u00ebpun\u00ebsja q\u00eb i ka denoncuar ka mbetur pa pun\u00eb - Transparency International","isPartOf":{"@id":"https:\/\/transparency.mk\/#website"},"primaryImageOfPage":{"@id":"https:\/\/transparency.mk\/sq\/2015\/07\/17\/funksionare-policor-kane-vjedhur-nga-mpb-nepunesja-qe-i-ka-denoncuar-ka-mbetur-pa-pune\/#primaryimage"},"image":{"@id":"https:\/\/transparency.mk\/sq\/2015\/07\/17\/funksionare-policor-kane-vjedhur-nga-mpb-nepunesja-qe-i-ka-denoncuar-ka-mbetur-pa-pune\/#primaryimage"},"thumbnailUrl":"https:\/\/transparency.mk\/wp-content\/uploads\/2021\/02\/wb_logo_alb.jpg","datePublished":"2015-07-17T07:44:55+00:00","dateModified":"2021-02-17T08:45:20+00:00","breadcrumb":{"@id":"https:\/\/transparency.mk\/sq\/2015\/07\/17\/funksionare-policor-kane-vjedhur-nga-mpb-nepunesja-qe-i-ka-denoncuar-ka-mbetur-pa-pune\/#breadcrumb"},"inLanguage":"sq-AL","potentialAction":[{"@type":"ReadAction","target":["https:\/\/transparency.mk\/sq\/2015\/07\/17\/funksionare-policor-kane-vjedhur-nga-mpb-nepunesja-qe-i-ka-denoncuar-ka-mbetur-pa-pune\/"]}]},{"@type":"ImageObject","inLanguage":"sq-AL","@id":"https:\/\/transparency.mk\/sq\/2015\/07\/17\/funksionare-policor-kane-vjedhur-nga-mpb-nepunesja-qe-i-ka-denoncuar-ka-mbetur-pa-pune\/#primaryimage","url":"https:\/\/transparency.mk\/wp-content\/uploads\/2021\/02\/wb_logo_alb.jpg","contentUrl":"https:\/\/transparency.mk\/wp-content\/uploads\/2021\/02\/wb_logo_alb.jpg","width":582,"height":156},{"@type":"BreadcrumbList","@id":"https:\/\/transparency.mk\/sq\/2015\/07\/17\/funksionare-policor-kane-vjedhur-nga-mpb-nepunesja-qe-i-ka-denoncuar-ka-mbetur-pa-pune\/#breadcrumb","itemListElement":[{"@type":"ListItem","position":1,"name":"Home","item":"https:\/\/transparency.mk\/sq\/"},{"@type":"ListItem","position":2,"name":"Funksionar\u00eb policor kan\u00eb vjedhur nga MPB, n\u00ebpun\u00ebsja q\u00eb i ka denoncuar ka mbetur pa pun\u00eb"}]},{"@type":"WebSite","@id":"https:\/\/transparency.mk\/#website","url":"https:\/\/transparency.mk\/","name":"Transparency International","description":"Maqedoni","publisher":{"@id":"https:\/\/transparency.mk\/#organization"},"potentialAction":[{"@type":"SearchAction","target":{"@type":"EntryPoint","urlTemplate":"https:\/\/transparency.mk\/?s={search_term_string}"},"query-input":{"@type":"PropertyValueSpecification","valueRequired":true,"valueName":"search_term_string"}}],"inLanguage":"sq-AL"},{"@type":"Organization","@id":"https:\/\/transparency.mk\/#organization","name":"\u0422\u0440\u0430\u043d\u0441\u043f\u0430\u0440\u0435\u043d\u0441\u0438 \u0418\u043d\u0442\u0435\u0440\u043d\u0435\u0448\u043d\u043b - \u041c\u0430\u043a\u0435\u0434\u043e\u043d\u0438\u0458\u0430","url":"https:\/\/transparency.mk\/","logo":{"@type":"ImageObject","inLanguage":"sq-AL","@id":"https:\/\/transparency.mk\/#\/schema\/logo\/image\/","url":"https:\/\/transparency.mk\/wp-content\/uploads\/2020\/10\/transparency-mk-logo.png","contentUrl":"https:\/\/transparency.mk\/wp-content\/uploads\/2020\/10\/transparency-mk-logo.png","width":250,"height":75,"caption":"\u0422\u0440\u0430\u043d\u0441\u043f\u0430\u0440\u0435\u043d\u0441\u0438 \u0418\u043d\u0442\u0435\u0440\u043d\u0435\u0448\u043d\u043b - \u041c\u0430\u043a\u0435\u0434\u043e\u043d\u0438\u0458\u0430"},"image":{"@id":"https:\/\/transparency.mk\/#\/schema\/logo\/image\/"},"sameAs":["https:\/\/www.facebook.com\/TransparencyMK\/","https:\/\/x.com\/ti_macedonia","https:\/\/www.instagram.com\/timacedonia\/","https:\/\/youtube.com\/user\/tzcmacedonia\/"]},{"@type":"Person","@id":"https:\/\/transparency.mk\/#\/schema\/person\/4ab55c47d82a7d099f63f569c223c903","name":"TI \u0430\u0434\u043c\u0438\u043d\u0438\u0441\u0442\u0440\u0430\u0442\u043e\u0440","sameAs":["https:\/\/transparency.mk"]}]}},"_links":{"self":[{"href":"https:\/\/transparency.mk\/sq\/wp-json\/wp\/v2\/posts\/9708","targetHints":{"allow":["GET"]}}],"collection":[{"href":"https:\/\/transparency.mk\/sq\/wp-json\/wp\/v2\/posts"}],"about":[{"href":"https:\/\/transparency.mk\/sq\/wp-json\/wp\/v2\/types\/post"}],"author":[{"embeddable":true,"href":"https:\/\/transparency.mk\/sq\/wp-json\/wp\/v2\/users\/1"}],"replies":[{"embeddable":true,"href":"https:\/\/transparency.mk\/sq\/wp-json\/wp\/v2\/comments?post=9708"}],"version-history":[{"count":1,"href":"https:\/\/transparency.mk\/sq\/wp-json\/wp\/v2\/posts\/9708\/revisions"}],"predecessor-version":[{"id":9709,"href":"https:\/\/transparency.mk\/sq\/wp-json\/wp\/v2\/posts\/9708\/revisions\/9709"}],"wp:featuredmedia":[{"embeddable":true,"href":"https:\/\/transparency.mk\/sq\/wp-json\/wp\/v2\/media\/9688"}],"wp:attachment":[{"href":"https:\/\/transparency.mk\/sq\/wp-json\/wp\/v2\/media?parent=9708"}],"wp:term":[{"taxonomy":"category","embeddable":true,"href":"https:\/\/transparency.mk\/sq\/wp-json\/wp\/v2\/categories?post=9708"},{"taxonomy":"post_tag","embeddable":true,"href":"https:\/\/transparency.mk\/sq\/wp-json\/wp\/v2\/tags?post=9708"}],"curies":[{"name":"wp","href":"https:\/\/api.w.org\/{rel}","templated":true}]}}