{"id":9710,"date":"2015-10-05T09:45:29","date_gmt":"2015-10-05T07:45:29","guid":{"rendered":"https:\/\/transparency.web.com.mk\/?p=9710"},"modified":"2021-02-17T09:45:55","modified_gmt":"2021-02-17T08:45:55","slug":"pasi-nuk-paguam-reket-prej-50-000-euro-ministria-e-bujqesise-na-shkaterroi","status":"publish","type":"post","link":"https:\/\/transparency.mk\/sq\/2015\/10\/05\/pasi-nuk-paguam-reket-prej-50-000-euro-ministria-e-bujqesise-na-shkaterroi\/","title":{"rendered":"Pasi nuk paguam reket prej 50.000 euro, Ministria e Bujq\u00ebsis\u00eb na shkat\u00ebrroi!"},"content":{"rendered":"<div>05.10.2015 Reketi n\u00eb t\u00eb cilin jan\u00eb n\u00ebnshkruar firmat, p\u00ebr t\u00eb munduar t\u00eb funksionojn\u00eb, me vite \u00ebsht\u00eb nj\u00eb sekret publik. Ato do t\u00eb \u201cfreskojn\u00eb\u201d partin\u00eb, funksionarin lokal ose shtet\u00ebrore, dhe pastaj do t\u00eb vazhdojn\u00eb me pun\u00eb. Ata, megjithat\u00eb, q\u00eb do t\u00eb kund\u00ebrshtojn\u00eb dhe do t\u00eb refuzojn\u00eb t\u00eb paguajn\u00eb, p\u00ebrballohen me inspektime t\u00eb pazakonshme, gjoba dhe shtypje, prej t\u00eb cilave shpeshher\u00eb vet\u00eb i v\u00ebn\u00eb \u00e7el\u00ebsit der\u00ebs. Ose do t\u00eb paguash ose do t\u00eb zhdukesh. Skema \u00ebsht\u00eb mir\u00eb e njohur, por jo shpesh guxon dikush t\u00eb flet publikisht, ose t\u00eb guxoj\u00eb t\u00eb paraqet. Prej m\u00eb her\u00ebt, nga bisedat e p\u00ebrgjuara q\u00eb kishte shpallur LSDM-ja, publiku kishte mund\u00ebsi t\u00eb d\u00ebgjoj\u00eb si funksionar\u00eb qeveritare flitnin p\u00ebr reketin q\u00eb kryejn\u00eb bashk\u00ebpun\u00ebtor\u00ebt e tyre.<\/div>\n<div><\/div>\n<div><\/div>\n<div>M\u00eb sakt\u00eb, deputetja Silvana Boneva informon kryeministrin Nikolla Gruevski q\u00eb nj\u00eb bashk\u00ebpartiak i tyre ka b\u00ebr\u00eb reket ndaj firmave n\u00eb Strumic\u00eb gjat\u00eb periudh\u00ebs zgjedhore. Boneva i tregon Gruevskit q\u00eb reketi n\u00eb qytet ka filluar n\u00eb mes t\u00eb fushat\u00ebs dhe q\u00eb \u201cnuk ka firm\u00eb q\u00eb nuk ka shijuar reketin n\u00eb Strumic\u00eb\u201d, p\u00ebr t\u00eb cil\u00ebn Gruevski thot\u00eb se nuk ka informacione, por n\u00eb koh\u00ebn e nj\u00ebjt\u00eb k\u00ebrkon edhe sqarim se \u00e7far\u00eb n\u00ebnkupton Boneva me reket, andaj pyet:<\/div>\n<div>\u201cA kan\u00eb k\u00ebrkuar ata sponzorim? Reketi \u00ebsht\u00eb shantazh, n\u00ebse nuk m\u00eb jep, do t\u00eb mbyll. Nd\u00ebrsa, sponzorimi \u00ebsht\u00eb sponzorim. I thua, n\u00ebse mundesh, m\u00eb ndihmo\u201d thot\u00eb Gruevski.<\/div>\n<div>Boneva p\u00ebrgjigjet: \u201cMe gjitha. Me k\u00ebrc\u00ebnime, k\u00ebrc\u00ebnime dhe taksim t\u00eb gj\u00ebrave t\u00eb pamundshme p\u00ebr t\u00eb marr\u00eb t\u00eb holla. Me gjitha dhe gjith\u00e7ka. Nuk ka njeri q\u00eb nuk ka shijuar reketin\u201d.<\/div>\n<div>Sipas asaj q\u00eb pohon Boneva n\u00eb incizimin, firmave n\u00eb fillim ju kan\u00eb k\u00ebrkuar t\u00eb holla n\u00eb euro, por n\u00eb fund ju kan\u00eb k\u00ebrkuar nga 50.000 denar\u00eb.<\/div>\n<div>Shuma prej 50.000, por jo n\u00eb denar\u00eb, por n\u00eb euro, ju \u00ebsht\u00eb k\u00ebrkuar bashk\u00ebfol\u00ebsve tan\u00eb, t\u00eb cil\u00ebt pasi kan\u00eb refuzuar t\u00eb paguajn\u00eb jan\u00eb p\u00ebrballuar me probleme q\u00eb nuk i kishin paramenduar. Nga nj\u00eb pun\u00eb e suksesshme prej nj\u00eb dekade dhe fitim t\u00eb mir\u00eb, mbeten pa asnj\u00eb para, t\u00eb ngat\u00ebrruar deri n\u00eb gush\u00eb. Gati tre vite zvarriten n\u00ebp\u00ebr stacione policore, prokurori dhe gjykata, duke k\u00ebrkuar drejt\u00ebsin\u00eb, por assesi nuk po mund t\u00eb gjejn\u00eb. Firma e tyre \u00ebsht\u00eb n\u00eb falimentim, nd\u00ebrsa lufta m\u00eb \u00ebsht\u00eb e pashpres\u00eb.<\/div>\n<div>Megjithat\u00eb, thot\u00eb se nuk do t\u00eb heshtin, por p\u00ebrkundrazi, d\u00ebshirojn\u00eb t\u00eb flasin n\u00eb m\u00ebnyr\u00eb publike q\u00eb t\u00eb gjith\u00eb t\u00eb d\u00ebgjojn\u00eb, si\u00e7 thon\u00eb, p\u00ebr kriminalin q\u00eb trondit Ministrin\u00eb e Bujq\u00ebsis\u00eb, Pylltaris\u00eb dhe Ekonomis\u00eb s\u00eb Ujit.<\/div>\n<div><\/div>\n<div><\/div>\n<div><b>\u201cAGRO LOZAR\u201d: I PUN\u00cbSUAR N\u00cb MINISTRIN\u00cb KA K\u00cbRKUAR RYSHFET!\u00a0<\/b><\/div>\n<div><\/div>\n<div>E gjith\u00eb ka filluar n\u00eb vitin 2001 kur Shoqata Aksionare \u201cAgro Lozar Bogdanci\u201d ka firmosur nj\u00eb kontrat\u00eb 30 vje\u00e7are p\u00ebr qiramarrje t\u00eb tok\u00ebs bujq\u00ebsore, me sip\u00ebrfaqe prej 634 hektar\u00eb, me Ministrin\u00eb e Bujq\u00ebsis\u00eb, Pylltaris\u00eb dhe Ekonomis\u00eb s\u00eb ujit.<\/div>\n<div>Pothuaj se dhjet\u00eb vite kjo shoqat\u00eb aksionare nuk ka pasur asnj\u00eb problem, por \u00e7do vit ka b\u00ebr\u00eb vjeljen e suksesshme t\u00eb hardhive t\u00eb rrushit. Gj\u00ebrat, sipas bashk\u00ebfol\u00ebsve tan\u00eb, turbullohen n\u00eb vitin 2011, n\u00eb koh\u00ebn kur minist\u00ebr i bujq\u00ebsis\u00eb \u00ebsht\u00eb Lub\u00e7o Dimovski, nd\u00ebrsa z\u00ebvend\u00ebs minist\u00ebr \u00ebsht\u00eb Zoran Konjanovski. At\u00ebher\u00eb, nga nj\u00eb i pun\u00ebsuar nga Ministria marrin nj\u00eb k\u00ebrkes\u00eb t\u00eb papritur.<\/div>\n<div>&#8211; P\u00ebr t\u00eb vazhduar me funksionimin e deritanish\u00ebm, nj\u00eblloj, nga i pun\u00ebsuar nga Ministria ishte k\u00ebrkuar reket prej 50.000 euro. Kur refuzuam t\u00eb paguajm\u00eb, at\u00ebher\u00eb filluan problemet, gjegj\u00ebsisht uzurpimi i tok\u00ebs me lejen e ministris\u00eb, sqaron drejtori i deritanish\u00ebm i \u201cAgro Lozar Bogdanci\u201d, Zoran Peev.<\/div>\n<div>Nga Bordi Drejtues i Shoqat\u00ebs Aksionare thon\u00eb q\u00eb shum\u00eb mir\u00eb e njohin personin q\u00eb ju ka k\u00ebrkuar ryshfet, megjithat\u00eb nuk mund t\u00eb tregojn\u00eb publikisht me em\u00ebr dhe mbiem\u00ebr, sepse, p\u00ebr fat t\u00eb keq, nuk kan\u00eb d\u00ebshmi. Ndryshe, pohojn\u00eb q\u00eb i nj\u00ebjti person ka qen\u00eb i p\u00ebrfshir\u00eb n\u00eb shum\u00eb ujdi korruptuese, q\u00eb ishte e dukshme edhe me rritjen e shpejt\u00eb t\u00eb gjendjes s\u00eb tij pron\u00ebsore.<\/div>\n<div>Ata p\u00ebr \u201cFokus\u201d rr\u00ebfejn\u00eb q\u00eb m\u00eb 27 qershor 2011 nga Agjencia p\u00ebr Mb\u00ebshtetje Financiare t\u00eb Bujq\u00ebsis\u00eb dhe Zhvillimit Rural marrin nj\u00eb vendim t\u00eb p\u00ebrkohsh\u00ebm p\u00ebr aprovim t\u00eb k\u00ebrkes\u00ebs p\u00ebr mb\u00ebshtetje financiare p\u00ebr mir\u00ebmbajtjen e hardhive t\u00eb rrushit p\u00ebr vitin paraprak. Me k\u00ebto t\u00eb holla, gjegj\u00ebsisht 46.000 euro, ata vendosin t\u00eb paguajn\u00eb qiran\u00eb p\u00ebr tok\u00ebn, gjegj\u00ebsisht t\u00eb b\u00ebhet rrafshim t\u00eb shpenzimeve q\u00eb ju kan\u00eb pasur borxh Ministris\u00eb. Megjithat\u00eb, shpejt\u00eb kuptojn\u00eb q\u00eb dit\u00ebn e nj\u00ebjt\u00eb kur kan\u00eb marr\u00eb ndihm\u00ebn financiare, Ministria n\u00eb m\u00ebnyr\u00eb nj\u00eban\u00ebshe e nd\u00ebrpret kontrat\u00ebn p\u00ebr qira, vendim q\u00eb nuk e marrin n\u00eb let\u00ebr asnj\u00ebher\u00eb, nd\u00ebrsa p\u00ebr arsye theksohet qiraja q\u00eb nuk \u00ebsht\u00eb paguar. Mir\u00ebpo, pas kat\u00ebr dit\u00ebve, Ministria sikur t\u00eb ndryshon mendjen, dhe ndon\u00ebse ka kontrat\u00ebn e nd\u00ebrprer\u00eb, ishte firmosur kontrat\u00eb p\u00ebr cesion mes \u201cAgro Lozar\u201d, Ministris\u00eb dhe Agjencis\u00eb.<\/div>\n<div>&#8211; Me k\u00ebt\u00eb kontrat\u00eb vendoset q\u00eb nj\u00eb pjes\u00eb e mjeteve q\u00eb Agjencia duhet t\u00eb paguaj\u00eb \u201cAgro Lozar\u201d n\u00eb baz\u00eb t\u00eb subvencioneve, t\u00eb drejtohen p\u00ebr Ministrin\u00eb e Bujq\u00ebsis\u00eb dhe t\u00eb p\u00ebrdoren si qira, thon\u00eb bashk\u00ebfol\u00ebsit tan\u00eb, q\u00eb shtojn\u00eb se m\u00eb 13 dhjetor 2011 merret nj\u00eb vendim i ri p\u00ebr aprovimin e pages\u00ebs s\u00eb mjeteve p\u00ebr mb\u00ebshtetje financiare, dhe pas dy dit\u00ebve Agjencia e b\u00ebn pages\u00ebn ndaj shtetit, n\u00eb pajtim me kontrat\u00ebn p\u00ebr cesion.<\/div>\n<div>N\u00eb fillim t\u00eb vitit t\u00eb ardhsh\u00ebm, ndon\u00ebse pagesa p\u00ebr qira \u00ebsht\u00eb b\u00ebr\u00eb, Agjencia d\u00ebrgon list\u00eb n\u00eb Ministrin\u00eb e Bujq\u00ebsis\u00eb n\u00eb t\u00eb cil\u00ebn jan\u00eb num\u00ebruar personat juridik p\u00ebr t\u00eb cil\u00ebt ka dashur t\u00eb paguaj\u00eb kompensimin, n\u00eb vend t\u00eb qiras\u00eb, n\u00eb vitin 2011, mir\u00ebpo paralajm\u00ebron q\u00eb at\u00eb do t\u00eb b\u00ebj\u00eb vitin e ardhsh\u00ebm, nd\u00ebrsa n\u00eb list\u00ebn \u00ebsht\u00eb edhe SHA \u201cAgro Lozar\u201d.<\/div>\n<div>At\u00ebher\u00eb, sipas bashk\u00ebfol\u00ebsve tan\u00eb, fillon plani i shkat\u00ebrrimit t\u00eb tyre, nd\u00ebrsa q\u00ebllimi p\u00ebrfundimtar \u00ebsht\u00eb dikush tjet\u00ebr t\u00eb merr zot\u00ebrimin e k\u00ebsaj sip\u00ebrfaqe t\u00eb madhe, q\u00eb vlen nj\u00eb pasuri t\u00eb plot\u00eb.<\/div>\n<div><\/div>\n<div><\/div>\n<div><b>TOKA N\u00cb M\u00cbNYR\u00cb T\u00cb PALIGJSHME \u00cbSHT\u00cb DH\u00cbN\u00cb ME QIRA?\u00a0<\/b><\/div>\n<div><\/div>\n<div>Ata sqarojn\u00eb q\u00eb n\u00eb fillim t\u00eb muajit shkurt 2012 fillon krimi q\u00eb e b\u00ebn Ministria e Bujq\u00ebsis\u00eb, sepse shpall nj\u00eb shpallje publike me t\u00eb cil\u00ebn ofron me qira 95 hektar\u00eb t\u00eb tok\u00ebs bujq\u00ebsore, n\u00eb t\u00eb cil\u00ebn ka pasur t\u00eb mbjella hardhi t\u00eb rrushit q\u00eb prej vitit 1991 dhe 1996, dhe q\u00eb jan\u00eb n\u00eb pron\u00ebsi t\u00eb \u201cAgro Lozar\u201d. Sipas informacioneve t\u00eb tyre, udh\u00ebheq\u00ebsi n\u00eb Ministrin\u00eb n\u00eb fillim ka refuzuar t\u00eb shpall shpalljet, sepse ka menduar q\u00eb jan\u00eb n\u00eb m\u00ebnyr\u00eb t\u00eb paligjshme, p\u00ebr t\u00eb cil\u00ebn \u00ebsht\u00eb zhvendosur n\u00eb vend tjet\u00ebr pune n\u00eb qytet tjet\u00ebr.<\/div>\n<div>Pas nj\u00eb muaji, n\u00eb tok\u00ebn e tyre fillojn\u00eb t\u00eb sh\u00ebtit\u00ebn qiraxhi tjer\u00eb, sepse firma gjermane \u201cTaurus Farms\u201d paraqitet n\u00eb shpalljen dhe fiton 64 hektar\u00eb nd\u00ebrsa nd\u00ebrmarrja ZTD \u201cSto\u00e7arstvo\u201d, 28 hektar\u00eb tok\u00eb. N\u00eb periudh\u00ebn vijuese, ministria vazhdon t\u00eb shpall shpallje p\u00ebr dh\u00ebnie me qira, nd\u00ebrsa firma \u201cTaurus Farms\u201d fiton edhe 59 hektar\u00eb. Pas asaj, shumohen edhe qiraxhi tjet\u00ebr, dhjet\u00ebra persona privat dhe fizik.<\/div>\n<div>Pas kontratave t\u00eb reja p\u00ebr qiramarrje fillojn\u00eb problemet serioze p\u00ebr \u201cAgro Lozar\u201d. T\u00eb pun\u00ebsuarit paraqesin shkat\u00ebrrim t\u00eb nj\u00eb pjese t\u00eb hardhive dhe drur\u00ebve t\u00eb vishnjave, vjedhje t\u00eb rrushit, q\u00eb rezulton me d\u00ebmtim material prej qindrave mij\u00eb euro.<\/div>\n<div>&#8211; At\u00ebher\u00eb fillojn\u00eb tentimet q\u00eb n\u00eb m\u00ebnyr\u00eb t\u00eb paligjshme t\u00eb na detyrojn\u00eb t\u00eb t\u00ebrhiqemi nga toka. N\u00eb fillim t\u00eb vitit 2013, Ministria e Bujq\u00ebsis\u00eb sjell vendimin, q\u00eb nuk \u00ebsht\u00eb d\u00ebrguar tek ne, me t\u00eb cil\u00ebn k\u00ebrkojm\u00eb q\u00eb t\u00eb paguajm\u00eb qiran\u00eb p\u00ebr vitin 2010 dhe 2011 dhe t\u00eb largojm\u00eb gjith\u00eb hardhit\u00eb p\u00ebr shkak t\u00eb nd\u00ebrprerjes s\u00eb kontrat\u00ebs p\u00ebr qira. Dit\u00ebn e nj\u00ebjt\u00eb kall\u00ebzojn\u00eb gjasht\u00eb gjoba t\u00eb ndryshme. Deri m\u00eb sot gjendja nuk \u00ebsht\u00eb ndryshuar. Vjelja vjetore u prish, me \u00e7far\u00eb jan\u00eb shkaktuar d\u00ebme t\u00eb m\u00ebdha materiale, thot\u00eb drejtori Peev, i cili shton q\u00eb gjat\u00eb luftimit t\u00eb k\u00ebsaj beteje, ai \u00ebsht\u00eb n\u00ebnshtruar edhe nj\u00eb num\u00ebr t\u00eb shtypjeve, sepse n\u00eb k\u00ebt\u00eb periudh\u00eb kund\u00ebr tij jan\u00eb paraqitur shtat\u00eb padi penale.<\/div>\n<div>Ai sqaron q\u00eb nga ministria b\u00ebjn\u00eb disa veprime t\u00eb paligjshme, me vendim q\u00eb tok\u00ebn bujq\u00ebsore t\u00eb japin s\u00ebrish p\u00ebr qira. N\u00eb fillon thekson q\u00eb toka \u00ebsht\u00eb dh\u00ebn\u00eb si sip\u00ebrfaqe e lire, ndon\u00ebse mir\u00eb e din\u00eb q\u00eb n\u00eb at\u00eb ka vet\u00ebm m\u00eb hardhi rrushi q\u00eb jan\u00eb t\u00eb evidentuar si mjete themelore t\u00eb SHA \u201cAgro Lozar\u201d. M\u00eb von\u00eb kan\u00eb reaguar qiramarr\u00ebsit e rinj sepse nuk kan\u00eb pasur mekanizim t\u00eb mjaftuesh\u00ebm dhe as personal q\u00eb t\u00eb ndahen tok\u00ebt, nd\u00ebrsa nj\u00eb pjes\u00eb e tyre kan\u00eb qen\u00eb t\u00eb lidhur n\u00eb m\u00ebnyr\u00eb personale dhe kapitale me persona juridik dhe fizik.<\/div>\n<div>&#8211; Ne dyshojm\u00eb q\u00eb pas kompanis\u00eb gjermane \u201cTaurus Farms\u201d q\u00ebndron nj\u00eb funksionar i lart\u00eb i qeveris\u00eb, q\u00eb don\u00eb t\u00eb merr tok\u00ebn p\u00ebr vete. Nuk \u00ebsht\u00eb e mundshme q\u00eb nj\u00eb kompani e huaj t\u00eb hyj\u00eb n\u00eb ndonj\u00eb ujdi ku situata nuk \u00ebsht\u00eb e past\u00ebr, thon\u00eb nga Bordi Drejtues i \u201cAgro Lozar\u201d.<\/div>\n<div>Ata pohojn\u00eb q\u00eb kjo firm\u00eb ju ka shkat\u00ebrruar rreth 60 hektar\u00eb hardhi rrushi dhe shtylla, q\u00eb \u00ebsht\u00eb d\u00ebm prej 600.000 euro, si dhe 50 hektar\u00eb t\u00eb mbjella me vishnje, p\u00ebr t\u00eb cil\u00ebn kan\u00eb nisur akt dhe kan\u00eb fituar n\u00eb gjyq.<\/div>\n<div>Nga firma gjermane \u201cTaurus Farms\u201d, deri n\u00eb mbylljen e k\u00ebtij numri t\u00eb gazet\u00ebs javore nuk kemi marr\u00eb asnj\u00eb p\u00ebrgjigje t\u00eb pyetje q\u00eb ju kemi d\u00ebrguar me post\u00eb elektronike. Biljana \u00c7u\u00e7anova, p\u00ebrfaq\u00ebsuese e form\u00ebs, n\u00eb bised\u00eb telefonike premtoi p\u00ebrgjigje, por ajo s\u00ebrish nuk ndodhi.<\/div>\n<div>Sipas t\u00eb dh\u00ebnave nga Regjistri Qendror, firma n\u00eb Maqedoni \u00ebsht\u00eb themeluar n\u00eb shtator 2010 me investim n\u00eb t\u00eb holla prej 5.000 euro. Si pronar dhe drejtues theksohet nj\u00eb Tomas Shvarc nga Gjermania. N\u00eb vitin 2013, investimi n\u00eb t\u00eb holla arrin 800.000 euro, nd\u00ebrsa si pronar shtohet edhe nj\u00eb kompani nga Munihu. Pak m\u00eb von\u00eb paraqitet edhe nj\u00eb kompani bashkimi nga Malta.<\/div>\n<div>P\u00ebrgjigje p\u00ebr akuzat e veprimit t\u00eb paligjsh\u00ebm dhe k\u00ebrkimit t\u00eb reketit, nuk mor\u00ebm as nga Ministria e Bujq\u00ebsis\u00eb.<\/div>\n<div><\/div>\n<div><\/div>\n<div><\/div>\n<div><b>N\u00cb M\u00cbNYR\u00cb T\u00cb PALIGJS ME JAN\u00cb DH\u00cbN\u00cb 400.000 EURO SUBVENCIONE\u00a0<\/b><\/div>\n<div><\/div>\n<div>Pasi q\u00eb t\u00eb hyjn\u00eb qiraxhinjt\u00eb e rinj, \u201cAgro Lozar\u201d-it n\u00eb fund t\u00eb vitit 2012 i pamund\u00ebsohet q\u00eb t\u00eb paraqet k\u00ebrkes\u00eb p\u00ebr fitimin e subvencioneve p\u00ebr mir\u00ebmbajtjen e hardhive t\u00eb rrushit nd\u00ebrsa fshihen edhe fletat e pron\u00ebsis\u00eb s\u00eb nd\u00ebrmarrjes nga evidenca e Kadastrit. Nga ana tjet\u00ebr, bashk\u00ebfol\u00ebsit tan\u00eb sqarojn\u00eb q\u00eb qiraxhinjt\u00eb e rinj n\u00eb m\u00ebnyr\u00eb t\u00eb paligjshme marrin subvencione n\u00eb vler\u00eb t\u00eb plot\u00eb prej rreth 400.000 euro.<\/div>\n<div>&#8211; K\u00ebto persona marrin subvencione ndon\u00ebse nuk i kan\u00eb marr\u00eb t\u00eb mbjellat dhe tok\u00ebn n\u00eb pron\u00ebsi, sepse vet\u00ebm hardhit\u00eb e rrushit jan\u00eb pron\u00ebsi dhe mjete themelore t\u00eb \u201cAgro Lozar\u201d, nuk i p\u00ebrpunojn\u00eb sepse ne i p\u00ebrpunojm\u00eb, por n\u00eb pranin\u00eb e personave t\u00eb reketit, b\u00ebjn\u00eb marrje t\u00eb dhunshme t\u00eb frytit, nd\u00ebrsa policia nuk intervenon p\u00ebr t\u00eb ndaluar vjedhjen klasike. M\u00eb tmerr \u00ebsht\u00eb q\u00eb subvencionet i marrin p\u00ebr ngritjen e hardhive t\u00eb rrushit, nd\u00ebrsa hardhit\u00eb jan\u00eb aty prej moti. Nuk kuptojm\u00eb si mund dikush t\u00eb vjedh buxhetin e shtetit, dhe mos t\u00eb p\u00ebrgjigjet. Kjo kufizohet me absurd, thon\u00eb nga Bordi Drejtues.<\/div>\n<div>Mjetet q\u00eb shteti i ndan p\u00ebr subvencionet bujq\u00ebsore nga viti 2008 e k\u00ebndej jan\u00eb rritur p\u00ebr m\u00eb shum\u00eb se trefish, gjegj\u00ebsisht n\u00ebse p\u00ebr k\u00ebt\u00eb q\u00ebllim para shtat\u00eb viteve jan\u00eb ndar\u00eb nga 45 milion euro n\u00eb vit, p\u00ebr k\u00ebt\u00eb vit jan\u00eb planifikuar 150 milion euro, shum\u00eb q\u00eb \u00ebsht\u00eb planifikuar t\u00eb jepet p\u00ebr subvencione \u00e7do vit deri n\u00eb vitin 2020. Nga rritja e subvencioneve duheshe t\u00eb ulet importi i ushqimit, mir\u00ebpo, po ndodh e kund\u00ebrta. Importi i produkteve bujq\u00ebsore-ushqimore \u00ebsht\u00eb rritur p\u00ebr 120 milion euro nga viti 2008 deri n\u00eb vitin 2013.<\/div>\n<div>P\u00ebr shkak t\u00eb situat\u00ebs s\u00eb papritur, por edhe akuzime t\u00eb k\u00ebtij lloji, imponohet pyetja n\u00ebse subvencionet p\u00ebrfundojn\u00eb n\u00eb duar t\u00eb v\u00ebrteta? Deri m\u00eb tani, LSDM-ja opozitare por edhe vet\u00eb fermer\u00ebt, kan\u00eb akuzuar q\u00eb nj\u00eb pjes\u00eb e subvencioneve jepet sipas linj\u00ebs partiake, n\u00eb duar t\u00eb gabuara, q\u00eb n\u00eb jet\u00eb kurr\u00eb nuk kan\u00eb kapur shatin me dor\u00eb.<\/div>\n<div>Fermer\u00ebt sqarojn\u00eb q\u00eb shp\u00ebrndarja partiake e subvencioneve shihet edhe nga m\u00ebnyra e pages\u00ebs. Thon\u00eb se prioritet ju jepet fermer\u00ebve aktiv n\u00eb parti, andaj atyre subvencionet ju paguajn\u00eb m\u00eb her\u00ebt se tjer\u00ebt q\u00eb kan\u00eb aplikuar n\u00eb koh\u00ebn e nj\u00ebjt\u00eb. Nj\u00eb pjes\u00eb, nga ana tjet\u00ebr, aspak nuk i marrin t\u00eb hollat p\u00ebr shkakun e ndonj\u00eb gabimi banal ose problem.<\/div>\n<div>Risto Velkov, kryetar i Aleanc\u00ebs rajone t\u00eb fermer\u00ebve, thot\u00eb se edhe ai d\u00ebgjon akuzime t\u00eb ndryshme, por si\u00e7 thot\u00eb ati, thjesht\u00eb me siguri mund t\u00eb thuhet se pagesa e subvencioneve vonohet dhe shum\u00eb rrall\u00eb paguhet p\u00ebr vitin aktual.<\/div>\n<div><\/div>\n<div><\/div>\n<div><b>EDHE MPB DYSHON N\u00cb KRIM\u00a0<\/b><\/div>\n<div><\/div>\n<div>Nga \u201cAgro Lazar\u201d thon\u00eb se ky krim \u00ebsht\u00eb n\u00eb duart e prokuroris\u00eb p\u00ebr krim t\u00eb organizuar tani m\u00eb tre vite, ku kan\u00eb dor\u00ebzuar padi penale kund\u00ebr tet\u00eb personave, t\u00eb pun\u00ebsuar n\u00eb Ministrin\u00eb, agjencin\u00eb dhe n\u00eb kadast\u00ebr, t\u00eb cil\u00ebt i padisin p\u00ebr disa vepra penale mes t\u00eb cilave edhe shoq\u00ebrim kriminel. Edhe pse padia \u00ebsht\u00eb dor\u00ebzuar n\u00eb vitin 2012, ende nuk kan\u00eb pranuar p\u00ebrgjigje nga prokuroria. Nga kompania shtojn\u00eb se tani as nuk kan\u00eb mund\u00ebsin\u00eb q\u00eb t\u00eb dor\u00ebzojn\u00eb padi penale, pasi \u00e7do her\u00eb q\u00eb i drejtohen policis\u00eb, policia ju k\u00ebrkon list\u00eb pron\u00ebsie, kurse ata nuk i kan\u00eb m\u00eb, pasi jan\u00eb fshir\u00eb nga Kadastra.<\/div>\n<div>Megjithat\u00eb, vjet, por edhe k\u00ebt\u00eb vit edhe nga policia ka pasur disa padi penale. K\u00ebshtu q\u00eb, n\u00eb fund t\u00eb vitit 2014, stacioni policor n\u00eb Gjevgjeli ka informuar se kan\u00eb ngritur padi penale tek prokuroria n\u00eb Gjevgjeli kund\u00ebr 16 qytetar\u00ebve, nga t\u00eb cil\u00ebt tet\u00eb persona jan\u00eb t\u00eb pun\u00ebsuar n\u00eb Ministrin\u00eb p\u00ebr bujq\u00ebsi, p\u00ebr keqp\u00ebrdorim t\u00eb pozit\u00ebs zyrtare dh autorizimin, dhe kund\u00ebr pes\u00eb personave juridik, p\u00ebr pranimin e paligjsh\u00ebm t\u00eb subvencioneve. Kurse prokuroria n\u00eb Veles ka transferuar padin\u00eb n\u00eb Prokurorin\u00eb themelore n\u00eb Shkup, prej ku pritet t\u00eb zgjidhet rasti.<\/div>\n<div>N\u00eb padin\u00eb \u00ebsht\u00eb theksuar se t\u00eb denoncuarit kan\u00eb d\u00ebmtuar buxhetin shtet\u00ebror p\u00ebr rreth 70.000 euro. Nj\u00eb nga t\u00eb denoncuarit \u00ebsht\u00eb edhe Mitko Basov, ish drejtor i Sektorit p\u00ebr regjistrim dhe menaxhim me tok\u00eb bujq\u00ebsore, kund\u00ebr cilit dhe \u201cAgro Lazar\u201d ka ngritur padi penale.<\/div>\n<div>N\u00eb padin\u00eb theksohet se t\u00eb pun\u00ebsuarit n\u00eb ministri kan\u00eb mund\u00ebsuar t\u00eb b\u00ebhen 19 marr\u00ebveshje p\u00ebr qiradh\u00ebnie afatgjat\u00eb t\u00eb tok\u00ebs q\u00eb vet\u00ebm m\u00eb \u201cAgro Lazar\u201d e ka marr me qira.<\/div>\n<div>\u201cN\u00eb baz\u00eb t\u00eb v\u00ebrtetimeve t\u00eb fituara n\u00eb k\u00ebt\u00eb m\u00ebnyr\u00eb si dhe Marr\u00ebveshjeve p\u00ebr qiramarrje dhe Procesverbaleve p\u00ebr kalim n\u00eb pron\u00ebsi, ju \u00ebsht\u00eb mund\u00ebsuar qiramarr\u00ebsve t\u00eb tok\u00ebs bujq\u00ebsore t\u00eb aplikojn\u00eb dhe t\u00eb marrin subvencione me shum\u00eb totale prej 4.282.395 denar\u00eb, gjegj\u00ebsisht t\u00eb d\u00ebmtojn\u00eb Buxhetin e RM me pron\u00eb kund\u00ebr kushtetuese, edhe at\u00eb p\u00ebr mir\u00ebmbajtje t\u00eb mbjellave t\u00eb hardhis\u00eb p\u00ebr vitin 2012 dhe 2013, edhe pse ajo hardhi \u00ebsht\u00eb mbjell\u00eb n\u00eb vitin 1991 dhe 1996, q\u00eb dometh\u00ebn\u00eb para se t\u00eb b\u00ebhen marr\u00ebveshjet\u201d, theksohet n\u00eb padin\u00eb penale.<\/div>\n<div>N\u00eb qershor t\u00eb k\u00ebtij viti \u00ebsht\u00eb dor\u00ebzuar edhe nj\u00eb padi penale kund\u00ebr kat\u00ebr t\u00eb pun\u00ebsuar n\u00eb ministri, edhe at\u00eb p\u00ebr situat\u00ebn e nj\u00ebjt\u00eb, gjegj\u00ebsisht se kan\u00eb mund\u00ebsuar q\u00eb toka p\u00ebrs\u00ebri t\u00eb jepet me qira, kurse qiramarr\u00ebsit e ri kan\u00eb marr edhe subvencione.<\/div>\n<div>Firma \u201cAgro Lazar\u201d momentalisht \u00ebsht\u00eb n\u00eb falimentim. N\u00eb maj \u00ebsht\u00eb hapur para procedur\u00ebs falimentuese, dhe menj\u00ebher\u00eb ka vijuar edhe falimentimi, p\u00ebr shkak t\u00eb cilit kan\u00eb edhe ndales\u00eb p\u00ebr qasje n\u00eb tok\u00ebn, dhe nuk guxojn\u00eb as t\u00eb b\u00ebjn\u00eb marr\u00ebveshje p\u00ebr mbledhje t\u00eb frutave t\u00eb k\u00ebtij viti. Madje ata kan\u00eb dashur edhe t\u00eb shlyejn\u00eb borxhet, por nuk ju \u00ebsht\u00eb lejuar. K\u00ebshtu q\u00eb, nuk kan\u00eb zgjedhje tjet\u00ebr, p\u00ebrve\u00e7 t\u00eb shikojn\u00eb si pjes\u00eb e rrushit ju prishet, kurse pjes\u00eb t\u00eb rrushit ta mbledhin si qiramarr\u00ebs t\u00eb ri. Megjithat\u00eb, theksojn\u00eb se nuk do t\u00eb dor\u00ebzohen nga lufta ligjore, dhe paralajm\u00ebrojn\u00eb se rastin do ta \u00e7ojn\u00eb deri tek Gjykata p\u00ebr t\u00eb drejtat e njeriut n\u00eb Strasburg. Jan\u00eb t\u00eb vet\u00ebdijsh\u00ebm se deri at\u00ebher\u00eb do t\u00eb humbin, por thon\u00eb se qytetar\u00ebt duhet t\u00eb kuptojn\u00eb se si funksionon shteti jon\u00eb. Sinqerisht shpresojn\u00eb se rasti i tyre do t\u00eb inkurajon t\u00eb gjith\u00eb ato n\u00eb situat\u00eb t\u00eb ngjashme t\u00eb flasin dhe t\u00eb denoncojn\u00eb, pasi nuk ju ik ajo q\u00eb e thot\u00eb edhe vet kryeministri \u201cn\u00ebse nuk m\u00eb jep, do t\u00eb mbylli\u201d.<\/div>\n<div><\/div>\n<div><\/div>\n<div><\/div>\n<div><b>LSDM: Do t\u00eb pastrojm\u00eb krimin n\u00eb Ministrin\u00eb p\u00ebr Bujq\u00ebsi\u00a0<\/b><\/div>\n<div><\/div>\n<div>Nga LSDM paralajm\u00ebrojn\u00eb se prej para pak kohe edhe Qeveria \u00ebsht\u00eb p\u00ebrfshir\u00eb n\u00eb shp\u00ebrndarjen e tok\u00ebs bujq\u00ebsore, meqen\u00ebse pas publikimit t\u00eb shpalljeve nga Ministria p\u00ebr bujq\u00ebsi, ofertat tani do t\u00eb dor\u00ebzohen tek Sekretariati i p\u00ebrgjithsh\u00ebm i qeveris\u00eb.<\/div>\n<div>&#8211; Arriti edhe pranimi i drejtp\u00ebrdrejt\u00eb prej Nikola Gruevskit se shp\u00ebrndarja e tok\u00ebs shtet\u00ebrore \u00ebsht\u00eb keqp\u00ebrdorur p\u00ebr q\u00ebllime partiake. Kur u b\u00eb e qart\u00eb se do t\u00eb ket\u00eb qeveri kalimtare, kurse Ministria e bujq\u00ebsis\u00eb do duhet t jet\u00eb nj\u00eb nga resor\u00ebt n\u00ebn kontroll nga keqp\u00ebrdorimet, n\u00eb 15 qershor u b\u00ebn ndryshime n\u00eb Ligjin p\u00ebr tok\u00eb bujq\u00ebsore. M\u00eb k\u00ebto ndryshime roli udh\u00ebheq\u00ebs i ministris\u00eb s\u00eb bujq\u00ebsis\u00eb n\u00eb shp\u00ebrndarjen e tokave \u00ebsht\u00eb transferuar tek Qeveria, thot\u00eb Tatjana Prentoviq, kryetare e Komisionit p\u00ebr bujq\u00ebsi t\u00eb LSDM.<\/div>\n<div>Prentoviq shpjegon se ministri shpall njoftimin publik, kurse pas p\u00eblqimit t\u00eb Qeveris\u00eb, marr\u00ebveshja p\u00ebrs\u00ebri b\u00ebhet nga ministri.<\/div>\n<div>&#8211; Nga kjo kuptohet se pse ofertat gjenden n\u00eb Sekretariatin e p\u00ebrgjithsh\u00ebm t\u00eb Qeveris\u00eb. \u00cbsht\u00eb rregulluar dep\u00ebrtim i Sekretariatit t\u00eb p\u00ebrgjithsh\u00ebm t\u00eb Qeveris\u00eb n\u00eb kompetencat e Ministris\u00eb p\u00ebr bujq\u00ebsi. Dor\u00ebzimi i ofertave tek Qeveria qart\u00eb dhe duksh\u00ebm tregon se hap\u00ebsirat bujq\u00ebsore shtet\u00ebrore ndahen sipas nevojave t\u00eb partis\u00eb, \u00a0thot\u00eb Prentoviq, e cila shton se LSDM pas em\u00ebrimit t\u00eb z\u00ebvend\u00ebs ministrit t\u00eb ri n\u00eb resorin e bujq\u00ebsis\u00eb, do t\u00eb kryen kontroll t\u00eb gjitha, si\u00e7 thot\u00eb, malverzimet e Gruevskit dhe pushtetit t\u00eb tij dhe do ti nd\u00ebrmerr hapat e nevojshme.<\/div>\n<div><\/div>\n<div><\/div>\n<div><b><i>Autor: Valentina STOJAN\u00c7EVSKA<\/i><\/b><\/div>\n<div><\/div>\n<div><\/div>\n<div><i>Transparensi Internesh\u00ebn\u00ebll Maqedonia zbaton projektin \u201cP\u00ebrfaq\u00ebsimi i mbrojtjes s\u00eb lajm\u00ebruese, p\u00ebrfshir\u00eb mediet dhe shoq\u00ebrin\u00eb civile\u201d i p\u00ebrkrahur nga Ambasada e Mbret\u00ebris\u00eb s\u00eb Holand\u00ebs. Storia hulumtuese \u00ebsht\u00eb p\u00ebrgatitur n\u00eb suaza t\u00eb projektit, dhe nuk pasqyron q\u00ebndrimet e Ambasad\u00ebs s\u00eb Mbret\u00ebris\u00eb s\u00eb Holand\u00ebs.<\/i><\/div>\n","protected":false},"excerpt":{"rendered":"<p>05.10.2015 Reketi n\u00eb t\u00eb cilin jan\u00eb n\u00ebnshkruar firmat, p\u00ebr t\u00eb munduar t\u00eb funksionojn\u00eb, me vite \u00ebsht\u00eb nj\u00eb sekret publik. Ato do t\u00eb \u201cfreskojn\u00eb\u201d partin\u00eb, funksionarin lokal ose shtet\u00ebrore, dhe pastaj do t\u00eb vazhdojn\u00eb me pun\u00eb. Ata, megjithat\u00eb, q\u00eb do t\u00eb kund\u00ebrshtojn\u00eb dhe do t\u00eb refuzojn\u00eb t\u00eb paguajn\u00eb, p\u00ebrballohen me inspektime t\u00eb pazakonshme, gjoba dhe shtypje,&hellip;<\/p>\n","protected":false},"author":1,"featured_media":9688,"comment_status":"closed","ping_status":"open","sticky":false,"template":"","format":"standard","meta":{"_monsterinsights_skip_tracking":false,"_monsterinsights_sitenote_active":false,"_monsterinsights_sitenote_note":"","_monsterinsights_sitenote_category":0,"footnotes":""},"categories":[90],"tags":[],"class_list":["post-9710","post","type-post","status-publish","format-standard","has-post-thumbnail","hentry","category-lajme","category-90","description-off"],"yoast_head":"<!-- This site is optimized with the Yoast SEO plugin v25.8 - https:\/\/yoast.com\/wordpress\/plugins\/seo\/ -->\n<title>Pasi nuk paguam reket prej 50.000 euro, Ministria e Bujq\u00ebsis\u00eb na shkat\u00ebrroi! - Transparency International<\/title>\n<meta name=\"robots\" content=\"index, follow, max-snippet:-1, max-image-preview:large, max-video-preview:-1\" \/>\n<link rel=\"canonical\" href=\"https:\/\/transparency.mk\/sq\/2015\/10\/05\/pasi-nuk-paguam-reket-prej-50-000-euro-ministria-e-bujqesise-na-shkaterroi\/\" \/>\n<meta property=\"og:locale\" content=\"sq_AL\" \/>\n<meta property=\"og:type\" content=\"article\" \/>\n<meta property=\"og:title\" content=\"Pasi nuk paguam reket prej 50.000 euro, Ministria e Bujq\u00ebsis\u00eb na shkat\u00ebrroi! - Transparency International\" \/>\n<meta property=\"og:description\" content=\"05.10.2015 Reketi n\u00eb t\u00eb cilin jan\u00eb n\u00ebnshkruar firmat, p\u00ebr t\u00eb munduar t\u00eb funksionojn\u00eb, me vite \u00ebsht\u00eb nj\u00eb sekret publik. Ato do t\u00eb \u201cfreskojn\u00eb\u201d partin\u00eb, funksionarin lokal ose shtet\u00ebrore, dhe pastaj do t\u00eb vazhdojn\u00eb me pun\u00eb. Ata, megjithat\u00eb, q\u00eb do t\u00eb kund\u00ebrshtojn\u00eb dhe do t\u00eb refuzojn\u00eb t\u00eb paguajn\u00eb, p\u00ebrballohen me inspektime t\u00eb pazakonshme, gjoba dhe shtypje,&hellip;\" \/>\n<meta property=\"og:url\" content=\"https:\/\/transparency.mk\/sq\/2015\/10\/05\/pasi-nuk-paguam-reket-prej-50-000-euro-ministria-e-bujqesise-na-shkaterroi\/\" \/>\n<meta property=\"og:site_name\" content=\"Transparency International\" \/>\n<meta property=\"article:publisher\" content=\"https:\/\/www.facebook.com\/TransparencyMK\/\" \/>\n<meta property=\"article:published_time\" content=\"2015-10-05T07:45:29+00:00\" \/>\n<meta property=\"article:modified_time\" content=\"2021-02-17T08:45:55+00:00\" \/>\n<meta property=\"og:image\" content=\"https:\/\/transparency.mk\/wp-content\/uploads\/2021\/02\/wb_logo_alb.jpg\" \/>\n\t<meta property=\"og:image:width\" content=\"582\" \/>\n\t<meta property=\"og:image:height\" content=\"156\" \/>\n\t<meta property=\"og:image:type\" content=\"image\/jpeg\" \/>\n<meta name=\"author\" content=\"TI \u0430\u0434\u043c\u0438\u043d\u0438\u0441\u0442\u0440\u0430\u0442\u043e\u0440\" \/>\n<meta name=\"twitter:card\" content=\"summary_large_image\" \/>\n<meta name=\"twitter:creator\" content=\"@ti_macedonia\" \/>\n<meta name=\"twitter:site\" content=\"@ti_macedonia\" \/>\n<meta name=\"twitter:label1\" content=\"Written by\" \/>\n\t<meta name=\"twitter:data1\" content=\"TI \u0430\u0434\u043c\u0438\u043d\u0438\u0441\u0442\u0440\u0430\u0442\u043e\u0440\" \/>\n\t<meta name=\"twitter:label2\" content=\"Est. reading time\" \/>\n\t<meta name=\"twitter:data2\" content=\"16 minutes\" \/>\n<script type=\"application\/ld+json\" class=\"yoast-schema-graph\">{\"@context\":\"https:\/\/schema.org\",\"@graph\":[{\"@type\":\"Article\",\"@id\":\"https:\/\/transparency.mk\/sq\/2015\/10\/05\/pasi-nuk-paguam-reket-prej-50-000-euro-ministria-e-bujqesise-na-shkaterroi\/#article\",\"isPartOf\":{\"@id\":\"https:\/\/transparency.mk\/sq\/2015\/10\/05\/pasi-nuk-paguam-reket-prej-50-000-euro-ministria-e-bujqesise-na-shkaterroi\/\"},\"author\":{\"name\":\"TI \u0430\u0434\u043c\u0438\u043d\u0438\u0441\u0442\u0440\u0430\u0442\u043e\u0440\",\"@id\":\"https:\/\/transparency.mk\/#\/schema\/person\/4ab55c47d82a7d099f63f569c223c903\"},\"headline\":\"Pasi nuk paguam reket prej 50.000 euro, Ministria e Bujq\u00ebsis\u00eb na shkat\u00ebrroi!\",\"datePublished\":\"2015-10-05T07:45:29+00:00\",\"dateModified\":\"2021-02-17T08:45:55+00:00\",\"mainEntityOfPage\":{\"@id\":\"https:\/\/transparency.mk\/sq\/2015\/10\/05\/pasi-nuk-paguam-reket-prej-50-000-euro-ministria-e-bujqesise-na-shkaterroi\/\"},\"wordCount\":3249,\"publisher\":{\"@id\":\"https:\/\/transparency.mk\/#organization\"},\"image\":{\"@id\":\"https:\/\/transparency.mk\/sq\/2015\/10\/05\/pasi-nuk-paguam-reket-prej-50-000-euro-ministria-e-bujqesise-na-shkaterroi\/#primaryimage\"},\"thumbnailUrl\":\"https:\/\/transparency.mk\/wp-content\/uploads\/2021\/02\/wb_logo_alb.jpg\",\"articleSection\":[\"Lajme\"],\"inLanguage\":\"sq-AL\"},{\"@type\":\"WebPage\",\"@id\":\"https:\/\/transparency.mk\/sq\/2015\/10\/05\/pasi-nuk-paguam-reket-prej-50-000-euro-ministria-e-bujqesise-na-shkaterroi\/\",\"url\":\"https:\/\/transparency.mk\/sq\/2015\/10\/05\/pasi-nuk-paguam-reket-prej-50-000-euro-ministria-e-bujqesise-na-shkaterroi\/\",\"name\":\"Pasi nuk paguam reket prej 50.000 euro, Ministria e Bujq\u00ebsis\u00eb na shkat\u00ebrroi! - Transparency International\",\"isPartOf\":{\"@id\":\"https:\/\/transparency.mk\/#website\"},\"primaryImageOfPage\":{\"@id\":\"https:\/\/transparency.mk\/sq\/2015\/10\/05\/pasi-nuk-paguam-reket-prej-50-000-euro-ministria-e-bujqesise-na-shkaterroi\/#primaryimage\"},\"image\":{\"@id\":\"https:\/\/transparency.mk\/sq\/2015\/10\/05\/pasi-nuk-paguam-reket-prej-50-000-euro-ministria-e-bujqesise-na-shkaterroi\/#primaryimage\"},\"thumbnailUrl\":\"https:\/\/transparency.mk\/wp-content\/uploads\/2021\/02\/wb_logo_alb.jpg\",\"datePublished\":\"2015-10-05T07:45:29+00:00\",\"dateModified\":\"2021-02-17T08:45:55+00:00\",\"breadcrumb\":{\"@id\":\"https:\/\/transparency.mk\/sq\/2015\/10\/05\/pasi-nuk-paguam-reket-prej-50-000-euro-ministria-e-bujqesise-na-shkaterroi\/#breadcrumb\"},\"inLanguage\":\"sq-AL\",\"potentialAction\":[{\"@type\":\"ReadAction\",\"target\":[\"https:\/\/transparency.mk\/sq\/2015\/10\/05\/pasi-nuk-paguam-reket-prej-50-000-euro-ministria-e-bujqesise-na-shkaterroi\/\"]}]},{\"@type\":\"ImageObject\",\"inLanguage\":\"sq-AL\",\"@id\":\"https:\/\/transparency.mk\/sq\/2015\/10\/05\/pasi-nuk-paguam-reket-prej-50-000-euro-ministria-e-bujqesise-na-shkaterroi\/#primaryimage\",\"url\":\"https:\/\/transparency.mk\/wp-content\/uploads\/2021\/02\/wb_logo_alb.jpg\",\"contentUrl\":\"https:\/\/transparency.mk\/wp-content\/uploads\/2021\/02\/wb_logo_alb.jpg\",\"width\":582,\"height\":156},{\"@type\":\"BreadcrumbList\",\"@id\":\"https:\/\/transparency.mk\/sq\/2015\/10\/05\/pasi-nuk-paguam-reket-prej-50-000-euro-ministria-e-bujqesise-na-shkaterroi\/#breadcrumb\",\"itemListElement\":[{\"@type\":\"ListItem\",\"position\":1,\"name\":\"Home\",\"item\":\"https:\/\/transparency.mk\/sq\/\"},{\"@type\":\"ListItem\",\"position\":2,\"name\":\"Pasi nuk paguam reket prej 50.000 euro, Ministria e Bujq\u00ebsis\u00eb na shkat\u00ebrroi!\"}]},{\"@type\":\"WebSite\",\"@id\":\"https:\/\/transparency.mk\/#website\",\"url\":\"https:\/\/transparency.mk\/\",\"name\":\"Transparency International\",\"description\":\"Maqedoni\",\"publisher\":{\"@id\":\"https:\/\/transparency.mk\/#organization\"},\"potentialAction\":[{\"@type\":\"SearchAction\",\"target\":{\"@type\":\"EntryPoint\",\"urlTemplate\":\"https:\/\/transparency.mk\/?s={search_term_string}\"},\"query-input\":{\"@type\":\"PropertyValueSpecification\",\"valueRequired\":true,\"valueName\":\"search_term_string\"}}],\"inLanguage\":\"sq-AL\"},{\"@type\":\"Organization\",\"@id\":\"https:\/\/transparency.mk\/#organization\",\"name\":\"\u0422\u0440\u0430\u043d\u0441\u043f\u0430\u0440\u0435\u043d\u0441\u0438 \u0418\u043d\u0442\u0435\u0440\u043d\u0435\u0448\u043d\u043b - \u041c\u0430\u043a\u0435\u0434\u043e\u043d\u0438\u0458\u0430\",\"url\":\"https:\/\/transparency.mk\/\",\"logo\":{\"@type\":\"ImageObject\",\"inLanguage\":\"sq-AL\",\"@id\":\"https:\/\/transparency.mk\/#\/schema\/logo\/image\/\",\"url\":\"https:\/\/transparency.mk\/wp-content\/uploads\/2020\/10\/transparency-mk-logo.png\",\"contentUrl\":\"https:\/\/transparency.mk\/wp-content\/uploads\/2020\/10\/transparency-mk-logo.png\",\"width\":250,\"height\":75,\"caption\":\"\u0422\u0440\u0430\u043d\u0441\u043f\u0430\u0440\u0435\u043d\u0441\u0438 \u0418\u043d\u0442\u0435\u0440\u043d\u0435\u0448\u043d\u043b - \u041c\u0430\u043a\u0435\u0434\u043e\u043d\u0438\u0458\u0430\"},\"image\":{\"@id\":\"https:\/\/transparency.mk\/#\/schema\/logo\/image\/\"},\"sameAs\":[\"https:\/\/www.facebook.com\/TransparencyMK\/\",\"https:\/\/x.com\/ti_macedonia\",\"https:\/\/www.instagram.com\/timacedonia\/\",\"https:\/\/youtube.com\/user\/tzcmacedonia\/\"]},{\"@type\":\"Person\",\"@id\":\"https:\/\/transparency.mk\/#\/schema\/person\/4ab55c47d82a7d099f63f569c223c903\",\"name\":\"TI \u0430\u0434\u043c\u0438\u043d\u0438\u0441\u0442\u0440\u0430\u0442\u043e\u0440\",\"sameAs\":[\"https:\/\/transparency.mk\"]}]}<\/script>\n<!-- \/ Yoast SEO plugin. -->","yoast_head_json":{"title":"Pasi nuk paguam reket prej 50.000 euro, Ministria e Bujq\u00ebsis\u00eb na shkat\u00ebrroi! - Transparency International","robots":{"index":"index","follow":"follow","max-snippet":"max-snippet:-1","max-image-preview":"max-image-preview:large","max-video-preview":"max-video-preview:-1"},"canonical":"https:\/\/transparency.mk\/sq\/2015\/10\/05\/pasi-nuk-paguam-reket-prej-50-000-euro-ministria-e-bujqesise-na-shkaterroi\/","og_locale":"sq_AL","og_type":"article","og_title":"Pasi nuk paguam reket prej 50.000 euro, Ministria e Bujq\u00ebsis\u00eb na shkat\u00ebrroi! - Transparency International","og_description":"05.10.2015 Reketi n\u00eb t\u00eb cilin jan\u00eb n\u00ebnshkruar firmat, p\u00ebr t\u00eb munduar t\u00eb funksionojn\u00eb, me vite \u00ebsht\u00eb nj\u00eb sekret publik. Ato do t\u00eb \u201cfreskojn\u00eb\u201d partin\u00eb, funksionarin lokal ose shtet\u00ebrore, dhe pastaj do t\u00eb vazhdojn\u00eb me pun\u00eb. Ata, megjithat\u00eb, q\u00eb do t\u00eb kund\u00ebrshtojn\u00eb dhe do t\u00eb refuzojn\u00eb t\u00eb paguajn\u00eb, p\u00ebrballohen me inspektime t\u00eb pazakonshme, gjoba dhe shtypje,&hellip;","og_url":"https:\/\/transparency.mk\/sq\/2015\/10\/05\/pasi-nuk-paguam-reket-prej-50-000-euro-ministria-e-bujqesise-na-shkaterroi\/","og_site_name":"Transparency International","article_publisher":"https:\/\/www.facebook.com\/TransparencyMK\/","article_published_time":"2015-10-05T07:45:29+00:00","article_modified_time":"2021-02-17T08:45:55+00:00","og_image":[{"width":582,"height":156,"url":"https:\/\/transparency.mk\/wp-content\/uploads\/2021\/02\/wb_logo_alb.jpg","type":"image\/jpeg"}],"author":"TI \u0430\u0434\u043c\u0438\u043d\u0438\u0441\u0442\u0440\u0430\u0442\u043e\u0440","twitter_card":"summary_large_image","twitter_creator":"@ti_macedonia","twitter_site":"@ti_macedonia","twitter_misc":{"Written by":"TI \u0430\u0434\u043c\u0438\u043d\u0438\u0441\u0442\u0440\u0430\u0442\u043e\u0440","Est. reading time":"16 minutes"},"schema":{"@context":"https:\/\/schema.org","@graph":[{"@type":"Article","@id":"https:\/\/transparency.mk\/sq\/2015\/10\/05\/pasi-nuk-paguam-reket-prej-50-000-euro-ministria-e-bujqesise-na-shkaterroi\/#article","isPartOf":{"@id":"https:\/\/transparency.mk\/sq\/2015\/10\/05\/pasi-nuk-paguam-reket-prej-50-000-euro-ministria-e-bujqesise-na-shkaterroi\/"},"author":{"name":"TI \u0430\u0434\u043c\u0438\u043d\u0438\u0441\u0442\u0440\u0430\u0442\u043e\u0440","@id":"https:\/\/transparency.mk\/#\/schema\/person\/4ab55c47d82a7d099f63f569c223c903"},"headline":"Pasi nuk paguam reket prej 50.000 euro, Ministria e Bujq\u00ebsis\u00eb na shkat\u00ebrroi!","datePublished":"2015-10-05T07:45:29+00:00","dateModified":"2021-02-17T08:45:55+00:00","mainEntityOfPage":{"@id":"https:\/\/transparency.mk\/sq\/2015\/10\/05\/pasi-nuk-paguam-reket-prej-50-000-euro-ministria-e-bujqesise-na-shkaterroi\/"},"wordCount":3249,"publisher":{"@id":"https:\/\/transparency.mk\/#organization"},"image":{"@id":"https:\/\/transparency.mk\/sq\/2015\/10\/05\/pasi-nuk-paguam-reket-prej-50-000-euro-ministria-e-bujqesise-na-shkaterroi\/#primaryimage"},"thumbnailUrl":"https:\/\/transparency.mk\/wp-content\/uploads\/2021\/02\/wb_logo_alb.jpg","articleSection":["Lajme"],"inLanguage":"sq-AL"},{"@type":"WebPage","@id":"https:\/\/transparency.mk\/sq\/2015\/10\/05\/pasi-nuk-paguam-reket-prej-50-000-euro-ministria-e-bujqesise-na-shkaterroi\/","url":"https:\/\/transparency.mk\/sq\/2015\/10\/05\/pasi-nuk-paguam-reket-prej-50-000-euro-ministria-e-bujqesise-na-shkaterroi\/","name":"Pasi nuk paguam reket prej 50.000 euro, Ministria e Bujq\u00ebsis\u00eb na shkat\u00ebrroi! - Transparency International","isPartOf":{"@id":"https:\/\/transparency.mk\/#website"},"primaryImageOfPage":{"@id":"https:\/\/transparency.mk\/sq\/2015\/10\/05\/pasi-nuk-paguam-reket-prej-50-000-euro-ministria-e-bujqesise-na-shkaterroi\/#primaryimage"},"image":{"@id":"https:\/\/transparency.mk\/sq\/2015\/10\/05\/pasi-nuk-paguam-reket-prej-50-000-euro-ministria-e-bujqesise-na-shkaterroi\/#primaryimage"},"thumbnailUrl":"https:\/\/transparency.mk\/wp-content\/uploads\/2021\/02\/wb_logo_alb.jpg","datePublished":"2015-10-05T07:45:29+00:00","dateModified":"2021-02-17T08:45:55+00:00","breadcrumb":{"@id":"https:\/\/transparency.mk\/sq\/2015\/10\/05\/pasi-nuk-paguam-reket-prej-50-000-euro-ministria-e-bujqesise-na-shkaterroi\/#breadcrumb"},"inLanguage":"sq-AL","potentialAction":[{"@type":"ReadAction","target":["https:\/\/transparency.mk\/sq\/2015\/10\/05\/pasi-nuk-paguam-reket-prej-50-000-euro-ministria-e-bujqesise-na-shkaterroi\/"]}]},{"@type":"ImageObject","inLanguage":"sq-AL","@id":"https:\/\/transparency.mk\/sq\/2015\/10\/05\/pasi-nuk-paguam-reket-prej-50-000-euro-ministria-e-bujqesise-na-shkaterroi\/#primaryimage","url":"https:\/\/transparency.mk\/wp-content\/uploads\/2021\/02\/wb_logo_alb.jpg","contentUrl":"https:\/\/transparency.mk\/wp-content\/uploads\/2021\/02\/wb_logo_alb.jpg","width":582,"height":156},{"@type":"BreadcrumbList","@id":"https:\/\/transparency.mk\/sq\/2015\/10\/05\/pasi-nuk-paguam-reket-prej-50-000-euro-ministria-e-bujqesise-na-shkaterroi\/#breadcrumb","itemListElement":[{"@type":"ListItem","position":1,"name":"Home","item":"https:\/\/transparency.mk\/sq\/"},{"@type":"ListItem","position":2,"name":"Pasi nuk paguam reket prej 50.000 euro, Ministria e Bujq\u00ebsis\u00eb na shkat\u00ebrroi!"}]},{"@type":"WebSite","@id":"https:\/\/transparency.mk\/#website","url":"https:\/\/transparency.mk\/","name":"Transparency International","description":"Maqedoni","publisher":{"@id":"https:\/\/transparency.mk\/#organization"},"potentialAction":[{"@type":"SearchAction","target":{"@type":"EntryPoint","urlTemplate":"https:\/\/transparency.mk\/?s={search_term_string}"},"query-input":{"@type":"PropertyValueSpecification","valueRequired":true,"valueName":"search_term_string"}}],"inLanguage":"sq-AL"},{"@type":"Organization","@id":"https:\/\/transparency.mk\/#organization","name":"\u0422\u0440\u0430\u043d\u0441\u043f\u0430\u0440\u0435\u043d\u0441\u0438 \u0418\u043d\u0442\u0435\u0440\u043d\u0435\u0448\u043d\u043b - \u041c\u0430\u043a\u0435\u0434\u043e\u043d\u0438\u0458\u0430","url":"https:\/\/transparency.mk\/","logo":{"@type":"ImageObject","inLanguage":"sq-AL","@id":"https:\/\/transparency.mk\/#\/schema\/logo\/image\/","url":"https:\/\/transparency.mk\/wp-content\/uploads\/2020\/10\/transparency-mk-logo.png","contentUrl":"https:\/\/transparency.mk\/wp-content\/uploads\/2020\/10\/transparency-mk-logo.png","width":250,"height":75,"caption":"\u0422\u0440\u0430\u043d\u0441\u043f\u0430\u0440\u0435\u043d\u0441\u0438 \u0418\u043d\u0442\u0435\u0440\u043d\u0435\u0448\u043d\u043b - \u041c\u0430\u043a\u0435\u0434\u043e\u043d\u0438\u0458\u0430"},"image":{"@id":"https:\/\/transparency.mk\/#\/schema\/logo\/image\/"},"sameAs":["https:\/\/www.facebook.com\/TransparencyMK\/","https:\/\/x.com\/ti_macedonia","https:\/\/www.instagram.com\/timacedonia\/","https:\/\/youtube.com\/user\/tzcmacedonia\/"]},{"@type":"Person","@id":"https:\/\/transparency.mk\/#\/schema\/person\/4ab55c47d82a7d099f63f569c223c903","name":"TI \u0430\u0434\u043c\u0438\u043d\u0438\u0441\u0442\u0440\u0430\u0442\u043e\u0440","sameAs":["https:\/\/transparency.mk"]}]}},"_links":{"self":[{"href":"https:\/\/transparency.mk\/sq\/wp-json\/wp\/v2\/posts\/9710","targetHints":{"allow":["GET"]}}],"collection":[{"href":"https:\/\/transparency.mk\/sq\/wp-json\/wp\/v2\/posts"}],"about":[{"href":"https:\/\/transparency.mk\/sq\/wp-json\/wp\/v2\/types\/post"}],"author":[{"embeddable":true,"href":"https:\/\/transparency.mk\/sq\/wp-json\/wp\/v2\/users\/1"}],"replies":[{"embeddable":true,"href":"https:\/\/transparency.mk\/sq\/wp-json\/wp\/v2\/comments?post=9710"}],"version-history":[{"count":1,"href":"https:\/\/transparency.mk\/sq\/wp-json\/wp\/v2\/posts\/9710\/revisions"}],"predecessor-version":[{"id":9711,"href":"https:\/\/transparency.mk\/sq\/wp-json\/wp\/v2\/posts\/9710\/revisions\/9711"}],"wp:featuredmedia":[{"embeddable":true,"href":"https:\/\/transparency.mk\/sq\/wp-json\/wp\/v2\/media\/9688"}],"wp:attachment":[{"href":"https:\/\/transparency.mk\/sq\/wp-json\/wp\/v2\/media?parent=9710"}],"wp:term":[{"taxonomy":"category","embeddable":true,"href":"https:\/\/transparency.mk\/sq\/wp-json\/wp\/v2\/categories?post=9710"},{"taxonomy":"post_tag","embeddable":true,"href":"https:\/\/transparency.mk\/sq\/wp-json\/wp\/v2\/tags?post=9710"}],"curies":[{"name":"wp","href":"https:\/\/api.w.org\/{rel}","templated":true}]}}