{"id":9714,"date":"2015-11-14T09:46:40","date_gmt":"2015-11-14T08:46:40","guid":{"rendered":"https:\/\/transparency.web.com.mk\/?p=9714"},"modified":"2021-02-17T09:47:12","modified_gmt":"2021-02-17T08:47:12","slug":"vjedhesit-e-drunjeve-shkretojne-me-amin-te-pylltareve","status":"publish","type":"post","link":"https:\/\/transparency.mk\/sq\/2015\/11\/14\/vjedhesit-e-drunjeve-shkretojne-me-amin-te-pylltareve\/","title":{"rendered":"VJEDH\u00cbSIT E DRUNJ\u00cbVE SHKRETOJN\u00cb ME AMIN T\u00cb PYLLTAR\u00cbVE"},"content":{"rendered":"<div>14.11.2015 N\u00eb jehon\u00ebn e sezonit p\u00ebr ngrohje, \u00e7doher\u00eb aktualizohet problemi me mafien pyjore. At\u00ebher\u00eb s\u00ebrish b\u00ebhen t\u00eb duksh\u00ebm vjedh\u00ebsit e drunj\u00ebve q\u00eb veprojn\u00eb n\u00ebp\u00ebr pyjet dhe magazinat private t\u00eb mbushura plot me drunj t\u00eb shtrenjt\u00eb, nd\u00ebrsa nga ana tjet\u00ebr q\u00ebndrojn\u00eb magazinat e zbrazura t\u00eb NP \u201cMakedonski Shumi, ku zyrat \u201cp\u00eblcasin\u201d nga numri i tep\u00ebr i t\u00eb pun\u00ebsuarve.<\/div>\n<div>P\u00ebrve\u00e7 faktit q\u00eb nuk arrin t\u00eb kryej\u00eb funksionin themelor, nd\u00ebrmarrja n\u00eb adres\u00ebn e saj \u00e7do dit\u00eb merr akuza q\u00eb \u00ebsht\u00eb p\u00ebrfshir\u00eb n\u00eb krimin me drunj. N\u00eb \u00e7far\u00eb m\u00ebnyre zhvillohet kjo, d\u00ebshmojn\u00eb banor\u00ebt e fshatit t\u00eb Strug\u00ebs, Radozhd\u00eb. Ata kan\u00eb akuzuar dhe kan\u00eb paraqitur, por nuk ka kush t\u00eb d\u00ebgjoj\u00eb.<\/div>\n<div><\/div>\n<div>Vjedhja e drunj\u00ebve \u00ebsht\u00eb nj\u00eb prej krimeve m\u00eb t\u00eb paguar, sepse, n\u00eb vit, mafia pyjore n\u00eb Maqedoni fiton rreth 12 milion euro. N\u00ebse gjat\u00eb vitit n\u00eb m\u00ebnyr\u00eb ligjore prehen rreth 700.000 metra kub drunj, sipas konsumimit, kalkulimet tregojn\u00eb q\u00eb n\u00eb t\u00eb zez\u00eb sigurohen s\u00eb paku rreth 200.000 metra kub drunj p\u00ebr ngrohje. K\u00ebto drunj m\u00eb von\u00eb p\u00ebrfundojn\u00eb n\u00eb tregun e zi ku arrijn\u00eb \u00e7mime edhe mbi 3.500 denar\u00eb p\u00ebr nj\u00eb met\u00ebr kub.<\/div>\n<div><\/div>\n<div><\/div>\n<div>Ky krim b\u00ebhet madje m\u00eb fitimprur\u00ebs n\u00ebse merret parasysh q\u00eb n\u00eb pothuaj se gjitha rastet deri n\u00eb tani, sipas t\u00eb dh\u00ebnave nga gjykatat, vjedh\u00ebsit e drunj\u00ebve, q\u00eb kan\u00eb qen\u00eb para gjykat\u00ebs kan\u00eb marr\u00eb d\u00ebnime me kusht, andaj ka ndodhur q\u00eb t\u00eb p\u00ebrs\u00ebrisin vepr\u00ebn, gjegj\u00ebsisht nga gjykata t\u00eb kalojn\u00eb s\u00ebrish n\u00eb pyll.<\/div>\n<div>Pik\u00ebrisht p\u00ebr k\u00ebt\u00eb, n\u00eb vitin 2013 ishin b\u00ebr\u00eb ndryshime t\u00eb Ligjit p\u00ebr Pyjet, me t\u00eb cilin parashikohet d\u00ebnim me burg prej tre deri n\u00eb pes\u00eb vite p\u00ebr gjith\u00eb ata q\u00eb do t\u00eb vjedhin drunj. K\u00ebto d\u00ebnime t\u00eb larta pritet q\u00eb s\u00eb shpejti t\u00eb godasin t\u00eb akuzuarit n\u00eb aksionin \u201cGora\u201d, qe zgjat m\u00eb vitin e dyt\u00eb. N\u00eb k\u00ebt\u00eb kan\u00eb r\u00ebn\u00eb dhjet\u00ebra qytetar\u00eb, por edhe t\u00eb pun\u00ebsuar n\u00eb NP \u201cMakedonski Shumi\u201d, me ndihm\u00ebn e t\u00eb cil\u00ebve, sipas policis\u00eb, \u00ebsht\u00eb b\u00ebr\u00eb krimi.<\/div>\n<div>Me vite t\u00eb t\u00ebra n\u00eb opinion rrotullohen akuzat q\u00eb krimin pyjor b\u00ebhet me ndihm\u00ebn e t\u00eb pun\u00ebsuarve n\u00eb nd\u00ebrmarrjen publike, por, p\u00ebrve\u00e7 disa paraqitje penale dhe nd\u00ebshkuese kund\u00ebr dhjet\u00ebra persona, p\u00ebr momentin nuk \u00ebsht\u00eb gjetur ndonj\u00eb m\u00ebnyr\u00eb p\u00ebr t\u00eb parandaluar k\u00ebt\u00eb.<\/div>\n<div>Akuzat u p\u00ebrforcuan edhe para fillimit t\u00eb sezonit t\u00eb ngrohjes p\u00ebr k\u00ebt\u00eb vit. Magazinat e nd\u00ebrmarrjes mbeten t\u00eb zbraz\u00ebt, pjesa m\u00eb e madhe e qytetar\u00ebve, ndon\u00ebse kan\u00eb paguar q\u00eb n\u00eb pranver\u00eb, akoma nuk i kan\u00eb marr\u00eb drunjt\u00eb e tyre, nd\u00ebrsa prer\u00ebsit e paligjsh\u00ebm s\u00ebrish i mbush\u00ebn kamion\u00ebt e tyre, p\u00ebr t\u00eb cil\u00ebt dyshohet q\u00eb l\u00ebvizin me ndihm\u00ebn e mb\u00ebshtetjes institucionale.<\/div>\n<div><\/div>\n<div><\/div>\n<div><b>N\u00cb RADOZHD\u00cb, STRUG\u00cb, VJEDH KUSHDO Q\u00cb T\u00cb ARRIJ\u00cb!\u00a0<\/b><\/div>\n<div><\/div>\n<div>P\u00ebr p\u00ebrfshirje t\u00eb pun\u00ebsuarve nga NP \u201cMakedonski Shumi\u201d n\u00eb krimin me milion\u00eb me drunj akuzojn\u00eb edhe nj\u00eb grup i qytetar\u00ebve nga fshati Radozhd\u00eb, t\u00eb cil\u00ebt, ndon\u00ebse kan\u00eb siguruar edhe d\u00ebshmi, s\u00ebrish kan\u00eb r\u00ebn\u00eb n\u00eb dyer t\u00eb mbyllura n\u00eb institucionet kompetente. P\u00ebr t\u00eb mos mbajtur syt\u00eb mbyllur para shkretimit t\u00eb pyjeve, ata rastin e kan\u00eb paraqitur n\u00eb organizat\u00ebn joqeveritare \u201cTransparenci Internesh\u00ebn\u00ebl Maqedoni\u201d. Me flet\u00ebparaqitjen kan\u00eb siguruar edhe d\u00ebshmit\u00eb, gjegj\u00ebsisht skica t\u00eb parcelave q\u00eb kan\u00eb qen\u00eb q\u00ebllimi i vjedh\u00ebsve.<\/div>\n<div>Ata sqarojn\u00eb q\u00eb drunjt\u00eb i vjedhin nj\u00eb grup mir\u00eb i organizuar, q\u00eb sipas tyre, ka mb\u00ebshtetje nga t\u00eb pun\u00ebsuar n\u00eb NP \u201cMakedonski Shumi\u201d Strug\u00eb. Ata theksojn\u00eb q\u00eb udh\u00ebheq\u00ebsit e grupit me ndihm\u00ebn e personave privat marrin aprovim p\u00ebr prerje nga nd\u00ebrmarrja, t\u00eb cilat nuk p\u00ebrputhen me gjendjen n\u00eb teren, gjegj\u00ebsisht \u00e7doher\u00eb kan\u00eb marr\u00eb aprovim p\u00ebr t\u00eb prer\u00eb m\u00eb tep\u00ebr drunj sa ka n\u00eb parcel\u00ebn. Pjes\u00eb tjet\u00ebr t\u00eb drunj\u00ebve e sigurojn\u00eb me prerje t\u00eb paligjshme nga parcelat fqinje, t\u00eb cilat jan\u00eb n\u00eb pron\u00ebsi t\u00eb fshatar\u00ebve, t\u00eb m\u00ebrgimtar\u00ebve ose t\u00eb shtetit.<\/div>\n<div>Ata shtojn\u00eb q\u00eb p\u00ebrdoret nj\u00eb skem\u00eb m\u00eb vet\u00ebm e v\u00ebrtetuar. N\u00eb vend q\u00eb t\u00eb marrin let\u00ebr d\u00ebrgese p\u00ebr transport nga nd\u00ebrmarrja, p\u00ebr shembull, p\u00ebr kat\u00ebr or\u00eb, vjedh\u00ebsit i marrin p\u00ebr tet\u00eb, andaj n\u00eb vend t\u00eb nj\u00eb turne ligjore, ata transportojn\u00eb edhe nj\u00eb deri dy n\u00eb m\u00ebnyr\u00eb t\u00eb paligjshme. Th\u00ebn\u00eb shkurt, b\u00ebhet vjedhje e legalizuar, me p\u00eblqimin e NP \u201cMakedonski Shumi\u201d.<\/div>\n<div>&#8211; Gjat\u00eb disa muajve t\u00eb fundit ka pasur nj\u00eb masak\u00ebr i madh i pyjeve n\u00eb Radozhd\u00eb. Masakr\u00ebn e ka b\u00ebr\u00eb nj\u00eb grup i pajisur mir\u00eb me dhjet\u00ebra kuaj, kamion\u00eb, makina, pun\u00ebtor\u00eb nga Shqip\u00ebria, pa q\u00ebndrim t\u00eb ligjsh\u00ebm dhe leje p\u00ebr pun\u00eb, thuhet n\u00eb flet\u00ebparaqitjen.<\/div>\n<div>K\u00ebto qytetar\u00eb sqarojn\u00eb q\u00eb grupi ka pasur aprovim p\u00ebr prerje t\u00eb nj\u00eb pjese t\u00eb pyllit, por theksojn\u00eb q\u00eb ata kan\u00eb shkretuar edhe parcelat fqinje privat dhe shtet\u00ebrore.<\/div>\n<div>&#8211; Paraprakisht e m\u00ebsojn\u00eb pron\u00ebsin\u00eb e pron\u00ebs. N\u00ebse pronar\u00ebt jan\u00eb jasht\u00eb shtetit ose jan\u00eb t\u00eb vdekur, nga prona e tyre p\u00ebr shkurt koh\u00eb nuk mbetet asgj\u00eb. N\u00eb shum\u00eb raste prehet edhe pyje t\u00eb banor\u00ebve nga Radozhda, q\u00eb duke u frik\u00ebsuar nga grupi i mir\u00eb organizuar, shpesh e japin pyllin p\u00ebr \u00e7mim minimal, duke u frik\u00ebsuar se do t\u00eb mbesim pa asgj\u00eb. Nj\u00eb pjes\u00eb e drunj\u00ebve prehet n\u00eb m\u00ebnyr\u00eb t\u00eb paligjshme dhe shiten banor\u00ebve t\u00eb fshatit, por nj\u00eb pjes\u00eb transportohen n\u00eb Strug\u00eb. E gjith\u00eb kjo b\u00ebhet me ndihm\u00ebn e t\u00eb pun\u00ebsuarve n\u00eb NP \u201cMakedonski Shumi\u201d, Strug\u00eb, thon\u00eb personat q\u00eb paraqesin.<\/div>\n<div>Ata sqarojn\u00eb q\u00eb grupi kriminel ka marr\u00eb flet\u00eb d\u00ebrges\u00eb ligjore nga nd\u00ebrmarrja p\u00ebr transport t\u00eb drunj\u00ebve, por n\u00eb koh\u00eb m\u00eb t\u00eb gjat\u00eb n\u00eb intervale, andaj n\u00eb vend q\u00eb nj\u00eb her\u00eb, kamioni mbushet edhe nj\u00eb her\u00eb, madje edhe dy her\u00eb.<\/div>\n<div>&#8211; Gjithashtu jan\u00eb dh\u00ebn\u00eb aprovime p\u00ebr prerje t\u00eb ahut p\u00ebr parcela t\u00eb mbjella me pyje bori. P\u00ebr shembull, p\u00ebr nj\u00eb parcel\u00eb \u00ebsht\u00eb dh\u00ebn\u00eb aprovim p\u00ebr 120 metra kub, nd\u00ebrsa n\u00eb at\u00eb parcel\u00eb nuk ka m\u00eb tep\u00ebr se 20 metra kub ah. Q\u00ebllimi \u00ebsht\u00eb me at\u00eb aprovim t\u00eb transportojn\u00eb drunjt\u00eb q\u00eb kan\u00eb prer\u00eb m\u00eb her\u00ebt n\u00eb parcelat fqinje. Jan\u00eb dh\u00ebn\u00eb aprovime p\u00ebr prerje t\u00eb qytetar\u00ebve q\u00eb n\u00eb moment kan\u00eb qen\u00eb n\u00eb m\u00ebrgim, nd\u00ebrsa thuhet se ata personalisht jan\u00eb n\u00ebnshkruar, thon\u00eb banor\u00ebt e brengosur t\u00eb Radozhd\u00ebs.<\/div>\n<div>Si mb\u00ebshtetje t\u00eb akuzave serioze, personat q\u00eb paraqesin tregojn\u00eb parcela me numrin e tyre q\u00eb n\u00eb m\u00ebnyr\u00eb t\u00eb padrejt\u00eb ka qen\u00eb prer\u00eb pylli ose jan\u00eb p\u00ebrdorur p\u00ebr manipulim. Ashtu, p\u00ebr shembull, me aprovim t\u00eb nj\u00eb parcele tjet\u00ebr \u00ebsht\u00eb prer\u00eb edhe pylli fqinj me sip\u00ebrfaqe prej 106.000 metra katror ah, n\u00eb pron\u00ebsi t\u00eb shtetit. Tregohet edhe p\u00ebr prerje t\u00eb parcel\u00ebs private, q\u00eb ka pasur rreth 70 metra kub ah, pa aprovimin e pronarit.<\/div>\n<div>&#8211; Aprovimi p\u00ebr prerje ka qen\u00eb p\u00ebr 100 metra kub q\u00eb \u00ebsht\u00eb p\u00ebrdorur t\u00eb prehet dhe leht\u00eb t\u00eb transportohen drunjt\u00eb nga dy parcelat fqinje n\u00eb pron\u00ebsi t\u00eb shtetit\u201d, thon\u00eb personat q\u00eb paraqesin dhe theksojn\u00eb edhe disa shembuj.<\/div>\n<div><\/div>\n<div><\/div>\n<div><b>K\u00cbRC\u00cbNIME P\u00cbR KALL\u00cbZUESIT E KRIMIT \u00a0<\/b><\/div>\n<div><\/div>\n<div>Ata pohojn\u00eb q\u00eb n\u00ebse dilet n\u00eb teren, menj\u00ebher\u00eb do t\u00eb v\u00ebrehet krimi, por, si\u00e7 thon\u00eb, institucionet ku kan\u00eb paraqitur rastin nuk jan\u00eb t\u00eb interesuar p\u00ebr t\u00eb zbuluar krimin. P\u00ebr problemin jan\u00eb ankuar drejtp\u00ebrdrejt\u00eb n\u00eb nd\u00ebrmarrjen publike n\u00eb Strug\u00eb dhe jan\u00eb k\u00ebrc\u00ebnuar q\u00eb n\u00ebse nuk ndalon vjedhja, do t\u00eb informojn\u00eb mediat, por si\u00e7 pohojn\u00eb, nga atje kan\u00eb marr\u00eb p\u00ebrgjigje q\u00eb n\u00ebse d\u00ebgjohet p\u00ebrreth, ata do t\u00eb b\u00ebjn\u00eb kontrolle tek popullata e fshatit dhe do t\u00eb marrin gjith\u00eb drunjt\u00eb q\u00eb kan\u00eb bler\u00eb, por t\u00eb prer\u00eb n\u00eb m\u00ebnyr\u00eb t\u00eb paligjshme.<\/div>\n<div>Banor\u00ebt jan\u00eb munduar edhe vet\u00eb t\u00eb p\u00ebrballojn\u00eb grupin kriminel, por pasi q\u00eb ju kan\u00eb k\u00ebrc\u00ebnuar q\u00eb do t\u00eb ftojn\u00eb ekipe televizive p\u00ebr t\u00eb incizuar, grupi ishte transferuar n\u00eb kalimin kufitar Qaf\u00eb Than\u00eb.<\/div>\n<div>Megjithat\u00eb, n\u00eb mes t\u00eb shtatorit, policia ka arritur t\u00eb kap tre nga vjedh\u00ebsit, q\u00eb kan\u00eb marr\u00eb kall\u00ebzim penal. Sipas raportit policor, ata jan\u00eb kapur duke prere n\u00eb m\u00ebnyr\u00eb t\u00eb paligjshme n\u00eb rrethin\u00ebn e fshatit Frangov\u00eb t\u00eb Strug\u00ebs.<\/div>\n<div>&#8211; N\u00ebpun\u00ebsit policor, si dhe polici pyjor kan\u00eb konstatuar q\u00eb t\u00eb kapurit n\u00eb pron\u00eb t\u00eb huaj n\u00eb m\u00ebnyr\u00eb t\u00eb paautorizuar kan\u00eb prer\u00eb rreth 14 metra kub drunj, q\u00eb m\u00eb von\u00eb i kan\u00eb transferuar n\u00eb vend t\u00eb af\u00ebrt rreth 100 metra, thot\u00eb Stefan Dimoski, z\u00ebdh\u00ebn\u00ebsi i SPB Oh\u00ebr.<\/div>\n<div>Por, fol\u00ebsit tan\u00eb thon\u00eb q\u00eb kall\u00ebzimet penale nuk kan\u00eb ndihmuar asgj\u00eb sepse pas disa dit\u00ebve grupi ka vazhduar me aktivitetet e vjetra.<\/div>\n<div>&#8211; N\u00eb nd\u00ebrkoh\u00eb, grupi operon disa kilometra mbi fshatin Radozhd\u00eb, n\u00eb kalimin kufitar Qaf\u00eb Than\u00eb, n\u00eb m\u00ebnyr\u00ebn e vendosur kriminele, me nj\u00eb aprovim shkretojn\u00eb gjith\u00e7ka, thon\u00eb banor\u00ebt e Radozhd\u00ebs.<\/div>\n<div>M\u00eb von\u00eb, vjedh\u00ebsit s\u00ebrish jan\u00eb kthyer n\u00eb vendin e vjet\u00ebr. Kan\u00eb ardhur q\u00eb t\u00eb marrin drunjt\u00eb q\u00eb kishin prer\u00eb para dy muajve, por meq\u00eb banor\u00ebt kishin thirrur policin\u00eb, ata edhe pas disa her\u00ebve nuk kan\u00eb arritur. Por, edhe k\u00ebtu nuk jan\u00eb ndaluar. S\u00eb shpejti kan\u00eb kthyer me flet\u00eb d\u00ebrges\u00eb p\u00ebr transport t\u00eb dh\u00ebn\u00eb nga nd\u00ebrmarrja. Policia ka arritur, q\u00eb pas nj\u00eb padie penale ndaj nj\u00eb t\u00eb pun\u00ebsuari n\u00eb nd\u00ebrmarrjen, sepse flet\u00ebn e ka dh\u00ebn\u00eb n\u00eb Strug\u00eb, sipas deklarat\u00ebs s\u00eb vozit\u00ebsit, pa mos ardhur n\u00eb vendin e fshatit Radozhd\u00eb, si\u00e7 k\u00ebrkon ligji.<\/div>\n<div>Por, edhe ky nuk \u00ebsht\u00eb fundi. Grupi edhe gjat\u00eb muajit t\u00eb kaluar ka vazhduar t\u00eb pret drunj ne Radozhd\u00eb, nd\u00ebrsa nj\u00eb pjes\u00eb e tyre kan\u00eb qen\u00eb edhe dy personat q\u00eb m\u00eb para kishin marr\u00eb kall\u00ebzim penal!<\/div>\n<div>Vjedh\u00ebsit e paligjsh\u00ebm nuk operojn\u00eb vet\u00ebm n\u00eb Strug\u00eb. Ata shkretojn\u00eb kudo q\u00eb t\u00eb arrijn\u00eb. Nga rrethina e Prilepit tregojn\u00eb q\u00eb \u00ebsht\u00eb nj\u00eb sekret publik q\u00eb banor\u00ebt e Trizl\u00ebs kan\u00eb duar zgjidhur p\u00ebr t\u00eb prer\u00eb pyje, pa mos i ndjekur askush, nd\u00ebrsa at\u00eb e kan\u00eb fituar si shp\u00ebrblim p\u00ebr votim n\u00eb zgjedhjet e kaluara. Fol\u00ebsit tan\u00eb thon\u00eb q\u00eb \u00e7do dit\u00eb i shohin vjedh\u00ebsit si operojn\u00eb me sharr\u00eb motorike druri, nd\u00ebrsa prerjen pastaj e d\u00ebrgojn\u00eb me kafsh\u00eb ose me makina \u201cLlada\u201d. Ata theksojn\u00eb q\u00eb i kan\u00eb paraqitur tek institucionet, por atje vet\u00ebm kan\u00eb ngritur supet.<\/div>\n<div><\/div>\n<div><\/div>\n<div><b>DERI 93 P\u00cbR QIND E PUN\u00cbS S\u00cb \u201cSHUMI\u201d KRYHET NGA FIRMA T\u00cb JASHTME!<\/b><\/div>\n<div><\/div>\n<div>Drejtori i NP \u201cMakedonski Shumi\u201d, Zharko Karaxhovski se ai nuk gj\u00eb p\u00ebr akuzat e banor\u00ebve t\u00eb fshatit Radozhda, duke theksuar se rastet e tilla qytetar\u00ebt zakonisht i raportojn\u00eb tek Policia pyjore, e cila punon n\u00eb suaza t\u00eb Ministris\u00eb p\u00ebr bujq\u00ebsi, pylltari dhe ekonomi t\u00eb ujit. Por, ai tregon se kur ka ndonj\u00eb parashtres\u00eb ata e p\u00ebrcjellin tek autoritetet kompetente.<\/div>\n<div>Karaxhovski nuk kishte informata t\u00eb sakta sa t\u00eb pun\u00ebsuar jan\u00eb pushuar nga puna p\u00ebr shkak t\u00eb p\u00ebrfshirjes n\u00eb vjedhje t\u00eb drunj\u00ebve. T\u00eb dh\u00ebnat jozyrtare thon\u00eb se b\u00ebhet fjal\u00eb p\u00ebr qindra.<\/div>\n<div>Nd\u00ebrmarrja publike, q\u00eb \u00ebsht\u00eb mjaft\u00eb masive, me mbi 2.000 t\u00eb pun\u00ebsuar , me vjen punonte me humbje. P\u00ebr k\u00ebt\u00eb shkak rregullisht gjendej n\u00eb list\u00ebn e borxhlinjve t\u00eb Drejtoria p\u00ebr t\u00eb ardhura publike, kurse n\u00eb vitin 2013 Qeveria vendosi t\u00eb fal borxh prej 43 milion\u00eb euro, q\u00eb nd\u00ebrmarrja i kishte borxh p\u00ebr t\u00eb ardhura, TVSH dhe tatim personal. Por, edhe p\u00ebrskaj faljes s\u00eb nj\u00eb borxhi kaq t\u00eb lart\u00eb, nd\u00ebrmarrja \u00e7do muaj, deri para do kohe, shfaq borxh prej mbi 5 milion\u00eb euro. Madje k\u00ebt\u00eb vit, sipas drejtorit Karaxhovski kan\u00eb pasur fitim prej rreth 15 milion\u00eb denar\u00eb, ai theksoi se k\u00ebt\u00eb vit jan\u00eb duke paguar borxhin e vitit t\u00eb kaluar ndaj shtetit, dhe i paguajn\u00eb edhe t\u00eb dalat momentale.<\/div>\n<div>Edhe pse nd\u00ebrmarrja ka num\u00ebr t\u00eb madh t\u00eb pun\u00ebsuarve, \u00a0ata as p\u00ebraf\u00ebrsisht nuk i kryejn\u00eb obligimet e pun\u00ebs. Q\u00eb t\u00eb funksionon nd\u00ebrmarrja, gjegj\u00ebsisht q\u00eb t\u00eb kryhen sh\u00ebrbimet pyjore, angazhohen firma t\u00eb jashtme, p\u00ebr t\u00eb cilat \u00e7do vit ndahen rreth 13 milion\u00eb euro. M\u00eb sakt\u00eb, disa her\u00eb n\u00eb vit angazhohen firma private q\u00eb merren me prerjen, furnizimin, transportin dhe ngarkimin e drunj\u00ebve. Sipas t\u00eb dh\u00ebnave nga ueb-faqja e Byros\u00eb p\u00ebr furnizime publike, k\u00ebt\u00eb vit NP \u201cMakedonski Shumi\u201d ka angazhuar rreth tridhjet\u00eb firma t\u00eb cilat kan\u00eb marr 7,5 milion\u00eb euro.<\/div>\n<div>Gjendja e till\u00eb \u00ebsht\u00eb absurde pasi vihet n\u00eb pyetje angazhimi i t\u00eb pun\u00ebsuarve, madje edhe ekzistimi dhe funksionimi i nd\u00ebrmarrjes ku ka mbi 30 drejtor\u00eb t\u00eb pun\u00ebsuar. Por drejtori Karaxhovski thekson se k\u00ebt\u00eb vit ka risi n\u00eb pun\u00ebn e tyre, q\u00eb ka treguar rezultate t\u00eb mira n\u00eb pun\u00eb dhe zvog\u00eblimin e numrit t\u00eb bashk\u00ebpun\u00ebtor\u00ebve t\u00eb jasht\u00ebm.<\/div>\n<div>&#8211; Numri i t\u00eb pun\u00ebsuarve prej 2.300 \u00ebsht\u00eb zvog\u00ebluar n\u00eb 2.160, por kemi angazhuar 300 persona p\u00ebr koh\u00eb t\u00eb caktuar prej 6 muajve p\u00ebr prerje t\u00eb drunj\u00ebve. Puna e tyre ka qen\u00eb e suksesshme, gjegj\u00ebsisht \u00ebsht\u00eb zvog\u00ebluar angazhimi i pun\u00ebtor\u00ebve t\u00eb jasht\u00ebm. N\u00ebse deri tani ata kan\u00eb kryer gati 97 p\u00ebr qind, tani pjes\u00ebmarrja e tyre \u00ebsht\u00eb zvog\u00ebluar p\u00ebr 34 p\u00ebr qind, dhe konkluduam se t\u00eb pun\u00ebsuarit na kushtojn\u00eb m\u00eb pak se angazhimi i firmave t\u00eb jashtme, thot\u00eb drejtori Karaxhovski.<\/div>\n<div>Ai shton se n\u00eb periudh\u00ebn e ardhshme do t\u00eb fokusohen edhe n\u00eb zvog\u00eblimin e transportit t\u00eb jasht\u00ebm, i cili nga 7 p\u00ebr qind q\u00eb p\u00ebr momentin e kryejn\u00eb vet tani, planifikojn\u00eb t\u00eb marrin p\u00ebrsip\u00ebr s\u00eb paku 30 p\u00ebr qind t\u00eb transportit.<\/div>\n<div>&#8211; Planifikojm\u00eb t\u00eb marrim 30 kamion\u00eb dhe vet t\u00eb b\u00ebjm\u00eb transportin e drunj\u00ebve n\u00eb pikat kritike, q\u00eb qytetar\u00ebt ti fitojn\u00eb n\u00eb koh\u00eb, thot\u00eb Karaxhovski.<\/div>\n<div>Me kthimin e prerjes n\u00eb nd\u00ebrmarrjen publike pritet t\u00eb zvog\u00eblohen edhe keqp\u00ebrdorimet, pasi tani ka dyshim se kompanit\u00eb private fshehin pjes\u00eb t\u00eb drunj\u00ebve pjes\u00eb t\u00eb drunj\u00ebve, q\u00eb pastaj shiten me \u00e7mime m\u00eb t\u00eb ul\u00ebta, duke krijuar konkurrenc\u00eb jolojale p\u00ebr magazinat tjera q\u00eb duhet t\u00eb paguajn\u00eb tatime.<\/div>\n<div>Gjithashtu, p\u00ebrskaj parave q\u00eb k\u00ebto firma i fitojn\u00eb p\u00ebr sh\u00ebrbimin q\u00eb e kryejn\u00eb, ata m\u00eb shum\u00eb varf\u00ebrojn\u00eb nd\u00ebrmarrjen. Pasi shpesh i fitojn\u00eb parat\u00eb me vones\u00eb, padisin dhe n\u00eb fund fitojn\u00eb pages\u00ebn me interes, kurse nd\u00ebrmarrja paguan edhe taksat e larta gjyq\u00ebsore.<\/div>\n<div>P\u00ebrfundimisht, nd\u00ebrmarrja \u00ebsht\u00eb gati m\u00eb ark\u00eb t\u00eb zbraz\u00ebt, qytetar\u00ebt me xhepa t\u00eb zbraz\u00ebt, por edhe vatra, kurse mafia pyjore ka miliona. P\u00ebr k\u00ebt\u00eb shkak banor\u00ebt e Radozhd\u00ebs thon\u00eb se nuk munden m\u00eb t\u00eb heshtin p\u00ebr shkretimin dhe krimin q\u00eb ndodh para syve t\u00eb tyre, dhe kan\u00eb vendosur t\u00eb paraqesin rastin. Thon\u00eb se shkopi ka dy skaje, dhe shpresojn\u00eb se skaji q\u00eb p\u00ebr momentin rreh vet\u00ebm shpin\u00ebn e qytetar\u00ebve, do t\u00eb rreh edhe skajin tjet\u00ebr, drejtp\u00ebrdrejt\u00eb nd\u00ebrmarrjen.<\/div>\n<div><\/div>\n<div><\/div>\n<div><b>Qindra familje ende nuk i kan\u00eb pranuar drunjt\u00eb e paguar\u00a0<\/b><\/div>\n<div><\/div>\n<div>Derisa pritet nd\u00ebrmarrja, pas 16 vjet pune, p\u00ebrfundimisht t\u00eb q\u00ebndron n\u00eb k\u00ebmb\u00ebt e veta qytetar\u00ebt i ndiejn\u00eb pasojat. Qindra familje, edhe pse ka shum\u00eb koh\u00eb prej kur ka nisur sezoni i ngrohjes, vazhdojn\u00eb t\u00eb presin drunjt\u00eb q\u00eb i kan\u00eb paguar para shum\u00eb kohe. Pages\u00ebn e kan\u00eb b\u00ebr\u00eb ver\u00ebs, kurse drunjt\u00eb ende mungojn\u00eb.<\/div>\n<div>&#8211; Si pensionist i pagova drunjt\u00eb para disa muajve dhe ende i pres. Kur shkova t\u00eb pyes se \u00e7far\u00eb ka ndodhur, m\u00eb than\u00eb se n\u00ebse dua mund t\u00eb m\u00eb kthejn\u00eb parat\u00eb, pasi ende nuk ka drur\u00eb. Kjo \u00ebsht\u00eb shum\u00eb e pap\u00ebrgjegjshme pasi n\u00eb \u00e7astin e fundit na kan\u00eb l\u00ebn\u00eb t\u00eb varur, thot\u00eb banor i Ko\u00e7anit.<\/div>\n<div>Drunjt\u00eb e paguar i presin edhe rreth 500 familje nga Shtipi, por edhe t\u00eb tjer\u00eb nga brendia e vendit. T\u00eb revoltuar thon\u00eb se kan\u00eb qen\u00eb t\u00eb detyruar t\u00eb blejn\u00eb drunj t\u00eb ri nga furnizues privat, ku i paguajn\u00eb shum\u00eb m\u00eb shtrenjt\u00eb, madje edhe 4.000 denar\u00eb p\u00ebr met\u00ebr kub. Nga nd\u00ebrmarrja ju kan\u00eb premtuar se do t\u00eb marrin drunjt\u00eb jo m\u00eb von\u00eb se 15-shi i k\u00ebtij muaji, por ata kan\u00eb humbur shpres\u00ebn.<\/div>\n<div>Drejtori Karaxhovski prani se ende ka familje q\u00eb nuk i kan\u00eb marr drunjt\u00eb e paguar, duke mos theksuar se p\u00ebr sa b\u00ebhet fjal\u00eb. Por, shtoi se problemi do t\u00eb zgjidhet s\u00eb shpejti.<\/div>\n<div><\/div>\n<div><\/div>\n<div><b><i>Autor: Valentina STOJAN\u00c7EVSKA<\/i><\/b><\/div>\n<div><\/div>\n<div><\/div>\n<div><b><i>Transparensi Internesh\u00ebn\u00ebll Maqedonia zbaton projektin \u201cP\u00ebrfaq\u00ebsimi i mbrojtjes s\u00eb lajm\u00ebruese, p\u00ebrfshir\u00eb mediet dhe shoq\u00ebrin\u00eb civile\u201d i p\u00ebrkrahur nga Ambasada e Mbret\u00ebris\u00eb s\u00eb Holand\u00ebs. Storia hulumtuese \u00ebsht\u00eb p\u00ebrgatitur n\u00eb suaza t\u00eb projektit, dhe nuk pasqyron q\u00ebndrimet e Ambasad\u00ebs s\u00eb Mbret\u00ebris\u00eb s\u00eb Holand\u00ebs.<\/i><\/b><\/div>\n<div><\/div>\n","protected":false},"excerpt":{"rendered":"<p>14.11.2015 N\u00eb jehon\u00ebn e sezonit p\u00ebr ngrohje, \u00e7doher\u00eb aktualizohet problemi me mafien pyjore. At\u00ebher\u00eb s\u00ebrish b\u00ebhen t\u00eb duksh\u00ebm vjedh\u00ebsit e drunj\u00ebve q\u00eb veprojn\u00eb n\u00ebp\u00ebr pyjet dhe magazinat private t\u00eb mbushura plot me drunj t\u00eb shtrenjt\u00eb, nd\u00ebrsa nga ana tjet\u00ebr q\u00ebndrojn\u00eb magazinat e zbrazura t\u00eb NP \u201cMakedonski Shumi, ku zyrat \u201cp\u00eblcasin\u201d nga numri i tep\u00ebr i&hellip;<\/p>\n","protected":false},"author":1,"featured_media":9688,"comment_status":"closed","ping_status":"open","sticky":false,"template":"","format":"standard","meta":{"_monsterinsights_skip_tracking":false,"_monsterinsights_sitenote_active":false,"_monsterinsights_sitenote_note":"","_monsterinsights_sitenote_category":0,"footnotes":""},"categories":[90],"tags":[],"class_list":["post-9714","post","type-post","status-publish","format-standard","has-post-thumbnail","hentry","category-lajme","category-90","description-off"],"yoast_head":"<!-- This site is optimized with the Yoast SEO plugin v25.8 - https:\/\/yoast.com\/wordpress\/plugins\/seo\/ -->\n<title>VJEDH\u00cbSIT E DRUNJ\u00cbVE SHKRETOJN\u00cb ME AMIN T\u00cb PYLLTAR\u00cbVE - Transparency International<\/title>\n<meta name=\"robots\" content=\"index, follow, max-snippet:-1, max-image-preview:large, max-video-preview:-1\" \/>\n<link rel=\"canonical\" href=\"https:\/\/transparency.mk\/sq\/2015\/11\/14\/vjedhesit-e-drunjeve-shkretojne-me-amin-te-pylltareve\/\" \/>\n<meta property=\"og:locale\" content=\"sq_AL\" \/>\n<meta property=\"og:type\" content=\"article\" \/>\n<meta property=\"og:title\" content=\"VJEDH\u00cbSIT E DRUNJ\u00cbVE SHKRETOJN\u00cb ME AMIN T\u00cb PYLLTAR\u00cbVE - Transparency International\" \/>\n<meta property=\"og:description\" content=\"14.11.2015 N\u00eb jehon\u00ebn e sezonit p\u00ebr ngrohje, \u00e7doher\u00eb aktualizohet problemi me mafien pyjore. At\u00ebher\u00eb s\u00ebrish b\u00ebhen t\u00eb duksh\u00ebm vjedh\u00ebsit e drunj\u00ebve q\u00eb veprojn\u00eb n\u00ebp\u00ebr pyjet dhe magazinat private t\u00eb mbushura plot me drunj t\u00eb shtrenjt\u00eb, nd\u00ebrsa nga ana tjet\u00ebr q\u00ebndrojn\u00eb magazinat e zbrazura t\u00eb NP \u201cMakedonski Shumi, ku zyrat \u201cp\u00eblcasin\u201d nga numri i tep\u00ebr i&hellip;\" \/>\n<meta property=\"og:url\" content=\"https:\/\/transparency.mk\/sq\/2015\/11\/14\/vjedhesit-e-drunjeve-shkretojne-me-amin-te-pylltareve\/\" \/>\n<meta property=\"og:site_name\" content=\"Transparency International\" \/>\n<meta property=\"article:publisher\" content=\"https:\/\/www.facebook.com\/TransparencyMK\/\" \/>\n<meta property=\"article:published_time\" content=\"2015-11-14T08:46:40+00:00\" \/>\n<meta property=\"article:modified_time\" content=\"2021-02-17T08:47:12+00:00\" \/>\n<meta property=\"og:image\" content=\"https:\/\/transparency.mk\/wp-content\/uploads\/2021\/02\/wb_logo_alb.jpg\" \/>\n\t<meta property=\"og:image:width\" content=\"582\" \/>\n\t<meta property=\"og:image:height\" content=\"156\" \/>\n\t<meta property=\"og:image:type\" content=\"image\/jpeg\" \/>\n<meta name=\"author\" content=\"TI \u0430\u0434\u043c\u0438\u043d\u0438\u0441\u0442\u0440\u0430\u0442\u043e\u0440\" \/>\n<meta name=\"twitter:card\" content=\"summary_large_image\" \/>\n<meta name=\"twitter:creator\" content=\"@ti_macedonia\" \/>\n<meta name=\"twitter:site\" content=\"@ti_macedonia\" \/>\n<meta name=\"twitter:label1\" content=\"Written by\" \/>\n\t<meta name=\"twitter:data1\" content=\"TI \u0430\u0434\u043c\u0438\u043d\u0438\u0441\u0442\u0440\u0430\u0442\u043e\u0440\" \/>\n\t<meta name=\"twitter:label2\" content=\"Est. reading time\" \/>\n\t<meta name=\"twitter:data2\" content=\"14 minutes\" \/>\n<script type=\"application\/ld+json\" class=\"yoast-schema-graph\">{\"@context\":\"https:\/\/schema.org\",\"@graph\":[{\"@type\":\"Article\",\"@id\":\"https:\/\/transparency.mk\/sq\/2015\/11\/14\/vjedhesit-e-drunjeve-shkretojne-me-amin-te-pylltareve\/#article\",\"isPartOf\":{\"@id\":\"https:\/\/transparency.mk\/sq\/2015\/11\/14\/vjedhesit-e-drunjeve-shkretojne-me-amin-te-pylltareve\/\"},\"author\":{\"name\":\"TI \u0430\u0434\u043c\u0438\u043d\u0438\u0441\u0442\u0440\u0430\u0442\u043e\u0440\",\"@id\":\"https:\/\/transparency.mk\/#\/schema\/person\/4ab55c47d82a7d099f63f569c223c903\"},\"headline\":\"VJEDH\u00cbSIT E DRUNJ\u00cbVE SHKRETOJN\u00cb ME AMIN T\u00cb PYLLTAR\u00cbVE\",\"datePublished\":\"2015-11-14T08:46:40+00:00\",\"dateModified\":\"2021-02-17T08:47:12+00:00\",\"mainEntityOfPage\":{\"@id\":\"https:\/\/transparency.mk\/sq\/2015\/11\/14\/vjedhesit-e-drunjeve-shkretojne-me-amin-te-pylltareve\/\"},\"wordCount\":2874,\"publisher\":{\"@id\":\"https:\/\/transparency.mk\/#organization\"},\"image\":{\"@id\":\"https:\/\/transparency.mk\/sq\/2015\/11\/14\/vjedhesit-e-drunjeve-shkretojne-me-amin-te-pylltareve\/#primaryimage\"},\"thumbnailUrl\":\"https:\/\/transparency.mk\/wp-content\/uploads\/2021\/02\/wb_logo_alb.jpg\",\"articleSection\":[\"Lajme\"],\"inLanguage\":\"sq-AL\"},{\"@type\":\"WebPage\",\"@id\":\"https:\/\/transparency.mk\/sq\/2015\/11\/14\/vjedhesit-e-drunjeve-shkretojne-me-amin-te-pylltareve\/\",\"url\":\"https:\/\/transparency.mk\/sq\/2015\/11\/14\/vjedhesit-e-drunjeve-shkretojne-me-amin-te-pylltareve\/\",\"name\":\"VJEDH\u00cbSIT E DRUNJ\u00cbVE SHKRETOJN\u00cb ME AMIN T\u00cb PYLLTAR\u00cbVE - Transparency International\",\"isPartOf\":{\"@id\":\"https:\/\/transparency.mk\/#website\"},\"primaryImageOfPage\":{\"@id\":\"https:\/\/transparency.mk\/sq\/2015\/11\/14\/vjedhesit-e-drunjeve-shkretojne-me-amin-te-pylltareve\/#primaryimage\"},\"image\":{\"@id\":\"https:\/\/transparency.mk\/sq\/2015\/11\/14\/vjedhesit-e-drunjeve-shkretojne-me-amin-te-pylltareve\/#primaryimage\"},\"thumbnailUrl\":\"https:\/\/transparency.mk\/wp-content\/uploads\/2021\/02\/wb_logo_alb.jpg\",\"datePublished\":\"2015-11-14T08:46:40+00:00\",\"dateModified\":\"2021-02-17T08:47:12+00:00\",\"breadcrumb\":{\"@id\":\"https:\/\/transparency.mk\/sq\/2015\/11\/14\/vjedhesit-e-drunjeve-shkretojne-me-amin-te-pylltareve\/#breadcrumb\"},\"inLanguage\":\"sq-AL\",\"potentialAction\":[{\"@type\":\"ReadAction\",\"target\":[\"https:\/\/transparency.mk\/sq\/2015\/11\/14\/vjedhesit-e-drunjeve-shkretojne-me-amin-te-pylltareve\/\"]}]},{\"@type\":\"ImageObject\",\"inLanguage\":\"sq-AL\",\"@id\":\"https:\/\/transparency.mk\/sq\/2015\/11\/14\/vjedhesit-e-drunjeve-shkretojne-me-amin-te-pylltareve\/#primaryimage\",\"url\":\"https:\/\/transparency.mk\/wp-content\/uploads\/2021\/02\/wb_logo_alb.jpg\",\"contentUrl\":\"https:\/\/transparency.mk\/wp-content\/uploads\/2021\/02\/wb_logo_alb.jpg\",\"width\":582,\"height\":156},{\"@type\":\"BreadcrumbList\",\"@id\":\"https:\/\/transparency.mk\/sq\/2015\/11\/14\/vjedhesit-e-drunjeve-shkretojne-me-amin-te-pylltareve\/#breadcrumb\",\"itemListElement\":[{\"@type\":\"ListItem\",\"position\":1,\"name\":\"Home\",\"item\":\"https:\/\/transparency.mk\/sq\/\"},{\"@type\":\"ListItem\",\"position\":2,\"name\":\"VJEDH\u00cbSIT E DRUNJ\u00cbVE SHKRETOJN\u00cb ME AMIN T\u00cb PYLLTAR\u00cbVE\"}]},{\"@type\":\"WebSite\",\"@id\":\"https:\/\/transparency.mk\/#website\",\"url\":\"https:\/\/transparency.mk\/\",\"name\":\"Transparency International\",\"description\":\"Maqedoni\",\"publisher\":{\"@id\":\"https:\/\/transparency.mk\/#organization\"},\"potentialAction\":[{\"@type\":\"SearchAction\",\"target\":{\"@type\":\"EntryPoint\",\"urlTemplate\":\"https:\/\/transparency.mk\/?s={search_term_string}\"},\"query-input\":{\"@type\":\"PropertyValueSpecification\",\"valueRequired\":true,\"valueName\":\"search_term_string\"}}],\"inLanguage\":\"sq-AL\"},{\"@type\":\"Organization\",\"@id\":\"https:\/\/transparency.mk\/#organization\",\"name\":\"\u0422\u0440\u0430\u043d\u0441\u043f\u0430\u0440\u0435\u043d\u0441\u0438 \u0418\u043d\u0442\u0435\u0440\u043d\u0435\u0448\u043d\u043b - \u041c\u0430\u043a\u0435\u0434\u043e\u043d\u0438\u0458\u0430\",\"url\":\"https:\/\/transparency.mk\/\",\"logo\":{\"@type\":\"ImageObject\",\"inLanguage\":\"sq-AL\",\"@id\":\"https:\/\/transparency.mk\/#\/schema\/logo\/image\/\",\"url\":\"https:\/\/transparency.mk\/wp-content\/uploads\/2020\/10\/transparency-mk-logo.png\",\"contentUrl\":\"https:\/\/transparency.mk\/wp-content\/uploads\/2020\/10\/transparency-mk-logo.png\",\"width\":250,\"height\":75,\"caption\":\"\u0422\u0440\u0430\u043d\u0441\u043f\u0430\u0440\u0435\u043d\u0441\u0438 \u0418\u043d\u0442\u0435\u0440\u043d\u0435\u0448\u043d\u043b - \u041c\u0430\u043a\u0435\u0434\u043e\u043d\u0438\u0458\u0430\"},\"image\":{\"@id\":\"https:\/\/transparency.mk\/#\/schema\/logo\/image\/\"},\"sameAs\":[\"https:\/\/www.facebook.com\/TransparencyMK\/\",\"https:\/\/x.com\/ti_macedonia\",\"https:\/\/www.instagram.com\/timacedonia\/\",\"https:\/\/youtube.com\/user\/tzcmacedonia\/\"]},{\"@type\":\"Person\",\"@id\":\"https:\/\/transparency.mk\/#\/schema\/person\/4ab55c47d82a7d099f63f569c223c903\",\"name\":\"TI \u0430\u0434\u043c\u0438\u043d\u0438\u0441\u0442\u0440\u0430\u0442\u043e\u0440\",\"sameAs\":[\"https:\/\/transparency.mk\"]}]}<\/script>\n<!-- \/ Yoast SEO plugin. -->","yoast_head_json":{"title":"VJEDH\u00cbSIT E DRUNJ\u00cbVE SHKRETOJN\u00cb ME AMIN T\u00cb PYLLTAR\u00cbVE - Transparency International","robots":{"index":"index","follow":"follow","max-snippet":"max-snippet:-1","max-image-preview":"max-image-preview:large","max-video-preview":"max-video-preview:-1"},"canonical":"https:\/\/transparency.mk\/sq\/2015\/11\/14\/vjedhesit-e-drunjeve-shkretojne-me-amin-te-pylltareve\/","og_locale":"sq_AL","og_type":"article","og_title":"VJEDH\u00cbSIT E DRUNJ\u00cbVE SHKRETOJN\u00cb ME AMIN T\u00cb PYLLTAR\u00cbVE - Transparency International","og_description":"14.11.2015 N\u00eb jehon\u00ebn e sezonit p\u00ebr ngrohje, \u00e7doher\u00eb aktualizohet problemi me mafien pyjore. At\u00ebher\u00eb s\u00ebrish b\u00ebhen t\u00eb duksh\u00ebm vjedh\u00ebsit e drunj\u00ebve q\u00eb veprojn\u00eb n\u00ebp\u00ebr pyjet dhe magazinat private t\u00eb mbushura plot me drunj t\u00eb shtrenjt\u00eb, nd\u00ebrsa nga ana tjet\u00ebr q\u00ebndrojn\u00eb magazinat e zbrazura t\u00eb NP \u201cMakedonski Shumi, ku zyrat \u201cp\u00eblcasin\u201d nga numri i tep\u00ebr i&hellip;","og_url":"https:\/\/transparency.mk\/sq\/2015\/11\/14\/vjedhesit-e-drunjeve-shkretojne-me-amin-te-pylltareve\/","og_site_name":"Transparency International","article_publisher":"https:\/\/www.facebook.com\/TransparencyMK\/","article_published_time":"2015-11-14T08:46:40+00:00","article_modified_time":"2021-02-17T08:47:12+00:00","og_image":[{"width":582,"height":156,"url":"https:\/\/transparency.mk\/wp-content\/uploads\/2021\/02\/wb_logo_alb.jpg","type":"image\/jpeg"}],"author":"TI \u0430\u0434\u043c\u0438\u043d\u0438\u0441\u0442\u0440\u0430\u0442\u043e\u0440","twitter_card":"summary_large_image","twitter_creator":"@ti_macedonia","twitter_site":"@ti_macedonia","twitter_misc":{"Written by":"TI \u0430\u0434\u043c\u0438\u043d\u0438\u0441\u0442\u0440\u0430\u0442\u043e\u0440","Est. reading time":"14 minutes"},"schema":{"@context":"https:\/\/schema.org","@graph":[{"@type":"Article","@id":"https:\/\/transparency.mk\/sq\/2015\/11\/14\/vjedhesit-e-drunjeve-shkretojne-me-amin-te-pylltareve\/#article","isPartOf":{"@id":"https:\/\/transparency.mk\/sq\/2015\/11\/14\/vjedhesit-e-drunjeve-shkretojne-me-amin-te-pylltareve\/"},"author":{"name":"TI \u0430\u0434\u043c\u0438\u043d\u0438\u0441\u0442\u0440\u0430\u0442\u043e\u0440","@id":"https:\/\/transparency.mk\/#\/schema\/person\/4ab55c47d82a7d099f63f569c223c903"},"headline":"VJEDH\u00cbSIT E DRUNJ\u00cbVE SHKRETOJN\u00cb ME AMIN T\u00cb PYLLTAR\u00cbVE","datePublished":"2015-11-14T08:46:40+00:00","dateModified":"2021-02-17T08:47:12+00:00","mainEntityOfPage":{"@id":"https:\/\/transparency.mk\/sq\/2015\/11\/14\/vjedhesit-e-drunjeve-shkretojne-me-amin-te-pylltareve\/"},"wordCount":2874,"publisher":{"@id":"https:\/\/transparency.mk\/#organization"},"image":{"@id":"https:\/\/transparency.mk\/sq\/2015\/11\/14\/vjedhesit-e-drunjeve-shkretojne-me-amin-te-pylltareve\/#primaryimage"},"thumbnailUrl":"https:\/\/transparency.mk\/wp-content\/uploads\/2021\/02\/wb_logo_alb.jpg","articleSection":["Lajme"],"inLanguage":"sq-AL"},{"@type":"WebPage","@id":"https:\/\/transparency.mk\/sq\/2015\/11\/14\/vjedhesit-e-drunjeve-shkretojne-me-amin-te-pylltareve\/","url":"https:\/\/transparency.mk\/sq\/2015\/11\/14\/vjedhesit-e-drunjeve-shkretojne-me-amin-te-pylltareve\/","name":"VJEDH\u00cbSIT E DRUNJ\u00cbVE SHKRETOJN\u00cb ME AMIN T\u00cb PYLLTAR\u00cbVE - Transparency International","isPartOf":{"@id":"https:\/\/transparency.mk\/#website"},"primaryImageOfPage":{"@id":"https:\/\/transparency.mk\/sq\/2015\/11\/14\/vjedhesit-e-drunjeve-shkretojne-me-amin-te-pylltareve\/#primaryimage"},"image":{"@id":"https:\/\/transparency.mk\/sq\/2015\/11\/14\/vjedhesit-e-drunjeve-shkretojne-me-amin-te-pylltareve\/#primaryimage"},"thumbnailUrl":"https:\/\/transparency.mk\/wp-content\/uploads\/2021\/02\/wb_logo_alb.jpg","datePublished":"2015-11-14T08:46:40+00:00","dateModified":"2021-02-17T08:47:12+00:00","breadcrumb":{"@id":"https:\/\/transparency.mk\/sq\/2015\/11\/14\/vjedhesit-e-drunjeve-shkretojne-me-amin-te-pylltareve\/#breadcrumb"},"inLanguage":"sq-AL","potentialAction":[{"@type":"ReadAction","target":["https:\/\/transparency.mk\/sq\/2015\/11\/14\/vjedhesit-e-drunjeve-shkretojne-me-amin-te-pylltareve\/"]}]},{"@type":"ImageObject","inLanguage":"sq-AL","@id":"https:\/\/transparency.mk\/sq\/2015\/11\/14\/vjedhesit-e-drunjeve-shkretojne-me-amin-te-pylltareve\/#primaryimage","url":"https:\/\/transparency.mk\/wp-content\/uploads\/2021\/02\/wb_logo_alb.jpg","contentUrl":"https:\/\/transparency.mk\/wp-content\/uploads\/2021\/02\/wb_logo_alb.jpg","width":582,"height":156},{"@type":"BreadcrumbList","@id":"https:\/\/transparency.mk\/sq\/2015\/11\/14\/vjedhesit-e-drunjeve-shkretojne-me-amin-te-pylltareve\/#breadcrumb","itemListElement":[{"@type":"ListItem","position":1,"name":"Home","item":"https:\/\/transparency.mk\/sq\/"},{"@type":"ListItem","position":2,"name":"VJEDH\u00cbSIT E DRUNJ\u00cbVE SHKRETOJN\u00cb ME AMIN T\u00cb PYLLTAR\u00cbVE"}]},{"@type":"WebSite","@id":"https:\/\/transparency.mk\/#website","url":"https:\/\/transparency.mk\/","name":"Transparency International","description":"Maqedoni","publisher":{"@id":"https:\/\/transparency.mk\/#organization"},"potentialAction":[{"@type":"SearchAction","target":{"@type":"EntryPoint","urlTemplate":"https:\/\/transparency.mk\/?s={search_term_string}"},"query-input":{"@type":"PropertyValueSpecification","valueRequired":true,"valueName":"search_term_string"}}],"inLanguage":"sq-AL"},{"@type":"Organization","@id":"https:\/\/transparency.mk\/#organization","name":"\u0422\u0440\u0430\u043d\u0441\u043f\u0430\u0440\u0435\u043d\u0441\u0438 \u0418\u043d\u0442\u0435\u0440\u043d\u0435\u0448\u043d\u043b - \u041c\u0430\u043a\u0435\u0434\u043e\u043d\u0438\u0458\u0430","url":"https:\/\/transparency.mk\/","logo":{"@type":"ImageObject","inLanguage":"sq-AL","@id":"https:\/\/transparency.mk\/#\/schema\/logo\/image\/","url":"https:\/\/transparency.mk\/wp-content\/uploads\/2020\/10\/transparency-mk-logo.png","contentUrl":"https:\/\/transparency.mk\/wp-content\/uploads\/2020\/10\/transparency-mk-logo.png","width":250,"height":75,"caption":"\u0422\u0440\u0430\u043d\u0441\u043f\u0430\u0440\u0435\u043d\u0441\u0438 \u0418\u043d\u0442\u0435\u0440\u043d\u0435\u0448\u043d\u043b - \u041c\u0430\u043a\u0435\u0434\u043e\u043d\u0438\u0458\u0430"},"image":{"@id":"https:\/\/transparency.mk\/#\/schema\/logo\/image\/"},"sameAs":["https:\/\/www.facebook.com\/TransparencyMK\/","https:\/\/x.com\/ti_macedonia","https:\/\/www.instagram.com\/timacedonia\/","https:\/\/youtube.com\/user\/tzcmacedonia\/"]},{"@type":"Person","@id":"https:\/\/transparency.mk\/#\/schema\/person\/4ab55c47d82a7d099f63f569c223c903","name":"TI \u0430\u0434\u043c\u0438\u043d\u0438\u0441\u0442\u0440\u0430\u0442\u043e\u0440","sameAs":["https:\/\/transparency.mk"]}]}},"_links":{"self":[{"href":"https:\/\/transparency.mk\/sq\/wp-json\/wp\/v2\/posts\/9714","targetHints":{"allow":["GET"]}}],"collection":[{"href":"https:\/\/transparency.mk\/sq\/wp-json\/wp\/v2\/posts"}],"about":[{"href":"https:\/\/transparency.mk\/sq\/wp-json\/wp\/v2\/types\/post"}],"author":[{"embeddable":true,"href":"https:\/\/transparency.mk\/sq\/wp-json\/wp\/v2\/users\/1"}],"replies":[{"embeddable":true,"href":"https:\/\/transparency.mk\/sq\/wp-json\/wp\/v2\/comments?post=9714"}],"version-history":[{"count":1,"href":"https:\/\/transparency.mk\/sq\/wp-json\/wp\/v2\/posts\/9714\/revisions"}],"predecessor-version":[{"id":9715,"href":"https:\/\/transparency.mk\/sq\/wp-json\/wp\/v2\/posts\/9714\/revisions\/9715"}],"wp:featuredmedia":[{"embeddable":true,"href":"https:\/\/transparency.mk\/sq\/wp-json\/wp\/v2\/media\/9688"}],"wp:attachment":[{"href":"https:\/\/transparency.mk\/sq\/wp-json\/wp\/v2\/media?parent=9714"}],"wp:term":[{"taxonomy":"category","embeddable":true,"href":"https:\/\/transparency.mk\/sq\/wp-json\/wp\/v2\/categories?post=9714"},{"taxonomy":"post_tag","embeddable":true,"href":"https:\/\/transparency.mk\/sq\/wp-json\/wp\/v2\/tags?post=9714"}],"curies":[{"name":"wp","href":"https:\/\/api.w.org\/{rel}","templated":true}]}}