{"id":9731,"date":"2016-02-01T09:50:12","date_gmt":"2016-02-01T08:50:12","guid":{"rendered":"https:\/\/transparency.web.com.mk\/?p=9731"},"modified":"2021-02-17T09:50:35","modified_gmt":"2021-02-17T08:50:35","slug":"ministria-e-drejtesise-i-hesht-kallezuesit","status":"publish","type":"post","link":"https:\/\/transparency.mk\/sq\/2016\/02\/01\/ministria-e-drejtesise-i-hesht-kallezuesit\/","title":{"rendered":"Ministria e Drejt\u00ebsis\u00eb i hesht \u201ckall\u00ebzuesit\u201d?"},"content":{"rendered":"<div>\u00a001.02.2016 Prej nj\u00eb kohe t\u00eb caktuar, Maqedonia mund t\u00eb lavd\u00ebrohet me risin\u00eb Ligjin p\u00ebr Mbrojtje t\u00eb Kall\u00ebzuesve, q\u00eb n\u00eb nj\u00eb m\u00ebnyr\u00eb t\u00eb qart\u00eb tregon vullnetin e shtetit t\u00eb p\u00ebrforcoj\u00eb luft\u00ebn kund\u00ebr korrupsionit dhe pun\u00ebs s\u00eb paligjshme sepse m\u00eb n\u00eb fund ju ofrohet mbrojtje t\u00eb atyre q\u00eb do t\u00eb marrin guximin dhe do t\u00eb paraqesin. Megjithat\u00eb, p\u00ebrskaj k\u00ebsaj zgjedhje t\u00eb mir\u00eb ligjore, t\u00eb gjith\u00eb syt\u00eb jan\u00eb drejtuar n\u00eb institucionet q\u00eb duhet t\u00eb zbatojn\u00eb. Institucioni m\u00eb i p\u00ebrcaktuar, Ministria e Drejt\u00ebsis\u00eb vet\u00ebm ka filluar t\u00eb e mb\u00ebshtjell\u00eb. Nuk e respekton afatin p\u00ebr miratimin e akteve n\u00ebnligjore, me \u00e7far\u00eb, prej nisjes ka rrezikuar zbatimin e ligjit.<\/div>\n<div>P\u00ebrmendoret nuk ngrit\u00ebn vet\u00ebm n\u00eb Shkup. Pak para, n\u00eb Berlin, n\u00eb nj\u00eb prej shesheve qendrore, ishte vendosur statuja e \u201cTreshja e Shenjt\u00eb e Kall\u00ebzuesve\u201d (Asanzh, Snouden dhe Mening).<\/div>\n<div>Mir\u00ebpo, p\u00ebr dallim nga vendi yn\u00eb, q\u00eb p\u00ebrmendoret vendosen p\u00ebr t\u00eb t\u00ebrhequr t\u00eb holla shtet\u00ebrore dhe p\u00ebr t\u00eb \u201cp\u00ebrforcuar\u201d patriotizmin, p\u00ebrmendorja e vendosur n\u00eb Berlin, jo vet\u00ebm q\u00eb do t\u00eb kremtoj\u00eb \u201ckall\u00ebzuesit\u201d (persona q\u00eb ngjash\u00ebm me gjykat\u00ebsin n\u00eb kontestit paralajm\u00ebrojn\u00eb p\u00ebr shkelje t\u00eb rregullave), por edhe inkurajon qytetar\u00ebt tjer\u00eb t\u00eb flasin publikisht.<\/div>\n<div><\/div>\n<div><\/div>\n<div><\/div>\n<div>Statujat e tre burrave n\u00eb madh\u00ebsi natyrore q\u00ebndrojn\u00eb n\u00eb tre karrige, sikur t\u00eb flasin n\u00eb nj\u00eb mbledhje t\u00eb improvizuar publik. Menj\u00ebher\u00eb af\u00ebr tyre, ka edhe nj\u00eb karrige t\u00eb kat\u00ebr, t\u00eb zbraz\u00ebt. Ajo \u00ebsht\u00eb vendosur p\u00ebr \u00e7do qytetar\u00eb q\u00eb d\u00ebshiron t\u00eb q\u00ebndroj\u00eb dhe t\u00eb thot\u00eb \u00e7far\u00eb d\u00ebshiron.<\/div>\n<div>&#8211; Ata kan\u00eb humbur lirin\u00eb p\u00ebr shkak t\u00eb v\u00ebrtet\u00ebs, andaj p\u00ebrkujtojn\u00eb sa \u00ebsht\u00eb me r\u00ebnd\u00ebsi t\u00eb dihet e v\u00ebrteta, thot\u00eb krijuesi i statuj\u00ebs, skulptori italian Davide Dormino.<\/div>\n<div>Kall\u00ebzuesi (whistleblower), ose sipas ligjv\u00ebnies maqedonase, tregues, \u00ebsht\u00eb shprehje e nj\u00eb individi t\u00eb guximsh\u00ebm, q\u00eb nga arsye t\u00eb larta morale vendos q\u00eb me gjith\u00eb rrezikun p\u00ebr karrier\u00ebn publikisht t\u00eb flet p\u00ebr veprat e paligjshme ose jo-etike t\u00eb b\u00ebra n\u00eb ndonj\u00eb kompani ose institucion.<\/div>\n<div>Maqedonia po mbytet n\u00eb korrupsion, sepse sipas anket\u00ebs s\u00eb fundi t\u00eb Komisionit Shtet\u00ebror p\u00ebr Parandalimin e Korrupsionit, madje 60 p\u00ebr qind t\u00eb qytetar\u00ebve mendojn\u00eb q\u00eb korrupsioni \u00ebsht\u00eb mjaft i p\u00ebrhapur, por nga ana tjet\u00ebr, numri i \u201ckall\u00ebzuesve\u201d \u00ebsht\u00eb tep\u00ebr i vog\u00ebl. Njer\u00ebzit kan\u00eb frik\u00eb q\u00eb n\u00ebse paraqesin shkelje t\u00eb ligjit, do t\u00eb p\u00ebrballohen me shtypje, nd\u00ebshkime ose n\u00eb fund t\u00eb fundit, do t\u00eb humbin vendin e pun\u00ebs. Pik\u00ebrisht p\u00ebr k\u00ebt\u00eb Maqedonia kishte nevoj\u00eb p\u00ebr nj\u00eb ligj p\u00ebr mbrojtjen e k\u00ebtyre qytetar\u00ebve, me t\u00eb cil\u00ebn do t\u00eb inkurajohen dhe m\u00eb nuk do t\u00eb mbyllin syt\u00eb para korrupsionit.<\/div>\n<div><\/div>\n<div><\/div>\n<div><b>LIGJIN E KEMI, POR AKTET N\u00cbNLIGJORE JAN\u00cb VON\u00cb<\/b><\/div>\n<div><\/div>\n<div>Ligji p\u00ebr Mbrojtjen e Kall\u00ebzuesve ka hyr\u00eb n\u00eb fuqi m\u00eb 18 n\u00ebntor 2015, si nj\u00eb prej kushteve q\u00eb duheshe t\u00eb plot\u00ebsohet sipas Marr\u00ebveshjes s\u00eb P\u00ebrzhinos. Me at\u00eb m\u00eb n\u00eb fund garantohet mbrojtja e atyre q\u00eb do t\u00eb paraqesin dyshim p\u00ebr veprim t\u00eb paligjsh\u00ebm ose t\u00eb palejuar me t\u00eb cilin cenohet interesi publik.<\/div>\n<div>Rolin e kall\u00ebzuesit mund t\u00eb ket\u00eb nj\u00eb i pun\u00ebsuar, kandidat p\u00ebr vullnetar\u00eb ose praktikant, person q\u00eb n\u00eb \u00e7far\u00ebdo baze \u00ebsht\u00eb angazhuar nga institucioni ose ka bashk\u00ebpunim, ose ka p\u00ebrdorur sh\u00ebrbimet. Kjo do t\u00eb thot\u00eb q\u00eb marr\u00ebveshja korruptuese mund t\u00eb paraqitet n\u00eb administrat\u00ebn shtet\u00ebrore, edhe at\u00eb p\u00ebr shembull, p\u00ebr tender\u00eb t\u00eb fiksuar, ndonj\u00eb i pun\u00ebsuar n\u00eb kompanin\u00eb private mund t\u00eb paraqet q\u00eb nuk ka marr\u00eb K-15 ose student\u00eb t\u00eb tregoj\u00eb q\u00eb profesori i ka k\u00ebrkuar ryshfet, etj., nd\u00ebrsa nga ana tjet\u00ebr t\u00eb marrin mbrojtje dhe mos t\u00eb p\u00ebsojn\u00eb konsekuencat.<\/div>\n<div>Kall\u00ebzuesi ka n\u00eb dispozicion tre m\u00ebnyra me t\u00eb cilat mund t\u00eb paraqet korrupsion, gjegj\u00ebsisht veprim t\u00eb paligjsh\u00ebm. Paraqitje e brendshme e mbrojtur \u00ebsht\u00eb kur rastin do t\u00eb paraqet i pun\u00ebsuar n\u00eb institucionin q\u00eb punon, tek personi udh\u00ebheq\u00ebs, i cili nga ana tjet\u00ebr, ka p\u00ebr obligim t\u00eb garantoj\u00eb anonimitetin, n\u00ebse kall\u00ebzuesi e k\u00ebrkon at\u00eb. Nj\u00eb m\u00ebnyr\u00eb tjet\u00ebr p\u00ebr paraqitjen e paraqitjes s\u00eb jashtme, gjegj\u00ebsisht n\u00eb Ministrin\u00eb e Pun\u00ebve t\u00eb Brendshme, n\u00eb prokurorin\u00eb kompetente, n\u00eb Komisionin Shtet\u00ebror p\u00ebr Parandalimin e Korrupsionit ose tek Avokati i Popullit.<\/div>\n<div>Megjithat\u00eb, zbatimi i ligjit fillon pas kat\u00ebr muajve nga hyrja n\u00eb fuqi, ose m\u00eb 18 mars. Por, edhe ajo \u00ebsht\u00eb v\u00ebn\u00eb n\u00eb pik\u00ebpyetje sepse m\u00eb 18 janar ka skaduar afati t\u00eb cilin Ministria e Drejt\u00ebsis\u00eb ka pasur p\u00ebr t\u00eb hartuar aktet n\u00ebnligjore me t\u00eb cilat duhet t\u00eb rregulloj\u00eb paraqitjen e brendshme dhe t\u00eb jashtme. Ndon\u00ebse ka obligim ligjor dhe nj\u00eb afat t\u00eb caktuar t\u00eb sakt\u00eb prej 60 dit\u00ebve, s\u00ebrish Ministria e Drejt\u00ebsis\u00eb e mb\u00ebshtjelli at\u00eb.<\/div>\n<div>Kush dhe p\u00ebrse nuk e respekton ligjin, ndon\u00ebse kan\u00eb premtuar, s\u00ebrish nuk u p\u00ebrgjigj\u00ebn nga sh\u00ebrbimi p\u00ebr marr\u00ebdh\u00ebnie me publikun t\u00eb ministris\u00eb p\u00ebrkat\u00ebse. Ministri i Drejt\u00ebsis\u00eb Adnan Jashari, vet\u00ebm shkurt\u00eb u p\u00ebrgjigj q\u00eb aktet jan\u00eb n\u00ebnshkruar dhe na drejtoi p\u00ebr bised\u00eb n\u00eb Antikorrupsion, ndon\u00ebse ajo \u00ebsht\u00eb p\u00ebrgjegj\u00ebsi e tyre. T\u00eb n\u00ebnshkruar ose jo, fakt \u00ebsht\u00eb q\u00eb aktet n\u00ebnligjore nuk jan\u00eb publikuar ende n\u00eb Gazet\u00ebn Zyrtare, pas t\u00eb cilave duheshe t\u00eb hyjn\u00eb n\u00eb fuqi.<\/div>\n<div>P\u00ebrgjigje p\u00ebr at\u00eb se \u00e7far\u00eb po ndodh nuk mor\u00ebm as nga Komisioni i Antikorrupsionit, t\u00eb cilat pran\u00eb ministris\u00eb duheshe t\u00eb dor\u00ebzojn\u00eb propozim p\u00ebr at\u00eb si t\u00eb rregullohet paraqitja e korrupsionit n\u00eb sektorin publik. P\u00ebr k\u00ebt\u00eb komision obligim ligjor do t\u00eb jet\u00eb q\u00eb n\u00eb \u00e7do gjasht\u00eb muaj t\u00eb merr raporte nga personat udh\u00ebheq\u00ebs n\u00eb institucionet, nd\u00ebrsa ata, t\u00eb hartojn\u00eb raporte vjetore q\u00eb do t\u00eb paraqesin para Kuvendit.<\/div>\n<div>M\u00ebnyra e tret\u00eb e paraqitjes \u00ebsht\u00eb paraqitja publike e mbrojtur, gjegj\u00ebsisht me an\u00eb t\u00eb mediave. N\u00eb k\u00ebt\u00eb rast kall\u00ebzuesi nuk guxon t\u00eb zbuloj\u00eb emrin e atij q\u00eb paraqet, duke respektuar parimin e prezumimi t\u00eb pafaj\u00ebsis\u00eb.<\/div>\n<div>Aspekti anonim i kall\u00ebzuesit nuk \u00ebsht\u00eb e pakusht\u00ebzuar. Identiteti i \u201ckall\u00ebzuesit\u201d mbahet n\u00eb sekret, por zabullohet n\u00ebse ashtu vendoset me vendim gjyq\u00ebsor.<\/div>\n<div>N\u00eb Ligjin p\u00ebr Mbrojtje t\u00eb Kall\u00ebzuesve jan\u00eb parashikuar edhe gjoba me t\u00eb holla n\u00ebse nuk veprohet sipas paraqitjes ose nuk mbrohet identiteti i tij. Me gjob\u00eb prej 3.000 deri m\u00eb 6.000 euro do t\u00eb nd\u00ebshkohet udh\u00ebheq\u00ebsi, si dhe institucioni ose firma q\u00eb nuk do t\u00eb veproj\u00eb sipas paraqitjes s\u00eb kall\u00ebzuesit ose nuk do t\u00eb mbroj\u00eb identitetin. Prej 2.000 deri m\u00eb 4.000 euro do t\u00eb d\u00ebnohet firma, q\u00eb p\u00ebr paraqitjen nuk do t\u00eb njoftoj\u00eb t\u00eb pun\u00ebsuarit tjer\u00eb.<\/div>\n<div><\/div>\n<div><\/div>\n<div><b>TASEVA: KEMI ZGJIDHJE T\u00cb MIR\u00cb LIGJORE\u00a0<\/b><\/div>\n<div><\/div>\n<div>Treguesi m\u00eb i z\u00ebsh\u00ebm q\u00eb Maqedonia ka nevoj\u00eb p\u00ebr nj\u00eb ligj t\u00eb k\u00ebtill\u00eb gjat\u00eb viteve t\u00eb fundit ishte organizata joqeveritare \u201cTransparency International \u2013 Maqedoni\u201d, t\u00eb cil\u00ebt theksojn\u00eb q\u00eb nuk jan\u00eb t\u00eb k\u00ebnaqur me zgjedhjen e miratuar ligjore sepse me at\u00eb jan\u00eb p\u00ebrfshir\u00eb nj\u00eb num\u00ebr i rekomandimeve q\u00eb ishin theksuar n\u00eb konferenc\u00ebn nd\u00ebrkomb\u00ebtare, t\u00eb organizuar nga ata, nd\u00ebrsa dedikuar mbrojtjes s\u00eb kall\u00ebzuesve. Kryetarja Sllagjana Taseva thekson q\u00eb ligji i ri i p\u00ebrmban parimet e Transparency International t\u00eb cilat kan\u00eb t\u00eb b\u00ebjn\u00eb me ligjet e kall\u00ebzuesve.<\/div>\n<div>&#8211; K\u00ebto parime vet\u00ebm m\u00eb jan\u00eb shkrir\u00eb n\u00eb legjislaturat q\u00eb zbatohen n\u00eb shum\u00eb vende evropiane, ashtu q\u00eb ligji i ri n\u00eb Maqedonia \u00ebsht\u00eb hartuar duke marr\u00eb parasysh zgjidhjet ligjore dhe p\u00ebrvojat nga zbatimi n\u00eb vende tjera q\u00eb kan\u00eb vendosur t\u00eb rregullojn\u00eb k\u00ebt\u00eb materie. Ndon\u00ebse p\u00ebr momentin numri i vendeve q\u00eb kan\u00eb vendosur t\u00eb kan\u00eb ligj t\u00eb ve\u00e7ant\u00eb p\u00ebr mbrojtjen e kall\u00ebzuesve, s\u00ebrish, Irlanda dhe Holanda jan\u00eb mes atyre q\u00eb kan\u00eb b\u00ebt\u00eb k\u00ebt\u00eb hap. Zbatimi i ligjeve n\u00eb k\u00ebto vende \u00ebsht\u00eb i suksessh\u00ebm, por tregon edhe mungesa t\u00eb caktuara t\u00eb cilat ata edhe m\u00eb tutje punojn\u00eb p\u00ebr t\u00eb tejkaluar, Maqedonia ka b\u00ebr\u00eb nj\u00eb hap p\u00ebrpara dhe ka miratuar nj\u00eb ligj t\u00eb ri, megjithat\u00eb, s\u00ebrish, n\u00eb periudh\u00ebn q\u00eb vijon, ministri i drejt\u00ebsis\u00eb do t\u00eb duhet t\u00eb miratoj\u00eb aktet me t\u00eb cilat do t\u00eb rregullohet m\u00ebnyra e paraqitjes s\u00eb brendshme n\u00eb institucionet e sektorit publik, thot\u00eb Taseva, q\u00eb shton se zbatimi i suksessh\u00ebm i ligjit n\u00eb mas\u00eb t\u00eb madhe do t\u00eb varet edhe nga korniza e vendosur institucionale.<\/div>\n<div>Sipas Taseva, ligji p\u00ebr her\u00eb t\u00eb par\u00eb prezanton kompetenc\u00eb t\u00eb Avokatit t\u00eb Popullit p\u00ebr mbrojtjen e kall\u00ebzuesve dhe ai bashk\u00eb me Komisionin Shtet\u00ebror p\u00ebr Parandalimin e Korrupsionit dhe Prokurorin\u00eb Publike ka nj\u00eb rol t\u00eb ve\u00e7ant\u00eb n\u00eb zbatimin efikas t\u00eb ligjit, sepse, si\u00e7 thot\u00eb, inkurajimi i qytetar\u00ebve t\u00eb paraqesin do t\u00eb varet edhe nga puna e tyre efikase n\u00eb aspekt t\u00eb mbrojtjes s\u00eb kall\u00ebzuesve.<\/div>\n<div>&#8211; Ligji nuk mjafton. Duhen edhe institucione t\u00eb fuqishme q\u00eb do t\u00eb zbatojn\u00eb dhe q\u00eb qytetar\u00ebve do t\u2019ju mbjell besimin q\u00eb me p\u00ebrdorimin e mekanizmave t\u00eb paraqitjes, ata v\u00ebrtet\u00eb mund t\u00eb kontribuojn\u00eb p\u00ebr luft\u00ebn kund\u00ebr korrupsionit, dhe gjat\u00eb k\u00ebsaj t\u00eb mbeten t\u00eb mbrojtur. Nuk \u00ebsht\u00eb p\u00ebr t\u00eb injoruar edhe at\u00eb q\u00eb n\u00eb nj\u00eb pjes\u00eb t\u00eb shoq\u00ebris\u00eb son\u00eb kall\u00ebzuesit ende stigmatizohen si \u201ckodosh\u00eb\u201d, ashtu q\u00eb, do t\u00eb duhet t\u00eb punohet edhe n\u00eb fush\u00ebn e ngritjes s\u00eb vet\u00ebdijes mes qytetar\u00ebve p\u00ebr rend\u00ebsin e kall\u00ebzuesve gjat\u00eb luft\u00ebs kund\u00ebr korrupsionit, \u00ebsht\u00eb e prer\u00eb Taseva.<\/div>\n<div><\/div>\n<div><\/div>\n<div><b>LIGJI I MIR\u00cb, INSTITUCIONE T\u00cb K\u00cbQIJA\u00a0<\/b><\/div>\n<div><\/div>\n<div>Kall\u00ebzuesit, ose ata q\u00eb kan\u00eb guxuar t\u00eb paraqesin veprime t\u00eb paligjshme, deri m\u00eb tani kan\u00eb qen\u00eb vet\u00ebm, por kjo duhet t\u00eb ndryshohet me ligjin e miratuar me t\u00eb cil\u00ebn ju premtohet mbrojtje institucionale.<\/div>\n<div>&#8211; Kall\u00ebzuesit dhe ndonj\u00eb preson t\u00eb af\u00ebr t\u00eb tij ju sigurohet mbrojtje nga \u00e7far\u00ebdo lloji t\u00eb shkeljes s\u00eb t\u00eb drejt\u00ebs ose veprimit t\u00eb d\u00ebmsh\u00ebm ose rrezik nga paraqitja e veprimeve t\u00eb d\u00ebmshme p\u00ebr shkak t\u00eb paraqitjes s\u00eb b\u00ebr\u00eb t\u00eb brendshme ose t\u00eb jashtme ose paraqitjes publike t\u00eb mbrojtur. Mbrojtja sigurohet nga institucioni, gjegj\u00ebsisht personi juridik ku \u00ebsht\u00eb b\u00ebr\u00eb paraqitja me nd\u00ebrmarrjen e veprimeve p\u00ebr t\u00eb parandaluar shkeljen e t\u00eb drejtave nga relacionet e pun\u00ebs ose ndonj\u00eb t\u00eb drejt\u00eb dhe p\u00ebrmbajtja nga veprime me cilat shkeljet ose cenohet ndonj\u00eb e drejt\u00eb e kall\u00ebzuesit p\u00ebr shkak t\u00eb paraqitjes s\u00eb b\u00ebt\u00eb\u201d, theksohet n\u00eb Nenin 8 t\u00eb Ligjit.<\/div>\n<div>Avokati i Popullit Ixhet Memeti thot\u00eb q\u00eb kjo zgjidhje ligjore ka qen\u00eb e domosdoshme.<\/div>\n<div>&#8211; E p\u00ebrsh\u00ebndes miratimin e Ligjit p\u00ebr Mbrojtje t\u00eb Kall\u00ebzuesve, si nj\u00eb ligji i ve\u00e7ant\u00eb, dhe jo vet\u00ebm nj\u00eb zgjedhje ligjore ekzistuese, si\u00e7 ishte qellmi fillestar. S\u00ebrish, mendoj q\u00eb kjo zgjidhje ligjore, p\u00ebr kushtet q\u00eb kemi, nuk ofron mbrojtjen p\u00ebrkat\u00ebse t\u00eb kall\u00ebzuesve, gjegj\u00ebsisht mbrojtja \u00ebsht\u00eb e dob\u00ebt. Duhet t\u00eb ket\u00eb mbrojtje m\u00eb t\u00eb fuqishme sepse ai q\u00eb do t\u00eb paraqet korrupsion nuk mbrohet nga pushimi nga puna, gjegj\u00ebsisht kryerja e k\u00ebtij vendimi t\u00eb vendoset n\u00eb pezullim deri n\u00eb vendimin p\u00ebrfundimtar t\u00eb gjyqit, thot\u00eb Memeti.<\/div>\n<div>Ai shton q\u00eb n\u00eb zyr\u00ebn e tij qytetar\u00ebt shpeshher\u00eb akuzojn\u00eb p\u00ebr korrupsion ose krim, por si\u00e7 thuhet, kur ju sugjerohet t\u00eb paraqesin n\u00eb polici, ata t\u00ebrhiqen.<\/div>\n<div>&#8211; Nuk e di a \u00ebsht\u00eb ajo sepse g\u00ebnjejn\u00eb ose sepse kan\u00eb frik\u00eb nga konsekuencat n\u00ebse paraqesin, thot\u00eb Memeti, q\u00eb thekson q\u00eb n\u00eb Maqedoni, ndon\u00ebse mund t\u00eb kemi zgjidhjen m\u00eb t\u00eb mir\u00eb ligjore, ajo \u00ebsht\u00eb e koti sepse tek ne nuk funksionon sistemi.<\/div>\n<div>Shqet\u00ebsimin p\u00ebr at\u00eb si funksionin sistemi ka shprehur edhe Petar Anevski, kryetari i K\u00ebshillit t\u00eb Prokuror\u00ebve Publik.<\/div>\n<div>&#8211; Jam i shqet\u00ebsuar q\u00eb anketat tregojn\u00eb q\u00eb qytetar\u00ebt nuk kan\u00eb besim n\u00eb gjyq\u00ebsorin dhe prokurorin\u00eb. Un\u00eb, si prokuror, me gjitha fuqit\u00eb jam munduar t\u00eb mbroj kall\u00ebzuesit, por ka ndodhur q\u00eb m\u00eb von\u00eb t\u00eb p\u00ebsojn\u00eb konsekuencat. Nj\u00eb e pun\u00ebsuar n\u00eb nj\u00eb institucion ka paraqitur korrupsion, por m\u00eb von\u00eb, si nd\u00ebshkim, ishte vendosur n\u00eb nj\u00eb pozit\u00eb m\u00eb t\u00eb ult\u00eb. Prandaj personat q\u00eb paraqesin duhet t\u00eb sigurojn\u00eb q\u00eb n\u00ebse e b\u00ebjn\u00eb at\u00eb, t\u00eb ken\u00eb p\u00ebr krah shtetin, thot\u00eb Anevski.<\/div>\n<div>Kall\u00ebzuesi mund t\u00eb b\u00ebhet edhe d\u00ebshmitari mbrojtur, n\u00ebse \u00ebsht\u00eb paraqitur vep\u00ebr penale kund\u00ebr shtetit, kund\u00ebr njer\u00ebzimit dhe t\u00eb drejt\u00ebs nd\u00ebrkomb\u00ebtare, nga fusha e krimit t\u00eb organizuar dhe p\u00ebr t\u00eb cil\u00ebn me Kodin Penal \u00ebsht\u00eb parashikuar d\u00ebnim me burg prej s\u00eb paku kat\u00ebr vite.<\/div>\n<div><\/div>\n<div><\/div>\n<div><b>KALL\u00cbZUESI I PAR\u00cb ENDE P\u00cbSON KONSEKUENCAT<\/b><\/div>\n<div><\/div>\n<div>P\u00ebr momentin, inkurajimi i qytetar\u00ebve p\u00ebr t\u00eb paraqitur korrupsion shkon v\u00ebshtir\u00eb, sepse n\u00eb nj\u00eb vend ku mbi 60 p\u00ebr qind t\u00eb popullat\u00ebs konsideron q\u00eb ka korrupsion, pothuaj se askush nuk e pranon rolin e \u201ckall\u00ebzuesit\u201d. Andaj, sipas anket\u00ebs s\u00eb \u201cRejting\u201d, vet\u00ebm 7.5 p\u00ebr qind t\u00eb t\u00eb anketuarve jan\u00eb p\u00ebrgjigjur q\u00eb do t\u00eb paraqitnin korrupsion n\u00eb firm\u00ebn ose institucionin q\u00eb punojn\u00eb, nd\u00ebrsa 13 p\u00ebr qind q\u00eb kan\u00eb qen\u00eb n\u00eb mund\u00ebsi t\u00eb b\u00ebjn\u00eb, kan\u00eb paraqitur vet\u00ebm 2.5 p\u00ebr qind. Mbi 70 p\u00ebr qind t\u00eb t\u00eb anketuarve jan\u00eb p\u00ebrgjigjur q\u00eb do t\u00eb kishin pasoja n\u00ebse do t\u00eb paraqitnin pun\u00eb t\u00eb paligjshme, gjegj\u00ebsisht do t\u00eb humbnin vendin e pun\u00ebs ose do t\u00eb kan\u00eb shtypje. N\u00eb k\u00ebt\u00eb drejtim shkojn\u00eb analizat e shumta, sipas t\u00eb cilave, krijuesit e \u201calarmimit shoq\u00ebror\u201d n\u00eb afat prej nj\u00eb viti do t\u00eb braktisin ose humbin vendin e pun\u00ebs, ose p\u00ebrfundojn\u00eb me sh\u00ebndet t\u00eb p\u00ebrkeq\u00ebsuar.<\/div>\n<div>Kall\u00ebzuesi m\u00eb i njohur maqedonas dhe nj\u00ebsi prej t\u00eb pakt\u00ebve q\u00eb ka guxuar publikisht t\u00eb flet p\u00ebr krimin n\u00eb institucionin q\u00eb ka punuar \u00ebsht\u00eb Simo Gruevski. Prej para nj\u00eb dekade, ose m\u00eb sakt\u00eb m\u00eb prill 2004, ai ishte shkarkuar nga bordi i drejtor\u00ebve t\u00eb Telekomit pasi q\u00eb Komisioni i Antikorrupsionit ka paraqitur parregullsi n\u00eb pun\u00ebn e ekipit menaxhues. Ai paraqitjen e mb\u00ebshteti me dokumente, duke th\u00ebn\u00eb q\u00eb firma ka shfaqur rritje t\u00eb t\u00eb ardhurave dhe ulje t\u00eb fitimit, si dhe p\u00ebr shpenzimet e m\u00ebdha dhe t\u00ebrheqjen e t\u00eb hollave n\u00eb baz\u00eb t\u00eb rrogave n\u00eb shum\u00eb prej 20.000-30.000 euro, pagesa ditore prej 1.300 euro dhe honorar\u00eb p\u00ebr sh\u00ebrbime konsulent\u00eb prej 300.000 euro dhe shpenzime tjera, n\u00ebp\u00ebrmjet llogarive n\u00eb Qipro. Ndon\u00ebse n\u00eb rastin ishte p\u00ebrfshir\u00eb edhe gjykata n\u00eb Nju Jork dhe hapi l\u00ebnd\u00ebn, gjykata n\u00eb Maqedoni thjesht\u00eb p\u00ebr t\u00eb fajsh\u00ebm e shpalli personin q\u00eb ka paraqitur afer\u00ebn. Mir\u00ebpo, p\u00ebrve\u00e7 tapis\u00eb q\u00eb \u00ebsht\u00eb mallkues, Gruevski humbi edhe pun\u00ebn, financat dhe sh\u00ebndetin. Thot\u00eb q\u00eb \u00ebsht\u00eb shpallur p\u00ebr \u201cfishk\u00ebllyes\u201d i par\u00eb n\u00eb Maqedoni, ndon\u00ebse m\u00eb tep\u00ebr preferon termin kall\u00ebzues.<\/div>\n<div>&#8211; Para 12 viteve filloi golgota kund\u00ebr meje dhe ende zgjat. N\u00eb vend t\u00eb p\u00ebrndiqen ata q\u00eb kan\u00eb b\u00ebr\u00eb krim, mua m\u00eb zvarritin n\u00ebp\u00ebr gjykata. M\u00eb padit\u00ebn edhe n\u00eb Gjykat\u00ebn Penale, nd\u00ebrsa tani edhe n\u00eb qytetare, dhe fundi nuk i shihet ende, thot\u00eb Gruevski.<\/div>\n<div>Ai shtoi q\u00eb ndon\u00ebse ka humbur shum\u00eb, s\u00ebrish edhe sot do t\u00eb vepronte nj\u00eblloj. Thot\u00eb q\u00eb nuk \u00ebsht\u00eb njeri q\u00eb do t\u00eb mbyllte syt\u00eb para krimit.<\/div>\n<div>&#8211; Nuk pendohem, s\u00ebrish d\u00ebshiroja q\u00eb gj\u00ebrat t\u00eb p\u00ebrfundojn\u00eb ndryshe. Me miratimin e Ligjit b\u00ebhen p\u00ebrpjekje t\u00eb mbrohen ata q\u00eb jan\u00eb sikur un\u00eb do t\u00eb vendosin t\u00eb flasin, por ajo nuk \u00ebsht\u00eb mjaft. \u00c7el\u00ebsi \u00ebsht\u00eb n\u00eb gjykat\u00ebn, atje \u00ebsht\u00eb problemi i v\u00ebrtet\u00eb. Po, un\u00eb kisha marr\u00eb p\u00ebrgjigje pozitive nga Antikorrupsioni, q\u00eb \u00ebsht\u00eb organ shtet\u00ebror, nd\u00ebrsa gjykata nuk e morri at\u00eb aspak parasysh. N\u00eb t\u00eb kaluar\u00ebn, sulltani kur ka caktuar kadit\u00eb, nga muftit\u00eb ka marr\u00eb informacione n\u00ebse e kryejn\u00eb pun\u00ebn drejt\u00eb dhe mir\u00eb. Ata q\u00eb kan\u00eb qen\u00eb t\u00eb padrejt\u00eb, ishin var\u00eb nd\u00ebrsa n\u00eb koh\u00ebn e tashme, ato gjykat\u00ebs duhet t\u00eb largohen nga vendi i pun\u00ebs. Vet\u00ebm ajo do t\u00eb zgjidhte problemin, thot\u00eb bashk\u00ebfol\u00ebsi yn\u00eb.<\/div>\n<div>Pozit\u00ebn e pun\u00ebs s\u00eb prodekanit, p\u00ebr shkak t\u00eb dyshimit p\u00ebr korrupsion, ka humbur edhe ministrja aktuale Frosina Remenski, n\u00eb Fakultetin p\u00ebr Siguri. Ajo ka parashtruar paraqitjes p\u00ebr humbjen e laborator\u00ebve nga fakulteti, nd\u00ebrsa performancat e tyre mund\u00ebsojn\u00eb ndjekjen e sofistikuar t\u00eb komunikimeve elektronike. Edhe kjo afer\u00eb, ndon\u00ebse ishte zbuluar para shum\u00eb viteve, nuk ka marr\u00eb fundin ende. Hetimi u ngat\u00ebrrua diku n\u00eb gjysm\u00eb, n\u00eb labirintet e prokuroris\u00eb.<\/div>\n<div><\/div>\n<div><\/div>\n<div><b>NUM\u00cbR P\u00cbR PARAQITJE T\u00cb KORRUPSIONI KA, POR ASKUSH NUK P\u00cbRGJIGJET!\u00a0<\/b><\/div>\n<div><\/div>\n<div>Analizat tregojn\u00eb q\u00eb vet\u00ebm n\u00eb pes\u00eb vende-an\u00ebtare t\u00eb Bashkimit Evropian ka rregullore t\u00eb plot\u00eb p\u00ebr mbrojtjen e kall\u00ebzuesve, nd\u00ebrsa kampion n\u00eb k\u00ebt\u00eb kategori \u00ebsht\u00eb Irlanda. Ligji i Irland\u00ebs \u00ebsht\u00eb miratuar n\u00eb vitin 2014, nd\u00ebrsa sipas Xhon Devit, drejtori ekzekutiv i Transparency International n\u00eb Irland\u00eb, fushata e p\u00ebrforcuar ka filluar n\u00eb 2010. Ai tregoi nj\u00eb shembull p\u00ebr \u201ckall\u00ebzues\u201d nga vendi i tij, q\u00eb ka shkaktuar turbulenca politike.<\/div>\n<div>&#8211; Dy inspektor\u00eb policor n\u00eb vitin 2011 kan\u00eb zbuluar q\u00eb nga baza me t\u00eb dh\u00ebna jan\u00eb fshir\u00eb t\u00eb dh\u00ebnat p\u00ebr gjoba n\u00eb vler\u00eb prej 1.5 milion euro. Kur e kan\u00eb paraqitur at\u00eb q\u00eb kan\u00eb zbuluar, n\u00eb vendin e pun\u00ebs kan\u00eb qen\u00eb n\u00eb shtypje t\u00eb madhe. Policia ka zbatuar nj\u00eb hulumtim t\u00eb brendsh\u00ebm, pas s\u00eb cil\u00ebs shpalli q\u00eb nuk ka veprim t\u00eb paligjsh\u00ebm. Megjithat\u00eb, nj\u00eb pjes\u00eb e deputet\u00ebve nuk ishin t\u00eb k\u00ebnaqur, andaj ishte zbatuar nj\u00eb hulumtim i pavarur, q\u00eb tregoi q\u00eb pohimet e kall\u00ebzuesve jan\u00eb t\u00eb sakta. Shum\u00eb shpejt\u00eb pa zbulimit t\u00eb afer\u00ebs, nj\u00eb prej polic\u00ebve ishte pensionuar para kohe p\u00ebr shkak t\u00eb stresit t\u00eb madh, por erdhi drejt\u00ebsia, sepse m\u00eb von\u00eb, shefi i policis\u00eb morri dor\u00ebheqjen nga kryeministri, nd\u00ebrsa k\u00ebrkoi q\u00eb ministri i drejt\u00ebsis\u00eb t\u00eb k\u00ebrkoj\u00eb falje publikisht, dhe pastaj edhe ai t\u00eb jep dor\u00ebheqje, thot\u00eb Devit, q\u00eb shton se \u00e7do dit\u00eb punojn\u00eb n\u00eb rritjen e vet\u00ebdijes s\u00eb qytetar\u00ebve.<\/div>\n<div>Garnitura aktuale n\u00eb pushtet q\u00eb prej vitit 2007, nj\u00eb vit pas ardhjes n\u00eb pushtet t\u00eb VMRO-DPMNE, i shpalli \u201cluft\u00eb\u201d korrupsionit. Kryeministri Nikolla Gruevski i ftoi qytetar\u00ebt n\u00eb mobilizim t\u00eb plot\u00eb duke promovuar fushat\u00ebn \u201cMaqedonia pa korrupsion\u201d, p\u00ebr t\u00eb cil\u00ebn ishin p\u00ebrpiluar klipe reklame dhe ishte b\u00ebr\u00eb aktuale edhe numri i p\u00ebrhersh\u00ebm telefonik \u201c199\u201d p\u00ebr paraqitjen e korrupsioni. At\u00ebher\u00eb kryeministri tha q\u00eb nuk guxojm\u00eb t\u00eb lejojm\u00eb q\u00eb personat e korruptuar n\u00eb Maqedoni t\u00eb jen\u00eb sinonim t\u00eb gjendje dinake, biznes t\u00eb mir\u00eb ose sukses, por disa vite m\u00eb von\u00eb, sipas akuzimeve t\u00eb opozit\u00ebs, p\u00ebr t\u00eb cil\u00ebn opinioni kishte mund\u00ebsi t\u00eb d\u00ebgjoj\u00eb n\u00ebp\u00ebrmjet \u201cbombave\u201d q\u00eb i publikoi, personalisht ai dhe kreu i Qeveris\u00eb u b\u00ebn\u00eb sinonim p\u00ebr korrupsion.<\/div>\n<div>Kryeministri at\u00ebher\u00eb, p\u00ebrve\u00e7 n\u00eb teori, sikur deshi edhe n\u00eb praktik\u00eb t\u00eb tregon shembull t\u00eb korrupsionit, dhe refuzoi t\u00eb jep llogari publikut mbi \u00e7mimin e fushat\u00ebs, edhe pse u pagua me parat\u00eb e qytetar\u00ebve.<\/div>\n<div>Ironia q\u00ebndron n\u00eb faktin se kjo fushat\u00eb q\u00eb duhej t\u00eb simbolizon luft\u00ebn kund\u00ebr, jo p\u00ebr korrupsion, u ndoq me dhjet\u00ebra fushata t\u00eb dyshimta qeveritare, q\u00eb nxor\u00ebn dhjet\u00ebra miliona euro nga buxheti qeveritar. Fushatat ishin t\u00eb ndryshme, por kushtonin nj\u00eblloj, secila rreth gjysm\u00eb milion\u00eb euro.<\/div>\n<div>Fushata, sikur edhe tjerat kishin ndikim momental. P\u00ebr nj\u00eb jav\u00eb, z\u00ebdh\u00ebn\u00ebsi i qeveris\u00eb publikoi se jan\u00eb pranuar rreth 200 telefonata dhe aq. Pastaj kishte heshtje. Numri i telefonit \u201c199\u201d edhe sot bie, por nuk ka kush t\u00eb ngren\u00eb d\u00ebgjuesen.<\/div>\n<div>Telefoni bie edhe n\u00eb Ministrin\u00eb p\u00ebr drejt\u00ebsi, prej ku si duket harruan edhe p\u00ebr alarmin, i cili sinjalizonte afatin e skaduar p\u00ebr miratim t\u00eb akteve n\u00ebnligjore. Fatkeq\u00ebsisht, edhe k\u00ebtu, p\u00ebr momentin, nuk ka kush t\u00eb ngren\u00eb d\u00ebgjuesen.<\/div>\n<div><\/div>\n<div><\/div>\n<div><b>\u201cKall\u00ebzues m\u00eb t\u00eb njohur\u201d\u00a0<\/b><\/div>\n<div><\/div>\n<div>Stenli Adams \u00ebsht\u00eb ish drejtor i \u201cHofman-La Rosh\u201d, i cili n\u00eb vitin 1973 ka parashtruar paraqitje tek Bashk\u00ebsia ekonomike evropiane p\u00ebr shkak t\u00eb rregullimit t\u00eb \u00e7mimeve n\u00eb kompanin\u00eb e vet. BEE gabimisht kan\u00eb p\u00ebrcjell\u00eb paraqitjen tek epror\u00ebt e vet, q\u00eb e ka kushtuar Adams-in burgim gjasht\u00ebmujor p\u00ebr spiunazh industrial. Dhjet\u00eb vjet t\u00eb t\u00ebra ka luftuar q\u00eb ta kthen nderin dhe n\u00eb fund ka fituar satisfakcion nga BEE.<\/div>\n<div>Pol van Bujten \u00ebsht\u00eb ish n\u00ebpun\u00ebs shtet\u00ebror holandez n\u00eb Bashkimin evropian. Shpalosja e tij e korrupsionit n\u00eb organet ekzekutive t\u00eb BE-s\u00eb rezultoi me dor\u00ebheqjen e Komisionit evropian n\u00eb udh\u00ebheqje t\u00eb Zhak Santer. Pas shpalosjes s\u00eb korrupsionit duroi forma t\u00eb ndryshme t\u00eb shtypjes dhe hakmarrjes nga pun\u00ebdh\u00ebn\u00ebsit, q\u00eb k\u00ebrkuan t\u00eb jep dor\u00ebheqje dhe t\u00eb kthehet n\u00eb Holand\u00eb. Pas kthimit n\u00eb Holand\u00eb u zgjodh si deputet n\u00eb Parlamentin evropian de vazhdoi luft\u00ebn aktive kund\u00ebr korrupsionit.<\/div>\n<div><\/div>\n<div><\/div>\n<div>\u00a0<b><i>Autor: Valentina STOJAN\u00c7EVSKA<\/i><\/b><\/div>\n<div><\/div>\n<div><\/div>\n<div><i><b>Transparensi Internesh\u00ebn\u00ebll Maqedonia zbaton projektin \u201cP\u00ebrfaq\u00ebsimi i mbrojtjes s\u00eb lajm\u00ebruese, p\u00ebrfshir\u00eb mediet dhe shoq\u00ebrin\u00eb civile\u201d i p\u00ebrkrahur nga Ambasada e Mbret\u00ebris\u00eb s\u00eb Holand\u00ebs. Storia hulumtuese \u00ebsht\u00eb p\u00ebrgatitur n\u00eb suaza t\u00eb projektit, dhe nuk pasqyron q\u00ebndrimet e Ambasad\u00ebs s\u00eb Mbret\u00ebris\u00eb s\u00eb Holand\u00ebs.<\/b><\/i><\/div>\n<div><\/div>\n<div><\/div>\n<div><i><b>\u00a0<\/b><\/i><\/div>\n<div><\/div>\n","protected":false},"excerpt":{"rendered":"<p>\u00a001.02.2016 Prej nj\u00eb kohe t\u00eb caktuar, Maqedonia mund t\u00eb lavd\u00ebrohet me risin\u00eb Ligjin p\u00ebr Mbrojtje t\u00eb Kall\u00ebzuesve, q\u00eb n\u00eb nj\u00eb m\u00ebnyr\u00eb t\u00eb qart\u00eb tregon vullnetin e shtetit t\u00eb p\u00ebrforcoj\u00eb luft\u00ebn kund\u00ebr korrupsionit dhe pun\u00ebs s\u00eb paligjshme sepse m\u00eb n\u00eb fund ju ofrohet mbrojtje t\u00eb atyre q\u00eb do t\u00eb marrin guximin dhe do t\u00eb paraqesin. Megjithat\u00eb,&hellip;<\/p>\n","protected":false},"author":1,"featured_media":9688,"comment_status":"closed","ping_status":"open","sticky":false,"template":"","format":"standard","meta":{"_monsterinsights_skip_tracking":false,"_monsterinsights_sitenote_active":false,"_monsterinsights_sitenote_note":"","_monsterinsights_sitenote_category":0,"footnotes":""},"categories":[90],"tags":[],"class_list":["post-9731","post","type-post","status-publish","format-standard","has-post-thumbnail","hentry","category-lajme","category-90","description-off"],"yoast_head":"<!-- This site is optimized with the Yoast SEO plugin v25.8 - https:\/\/yoast.com\/wordpress\/plugins\/seo\/ -->\n<title>Ministria e Drejt\u00ebsis\u00eb i hesht \u201ckall\u00ebzuesit\u201d? - Transparency International<\/title>\n<meta name=\"robots\" content=\"index, follow, max-snippet:-1, max-image-preview:large, max-video-preview:-1\" \/>\n<link rel=\"canonical\" href=\"https:\/\/transparency.mk\/sq\/2016\/02\/01\/ministria-e-drejtesise-i-hesht-kallezuesit\/\" \/>\n<meta property=\"og:locale\" content=\"sq_AL\" \/>\n<meta property=\"og:type\" content=\"article\" \/>\n<meta property=\"og:title\" content=\"Ministria e Drejt\u00ebsis\u00eb i hesht \u201ckall\u00ebzuesit\u201d? - Transparency International\" \/>\n<meta property=\"og:description\" content=\"\u00a001.02.2016 Prej nj\u00eb kohe t\u00eb caktuar, Maqedonia mund t\u00eb lavd\u00ebrohet me risin\u00eb Ligjin p\u00ebr Mbrojtje t\u00eb Kall\u00ebzuesve, q\u00eb n\u00eb nj\u00eb m\u00ebnyr\u00eb t\u00eb qart\u00eb tregon vullnetin e shtetit t\u00eb p\u00ebrforcoj\u00eb luft\u00ebn kund\u00ebr korrupsionit dhe pun\u00ebs s\u00eb paligjshme sepse m\u00eb n\u00eb fund ju ofrohet mbrojtje t\u00eb atyre q\u00eb do t\u00eb marrin guximin dhe do t\u00eb paraqesin. Megjithat\u00eb,&hellip;\" \/>\n<meta property=\"og:url\" content=\"https:\/\/transparency.mk\/sq\/2016\/02\/01\/ministria-e-drejtesise-i-hesht-kallezuesit\/\" \/>\n<meta property=\"og:site_name\" content=\"Transparency International\" \/>\n<meta property=\"article:publisher\" content=\"https:\/\/www.facebook.com\/TransparencyMK\/\" \/>\n<meta property=\"article:published_time\" content=\"2016-02-01T08:50:12+00:00\" \/>\n<meta property=\"article:modified_time\" content=\"2021-02-17T08:50:35+00:00\" \/>\n<meta property=\"og:image\" content=\"https:\/\/transparency.mk\/wp-content\/uploads\/2021\/02\/wb_logo_alb.jpg\" \/>\n\t<meta property=\"og:image:width\" content=\"582\" \/>\n\t<meta property=\"og:image:height\" content=\"156\" \/>\n\t<meta property=\"og:image:type\" content=\"image\/jpeg\" \/>\n<meta name=\"author\" content=\"TI \u0430\u0434\u043c\u0438\u043d\u0438\u0441\u0442\u0440\u0430\u0442\u043e\u0440\" \/>\n<meta name=\"twitter:card\" content=\"summary_large_image\" \/>\n<meta name=\"twitter:creator\" content=\"@ti_macedonia\" \/>\n<meta name=\"twitter:site\" content=\"@ti_macedonia\" \/>\n<meta name=\"twitter:label1\" content=\"Written by\" \/>\n\t<meta name=\"twitter:data1\" content=\"TI \u0430\u0434\u043c\u0438\u043d\u0438\u0441\u0442\u0440\u0430\u0442\u043e\u0440\" \/>\n\t<meta name=\"twitter:label2\" content=\"Est. reading time\" \/>\n\t<meta name=\"twitter:data2\" content=\"18 minutes\" \/>\n<script type=\"application\/ld+json\" class=\"yoast-schema-graph\">{\"@context\":\"https:\/\/schema.org\",\"@graph\":[{\"@type\":\"Article\",\"@id\":\"https:\/\/transparency.mk\/sq\/2016\/02\/01\/ministria-e-drejtesise-i-hesht-kallezuesit\/#article\",\"isPartOf\":{\"@id\":\"https:\/\/transparency.mk\/sq\/2016\/02\/01\/ministria-e-drejtesise-i-hesht-kallezuesit\/\"},\"author\":{\"name\":\"TI \u0430\u0434\u043c\u0438\u043d\u0438\u0441\u0442\u0440\u0430\u0442\u043e\u0440\",\"@id\":\"https:\/\/transparency.mk\/#\/schema\/person\/4ab55c47d82a7d099f63f569c223c903\"},\"headline\":\"Ministria e Drejt\u00ebsis\u00eb i hesht \u201ckall\u00ebzuesit\u201d?\",\"datePublished\":\"2016-02-01T08:50:12+00:00\",\"dateModified\":\"2021-02-17T08:50:35+00:00\",\"mainEntityOfPage\":{\"@id\":\"https:\/\/transparency.mk\/sq\/2016\/02\/01\/ministria-e-drejtesise-i-hesht-kallezuesit\/\"},\"wordCount\":3616,\"publisher\":{\"@id\":\"https:\/\/transparency.mk\/#organization\"},\"image\":{\"@id\":\"https:\/\/transparency.mk\/sq\/2016\/02\/01\/ministria-e-drejtesise-i-hesht-kallezuesit\/#primaryimage\"},\"thumbnailUrl\":\"https:\/\/transparency.mk\/wp-content\/uploads\/2021\/02\/wb_logo_alb.jpg\",\"articleSection\":[\"Lajme\"],\"inLanguage\":\"sq-AL\"},{\"@type\":\"WebPage\",\"@id\":\"https:\/\/transparency.mk\/sq\/2016\/02\/01\/ministria-e-drejtesise-i-hesht-kallezuesit\/\",\"url\":\"https:\/\/transparency.mk\/sq\/2016\/02\/01\/ministria-e-drejtesise-i-hesht-kallezuesit\/\",\"name\":\"Ministria e Drejt\u00ebsis\u00eb i hesht \u201ckall\u00ebzuesit\u201d? - Transparency International\",\"isPartOf\":{\"@id\":\"https:\/\/transparency.mk\/#website\"},\"primaryImageOfPage\":{\"@id\":\"https:\/\/transparency.mk\/sq\/2016\/02\/01\/ministria-e-drejtesise-i-hesht-kallezuesit\/#primaryimage\"},\"image\":{\"@id\":\"https:\/\/transparency.mk\/sq\/2016\/02\/01\/ministria-e-drejtesise-i-hesht-kallezuesit\/#primaryimage\"},\"thumbnailUrl\":\"https:\/\/transparency.mk\/wp-content\/uploads\/2021\/02\/wb_logo_alb.jpg\",\"datePublished\":\"2016-02-01T08:50:12+00:00\",\"dateModified\":\"2021-02-17T08:50:35+00:00\",\"breadcrumb\":{\"@id\":\"https:\/\/transparency.mk\/sq\/2016\/02\/01\/ministria-e-drejtesise-i-hesht-kallezuesit\/#breadcrumb\"},\"inLanguage\":\"sq-AL\",\"potentialAction\":[{\"@type\":\"ReadAction\",\"target\":[\"https:\/\/transparency.mk\/sq\/2016\/02\/01\/ministria-e-drejtesise-i-hesht-kallezuesit\/\"]}]},{\"@type\":\"ImageObject\",\"inLanguage\":\"sq-AL\",\"@id\":\"https:\/\/transparency.mk\/sq\/2016\/02\/01\/ministria-e-drejtesise-i-hesht-kallezuesit\/#primaryimage\",\"url\":\"https:\/\/transparency.mk\/wp-content\/uploads\/2021\/02\/wb_logo_alb.jpg\",\"contentUrl\":\"https:\/\/transparency.mk\/wp-content\/uploads\/2021\/02\/wb_logo_alb.jpg\",\"width\":582,\"height\":156},{\"@type\":\"BreadcrumbList\",\"@id\":\"https:\/\/transparency.mk\/sq\/2016\/02\/01\/ministria-e-drejtesise-i-hesht-kallezuesit\/#breadcrumb\",\"itemListElement\":[{\"@type\":\"ListItem\",\"position\":1,\"name\":\"Home\",\"item\":\"https:\/\/transparency.mk\/sq\/\"},{\"@type\":\"ListItem\",\"position\":2,\"name\":\"Ministria e Drejt\u00ebsis\u00eb i hesht \u201ckall\u00ebzuesit\u201d?\"}]},{\"@type\":\"WebSite\",\"@id\":\"https:\/\/transparency.mk\/#website\",\"url\":\"https:\/\/transparency.mk\/\",\"name\":\"Transparency International\",\"description\":\"Maqedoni\",\"publisher\":{\"@id\":\"https:\/\/transparency.mk\/#organization\"},\"potentialAction\":[{\"@type\":\"SearchAction\",\"target\":{\"@type\":\"EntryPoint\",\"urlTemplate\":\"https:\/\/transparency.mk\/?s={search_term_string}\"},\"query-input\":{\"@type\":\"PropertyValueSpecification\",\"valueRequired\":true,\"valueName\":\"search_term_string\"}}],\"inLanguage\":\"sq-AL\"},{\"@type\":\"Organization\",\"@id\":\"https:\/\/transparency.mk\/#organization\",\"name\":\"\u0422\u0440\u0430\u043d\u0441\u043f\u0430\u0440\u0435\u043d\u0441\u0438 \u0418\u043d\u0442\u0435\u0440\u043d\u0435\u0448\u043d\u043b - \u041c\u0430\u043a\u0435\u0434\u043e\u043d\u0438\u0458\u0430\",\"url\":\"https:\/\/transparency.mk\/\",\"logo\":{\"@type\":\"ImageObject\",\"inLanguage\":\"sq-AL\",\"@id\":\"https:\/\/transparency.mk\/#\/schema\/logo\/image\/\",\"url\":\"https:\/\/transparency.mk\/wp-content\/uploads\/2020\/10\/transparency-mk-logo.png\",\"contentUrl\":\"https:\/\/transparency.mk\/wp-content\/uploads\/2020\/10\/transparency-mk-logo.png\",\"width\":250,\"height\":75,\"caption\":\"\u0422\u0440\u0430\u043d\u0441\u043f\u0430\u0440\u0435\u043d\u0441\u0438 \u0418\u043d\u0442\u0435\u0440\u043d\u0435\u0448\u043d\u043b - \u041c\u0430\u043a\u0435\u0434\u043e\u043d\u0438\u0458\u0430\"},\"image\":{\"@id\":\"https:\/\/transparency.mk\/#\/schema\/logo\/image\/\"},\"sameAs\":[\"https:\/\/www.facebook.com\/TransparencyMK\/\",\"https:\/\/x.com\/ti_macedonia\",\"https:\/\/www.instagram.com\/timacedonia\/\",\"https:\/\/youtube.com\/user\/tzcmacedonia\/\"]},{\"@type\":\"Person\",\"@id\":\"https:\/\/transparency.mk\/#\/schema\/person\/4ab55c47d82a7d099f63f569c223c903\",\"name\":\"TI \u0430\u0434\u043c\u0438\u043d\u0438\u0441\u0442\u0440\u0430\u0442\u043e\u0440\",\"sameAs\":[\"https:\/\/transparency.mk\"]}]}<\/script>\n<!-- \/ Yoast SEO plugin. -->","yoast_head_json":{"title":"Ministria e Drejt\u00ebsis\u00eb i hesht \u201ckall\u00ebzuesit\u201d? - Transparency International","robots":{"index":"index","follow":"follow","max-snippet":"max-snippet:-1","max-image-preview":"max-image-preview:large","max-video-preview":"max-video-preview:-1"},"canonical":"https:\/\/transparency.mk\/sq\/2016\/02\/01\/ministria-e-drejtesise-i-hesht-kallezuesit\/","og_locale":"sq_AL","og_type":"article","og_title":"Ministria e Drejt\u00ebsis\u00eb i hesht \u201ckall\u00ebzuesit\u201d? - Transparency International","og_description":"\u00a001.02.2016 Prej nj\u00eb kohe t\u00eb caktuar, Maqedonia mund t\u00eb lavd\u00ebrohet me risin\u00eb Ligjin p\u00ebr Mbrojtje t\u00eb Kall\u00ebzuesve, q\u00eb n\u00eb nj\u00eb m\u00ebnyr\u00eb t\u00eb qart\u00eb tregon vullnetin e shtetit t\u00eb p\u00ebrforcoj\u00eb luft\u00ebn kund\u00ebr korrupsionit dhe pun\u00ebs s\u00eb paligjshme sepse m\u00eb n\u00eb fund ju ofrohet mbrojtje t\u00eb atyre q\u00eb do t\u00eb marrin guximin dhe do t\u00eb paraqesin. Megjithat\u00eb,&hellip;","og_url":"https:\/\/transparency.mk\/sq\/2016\/02\/01\/ministria-e-drejtesise-i-hesht-kallezuesit\/","og_site_name":"Transparency International","article_publisher":"https:\/\/www.facebook.com\/TransparencyMK\/","article_published_time":"2016-02-01T08:50:12+00:00","article_modified_time":"2021-02-17T08:50:35+00:00","og_image":[{"width":582,"height":156,"url":"https:\/\/transparency.mk\/wp-content\/uploads\/2021\/02\/wb_logo_alb.jpg","type":"image\/jpeg"}],"author":"TI \u0430\u0434\u043c\u0438\u043d\u0438\u0441\u0442\u0440\u0430\u0442\u043e\u0440","twitter_card":"summary_large_image","twitter_creator":"@ti_macedonia","twitter_site":"@ti_macedonia","twitter_misc":{"Written by":"TI \u0430\u0434\u043c\u0438\u043d\u0438\u0441\u0442\u0440\u0430\u0442\u043e\u0440","Est. reading time":"18 minutes"},"schema":{"@context":"https:\/\/schema.org","@graph":[{"@type":"Article","@id":"https:\/\/transparency.mk\/sq\/2016\/02\/01\/ministria-e-drejtesise-i-hesht-kallezuesit\/#article","isPartOf":{"@id":"https:\/\/transparency.mk\/sq\/2016\/02\/01\/ministria-e-drejtesise-i-hesht-kallezuesit\/"},"author":{"name":"TI \u0430\u0434\u043c\u0438\u043d\u0438\u0441\u0442\u0440\u0430\u0442\u043e\u0440","@id":"https:\/\/transparency.mk\/#\/schema\/person\/4ab55c47d82a7d099f63f569c223c903"},"headline":"Ministria e Drejt\u00ebsis\u00eb i hesht \u201ckall\u00ebzuesit\u201d?","datePublished":"2016-02-01T08:50:12+00:00","dateModified":"2021-02-17T08:50:35+00:00","mainEntityOfPage":{"@id":"https:\/\/transparency.mk\/sq\/2016\/02\/01\/ministria-e-drejtesise-i-hesht-kallezuesit\/"},"wordCount":3616,"publisher":{"@id":"https:\/\/transparency.mk\/#organization"},"image":{"@id":"https:\/\/transparency.mk\/sq\/2016\/02\/01\/ministria-e-drejtesise-i-hesht-kallezuesit\/#primaryimage"},"thumbnailUrl":"https:\/\/transparency.mk\/wp-content\/uploads\/2021\/02\/wb_logo_alb.jpg","articleSection":["Lajme"],"inLanguage":"sq-AL"},{"@type":"WebPage","@id":"https:\/\/transparency.mk\/sq\/2016\/02\/01\/ministria-e-drejtesise-i-hesht-kallezuesit\/","url":"https:\/\/transparency.mk\/sq\/2016\/02\/01\/ministria-e-drejtesise-i-hesht-kallezuesit\/","name":"Ministria e Drejt\u00ebsis\u00eb i hesht \u201ckall\u00ebzuesit\u201d? - Transparency International","isPartOf":{"@id":"https:\/\/transparency.mk\/#website"},"primaryImageOfPage":{"@id":"https:\/\/transparency.mk\/sq\/2016\/02\/01\/ministria-e-drejtesise-i-hesht-kallezuesit\/#primaryimage"},"image":{"@id":"https:\/\/transparency.mk\/sq\/2016\/02\/01\/ministria-e-drejtesise-i-hesht-kallezuesit\/#primaryimage"},"thumbnailUrl":"https:\/\/transparency.mk\/wp-content\/uploads\/2021\/02\/wb_logo_alb.jpg","datePublished":"2016-02-01T08:50:12+00:00","dateModified":"2021-02-17T08:50:35+00:00","breadcrumb":{"@id":"https:\/\/transparency.mk\/sq\/2016\/02\/01\/ministria-e-drejtesise-i-hesht-kallezuesit\/#breadcrumb"},"inLanguage":"sq-AL","potentialAction":[{"@type":"ReadAction","target":["https:\/\/transparency.mk\/sq\/2016\/02\/01\/ministria-e-drejtesise-i-hesht-kallezuesit\/"]}]},{"@type":"ImageObject","inLanguage":"sq-AL","@id":"https:\/\/transparency.mk\/sq\/2016\/02\/01\/ministria-e-drejtesise-i-hesht-kallezuesit\/#primaryimage","url":"https:\/\/transparency.mk\/wp-content\/uploads\/2021\/02\/wb_logo_alb.jpg","contentUrl":"https:\/\/transparency.mk\/wp-content\/uploads\/2021\/02\/wb_logo_alb.jpg","width":582,"height":156},{"@type":"BreadcrumbList","@id":"https:\/\/transparency.mk\/sq\/2016\/02\/01\/ministria-e-drejtesise-i-hesht-kallezuesit\/#breadcrumb","itemListElement":[{"@type":"ListItem","position":1,"name":"Home","item":"https:\/\/transparency.mk\/sq\/"},{"@type":"ListItem","position":2,"name":"Ministria e Drejt\u00ebsis\u00eb i hesht \u201ckall\u00ebzuesit\u201d?"}]},{"@type":"WebSite","@id":"https:\/\/transparency.mk\/#website","url":"https:\/\/transparency.mk\/","name":"Transparency International","description":"Maqedoni","publisher":{"@id":"https:\/\/transparency.mk\/#organization"},"potentialAction":[{"@type":"SearchAction","target":{"@type":"EntryPoint","urlTemplate":"https:\/\/transparency.mk\/?s={search_term_string}"},"query-input":{"@type":"PropertyValueSpecification","valueRequired":true,"valueName":"search_term_string"}}],"inLanguage":"sq-AL"},{"@type":"Organization","@id":"https:\/\/transparency.mk\/#organization","name":"\u0422\u0440\u0430\u043d\u0441\u043f\u0430\u0440\u0435\u043d\u0441\u0438 \u0418\u043d\u0442\u0435\u0440\u043d\u0435\u0448\u043d\u043b - \u041c\u0430\u043a\u0435\u0434\u043e\u043d\u0438\u0458\u0430","url":"https:\/\/transparency.mk\/","logo":{"@type":"ImageObject","inLanguage":"sq-AL","@id":"https:\/\/transparency.mk\/#\/schema\/logo\/image\/","url":"https:\/\/transparency.mk\/wp-content\/uploads\/2020\/10\/transparency-mk-logo.png","contentUrl":"https:\/\/transparency.mk\/wp-content\/uploads\/2020\/10\/transparency-mk-logo.png","width":250,"height":75,"caption":"\u0422\u0440\u0430\u043d\u0441\u043f\u0430\u0440\u0435\u043d\u0441\u0438 \u0418\u043d\u0442\u0435\u0440\u043d\u0435\u0448\u043d\u043b - \u041c\u0430\u043a\u0435\u0434\u043e\u043d\u0438\u0458\u0430"},"image":{"@id":"https:\/\/transparency.mk\/#\/schema\/logo\/image\/"},"sameAs":["https:\/\/www.facebook.com\/TransparencyMK\/","https:\/\/x.com\/ti_macedonia","https:\/\/www.instagram.com\/timacedonia\/","https:\/\/youtube.com\/user\/tzcmacedonia\/"]},{"@type":"Person","@id":"https:\/\/transparency.mk\/#\/schema\/person\/4ab55c47d82a7d099f63f569c223c903","name":"TI \u0430\u0434\u043c\u0438\u043d\u0438\u0441\u0442\u0440\u0430\u0442\u043e\u0440","sameAs":["https:\/\/transparency.mk"]}]}},"_links":{"self":[{"href":"https:\/\/transparency.mk\/sq\/wp-json\/wp\/v2\/posts\/9731","targetHints":{"allow":["GET"]}}],"collection":[{"href":"https:\/\/transparency.mk\/sq\/wp-json\/wp\/v2\/posts"}],"about":[{"href":"https:\/\/transparency.mk\/sq\/wp-json\/wp\/v2\/types\/post"}],"author":[{"embeddable":true,"href":"https:\/\/transparency.mk\/sq\/wp-json\/wp\/v2\/users\/1"}],"replies":[{"embeddable":true,"href":"https:\/\/transparency.mk\/sq\/wp-json\/wp\/v2\/comments?post=9731"}],"version-history":[{"count":1,"href":"https:\/\/transparency.mk\/sq\/wp-json\/wp\/v2\/posts\/9731\/revisions"}],"predecessor-version":[{"id":9732,"href":"https:\/\/transparency.mk\/sq\/wp-json\/wp\/v2\/posts\/9731\/revisions\/9732"}],"wp:featuredmedia":[{"embeddable":true,"href":"https:\/\/transparency.mk\/sq\/wp-json\/wp\/v2\/media\/9688"}],"wp:attachment":[{"href":"https:\/\/transparency.mk\/sq\/wp-json\/wp\/v2\/media?parent=9731"}],"wp:term":[{"taxonomy":"category","embeddable":true,"href":"https:\/\/transparency.mk\/sq\/wp-json\/wp\/v2\/categories?post=9731"},{"taxonomy":"post_tag","embeddable":true,"href":"https:\/\/transparency.mk\/sq\/wp-json\/wp\/v2\/tags?post=9731"}],"curies":[{"name":"wp","href":"https:\/\/api.w.org\/{rel}","templated":true}]}}