{"id":9754,"date":"2016-04-14T09:56:04","date_gmt":"2016-04-14T07:56:04","guid":{"rendered":"https:\/\/transparency.web.com.mk\/?p=9754"},"modified":"2021-02-17T09:56:17","modified_gmt":"2021-02-17T08:56:17","slug":"reagim-publik","status":"publish","type":"post","link":"https:\/\/transparency.mk\/sq\/2016\/04\/14\/reagim-publik\/","title":{"rendered":"Reagim publik"},"content":{"rendered":"<div><b>Reagim publik kund\u00ebr aktit t\u00eb p\u00ebrgjithsh\u00ebm p\u00ebr nd\u00ebrprerje t\u00eb t\u00eb gjith\u00eb procedimeve penale kund\u00ebr personave p\u00ebr t\u00eb cil\u00ebt ka procedim ose ekzistojn\u00eb dyshime p\u00ebr kryerje t\u00eb veprave penale lidhur me kriz\u00ebn politike<\/b><\/div>\n<div><b>\u00a0<\/b><\/div>\n<div>14.04.2016 Platforma e organizatave qytetare p\u00ebr luft\u00eb kund\u00ebr korrupsionit drejton reagim publik kund\u00ebr vendimit t\u00eb Kryetarit t\u00eb Republik\u00ebs s\u00eb Maqedonis\u00eb p\u00ebr sjelljen e aktit t\u00eb p\u00ebrgjithsh\u00ebm p\u00ebr nd\u00ebrprerjen e t\u00eb gjith\u00eb procedimeve penale kund\u00ebr personave p\u00ebr t\u00eb cil\u00ebt ka procedim ose ekzistojn\u00eb dyshime p\u00ebr kryerje t\u00eb veprave penale lidhur me kriz\u00ebn politike, e t\u00eb cil\u00ebt jan\u00eb l\u00ebnd\u00eb e pun\u00ebs s\u00eb Prokuroris\u00eb Speciale Publike, dhe t\u00eb fal politikan i cili \u00ebsht\u00eb duke e vuajtur d\u00ebnimin me burg.<\/div>\n<div>Kryetari i Republik\u00ebs s\u00eb Maqedonis\u00eb \u00ebsht\u00eb i obliguar ta mbroj\u00eb interesin e qytetar\u00ebve p\u00ebr sundim t\u00eb pakusht\u00ebzuar t\u00eb s\u00eb drejt\u00ebs dhe p\u00ebr forcimin e shtetit t\u00eb s\u00eb drejt\u00ebs. N\u00eb k\u00ebto kushte t\u00eb kriz\u00ebs politike, zbatimi i t\u00eb gjith\u00eb hetimeve p\u00ebr keqp\u00ebrdorime lidhur me burimet e kriz\u00ebs politike, t\u00eb cil\u00ebt p\u00ebr momentin i zbaton PSP por edhe Prokurorit\u00eb Publike, \u00ebsht\u00eb interes publik.<\/div>\n<div><\/div>\n<div><\/div>\n<div><\/div>\n<div>N\u00eb kund\u00ebrshtim me k\u00ebt\u00eb, vendimi i presidentit p\u00ebr falje nuk ka baz\u00eb juridike, meqen\u00ebse neni 11 i Ligjit p\u00ebr falje \u00ebsht\u00eb anuluar me Ligjin p\u00ebr ndryshim dhe plot\u00ebsim t\u00eb Ligjit p\u00ebr falje t\u00eb miratuar nga Kuvendi i Republik\u00ebs s\u00eb Maqedonis\u00eb n\u00eb vitin 2009, me t\u00eb cilin falja respektivisht abolicioni nuk \u00ebsht\u00eb i mundur. Funksioni normativ \u00ebsht\u00eb n\u00eb kompetenc\u00eb ekskluzive t\u00eb Kuvendit t\u00eb Republik\u00ebs s\u00eb Maqedonis\u00eb e jo t\u00eb Gjykat\u00ebs Kushtetuese, dhe vet\u00ebm Kuvendi mund t\u00eb sjell ndryshime dhe plot\u00ebsime t\u00eb Ligjit p\u00ebr falje.<\/div>\n<div><\/div>\n<div>Si organizata t\u00eb cilat luftojm\u00eb kund\u00ebr korrupsionit konsiderojm\u00eb q\u00eb zgjidhja e kriz\u00ebs politike, e cila buron nga korrupsioni i p\u00ebrhapur dhe keqp\u00ebrdorimi i pushtetit nga ana e individ\u00ebve n\u00eb nivel t\u00eb lart\u00eb nuk duhet dhe nuk guxon t\u00eb zgjidhet me falje.<\/div>\n<div><\/div>\n<div>\u00c7el\u00ebsi n\u00eb luft\u00ebn kund\u00ebr korrupsionit \u00ebsht\u00eb bindja e qytetar\u00ebve n\u00eb faktin q\u00eb askush nuk \u00ebsht\u00eb i papreksh\u00ebm nga ligji dhe q\u00eb \u00e7dokush p\u00ebr t\u00eb cil\u00ebn ka indikacione se e ka keqp\u00ebrdorur detyr\u00ebn zyrtare p\u00ebr dobi private, ose po ka kryer ndonj\u00eb vep\u00ebr tjet\u00ebr joligjore, do t\u00eb jet\u00eb l\u00ebnd\u00eb e hetimit dhe n\u00ebse do t\u00eb ket\u00eb akuz\u00eb do t\u00eb ket\u00eb gjykim t\u00eb drejt\u00eb.<\/div>\n<div><\/div>\n<div>Vet\u00ebm n\u00eb at\u00eb m\u00ebnyr\u00eb, p\u00ebrmes hetimit, gjykimit t\u00eb drejt\u00eb dhe bartjes s\u00eb p\u00ebrgjegj\u00ebsis\u00eb p\u00ebr keqp\u00ebrdorim t\u00eb pushtetit mund t\u00eb ket\u00eb zgjidhje afatgjate dhe t\u00eb q\u00ebndrueshme t\u00eb kriz\u00ebs politike dhe sundimit t\u00eb m\u00ebtutjesh\u00ebm t\u00eb ligjit. Veprimi i k\u00ebtill\u00eb arbitrar, antikushtetues dhe antiligjor i presidentit n\u00eb m\u00ebnyr\u00eb plot\u00ebsuese kontribuon drejt thellimit t\u00eb kriz\u00ebs politike, paq\u00ebndrueshm\u00ebris\u00eb s\u00eb shtetit dhe me siguri do t\u00eb shpij\u00eb drejt humbjes s\u00eb<\/div>\n<div>rekomandimit p\u00ebr fillim t\u00eb negociatave me Bashkimin Evropian, i cili \u00ebsht\u00eb i kusht\u00ebzuar me zbatim t\u00eb t\u00ebr\u00ebsish\u00ebm t\u00eb Marr\u00ebveshjes s\u00eb P\u00ebrzhinos.<\/div>\n<div><\/div>\n<div><\/div>\n<div><i><b>Platforma e organizatave qytetare p\u00ebr luft\u00eb kund\u00ebr korrupsionit<\/b><\/i><\/div>\n","protected":false},"excerpt":{"rendered":"<p>Reagim publik kund\u00ebr aktit t\u00eb p\u00ebrgjithsh\u00ebm p\u00ebr nd\u00ebrprerje t\u00eb t\u00eb gjith\u00eb procedimeve penale kund\u00ebr personave p\u00ebr t\u00eb cil\u00ebt ka procedim ose ekzistojn\u00eb dyshime p\u00ebr kryerje t\u00eb veprave penale lidhur me kriz\u00ebn politike \u00a0 14.04.2016 Platforma e organizatave qytetare p\u00ebr luft\u00eb kund\u00ebr korrupsionit drejton reagim publik kund\u00ebr vendimit t\u00eb Kryetarit t\u00eb Republik\u00ebs s\u00eb Maqedonis\u00eb p\u00ebr sjelljen&hellip;<\/p>\n","protected":false},"author":1,"featured_media":0,"comment_status":"closed","ping_status":"open","sticky":false,"template":"","format":"standard","meta":{"_monsterinsights_skip_tracking":false,"_monsterinsights_sitenote_active":false,"_monsterinsights_sitenote_note":"","_monsterinsights_sitenote_category":0,"footnotes":""},"categories":[90],"tags":[],"class_list":["post-9754","post","type-post","status-publish","format-standard","hentry","category-lajme","category-90","description-off"],"yoast_head":"<!-- This site is optimized with the Yoast SEO plugin v25.8 - https:\/\/yoast.com\/wordpress\/plugins\/seo\/ -->\n<title>Reagim publik - Transparency International<\/title>\n<meta name=\"robots\" content=\"index, follow, max-snippet:-1, max-image-preview:large, max-video-preview:-1\" \/>\n<link rel=\"canonical\" href=\"https:\/\/transparency.mk\/sq\/2016\/04\/14\/reagim-publik\/\" \/>\n<meta property=\"og:locale\" content=\"sq_AL\" \/>\n<meta property=\"og:type\" content=\"article\" \/>\n<meta property=\"og:title\" content=\"Reagim publik - Transparency International\" \/>\n<meta property=\"og:description\" content=\"Reagim publik kund\u00ebr aktit t\u00eb p\u00ebrgjithsh\u00ebm p\u00ebr nd\u00ebrprerje t\u00eb t\u00eb gjith\u00eb procedimeve penale kund\u00ebr personave p\u00ebr t\u00eb cil\u00ebt ka procedim ose ekzistojn\u00eb dyshime p\u00ebr kryerje t\u00eb veprave penale lidhur me kriz\u00ebn politike \u00a0 14.04.2016 Platforma e organizatave qytetare p\u00ebr luft\u00eb kund\u00ebr korrupsionit drejton reagim publik kund\u00ebr vendimit t\u00eb Kryetarit t\u00eb Republik\u00ebs s\u00eb Maqedonis\u00eb p\u00ebr sjelljen&hellip;\" \/>\n<meta property=\"og:url\" content=\"https:\/\/transparency.mk\/sq\/2016\/04\/14\/reagim-publik\/\" \/>\n<meta property=\"og:site_name\" content=\"Transparency International\" \/>\n<meta property=\"article:publisher\" content=\"https:\/\/www.facebook.com\/TransparencyMK\/\" \/>\n<meta property=\"article:published_time\" content=\"2016-04-14T07:56:04+00:00\" \/>\n<meta property=\"article:modified_time\" content=\"2021-02-17T08:56:17+00:00\" \/>\n<meta name=\"author\" content=\"TI \u0430\u0434\u043c\u0438\u043d\u0438\u0441\u0442\u0440\u0430\u0442\u043e\u0440\" \/>\n<meta name=\"twitter:card\" content=\"summary_large_image\" \/>\n<meta name=\"twitter:creator\" content=\"@ti_macedonia\" \/>\n<meta name=\"twitter:site\" content=\"@ti_macedonia\" \/>\n<meta name=\"twitter:label1\" content=\"Written by\" \/>\n\t<meta name=\"twitter:data1\" content=\"TI \u0430\u0434\u043c\u0438\u043d\u0438\u0441\u0442\u0440\u0430\u0442\u043e\u0440\" \/>\n\t<meta name=\"twitter:label2\" content=\"Est. reading time\" \/>\n\t<meta name=\"twitter:data2\" content=\"3 minutes\" \/>\n<script type=\"application\/ld+json\" class=\"yoast-schema-graph\">{\"@context\":\"https:\/\/schema.org\",\"@graph\":[{\"@type\":\"Article\",\"@id\":\"https:\/\/transparency.mk\/sq\/2016\/04\/14\/reagim-publik\/#article\",\"isPartOf\":{\"@id\":\"https:\/\/transparency.mk\/sq\/2016\/04\/14\/reagim-publik\/\"},\"author\":{\"name\":\"TI \u0430\u0434\u043c\u0438\u043d\u0438\u0441\u0442\u0440\u0430\u0442\u043e\u0440\",\"@id\":\"https:\/\/transparency.mk\/#\/schema\/person\/4ab55c47d82a7d099f63f569c223c903\"},\"headline\":\"Reagim publik\",\"datePublished\":\"2016-04-14T07:56:04+00:00\",\"dateModified\":\"2021-02-17T08:56:17+00:00\",\"mainEntityOfPage\":{\"@id\":\"https:\/\/transparency.mk\/sq\/2016\/04\/14\/reagim-publik\/\"},\"wordCount\":548,\"publisher\":{\"@id\":\"https:\/\/transparency.mk\/#organization\"},\"articleSection\":[\"Lajme\"],\"inLanguage\":\"sq-AL\"},{\"@type\":\"WebPage\",\"@id\":\"https:\/\/transparency.mk\/sq\/2016\/04\/14\/reagim-publik\/\",\"url\":\"https:\/\/transparency.mk\/sq\/2016\/04\/14\/reagim-publik\/\",\"name\":\"Reagim publik - Transparency International\",\"isPartOf\":{\"@id\":\"https:\/\/transparency.mk\/#website\"},\"datePublished\":\"2016-04-14T07:56:04+00:00\",\"dateModified\":\"2021-02-17T08:56:17+00:00\",\"breadcrumb\":{\"@id\":\"https:\/\/transparency.mk\/sq\/2016\/04\/14\/reagim-publik\/#breadcrumb\"},\"inLanguage\":\"sq-AL\",\"potentialAction\":[{\"@type\":\"ReadAction\",\"target\":[\"https:\/\/transparency.mk\/sq\/2016\/04\/14\/reagim-publik\/\"]}]},{\"@type\":\"BreadcrumbList\",\"@id\":\"https:\/\/transparency.mk\/sq\/2016\/04\/14\/reagim-publik\/#breadcrumb\",\"itemListElement\":[{\"@type\":\"ListItem\",\"position\":1,\"name\":\"Home\",\"item\":\"https:\/\/transparency.mk\/sq\/\"},{\"@type\":\"ListItem\",\"position\":2,\"name\":\"Reagim publik\"}]},{\"@type\":\"WebSite\",\"@id\":\"https:\/\/transparency.mk\/#website\",\"url\":\"https:\/\/transparency.mk\/\",\"name\":\"Transparency International\",\"description\":\"Maqedoni\",\"publisher\":{\"@id\":\"https:\/\/transparency.mk\/#organization\"},\"potentialAction\":[{\"@type\":\"SearchAction\",\"target\":{\"@type\":\"EntryPoint\",\"urlTemplate\":\"https:\/\/transparency.mk\/?s={search_term_string}\"},\"query-input\":{\"@type\":\"PropertyValueSpecification\",\"valueRequired\":true,\"valueName\":\"search_term_string\"}}],\"inLanguage\":\"sq-AL\"},{\"@type\":\"Organization\",\"@id\":\"https:\/\/transparency.mk\/#organization\",\"name\":\"\u0422\u0440\u0430\u043d\u0441\u043f\u0430\u0440\u0435\u043d\u0441\u0438 \u0418\u043d\u0442\u0435\u0440\u043d\u0435\u0448\u043d\u043b - \u041c\u0430\u043a\u0435\u0434\u043e\u043d\u0438\u0458\u0430\",\"url\":\"https:\/\/transparency.mk\/\",\"logo\":{\"@type\":\"ImageObject\",\"inLanguage\":\"sq-AL\",\"@id\":\"https:\/\/transparency.mk\/#\/schema\/logo\/image\/\",\"url\":\"https:\/\/transparency.mk\/wp-content\/uploads\/2020\/10\/transparency-mk-logo.png\",\"contentUrl\":\"https:\/\/transparency.mk\/wp-content\/uploads\/2020\/10\/transparency-mk-logo.png\",\"width\":250,\"height\":75,\"caption\":\"\u0422\u0440\u0430\u043d\u0441\u043f\u0430\u0440\u0435\u043d\u0441\u0438 \u0418\u043d\u0442\u0435\u0440\u043d\u0435\u0448\u043d\u043b - \u041c\u0430\u043a\u0435\u0434\u043e\u043d\u0438\u0458\u0430\"},\"image\":{\"@id\":\"https:\/\/transparency.mk\/#\/schema\/logo\/image\/\"},\"sameAs\":[\"https:\/\/www.facebook.com\/TransparencyMK\/\",\"https:\/\/x.com\/ti_macedonia\",\"https:\/\/www.instagram.com\/timacedonia\/\",\"https:\/\/youtube.com\/user\/tzcmacedonia\/\"]},{\"@type\":\"Person\",\"@id\":\"https:\/\/transparency.mk\/#\/schema\/person\/4ab55c47d82a7d099f63f569c223c903\",\"name\":\"TI \u0430\u0434\u043c\u0438\u043d\u0438\u0441\u0442\u0440\u0430\u0442\u043e\u0440\",\"sameAs\":[\"https:\/\/transparency.mk\"]}]}<\/script>\n<!-- \/ Yoast SEO plugin. -->","yoast_head_json":{"title":"Reagim publik - Transparency International","robots":{"index":"index","follow":"follow","max-snippet":"max-snippet:-1","max-image-preview":"max-image-preview:large","max-video-preview":"max-video-preview:-1"},"canonical":"https:\/\/transparency.mk\/sq\/2016\/04\/14\/reagim-publik\/","og_locale":"sq_AL","og_type":"article","og_title":"Reagim publik - Transparency International","og_description":"Reagim publik kund\u00ebr aktit t\u00eb p\u00ebrgjithsh\u00ebm p\u00ebr nd\u00ebrprerje t\u00eb t\u00eb gjith\u00eb procedimeve penale kund\u00ebr personave p\u00ebr t\u00eb cil\u00ebt ka procedim ose ekzistojn\u00eb dyshime p\u00ebr kryerje t\u00eb veprave penale lidhur me kriz\u00ebn politike \u00a0 14.04.2016 Platforma e organizatave qytetare p\u00ebr luft\u00eb kund\u00ebr korrupsionit drejton reagim publik kund\u00ebr vendimit t\u00eb Kryetarit t\u00eb Republik\u00ebs s\u00eb Maqedonis\u00eb p\u00ebr sjelljen&hellip;","og_url":"https:\/\/transparency.mk\/sq\/2016\/04\/14\/reagim-publik\/","og_site_name":"Transparency International","article_publisher":"https:\/\/www.facebook.com\/TransparencyMK\/","article_published_time":"2016-04-14T07:56:04+00:00","article_modified_time":"2021-02-17T08:56:17+00:00","author":"TI \u0430\u0434\u043c\u0438\u043d\u0438\u0441\u0442\u0440\u0430\u0442\u043e\u0440","twitter_card":"summary_large_image","twitter_creator":"@ti_macedonia","twitter_site":"@ti_macedonia","twitter_misc":{"Written by":"TI \u0430\u0434\u043c\u0438\u043d\u0438\u0441\u0442\u0440\u0430\u0442\u043e\u0440","Est. reading time":"3 minutes"},"schema":{"@context":"https:\/\/schema.org","@graph":[{"@type":"Article","@id":"https:\/\/transparency.mk\/sq\/2016\/04\/14\/reagim-publik\/#article","isPartOf":{"@id":"https:\/\/transparency.mk\/sq\/2016\/04\/14\/reagim-publik\/"},"author":{"name":"TI \u0430\u0434\u043c\u0438\u043d\u0438\u0441\u0442\u0440\u0430\u0442\u043e\u0440","@id":"https:\/\/transparency.mk\/#\/schema\/person\/4ab55c47d82a7d099f63f569c223c903"},"headline":"Reagim publik","datePublished":"2016-04-14T07:56:04+00:00","dateModified":"2021-02-17T08:56:17+00:00","mainEntityOfPage":{"@id":"https:\/\/transparency.mk\/sq\/2016\/04\/14\/reagim-publik\/"},"wordCount":548,"publisher":{"@id":"https:\/\/transparency.mk\/#organization"},"articleSection":["Lajme"],"inLanguage":"sq-AL"},{"@type":"WebPage","@id":"https:\/\/transparency.mk\/sq\/2016\/04\/14\/reagim-publik\/","url":"https:\/\/transparency.mk\/sq\/2016\/04\/14\/reagim-publik\/","name":"Reagim publik - Transparency International","isPartOf":{"@id":"https:\/\/transparency.mk\/#website"},"datePublished":"2016-04-14T07:56:04+00:00","dateModified":"2021-02-17T08:56:17+00:00","breadcrumb":{"@id":"https:\/\/transparency.mk\/sq\/2016\/04\/14\/reagim-publik\/#breadcrumb"},"inLanguage":"sq-AL","potentialAction":[{"@type":"ReadAction","target":["https:\/\/transparency.mk\/sq\/2016\/04\/14\/reagim-publik\/"]}]},{"@type":"BreadcrumbList","@id":"https:\/\/transparency.mk\/sq\/2016\/04\/14\/reagim-publik\/#breadcrumb","itemListElement":[{"@type":"ListItem","position":1,"name":"Home","item":"https:\/\/transparency.mk\/sq\/"},{"@type":"ListItem","position":2,"name":"Reagim publik"}]},{"@type":"WebSite","@id":"https:\/\/transparency.mk\/#website","url":"https:\/\/transparency.mk\/","name":"Transparency International","description":"Maqedoni","publisher":{"@id":"https:\/\/transparency.mk\/#organization"},"potentialAction":[{"@type":"SearchAction","target":{"@type":"EntryPoint","urlTemplate":"https:\/\/transparency.mk\/?s={search_term_string}"},"query-input":{"@type":"PropertyValueSpecification","valueRequired":true,"valueName":"search_term_string"}}],"inLanguage":"sq-AL"},{"@type":"Organization","@id":"https:\/\/transparency.mk\/#organization","name":"\u0422\u0440\u0430\u043d\u0441\u043f\u0430\u0440\u0435\u043d\u0441\u0438 \u0418\u043d\u0442\u0435\u0440\u043d\u0435\u0448\u043d\u043b - \u041c\u0430\u043a\u0435\u0434\u043e\u043d\u0438\u0458\u0430","url":"https:\/\/transparency.mk\/","logo":{"@type":"ImageObject","inLanguage":"sq-AL","@id":"https:\/\/transparency.mk\/#\/schema\/logo\/image\/","url":"https:\/\/transparency.mk\/wp-content\/uploads\/2020\/10\/transparency-mk-logo.png","contentUrl":"https:\/\/transparency.mk\/wp-content\/uploads\/2020\/10\/transparency-mk-logo.png","width":250,"height":75,"caption":"\u0422\u0440\u0430\u043d\u0441\u043f\u0430\u0440\u0435\u043d\u0441\u0438 \u0418\u043d\u0442\u0435\u0440\u043d\u0435\u0448\u043d\u043b - \u041c\u0430\u043a\u0435\u0434\u043e\u043d\u0438\u0458\u0430"},"image":{"@id":"https:\/\/transparency.mk\/#\/schema\/logo\/image\/"},"sameAs":["https:\/\/www.facebook.com\/TransparencyMK\/","https:\/\/x.com\/ti_macedonia","https:\/\/www.instagram.com\/timacedonia\/","https:\/\/youtube.com\/user\/tzcmacedonia\/"]},{"@type":"Person","@id":"https:\/\/transparency.mk\/#\/schema\/person\/4ab55c47d82a7d099f63f569c223c903","name":"TI \u0430\u0434\u043c\u0438\u043d\u0438\u0441\u0442\u0440\u0430\u0442\u043e\u0440","sameAs":["https:\/\/transparency.mk"]}]}},"_links":{"self":[{"href":"https:\/\/transparency.mk\/sq\/wp-json\/wp\/v2\/posts\/9754","targetHints":{"allow":["GET"]}}],"collection":[{"href":"https:\/\/transparency.mk\/sq\/wp-json\/wp\/v2\/posts"}],"about":[{"href":"https:\/\/transparency.mk\/sq\/wp-json\/wp\/v2\/types\/post"}],"author":[{"embeddable":true,"href":"https:\/\/transparency.mk\/sq\/wp-json\/wp\/v2\/users\/1"}],"replies":[{"embeddable":true,"href":"https:\/\/transparency.mk\/sq\/wp-json\/wp\/v2\/comments?post=9754"}],"version-history":[{"count":1,"href":"https:\/\/transparency.mk\/sq\/wp-json\/wp\/v2\/posts\/9754\/revisions"}],"predecessor-version":[{"id":9755,"href":"https:\/\/transparency.mk\/sq\/wp-json\/wp\/v2\/posts\/9754\/revisions\/9755"}],"wp:attachment":[{"href":"https:\/\/transparency.mk\/sq\/wp-json\/wp\/v2\/media?parent=9754"}],"wp:term":[{"taxonomy":"category","embeddable":true,"href":"https:\/\/transparency.mk\/sq\/wp-json\/wp\/v2\/categories?post=9754"},{"taxonomy":"post_tag","embeddable":true,"href":"https:\/\/transparency.mk\/sq\/wp-json\/wp\/v2\/tags?post=9754"}],"curies":[{"name":"wp","href":"https:\/\/api.w.org\/{rel}","templated":true}]}}