{"id":9775,"date":"2016-09-07T10:02:38","date_gmt":"2016-09-07T08:02:38","guid":{"rendered":"https:\/\/transparency.web.com.mk\/?p=9775"},"modified":"2021-02-17T10:03:04","modified_gmt":"2021-02-17T09:03:04","slug":"dhjete-vjet-paraqet-krime-ne-policine-e-ohrit-mpb-hesht","status":"publish","type":"post","link":"https:\/\/transparency.mk\/sq\/2016\/09\/07\/dhjete-vjet-paraqet-krime-ne-policine-e-ohrit-mpb-hesht\/","title":{"rendered":"Dhjet\u00eb vjet paraqet krime n\u00eb policin\u00eb e Ohrit, MPB hesht!"},"content":{"rendered":"<div>07.09.2016 Polici rrugor Stev\u00e7e Stevoski prej fshatit Elshani t\u00eb Ohrit, m\u00eb 12 gusht t\u00eb k\u00ebtij viti ka gjobuar komandantin e policis\u00eb Vllado Siljanovski me gjob\u00eb 800 \u00a0 euro pasi komandanti me makin\u00ebn e vet t\u00eb paregjistruar ka parakaluar n\u00eb vij\u00eb t\u00eb plot\u00eb. Stevoski ka duruar mobingun p\u00ebr t\u00eb nd\u00ebrruar denoncimin, dhe tani m\u00eb nj\u00eb dekad\u00eb pasi MPB-n\u00eb e drejtojn\u00eb ministrat Jankuloska dhe \u00c7avkov ai ka denoncuar krim t\u00eb organizuar mes koleg\u00ebve t\u00eb vet, manipulime zgjedhore, kontraband\u00eb e automjeteve dhe dhun\u00eb, por n\u00eb Shkup denoncimet e tija kan\u00eb p\u00ebrfunduar n\u00eb sirtar. Madje edhe m\u00eb keq, ai \u00ebsht\u00eb d\u00ebnuar dhe keqtrajtuar!<\/div>\n<div>Informata se polici rrugor ka gjobuar komandantin p\u00ebr shkak t\u00eb parakalimit t\u00eb parregullt n\u00eb vij\u00eb t\u00eb plot\u00eb dhe pasi q\u00eb makina e tij nuk ka qen\u00eb e regjistruar fillimisht ting\u00ebllon si lajm nga rubrika A ju besohet se? Jo se nuk ka shembuj t\u00eb till\u00eb n\u00eb internet, edhe pse dominojn\u00eb rastet e vendeve demokratike dhe t\u00eb civilizuara. \u00a0Por fakti q\u00eb n\u00eb koh\u00eb t\u00eb regjimit t\u00eb VMRO-s\u00eb nj\u00eb vart\u00ebs mund ti kund\u00ebrshtohet eprorit, ve\u00e7 asaj edhe e ka gjobuar 800 euro dhe n\u00ebn k\u00ebrc\u00ebnime dhe shtypje t\u00eb m\u00ebdha polici nuk ka heq dor\u00eb t\u00eb anulon denoncimin, kjo, n\u00ebse asgj\u00eb tjet\u00ebr, s\u00eb paku e ka vendin n\u00eb rubrik\u00ebn Heronjt\u00eb e lagjes ton\u00eb.<\/div>\n<div><\/div>\n<div><\/div>\n<div><\/div>\n<div>Publiku maqedonas u njoftua me policin rrugor Stev\u00e7e Stevoski nga fshati Elshani, t\u00eb Ohrit, kur n\u00eb m\u00ebngjesin e 12 gushtit, n\u00eb or\u00ebt e her\u00ebta t\u00eb m\u00ebngjesit n\u00eb rrug\u00ebn prej Ohrit kah fshati Podmolje, pasi ka v\u00ebrejtur \u201cMercedes\u201d duke parakaluar \u201cFord\u201d n\u00eb vend t\u00eb ndaluar, n\u00eb intervenim rutinor s\u00eb bashku me disa koleg\u00eb ka qen\u00eb i detyruar t\u00eb gjobon komandantin Vllado Siljanoski. \u00a0Eprori ka pritur t\u00eb kalon leht\u00eb q\u00eb pasi b\u00ebhet fjal\u00eb p\u00ebr polic\u00eb t\u00eb tij-pun\u00ebtor\u00eb, gjegj\u00ebsisht t\u00eb vazhdon rrug\u00ebn pasi q\u00eb koleg\u00ebt me rang m\u00eb t\u00eb ul\u00ebt ti k\u00ebrkojn\u00eb falje dhe ta l\u00ebn\u00eb t\u00eb largohet. \u00a0Por, edhe pse kjo ka qen\u00eb praktika, prap\u00eb se prap\u00eb komandanti do t\u00eb mban n\u00eb mend at\u00eb m\u00ebngjes t\u00ebr\u00eb jet\u00ebn, ku nj\u00eb polic rrugor n\u00eb em\u00ebr t\u00eb ligjit ka marr\u00eb guximin ti shkruan gjob\u00eb.<\/div>\n<div><\/div>\n<div><\/div>\n<div><b>N\u00cb VEND Q\u00cb T\u00cb JET\u00cb SHEMBULL P\u00cbR INKURAJIM, STEVOSKI N\u00cbN MOBING\u00a0<\/b><\/div>\n<div><\/div>\n<div>Edhe at\u00eb jo vet\u00ebm 300 euro pasi ka parakaluar n\u00eb vij\u00eb t\u00eb plot\u00eb, por edhe 500 euro t\u00eb tjera pasi q\u00eb \u201cMercedesi\u201d nuk ka qen\u00eb i regjistruar tre vitet e fundit. N\u00ebse kontrollohet sistemi p\u00ebr regjistrim t\u00eb automjeteve, gjegj\u00ebsisht t\u00eb policave t\u00eb sigurimit, automjeti privat i komandantit ka qen\u00eb i siguruar n\u00eb vitin 2010, pastaj n\u00eb 2012 dhe n\u00eb fund n\u00eb vitin 2016, dit\u00ebn e nj\u00ebjt\u00eb kur \u00ebsht\u00eb gjobitur, por disa or\u00eb m\u00eb von\u00eb, pasi q\u00eb m\u00ebngjesin para ora 7 nuk kan\u00eb qen\u00eb t\u00eb hapur kontrollet teknike q\u00eb \u201cMercedesi\u201d t\u00eb regjistrohet para kund\u00ebrvajtjes s\u00eb trafikut. Sidoqoft\u00eb, komandanti ka p\u00ebrdorur privilegje dhe tre vite ka drejtuar automjet t\u00eb paregjistruar?!<\/div>\n<div>N\u00eb k\u00ebrkim t\u00eb t\u00eb v\u00ebrtet\u00ebs p\u00ebr ngjarjen kontaktuam policin Stevoski. Ting\u00ebllonte si njeri i sjellsh\u00ebm dhe i guximsh\u00ebm, por mosshfaqjen e tij n\u00eb publik e arsyetoi me procedur\u00ebn n\u00eb MPB &#8211; do t\u00eb shfaqet n\u00eb gazet\u00eb pasi ministri Mitko \u00c7avkov t\u2019i lejoj\u00eb me shkrim, pasi p\u00ebrndryshe mund t\u00eb largohet nga vendi i pun\u00ebs, pasi q\u00eb edhe ashtu \u00e7do dit\u00eb i k\u00ebrc\u00ebnohen n\u00eb vitet e fundit, e ve\u00e7an\u00ebrisht n\u00eb dy jav\u00ebt e fundit pasi ka marr\u00eb guxim t\u00eb gjoboj\u00eb komandant. T\u00eb ballafaquar me principin e heshtjes p\u00ebr ngjarjet n\u00eb policin\u00eb e Ohrit, ne nuk hoq\u00ebm dor\u00eb k\u00ebrkesa p\u00ebr t\u00eb gjetur se kush \u00ebsht\u00eb n\u00eb t\u00eb v\u00ebrtet\u00eb Stevoski, a i \u00ebsht\u00eb hakmarr\u00eb personalisht komandantit, a e ka respektuar ligjin gjat\u00eb dh\u00ebnies s\u00eb gjob\u00ebs dhe \u00e7ka e ka motivuar q\u00eb her\u00ebt n\u00eb m\u00ebngjes t\u00eb ndjek\u00eb penalisht vozit\u00ebsit e kund\u00ebrligjsh\u00ebm.<\/div>\n<div>Disa koleg\u00eb me t\u00eb cil\u00ebt i ndan hap\u00ebsirat e pun\u00ebs na treguan q\u00eb m\u00ebngjesin n\u00eb vendin e nj\u00ebjt\u00eb jan\u00eb gjobitur edhe disa qytetar\u00eb, e p\u00ebr k\u00ebt\u00eb Stevoski nuk ka dashur t\u2019ia fal\u00eb komandantit gabimin, por p\u00ebrkundrazi, menj\u00ebher\u00eb at\u00eb m\u00ebngjes i ka njoftuar edhe epror\u00ebt tjer\u00eb q\u00eb kolegu i tyre ka b\u00ebr\u00eb kund\u00ebrvajtje t\u00eb trafikut me automjet t\u00eb paregjistruar. Dit\u00ebt n\u00eb vijim, si q\u00eb tregojn\u00eb burime nga policia, ia kan\u00eb b\u00ebr\u00eb ferr. Tre dit\u00eb Stevoski nuk ka pasur detyra, e gjithnj\u00eb i kan\u00eb b\u00ebr\u00eb shtypje q\u00eb t\u00eb nd\u00ebrroj\u00eb deklarat\u00ebn, gjegj\u00ebsisht t\u00eb b\u00ebhet rikonstruim i ndrysh\u00ebm p\u00ebr ngjarjen, kurse komandanti t\u00eb shmang gjob\u00ebn. Por Stevoski ka mbetur k\u00ebmb\u00ebngul\u00ebs dhe nuk ka l\u00ebshuar pe, kurse shtypjen e ka kuptuar si mobing dhe ka shkuar n\u00eb pushim mjek\u00ebsor.<\/div>\n<div>Mbetet e paqart\u00eb si ka arritur komandanti i policis\u00eb tre vite t\u00eb drejtoj\u00eb automjet t\u00eb paregjistruar? Polic\u00eb p\u00ebr \u201cFokus\u201d tregojn\u00eb q\u00eb \u00e7do vit MPB nga qendra n\u00eb Shkup l\u00ebshon telegrame deri n\u00eb stacionet policore me t\u00eb cilat insiston t\u00eb b\u00ebhet list\u00eb e automjeteve t\u00eb cilat i p\u00ebrdorin oficer\u00ebt policor\u00eb, n\u00ebse ato jan\u00eb t\u00eb regjistruara dhe t\u00eb dh\u00ebna tjera t\u00eb nevojshme. N\u00ebp\u00ebr stacionet n\u00eb vend mblidhen t\u00eb dh\u00ebnat e tilla dhe pastaj d\u00ebrgohen n\u00eb MPB. Nuk \u00ebsht\u00eb e njohur n\u00ebse ky automjet i komandantit nga Ohri \u00ebsht\u00eb paraqitur si i regjistruar.<\/div>\n<div>Jozyrtarisht, k\u00ebto dit\u00eb tek ministri i policis\u00eb \u00c7avkov , \u00ebsht\u00eb d\u00ebrguar Ankes\u00eb nga Stevoski n\u00eb t\u00eb cil\u00ebn ai paraqet epror\u00ebt e tij p\u00ebr mashtrim pasi q\u00eb e kan\u00eb mashtruar pik\u00ebrisht ministrin me paraqitjen e rrejshme p\u00ebr t\u00eb dh\u00ebnat rreth automjetit t\u00eb Siljanovskit. D\u00ebrgimi i k\u00ebsaj letre nuk do t\u00eb jet\u00eb hera e par\u00eb p\u00ebr Stevoskin,, i cili \u00ebsht\u00eb kriminalist sipas arsimimit e ka kryer Fakultetin p\u00ebr siguri, por ka qen\u00eb i degraduar gjasht\u00eb nivele n\u00eb hierarkin\u00eb e policis\u00eb n\u00eb disa vitet e fundit. M\u00eb par\u00eb, shum\u00eb her\u00eb duke u munduar t\u00eb jet\u00eb i ndersh\u00ebm, ka gjetur dhe ka denoncuar krim n\u00eb radh\u00ebt e policis\u00eb, zakonisht tek epror\u00ebt n\u00eb polici. Pik\u00ebrisht degradimet n\u00eb karrier\u00ebn e tij jan\u00eb t\u00eb lidhura me tridhjet\u00eb procedura disiplinore, gjegj\u00ebsisht me p\u00ebrpjekjet e tija t\u00eb ndaloj\u00eb aktivitete kriminale. Si q\u00eb ka denoncuar, ashtu i jan\u00eb hakmarr\u00eb.<\/div>\n<div><\/div>\n<div><\/div>\n<div><b>PSE MPB NUK TREGON CIL\u00cbT POLIC\u00cb KAN\u00cb HESHTUR P\u00cbR DHUN\u00cbN?<\/b><\/div>\n<div><\/div>\n<div>Komandanti i gjobitur nuk \u00ebsht\u00eb i pari n\u00eb list\u00ebn e Stevoskit. Ai p\u00ebr kund\u00ebrvajtje \u00a0t\u00eb trafikut ka gjobitur shum\u00eb polic\u00eb. Dominojn\u00eb denoncimet p\u00ebr parkim t\u00eb gabuar. Por p\u00ebr shkak t\u00eb madh\u00ebsis\u00eb s\u00eb rastit, k\u00ebt\u00eb her\u00eb polici i trafikut u b\u00eb i njohur. Ata me t\u00eb cil\u00ebt fol\u00ebm, na treguan q\u00eb Stevoski i gjobit t\u00eb gjith\u00eb. Por sa m\u00eb fort\u00eb q\u00eb i godet ai, aq m\u00eb me vrull i kthehen goditjet. \u00a0Ka nj\u00eb rast nga vera e kaluar kur n\u00eb nj\u00eb klub n\u00eb Oh\u00ebr ka pasur p\u00ebrleshje mes dy grupeve, e n\u00eb klub dhe rreth tij ka pasur patrulla policore. N\u00eb vend q\u00eb t\u00eb denoncojn\u00eb dhun\u00ebn, polic\u00ebt heshtur kan\u00eb shikuar incidentin, e pastaj as q\u00eb e kan\u00eb denoncuar.<\/div>\n<div>I nj\u00ebjti polic Stevoski ka shkruar ankes\u00eb deri n\u00eb Sektorin p\u00ebr kontroll t\u00eb brendsh\u00ebm n\u00eb MPB kund\u00ebr nj\u00eb komandanti n\u00eb stacionin n\u00eb Oh\u00ebr &#8211; D.D., kund\u00ebr \u00a0shefit t\u00eb sektorit p\u00ebr zbulim Z.S. dhe oficer\u00eb tjer\u00eb t\u00eb policis\u00eb, pasi q\u00eb kan\u00eb vepruar padrejt\u00ebsisht dhe aspak nuk kan\u00eb marr\u00eb masa q\u00eb t\u00eb intervenojn\u00eb dhe t\u00eb zgjedhin menj\u00ebher\u00eb rastin. P\u00ebrve\u00e7 q\u00eb situata faktike nga dhuna ka qen\u00eb e qart\u00eb, ka pasur edhe d\u00ebshmitar\u00eb p\u00ebr ngjarjen t\u00eb cil\u00ebt MPB ka mundur t\u2019i p\u00ebrdor\u00eb p\u00ebr p\u00ebrcaktimin e p\u00ebrgjegj\u00ebsis\u00eb tek polic\u00ebt. Por n\u00eb vend t\u00eb k\u00ebsaj, n\u00eb p\u00ebrgjigjen nga MPB \u00ebsht\u00eb th\u00ebn\u00eb q\u00eb \u00ebsht\u00eb shikuar dokumentimi zyrtar p\u00ebr ngjarjen dhe nuk ka pasur prova p\u00ebr veprim padrejt\u00ebsisht t\u00eb denoncuarve. E dihet kush ka shkruar dokumentimin zyrtar p\u00ebr ngjarjen &#8211; ata q\u00eb kan\u00eb qen\u00eb t\u00eb denoncuar!<\/div>\n<div>Ashtu, rasti me mosveprimin e policis\u00eb, nj\u00ebsoj si rasti ku policia nuk ka ndaluar dhun\u00ebn mbi policit special n\u00eb Shkup, p\u00ebr t\u00eb cil\u00ebn gjithashtu ekzistojn\u00eb denoncime n\u00eb MPB p\u00ebr funksionar\u00eb t\u00eb lart\u00eb policor\u00eb, mbeten me persona p\u00ebrgjegj\u00ebs q\u00eb nuk jan\u00eb gjetur, por p\u00ebr k\u00ebt\u00eb , denoncuesi Stevoski \u00ebsht\u00eb ballafaquar me procedura t\u00eb reja disiplinore, me d\u00ebnime t\u00eb reja. N\u00ebse kan\u00eb llogaritur si duhet polic\u00ebt, at\u00ebher\u00eb ky polic &#8211; denoncues \u00ebsht\u00eb gjobitur pes\u00eb deri gjasht\u00eb mir\u00eb euro p\u00ebr disa vite. Pyetje tjet\u00ebr \u00ebsht\u00eb pse i pun\u00ebsuar me rreth 30 procedura disiplinore \u00ebsht\u00eb akoma n\u00eb vendin e pun\u00ebs. \u00cbsht\u00eb e qart\u00eb q\u00eb kreu i policis\u00eb e di q\u00eb nuk i meriton d\u00ebnimet, por jan\u00eb d\u00ebnim dhe paralajm\u00ebrim q\u00eb t\u00eb ndaloj\u00eb t\u00eb \u201cnuhas\u00eb\u201d n\u00ebp\u00ebr sjelljen kriminele t\u00eb polic\u00ebve.<\/div>\n<div><\/div>\n<div><\/div>\n<div><b>FUNKSIONAR\u00cb POLICOR\u00cb KAN\u00cb \u00a0MANIPULUAR ZGJEDHJET?<\/b><\/div>\n<div><\/div>\n<div>Epror\u00eb t\u00eb m\u00ebparsh\u00ebm t\u00eb Stevoskit p\u00ebrkujtohen q\u00eb kushdo q\u00eb t\u00eb jet\u00eb eprori i tij, direkt ose jodirekt, Stevoski ka mang\u00ebsin\u00eb q\u00eb ia ndjek gabimet dhe i \u201cp\u00ebrndjek\u201d t\u00eb gjith\u00eb q\u00eb keqp\u00ebrdorin privilegjet policore p\u00ebr dobi personale. N\u00eb vitin 2014, gjat\u00eb procesit zgjedhor Stevoski ka v\u00ebrejtur si funksionar\u00eb policor\u00eb me keqp\u00ebrdorim t\u00eb pozit\u00ebs punojn\u00eb p\u00ebr partin\u00eb n\u00eb pushtet. Edhe pse ka ekzistuar plan operativ p\u00ebr pun\u00eb n\u00eb dit\u00ebn e zgjedhjeve, ve\u00e7an\u00ebrisht nat\u00ebn pas mbarimit t\u00eb votimit, prap\u00ebseprap\u00eb disa funksionar\u00eb n\u00eb MPB kan\u00eb penguar k\u00ebt\u00eb.<\/div>\n<div>Gjegj\u00ebsisht, disa patrulla policore kan\u00eb pasur detyr\u00eb t\u00eb b\u00ebjn\u00eb raunde n\u00ebp\u00ebr qytet dhe fshatrat me q\u00ebllim q\u00eb t\u00eb ndjekin n\u00ebse ndodh di\u00e7ka me materialin votues. Por nj\u00ebra nga patrullat e policis\u00eb s\u00eb Ohrit ka qen\u00eb e ndaluar nga komandanti D.D. dhe ndihm\u00ebs-komandanti O.N., t\u00eb cil\u00ebt me urdh\u00ebr me goj\u00eb, diku rreth mesnat\u00ebs, kan\u00eb nd\u00ebrruar planin p\u00ebr pun\u00eb. Disa nga polic\u00ebt jan\u00eb kund\u00ebrshtuar, ve\u00e7an\u00ebrisht Stevoski, i cili u ka treguar \u201cm\u00eb t\u00eb fuqishm\u00ebve\u201d q\u00eb telegrami me shkrim \u00ebsht\u00eb m\u00eb e fuqishme se urdhri me goj\u00eb dhe p\u00ebr k\u00ebt\u00eb ka insistuar t\u00eb vazhdoj\u00eb me planin e m\u00ebparsh\u00ebm p\u00ebr patrullim. Kuptohet q\u00eb nuk ka pasur sukses dhe bashk\u00eb me patrull\u00ebn jan\u00eb ndaluar dy or\u00eb t\u00eb kryejn\u00eb kontrolle. E nj\u00ebjta u ka ndodhur edhe patrullave tjera nga personat e nj\u00ebjt\u00eb. Kjo do t\u00eb thot\u00eb q\u00eb policia lokale ka ndaluar polic\u00ebt t\u00eb sigurojn\u00eb terrenin q\u00eb t\u00eb mundet dikush pas dit\u00ebs s\u00eb zgjedhjeve t\u00eb manipuloj\u00eb me materialin e zgjedhjeve!<\/div>\n<div>Edhe p\u00ebr k\u00ebt\u00eb rast ka pasur d\u00ebshmitar\u00eb, disa polic\u00eb t\u00eb cil\u00ebt kan\u00eb qen\u00eb t\u00eb ndaluar n\u00eb kryerjen e detyrave nga epror\u00ebt e vet\u00eb, por Sektori p\u00ebr kontroll t\u00eb brendsh\u00ebm n\u00eb MPB ka vendosur q\u00eb nuk ka t\u00eb fajsh\u00ebm, pasi q\u00eb k\u00ebshtu ka treguar dokumentimi zyrtar. Me sa duket dokumentimi p\u00ebrs\u00ebri \u00ebsht\u00eb p\u00ebrgatitur nga komandant\u00ebt e denoncuar. Pasi q\u00eb, kjo \u00ebsht\u00eb ngjarje nga koha kur MPB n\u00eb dit\u00ebn e zgjedhjeve ishte MVRO, sipas fjal\u00ebve t\u00eb ministresh\u00ebs s\u00eb m\u00ebparshme Gordana Jankulloska.<\/div>\n<div><\/div>\n<div><\/div>\n<div><b>MASHTURES DHE KAMATAR\u00cb &#8211; KUSH T\u2019I D\u00cbNOJ\u00cb?<\/b><\/div>\n<div><\/div>\n<div>Duke k\u00ebrkuar n\u00ebp\u00ebr arkivat e stacionit policor n\u00eb Oh\u00ebr has\u00ebm edhe n\u00eb nj\u00eb denoncim interesant t\u00eb policit Stevoski, e cila me vite t\u00eb t\u00ebra nuk ka p\u00ebrfundim. Ai para disa viteve ka siguruar prova dhe deklarata t\u00eb d\u00ebshmitar\u00ebve q\u00eb funksionar\u00eb policor\u00eb merren me mashtrim dhe zhvatje. N\u00eb denoncimin \u00ebsht\u00eb theksuar q\u00eb polic\u00ebt-dhunues kan\u00eb p\u00ebrdorur automjete zyrtare dhe arm\u00eb zyrtare \u00a0kur kan\u00eb detyruar qytetar\u00ebt t\u2019ju japin t\u00eb holla. Jan\u00eb dh\u00ebn\u00eb disa shembuj me emra dhe dat\u00eb kur polic\u00ebt jasht\u00eb kompetencave ligjore kan\u00eb marr\u00eb pjes\u00eb n\u00eb krim t\u00eb dhunsh\u00ebm. Edhe p\u00ebr k\u00ebt\u00eb rast \u00ebsht\u00eb e njoftuar qendra e MPB pasi q\u00eb ka pasur dokumente me shkrim.<\/div>\n<div>Edhe pse denoncimet e brendshme gjithnj\u00eb jan\u00eb radhitur, gati se asnj\u00ebher\u00eb askush nuk \u00ebsht\u00eb mbajtur p\u00ebrgjegj\u00ebs. Madje, n\u00eb Shkup nuk jan\u00eb thirrur as denoncuesit p\u00ebr t\u00eb dh\u00ebn\u00eb prova. Gjat\u00eb dekad\u00ebs s\u00eb fundit ka pasur num\u00ebr t\u00eb madh t\u00eb denoncimeve dhe \u00a0referimeve p\u00ebr individ\u00eb q\u00eb hyjn\u00eb n\u00eb krim n\u00eb policin\u00eb e Ohrit, por shumica prej tyre notojn\u00eb me sukses n\u00eb uj\u00ebrat e turbullta, kurse nj\u00eb pjes\u00eb prej tyre edhe nd\u00ebrrohen n\u00ebp\u00ebr funksione t\u00eb p\u00ebrgjegjshme dhe t\u00eb r\u00ebnd\u00ebsishme.<\/div>\n<div>Do t\u00eb shfaqim edhe nj\u00eb shembull i cili \u00ebsht\u00eb i sh\u00ebnuar n\u00eb ditarin e policis\u00eb, e p\u00ebr t\u00eb cilin n\u00eb koh\u00eb ka ditur edhe vet\u00eb Jankulloska. Por si edhe n\u00eb rastet e m\u00ebparshme, nuk \u00ebsht\u00eb nd\u00ebrmarr\u00eb kurrgj\u00eb. Kjo \u00ebsht\u00eb nj\u00eb rast, s\u00eb paku nga ajo q\u00eb gjet\u00ebm me dat\u00ebn m\u00eb t\u00eb vjet\u00ebr &#8211; nga viti 2008. Por pik\u00ebrisht ky rast, si q\u00eb p\u00ebrkujtohen burimet tona, e v\u00eb Stevoskin n\u00eb \u201clist\u00ebn e zez\u00eb\u201d tek epror\u00ebt dhe prej at\u00ebher\u00eb fillojn\u00eb hallet e tija. Ekipi i Stevoskit, n\u00ebse mund t\u00eb besoni, ka gjetur 210 automjete motorike t\u00eb kontrabanduara \u00a0n\u00ebp\u00ebr rajonin Oh\u00ebr-Strug\u00eb, mes t\u00eb cilave edhe xhipi i futbollistit Dejvid Bekam, t\u00eb cilin m\u00eb von\u00eb e p\u00ebrdorte Jankulloska. Pastaj ka siguruar prova q\u00eb automjetet e tilla nuk duhet t\u00eb regjistrohen n\u00eb Maqedoni pasi q\u00eb kan\u00eb qen\u00eb l\u00ebnd\u00eb e k\u00ebrkimit nd\u00ebrkomb\u00ebtar, por q\u00eb MPB sidoqoft\u00eb, ka mund\u00ebsuar q\u00eb qytetar\u00ebt, pronar\u00eb t\u00eb automjeteve t\u00eb tilla t\u2019i regjistrojn\u00eb. Pastaj polic\u00eb me sa duket kan\u00eb shkuar tek pronar\u00ebt me referim q\u00eb duhet t\u2019ju paguajn\u00eb shum\u00eb t\u00eb caktuar t\u00eb shantazhit pasi q\u00eb n\u00eb \u00e7do moment mund t\u2019i marrin automjetin n\u00ebn pretekstin e dokumenteve t\u00eb falsifikuara.<\/div>\n<div>Edhe p\u00ebr k\u00ebt\u00eb skandal kan\u00eb mbledhur prova dhe deklarata nga d\u00ebshmitar\u00ebt, ve\u00e7an\u00ebrisht nga qytetar\u00eb t\u00eb cil\u00ebn kan\u00eb qen\u00eb viktima t\u00eb shantazheve dhe t\u00eb cil\u00ebt i kan\u00eb njohur polic\u00ebt-dhunues. Pse t\u00ebr\u00eb k\u00ebto vite t\u00eb kaluara nuk jan\u00eb nd\u00ebrmarr\u00eb masa nga MPB kund\u00ebr polic\u00ebve t\u00eb pandersh\u00ebm, jo vet\u00ebm n\u00eb stacionin policor n\u00eb Oh\u00ebr, por edhe n\u00eb vendet tjera n\u00eb Maqedoni? P\u00ebrgjigjet i dim\u00eb koh\u00eb t\u00eb gjat\u00eb, e ato u konfirmuan me p\u00ebrgjimet e incizuara. \u00cbsht\u00eb e qart\u00eb q\u00eb ministri \u00c7avkov vazhdon aty ku ka mbetur me partizimin dhe joprofesionalizmin, si q\u00eb \u00ebsht\u00eb edhe konkursi i fundit p\u00ebr pun\u00ebsim n\u00eb MPB, paraardh\u00ebsja e tij Jankulloska.<\/div>\n<div>N\u00eb fund mbetet t\u00eb shpresojm\u00eb q\u00eb popullarizimi i rastit t\u00eb fundit me d\u00ebnimin prej 800 euro p\u00ebr komandantin, nuk do t\u00eb mbaroj\u00eb si t\u00eb gjitha para asaj, por q\u00eb m\u00eb n\u00eb fund dikush do t\u00eb paguaj\u00eb p\u00ebr gabimin.<\/div>\n<div><\/div>\n<div><\/div>\n<div><b>P\u00cbR F\u00cbMIJ\u00cbT E STEVOSKIT NUK KA VEND N\u00cb POLICI<\/b><\/div>\n<div><\/div>\n<div>Dy djemt\u00eb e policit Stevoski jan\u00eb paraqitur n\u00eb shpalljen p\u00ebr 600 pun\u00ebsime t\u00eb reja n\u00eb MPB. Edhe pse e kan\u00eb pasur nd\u00ebrmend t\u00eb vazhdojn\u00eb n\u00eb hapat e t\u00eb atit, sidoqoft\u00eb p\u00ebr t\u00eb dyt\u00eb nuk ka pasur vend mes favorit\u00ebve p\u00ebr vend t\u00eb pun\u00ebs. P\u00ebr pun\u00ebsim n\u00eb MPB, para zgjedhjeve, kan\u00eb konkurruar 4.500 t\u00eb rinj, q\u00eb tregon interes t\u00eb madh. Mbetet e paqart\u00eb se si p\u00ebr aq koh\u00eb t\u00eb shkurt\u00ebr, nj\u00eb muaj, u kontrolluan t\u00eb gjith\u00eb kandidat\u00ebt dhe si zgjidhen m\u00eb t\u00eb mir\u00ebt ose m\u00eb t\u00eb p\u00ebrshtatshmit.<\/div>\n<div><\/div>\n<div><\/div>\n<div><b>BULGAR KA VOZITUR XHIPIN E BEKAMIT<\/b><\/div>\n<div><\/div>\n<div>R. Todorov Dimov ka qen\u00eb emri i shtetasit t\u00eb Bullgaris\u00eb i cili \u00ebsht\u00eb vozitur me xhipin e vjedhur t\u00eb Dejvid Bekamit, futbollistit t\u00eb njohur nga Britania e Madhe. Ai \u00ebsht\u00eb gjetur n\u00eb Oh\u00ebr dhe \u00ebsht\u00eb munduar t\u00eb prezantohet si biznesmen nga Austria pasi q\u00eb dokumentet e xhupit kan\u00eb qen\u00eb austriake, por t\u00eb falsifikuara. Pas marrjes s\u00eb xhipit \u00ebsht\u00eb konstatuar q\u00eb \u00ebsht\u00eb arritur nga Madridi n\u00eb limanin n\u00eb Selanik, e prej aty n\u00ebp\u00ebr Maqedoni \u00ebsht\u00eb dashur t\u00eb shkoj\u00eb n\u00eb Shqip\u00ebri.<\/div>\n<div><\/div>\n<div>\u00a0<i>Autor: Ljubisha ARSI\u00c7<\/i><\/div>\n<div><i>\u00a0<\/i><\/div>\n<div><i>\u00a0<\/i><\/div>\n<div><i>\u00a0Transparensi Internesh\u00ebn\u00ebll Maqedonia zbaton projektin \u201cP\u00ebrfaq\u00ebsimi i mbrojtjes s\u00eb lajm\u00ebruese, p\u00ebrfshir\u00eb mediet dhe shoq\u00ebrin\u00eb civile\u201d i p\u00ebrkrahur nga Ambasada e Mbret\u00ebris\u00eb s\u00eb Holand\u00ebs. \u00a0<\/i><\/div>\n<div><i>\u00a0<\/i><\/div>\n<div><i>Storia hulumtuese \u00ebsht\u00eb p\u00ebrgatitur n\u00eb suaza t\u00eb projektit, dhe nuk pasqyron q\u00ebndrimet e Ambasad\u00ebs s\u00eb Mbret\u00ebris\u00eb s\u00eb Holand\u00ebs.<\/i><\/div>\n","protected":false},"excerpt":{"rendered":"<p>07.09.2016 Polici rrugor Stev\u00e7e Stevoski prej fshatit Elshani t\u00eb Ohrit, m\u00eb 12 gusht t\u00eb k\u00ebtij viti ka gjobuar komandantin e policis\u00eb Vllado Siljanovski me gjob\u00eb 800 \u00a0 euro pasi komandanti me makin\u00ebn e vet t\u00eb paregjistruar ka parakaluar n\u00eb vij\u00eb t\u00eb plot\u00eb. Stevoski ka duruar mobingun p\u00ebr t\u00eb nd\u00ebrruar denoncimin, dhe tani m\u00eb nj\u00eb dekad\u00eb&hellip;<\/p>\n","protected":false},"author":1,"featured_media":9688,"comment_status":"closed","ping_status":"open","sticky":false,"template":"","format":"standard","meta":{"_monsterinsights_skip_tracking":false,"_monsterinsights_sitenote_active":false,"_monsterinsights_sitenote_note":"","_monsterinsights_sitenote_category":0,"footnotes":""},"categories":[90],"tags":[],"class_list":["post-9775","post","type-post","status-publish","format-standard","has-post-thumbnail","hentry","category-lajme","category-90","description-off"],"yoast_head":"<!-- This site is optimized with the Yoast SEO plugin v25.8 - https:\/\/yoast.com\/wordpress\/plugins\/seo\/ -->\n<title>Dhjet\u00eb vjet paraqet krime n\u00eb policin\u00eb e Ohrit, MPB hesht! - Transparency International<\/title>\n<meta name=\"robots\" content=\"index, follow, max-snippet:-1, max-image-preview:large, max-video-preview:-1\" \/>\n<link rel=\"canonical\" href=\"https:\/\/transparency.mk\/sq\/2016\/09\/07\/dhjete-vjet-paraqet-krime-ne-policine-e-ohrit-mpb-hesht\/\" \/>\n<meta property=\"og:locale\" content=\"sq_AL\" \/>\n<meta property=\"og:type\" content=\"article\" \/>\n<meta property=\"og:title\" content=\"Dhjet\u00eb vjet paraqet krime n\u00eb policin\u00eb e Ohrit, MPB hesht! - Transparency International\" \/>\n<meta property=\"og:description\" content=\"07.09.2016 Polici rrugor Stev\u00e7e Stevoski prej fshatit Elshani t\u00eb Ohrit, m\u00eb 12 gusht t\u00eb k\u00ebtij viti ka gjobuar komandantin e policis\u00eb Vllado Siljanovski me gjob\u00eb 800 \u00a0 euro pasi komandanti me makin\u00ebn e vet t\u00eb paregjistruar ka parakaluar n\u00eb vij\u00eb t\u00eb plot\u00eb. Stevoski ka duruar mobingun p\u00ebr t\u00eb nd\u00ebrruar denoncimin, dhe tani m\u00eb nj\u00eb dekad\u00eb&hellip;\" \/>\n<meta property=\"og:url\" content=\"https:\/\/transparency.mk\/sq\/2016\/09\/07\/dhjete-vjet-paraqet-krime-ne-policine-e-ohrit-mpb-hesht\/\" \/>\n<meta property=\"og:site_name\" content=\"Transparency International\" \/>\n<meta property=\"article:publisher\" content=\"https:\/\/www.facebook.com\/TransparencyMK\/\" \/>\n<meta property=\"article:published_time\" content=\"2016-09-07T08:02:38+00:00\" \/>\n<meta property=\"article:modified_time\" content=\"2021-02-17T09:03:04+00:00\" \/>\n<meta property=\"og:image\" content=\"https:\/\/transparency.mk\/wp-content\/uploads\/2021\/02\/wb_logo_alb.jpg\" \/>\n\t<meta property=\"og:image:width\" content=\"582\" \/>\n\t<meta property=\"og:image:height\" content=\"156\" \/>\n\t<meta property=\"og:image:type\" content=\"image\/jpeg\" \/>\n<meta name=\"author\" content=\"TI \u0430\u0434\u043c\u0438\u043d\u0438\u0441\u0442\u0440\u0430\u0442\u043e\u0440\" \/>\n<meta name=\"twitter:card\" content=\"summary_large_image\" \/>\n<meta name=\"twitter:creator\" content=\"@ti_macedonia\" \/>\n<meta name=\"twitter:site\" content=\"@ti_macedonia\" \/>\n<meta name=\"twitter:label1\" content=\"Written by\" \/>\n\t<meta name=\"twitter:data1\" content=\"TI \u0430\u0434\u043c\u0438\u043d\u0438\u0441\u0442\u0440\u0430\u0442\u043e\u0440\" \/>\n\t<meta name=\"twitter:label2\" content=\"Est. reading time\" \/>\n\t<meta name=\"twitter:data2\" content=\"14 minutes\" \/>\n<script type=\"application\/ld+json\" class=\"yoast-schema-graph\">{\"@context\":\"https:\/\/schema.org\",\"@graph\":[{\"@type\":\"Article\",\"@id\":\"https:\/\/transparency.mk\/sq\/2016\/09\/07\/dhjete-vjet-paraqet-krime-ne-policine-e-ohrit-mpb-hesht\/#article\",\"isPartOf\":{\"@id\":\"https:\/\/transparency.mk\/sq\/2016\/09\/07\/dhjete-vjet-paraqet-krime-ne-policine-e-ohrit-mpb-hesht\/\"},\"author\":{\"name\":\"TI \u0430\u0434\u043c\u0438\u043d\u0438\u0441\u0442\u0440\u0430\u0442\u043e\u0440\",\"@id\":\"https:\/\/transparency.mk\/#\/schema\/person\/4ab55c47d82a7d099f63f569c223c903\"},\"headline\":\"Dhjet\u00eb vjet paraqet krime n\u00eb policin\u00eb e Ohrit, MPB hesht!\",\"datePublished\":\"2016-09-07T08:02:38+00:00\",\"dateModified\":\"2021-02-17T09:03:04+00:00\",\"mainEntityOfPage\":{\"@id\":\"https:\/\/transparency.mk\/sq\/2016\/09\/07\/dhjete-vjet-paraqet-krime-ne-policine-e-ohrit-mpb-hesht\/\"},\"wordCount\":2769,\"publisher\":{\"@id\":\"https:\/\/transparency.mk\/#organization\"},\"image\":{\"@id\":\"https:\/\/transparency.mk\/sq\/2016\/09\/07\/dhjete-vjet-paraqet-krime-ne-policine-e-ohrit-mpb-hesht\/#primaryimage\"},\"thumbnailUrl\":\"https:\/\/transparency.mk\/wp-content\/uploads\/2021\/02\/wb_logo_alb.jpg\",\"articleSection\":[\"Lajme\"],\"inLanguage\":\"sq-AL\"},{\"@type\":\"WebPage\",\"@id\":\"https:\/\/transparency.mk\/sq\/2016\/09\/07\/dhjete-vjet-paraqet-krime-ne-policine-e-ohrit-mpb-hesht\/\",\"url\":\"https:\/\/transparency.mk\/sq\/2016\/09\/07\/dhjete-vjet-paraqet-krime-ne-policine-e-ohrit-mpb-hesht\/\",\"name\":\"Dhjet\u00eb vjet paraqet krime n\u00eb policin\u00eb e Ohrit, MPB hesht! - Transparency International\",\"isPartOf\":{\"@id\":\"https:\/\/transparency.mk\/#website\"},\"primaryImageOfPage\":{\"@id\":\"https:\/\/transparency.mk\/sq\/2016\/09\/07\/dhjete-vjet-paraqet-krime-ne-policine-e-ohrit-mpb-hesht\/#primaryimage\"},\"image\":{\"@id\":\"https:\/\/transparency.mk\/sq\/2016\/09\/07\/dhjete-vjet-paraqet-krime-ne-policine-e-ohrit-mpb-hesht\/#primaryimage\"},\"thumbnailUrl\":\"https:\/\/transparency.mk\/wp-content\/uploads\/2021\/02\/wb_logo_alb.jpg\",\"datePublished\":\"2016-09-07T08:02:38+00:00\",\"dateModified\":\"2021-02-17T09:03:04+00:00\",\"breadcrumb\":{\"@id\":\"https:\/\/transparency.mk\/sq\/2016\/09\/07\/dhjete-vjet-paraqet-krime-ne-policine-e-ohrit-mpb-hesht\/#breadcrumb\"},\"inLanguage\":\"sq-AL\",\"potentialAction\":[{\"@type\":\"ReadAction\",\"target\":[\"https:\/\/transparency.mk\/sq\/2016\/09\/07\/dhjete-vjet-paraqet-krime-ne-policine-e-ohrit-mpb-hesht\/\"]}]},{\"@type\":\"ImageObject\",\"inLanguage\":\"sq-AL\",\"@id\":\"https:\/\/transparency.mk\/sq\/2016\/09\/07\/dhjete-vjet-paraqet-krime-ne-policine-e-ohrit-mpb-hesht\/#primaryimage\",\"url\":\"https:\/\/transparency.mk\/wp-content\/uploads\/2021\/02\/wb_logo_alb.jpg\",\"contentUrl\":\"https:\/\/transparency.mk\/wp-content\/uploads\/2021\/02\/wb_logo_alb.jpg\",\"width\":582,\"height\":156},{\"@type\":\"BreadcrumbList\",\"@id\":\"https:\/\/transparency.mk\/sq\/2016\/09\/07\/dhjete-vjet-paraqet-krime-ne-policine-e-ohrit-mpb-hesht\/#breadcrumb\",\"itemListElement\":[{\"@type\":\"ListItem\",\"position\":1,\"name\":\"Home\",\"item\":\"https:\/\/transparency.mk\/sq\/\"},{\"@type\":\"ListItem\",\"position\":2,\"name\":\"Dhjet\u00eb vjet paraqet krime n\u00eb policin\u00eb e Ohrit, MPB hesht!\"}]},{\"@type\":\"WebSite\",\"@id\":\"https:\/\/transparency.mk\/#website\",\"url\":\"https:\/\/transparency.mk\/\",\"name\":\"Transparency International\",\"description\":\"Maqedoni\",\"publisher\":{\"@id\":\"https:\/\/transparency.mk\/#organization\"},\"potentialAction\":[{\"@type\":\"SearchAction\",\"target\":{\"@type\":\"EntryPoint\",\"urlTemplate\":\"https:\/\/transparency.mk\/?s={search_term_string}\"},\"query-input\":{\"@type\":\"PropertyValueSpecification\",\"valueRequired\":true,\"valueName\":\"search_term_string\"}}],\"inLanguage\":\"sq-AL\"},{\"@type\":\"Organization\",\"@id\":\"https:\/\/transparency.mk\/#organization\",\"name\":\"\u0422\u0440\u0430\u043d\u0441\u043f\u0430\u0440\u0435\u043d\u0441\u0438 \u0418\u043d\u0442\u0435\u0440\u043d\u0435\u0448\u043d\u043b - \u041c\u0430\u043a\u0435\u0434\u043e\u043d\u0438\u0458\u0430\",\"url\":\"https:\/\/transparency.mk\/\",\"logo\":{\"@type\":\"ImageObject\",\"inLanguage\":\"sq-AL\",\"@id\":\"https:\/\/transparency.mk\/#\/schema\/logo\/image\/\",\"url\":\"https:\/\/transparency.mk\/wp-content\/uploads\/2020\/10\/transparency-mk-logo.png\",\"contentUrl\":\"https:\/\/transparency.mk\/wp-content\/uploads\/2020\/10\/transparency-mk-logo.png\",\"width\":250,\"height\":75,\"caption\":\"\u0422\u0440\u0430\u043d\u0441\u043f\u0430\u0440\u0435\u043d\u0441\u0438 \u0418\u043d\u0442\u0435\u0440\u043d\u0435\u0448\u043d\u043b - \u041c\u0430\u043a\u0435\u0434\u043e\u043d\u0438\u0458\u0430\"},\"image\":{\"@id\":\"https:\/\/transparency.mk\/#\/schema\/logo\/image\/\"},\"sameAs\":[\"https:\/\/www.facebook.com\/TransparencyMK\/\",\"https:\/\/x.com\/ti_macedonia\",\"https:\/\/www.instagram.com\/timacedonia\/\",\"https:\/\/youtube.com\/user\/tzcmacedonia\/\"]},{\"@type\":\"Person\",\"@id\":\"https:\/\/transparency.mk\/#\/schema\/person\/4ab55c47d82a7d099f63f569c223c903\",\"name\":\"TI \u0430\u0434\u043c\u0438\u043d\u0438\u0441\u0442\u0440\u0430\u0442\u043e\u0440\",\"sameAs\":[\"https:\/\/transparency.mk\"]}]}<\/script>\n<!-- \/ Yoast SEO plugin. -->","yoast_head_json":{"title":"Dhjet\u00eb vjet paraqet krime n\u00eb policin\u00eb e Ohrit, MPB hesht! - Transparency International","robots":{"index":"index","follow":"follow","max-snippet":"max-snippet:-1","max-image-preview":"max-image-preview:large","max-video-preview":"max-video-preview:-1"},"canonical":"https:\/\/transparency.mk\/sq\/2016\/09\/07\/dhjete-vjet-paraqet-krime-ne-policine-e-ohrit-mpb-hesht\/","og_locale":"sq_AL","og_type":"article","og_title":"Dhjet\u00eb vjet paraqet krime n\u00eb policin\u00eb e Ohrit, MPB hesht! - Transparency International","og_description":"07.09.2016 Polici rrugor Stev\u00e7e Stevoski prej fshatit Elshani t\u00eb Ohrit, m\u00eb 12 gusht t\u00eb k\u00ebtij viti ka gjobuar komandantin e policis\u00eb Vllado Siljanovski me gjob\u00eb 800 \u00a0 euro pasi komandanti me makin\u00ebn e vet t\u00eb paregjistruar ka parakaluar n\u00eb vij\u00eb t\u00eb plot\u00eb. Stevoski ka duruar mobingun p\u00ebr t\u00eb nd\u00ebrruar denoncimin, dhe tani m\u00eb nj\u00eb dekad\u00eb&hellip;","og_url":"https:\/\/transparency.mk\/sq\/2016\/09\/07\/dhjete-vjet-paraqet-krime-ne-policine-e-ohrit-mpb-hesht\/","og_site_name":"Transparency International","article_publisher":"https:\/\/www.facebook.com\/TransparencyMK\/","article_published_time":"2016-09-07T08:02:38+00:00","article_modified_time":"2021-02-17T09:03:04+00:00","og_image":[{"width":582,"height":156,"url":"https:\/\/transparency.mk\/wp-content\/uploads\/2021\/02\/wb_logo_alb.jpg","type":"image\/jpeg"}],"author":"TI \u0430\u0434\u043c\u0438\u043d\u0438\u0441\u0442\u0440\u0430\u0442\u043e\u0440","twitter_card":"summary_large_image","twitter_creator":"@ti_macedonia","twitter_site":"@ti_macedonia","twitter_misc":{"Written by":"TI \u0430\u0434\u043c\u0438\u043d\u0438\u0441\u0442\u0440\u0430\u0442\u043e\u0440","Est. reading time":"14 minutes"},"schema":{"@context":"https:\/\/schema.org","@graph":[{"@type":"Article","@id":"https:\/\/transparency.mk\/sq\/2016\/09\/07\/dhjete-vjet-paraqet-krime-ne-policine-e-ohrit-mpb-hesht\/#article","isPartOf":{"@id":"https:\/\/transparency.mk\/sq\/2016\/09\/07\/dhjete-vjet-paraqet-krime-ne-policine-e-ohrit-mpb-hesht\/"},"author":{"name":"TI \u0430\u0434\u043c\u0438\u043d\u0438\u0441\u0442\u0440\u0430\u0442\u043e\u0440","@id":"https:\/\/transparency.mk\/#\/schema\/person\/4ab55c47d82a7d099f63f569c223c903"},"headline":"Dhjet\u00eb vjet paraqet krime n\u00eb policin\u00eb e Ohrit, MPB hesht!","datePublished":"2016-09-07T08:02:38+00:00","dateModified":"2021-02-17T09:03:04+00:00","mainEntityOfPage":{"@id":"https:\/\/transparency.mk\/sq\/2016\/09\/07\/dhjete-vjet-paraqet-krime-ne-policine-e-ohrit-mpb-hesht\/"},"wordCount":2769,"publisher":{"@id":"https:\/\/transparency.mk\/#organization"},"image":{"@id":"https:\/\/transparency.mk\/sq\/2016\/09\/07\/dhjete-vjet-paraqet-krime-ne-policine-e-ohrit-mpb-hesht\/#primaryimage"},"thumbnailUrl":"https:\/\/transparency.mk\/wp-content\/uploads\/2021\/02\/wb_logo_alb.jpg","articleSection":["Lajme"],"inLanguage":"sq-AL"},{"@type":"WebPage","@id":"https:\/\/transparency.mk\/sq\/2016\/09\/07\/dhjete-vjet-paraqet-krime-ne-policine-e-ohrit-mpb-hesht\/","url":"https:\/\/transparency.mk\/sq\/2016\/09\/07\/dhjete-vjet-paraqet-krime-ne-policine-e-ohrit-mpb-hesht\/","name":"Dhjet\u00eb vjet paraqet krime n\u00eb policin\u00eb e Ohrit, MPB hesht! - Transparency International","isPartOf":{"@id":"https:\/\/transparency.mk\/#website"},"primaryImageOfPage":{"@id":"https:\/\/transparency.mk\/sq\/2016\/09\/07\/dhjete-vjet-paraqet-krime-ne-policine-e-ohrit-mpb-hesht\/#primaryimage"},"image":{"@id":"https:\/\/transparency.mk\/sq\/2016\/09\/07\/dhjete-vjet-paraqet-krime-ne-policine-e-ohrit-mpb-hesht\/#primaryimage"},"thumbnailUrl":"https:\/\/transparency.mk\/wp-content\/uploads\/2021\/02\/wb_logo_alb.jpg","datePublished":"2016-09-07T08:02:38+00:00","dateModified":"2021-02-17T09:03:04+00:00","breadcrumb":{"@id":"https:\/\/transparency.mk\/sq\/2016\/09\/07\/dhjete-vjet-paraqet-krime-ne-policine-e-ohrit-mpb-hesht\/#breadcrumb"},"inLanguage":"sq-AL","potentialAction":[{"@type":"ReadAction","target":["https:\/\/transparency.mk\/sq\/2016\/09\/07\/dhjete-vjet-paraqet-krime-ne-policine-e-ohrit-mpb-hesht\/"]}]},{"@type":"ImageObject","inLanguage":"sq-AL","@id":"https:\/\/transparency.mk\/sq\/2016\/09\/07\/dhjete-vjet-paraqet-krime-ne-policine-e-ohrit-mpb-hesht\/#primaryimage","url":"https:\/\/transparency.mk\/wp-content\/uploads\/2021\/02\/wb_logo_alb.jpg","contentUrl":"https:\/\/transparency.mk\/wp-content\/uploads\/2021\/02\/wb_logo_alb.jpg","width":582,"height":156},{"@type":"BreadcrumbList","@id":"https:\/\/transparency.mk\/sq\/2016\/09\/07\/dhjete-vjet-paraqet-krime-ne-policine-e-ohrit-mpb-hesht\/#breadcrumb","itemListElement":[{"@type":"ListItem","position":1,"name":"Home","item":"https:\/\/transparency.mk\/sq\/"},{"@type":"ListItem","position":2,"name":"Dhjet\u00eb vjet paraqet krime n\u00eb policin\u00eb e Ohrit, MPB hesht!"}]},{"@type":"WebSite","@id":"https:\/\/transparency.mk\/#website","url":"https:\/\/transparency.mk\/","name":"Transparency International","description":"Maqedoni","publisher":{"@id":"https:\/\/transparency.mk\/#organization"},"potentialAction":[{"@type":"SearchAction","target":{"@type":"EntryPoint","urlTemplate":"https:\/\/transparency.mk\/?s={search_term_string}"},"query-input":{"@type":"PropertyValueSpecification","valueRequired":true,"valueName":"search_term_string"}}],"inLanguage":"sq-AL"},{"@type":"Organization","@id":"https:\/\/transparency.mk\/#organization","name":"\u0422\u0440\u0430\u043d\u0441\u043f\u0430\u0440\u0435\u043d\u0441\u0438 \u0418\u043d\u0442\u0435\u0440\u043d\u0435\u0448\u043d\u043b - \u041c\u0430\u043a\u0435\u0434\u043e\u043d\u0438\u0458\u0430","url":"https:\/\/transparency.mk\/","logo":{"@type":"ImageObject","inLanguage":"sq-AL","@id":"https:\/\/transparency.mk\/#\/schema\/logo\/image\/","url":"https:\/\/transparency.mk\/wp-content\/uploads\/2020\/10\/transparency-mk-logo.png","contentUrl":"https:\/\/transparency.mk\/wp-content\/uploads\/2020\/10\/transparency-mk-logo.png","width":250,"height":75,"caption":"\u0422\u0440\u0430\u043d\u0441\u043f\u0430\u0440\u0435\u043d\u0441\u0438 \u0418\u043d\u0442\u0435\u0440\u043d\u0435\u0448\u043d\u043b - \u041c\u0430\u043a\u0435\u0434\u043e\u043d\u0438\u0458\u0430"},"image":{"@id":"https:\/\/transparency.mk\/#\/schema\/logo\/image\/"},"sameAs":["https:\/\/www.facebook.com\/TransparencyMK\/","https:\/\/x.com\/ti_macedonia","https:\/\/www.instagram.com\/timacedonia\/","https:\/\/youtube.com\/user\/tzcmacedonia\/"]},{"@type":"Person","@id":"https:\/\/transparency.mk\/#\/schema\/person\/4ab55c47d82a7d099f63f569c223c903","name":"TI \u0430\u0434\u043c\u0438\u043d\u0438\u0441\u0442\u0440\u0430\u0442\u043e\u0440","sameAs":["https:\/\/transparency.mk"]}]}},"_links":{"self":[{"href":"https:\/\/transparency.mk\/sq\/wp-json\/wp\/v2\/posts\/9775","targetHints":{"allow":["GET"]}}],"collection":[{"href":"https:\/\/transparency.mk\/sq\/wp-json\/wp\/v2\/posts"}],"about":[{"href":"https:\/\/transparency.mk\/sq\/wp-json\/wp\/v2\/types\/post"}],"author":[{"embeddable":true,"href":"https:\/\/transparency.mk\/sq\/wp-json\/wp\/v2\/users\/1"}],"replies":[{"embeddable":true,"href":"https:\/\/transparency.mk\/sq\/wp-json\/wp\/v2\/comments?post=9775"}],"version-history":[{"count":1,"href":"https:\/\/transparency.mk\/sq\/wp-json\/wp\/v2\/posts\/9775\/revisions"}],"predecessor-version":[{"id":9776,"href":"https:\/\/transparency.mk\/sq\/wp-json\/wp\/v2\/posts\/9775\/revisions\/9776"}],"wp:featuredmedia":[{"embeddable":true,"href":"https:\/\/transparency.mk\/sq\/wp-json\/wp\/v2\/media\/9688"}],"wp:attachment":[{"href":"https:\/\/transparency.mk\/sq\/wp-json\/wp\/v2\/media?parent=9775"}],"wp:term":[{"taxonomy":"category","embeddable":true,"href":"https:\/\/transparency.mk\/sq\/wp-json\/wp\/v2\/categories?post=9775"},{"taxonomy":"post_tag","embeddable":true,"href":"https:\/\/transparency.mk\/sq\/wp-json\/wp\/v2\/tags?post=9775"}],"curies":[{"name":"wp","href":"https:\/\/api.w.org\/{rel}","templated":true}]}}